{"id":288396,"date":"2025-12-05T15:10:52","date_gmt":"2025-12-05T14:10:52","guid":{"rendered":"https:\/\/tuzlainfo.ba\/?p=288396"},"modified":"2025-12-05T14:20:45","modified_gmt":"2025-12-05T13:20:45","slug":"mladi-talenti-iz-tuzle-odusevili-publiku-na-festivalu-dani-asima-horozica","status":"publish","type":"post","link":"https:\/\/tuzlainfo.ba\/index.php\/novosti\/item\/288396-mladi-talenti-iz-tuzle-odusevili-publiku-na-festivalu-dani-asima-horozica\/","title":{"rendered":"Mladi talenti iz Tuzle odu\u0161evili publiku na festivalu \u201eDani Asima Horozi\u0107a\u201c"},"content":{"rendered":"<p data-start=\"97\" data-end=\"502\">Sino\u0107 je u Cabaret Clubu Centra za kulturu Lukavac odr\u017ean koncert u\u010denika Srednje muzi\u010dke \u0161kole \u201e\u010cestmir Mirko Du\u0161ek\u201c iz Tuzle, u okviru tre\u0107eg Festivala klasi\u010dne muzike <em data-start=\"267\" data-end=\"295\">\u201eDani Asima Horozi\u0107a 2025\u201c<\/em>. Publika je imala priliku u\u017eivati u raznovrsnom programu, koji je obuhvatio djela velikih evropskih kompozitora i modernih obrada, dok su mladi izvo\u0111a\u010di pokazali visok nivo pripremljenosti i muzikalnosti.<\/p>\n<p data-start=\"504\" data-end=\"760\">Festival su sve\u010dano otvorili direktorica Srednje muzi\u010dke \u0161kole Tuzla, prof. Senija Berberovi\u0107, i direktor Centra za kulturu Lukavac, Neven Tunji\u0107, isti\u010du\u0107i va\u017enost podr\u0161ke mladim talentima. Voditelj ve\u010deri bio je lukava\u010dki magistar glume Mirza Salihovi\u0107.<\/p>\n<p data-start=\"762\" data-end=\"1068\">Na programu su se na\u0161la djela Mozarta, Chopina, Schuberta, Brahmsa, Bacha, Barriosa, Fiocca, Mo\u0161kovskog i Gru\u0161evskog, kao i obrada Queen medleyja. Nastupili su solisti i komorni sastavi, uklju\u010duju\u0107i guda\u010dki ansambl, kvintet gitara, klavirske duoe, te solo nastupe na violini, gitari, harmonici i klaviru.<\/p>\n<p data-start=\"1070\" data-end=\"1382\" data-is-last-node=\"\" data-is-only-node=\"\">Koncert je realizovan pod pokroviteljstvom Grada Lukavac i potvrdio izvanredne muzi\u010dke talente Tuzlanskog kantona. Centar za kulturu Lukavac isti\u010de se kao klju\u010dna ustanova koja podr\u017eava umjetni\u010dki rast i razvoj mladih izvo\u0111a\u010da, osiguravaju\u0107i im priliku za nastupe i afirmaciju u okviru festivala klasi\u010dne muzike.<\/p>\n","protected":false},"excerpt":{"rendered":"<p>Sino\u0107 je u Cabaret Clubu Centra za kulturu Lukavac odr\u017ean koncert u\u010denika Srednje muzi\u010dke \u0161kole&hellip;<\/p>\n","protected":false},"author":4,"featured_media":288397,"comment_status":"closed","ping_status":"closed","sticky":false,"template":"","format":"standard","meta":{"_acf_changed":false,"footnotes":""},"categories":[12],"tags":[8359,461],"acf":[],"yoast_head":"<!-- This site is optimized with the Yoast SEO plugin v23.5 - https:\/\/yoast.com\/wordpress\/plugins\/seo\/ -->\n<title>Mladi talenti iz Tuzle odu\u0161evili publiku na festivalu \u201eDani Asima Horozi\u0107a\u201c - TuzlaInfo.ba<\/title>\n<meta name=\"robots\" content=\"index, follow, max-snippet:-1, max-image-preview:large, max-video-preview:-1\" \/>\n<link rel=\"canonical\" href=\"https:\/\/tuzlainfo.ba\/index.php\/novosti\/item\/288396-mladi-talenti-iz-tuzle-odusevili-publiku-na-festivalu-dani-asima-horozica\/\" \/>\n<meta property=\"og:locale\" content=\"bs_BA\" \/>\n<meta property=\"og:type\" content=\"article\" \/>\n<meta property=\"og:title\" content=\"Mladi talenti iz Tuzle odu\u0161evili publiku na festivalu \u201eDani Asima Horozi\u0107a\u201c - TuzlaInfo.ba\" \/>\n<meta property=\"og:description\" content=\"Sino\u0107 je u Cabaret Clubu Centra za kulturu Lukavac odr\u017ean koncert u\u010denika Srednje muzi\u010dke \u0161kole&hellip;\" \/>\n<meta property=\"og:url\" content=\"https:\/\/tuzlainfo.ba\/index.php\/novosti\/item\/288396-mladi-talenti-iz-tuzle-odusevili-publiku-na-festivalu-dani-asima-horozica\/\" \/>\n<meta property=\"og:site_name\" content=\"TuzlaInfo.ba\" \/>\n<meta property=\"article:publisher\" content=\"https:\/\/www.facebook.com\/tuzlainfo.ba\/\" \/>\n<meta property=\"article:published_time\" content=\"2025-12-05T14:10:52+00:00\" \/>\n<meta property=\"article:modified_time\" content=\"2025-12-05T13:20:45+00:00\" \/>\n<meta property=\"og:image\" content=\"https:\/\/tuzlainfo.ba\/wp-content\/uploads\/2025\/12\/IMG_20251204_192406-scaled.jpg\" \/>\n\t<meta property=\"og:image:width\" content=\"2560\" \/>\n\t<meta property=\"og:image:height\" content=\"2045\" \/>\n\t<meta property=\"og:image:type\" content=\"image\/jpeg\" \/>\n<meta name=\"author\" content=\"Tuzla Info\" \/>\n<meta name=\"twitter:card\" content=\"summary_large_image\" \/>\n<meta name=\"twitter:label1\" content=\"Written by\" \/>\n\t<meta name=\"twitter:data1\" content=\"Tuzla Info\" \/>\n\t<meta name=\"twitter:label2\" content=\"Est. reading time\" \/>\n\t<meta name=\"twitter:data2\" content=\"2 minute\" \/>\n<script type=\"application\/ld+json\" class=\"yoast-schema-graph\">{\"@context\":\"https:\/\/schema.org\",\"@graph\":[{\"@type\":\"Article\",\"@id\":\"https:\/\/tuzlainfo.ba\/index.php\/novosti\/item\/288396-mladi-talenti-iz-tuzle-odusevili-publiku-na-festivalu-dani-asima-horozica\/#article\",\"isPartOf\":{\"@id\":\"https:\/\/tuzlainfo.ba\/index.php\/novosti\/item\/288396-mladi-talenti-iz-tuzle-odusevili-publiku-na-festivalu-dani-asima-horozica\/\"},\"author\":{\"name\":\"Tuzla Info\",\"@id\":\"https:\/\/tuzlainfo.ba\/#\/schema\/person\/46cad4c57790cbc50781edd14870825a\"},\"headline\":\"Mladi talenti iz Tuzle odu\u0161evili publiku na festivalu \u201eDani Asima Horozi\u0107a\u201c\",\"datePublished\":\"2025-12-05T14:10:52+00:00\",\"dateModified\":\"2025-12-05T13:20:45+00:00\",\"mainEntityOfPage\":{\"@id\":\"https:\/\/tuzlainfo.ba\/index.php\/novosti\/item\/288396-mladi-talenti-iz-tuzle-odusevili-publiku-na-festivalu-dani-asima-horozica\/\"},\"wordCount\":223,\"publisher\":{\"@id\":\"https:\/\/tuzlainfo.ba\/#organization\"},\"image\":{\"@id\":\"https:\/\/tuzlainfo.ba\/index.php\/novosti\/item\/288396-mladi-talenti-iz-tuzle-odusevili-publiku-na-festivalu-dani-asima-horozica\/#primaryimage\"},\"thumbnailUrl\":\"https:\/\/tuzlainfo.ba\/wp-content\/uploads\/2025\/12\/IMG_20251204_192406-scaled.jpg\",\"keywords\":[\"Asim Horozi\u0107\",\"lukavac\"],\"articleSection\":[\"Novosti\"],\"inLanguage\":\"bs-BA\"},{\"@type\":\"WebPage\",\"@id\":\"https:\/\/tuzlainfo.ba\/index.php\/novosti\/item\/288396-mladi-talenti-iz-tuzle-odusevili-publiku-na-festivalu-dani-asima-horozica\/\",\"url\":\"https:\/\/tuzlainfo.ba\/index.php\/novosti\/item\/288396-mladi-talenti-iz-tuzle-odusevili-publiku-na-festivalu-dani-asima-horozica\/\",\"name\":\"Mladi talenti iz Tuzle odu\u0161evili publiku na festivalu \u201eDani Asima Horozi\u0107a\u201c - TuzlaInfo.ba\",\"isPartOf\":{\"@id\":\"https:\/\/tuzlainfo.ba\/#website\"},\"primaryImageOfPage\":{\"@id\":\"https:\/\/tuzlainfo.ba\/index.php\/novosti\/item\/288396-mladi-talenti-iz-tuzle-odusevili-publiku-na-festivalu-dani-asima-horozica\/#primaryimage\"},\"image\":{\"@id\":\"https:\/\/tuzlainfo.ba\/index.php\/novosti\/item\/288396-mladi-talenti-iz-tuzle-odusevili-publiku-na-festivalu-dani-asima-horozica\/#primaryimage\"},\"thumbnailUrl\":\"https:\/\/tuzlainfo.ba\/wp-content\/uploads\/2025\/12\/IMG_20251204_192406-scaled.jpg\",\"datePublished\":\"2025-12-05T14:10:52+00:00\",\"dateModified\":\"2025-12-05T13:20:45+00:00\",\"breadcrumb\":{\"@id\":\"https:\/\/tuzlainfo.ba\/index.php\/novosti\/item\/288396-mladi-talenti-iz-tuzle-odusevili-publiku-na-festivalu-dani-asima-horozica\/#breadcrumb\"},\"inLanguage\":\"bs-BA\",\"potentialAction\":[{\"@type\":\"ReadAction\",\"target\":[\"https:\/\/tuzlainfo.ba\/index.php\/novosti\/item\/288396-mladi-talenti-iz-tuzle-odusevili-publiku-na-festivalu-dani-asima-horozica\/\"]}]},{\"@type\":\"ImageObject\",\"inLanguage\":\"bs-BA\",\"@id\":\"https:\/\/tuzlainfo.ba\/index.php\/novosti\/item\/288396-mladi-talenti-iz-tuzle-odusevili-publiku-na-festivalu-dani-asima-horozica\/#primaryimage\",\"url\":\"https:\/\/tuzlainfo.ba\/wp-content\/uploads\/2025\/12\/IMG_20251204_192406-scaled.jpg\",\"contentUrl\":\"https:\/\/tuzlainfo.ba\/wp-content\/uploads\/2025\/12\/IMG_20251204_192406-scaled.jpg\",\"width\":2560,\"height\":2045},{\"@type\":\"BreadcrumbList\",\"@id\":\"https:\/\/tuzlainfo.ba\/index.php\/novosti\/item\/288396-mladi-talenti-iz-tuzle-odusevili-publiku-na-festivalu-dani-asima-horozica\/#breadcrumb\",\"itemListElement\":[{\"@type\":\"ListItem\",\"position\":1,\"name\":\"Home\",\"item\":\"https:\/\/tuzlainfo.ba\/\"},{\"@type\":\"ListItem\",\"position\":2,\"name\":\"Mladi talenti iz Tuzle odu\u0161evili publiku na festivalu \u201eDani Asima Horozi\u0107a\u201c\"}]},{\"@type\":\"WebSite\",\"@id\":\"https:\/\/tuzlainfo.ba\/#website\",\"url\":\"https:\/\/tuzlainfo.ba\/\",\"name\":\"TuzlaInfo.ba\",\"description\":\"Tuzla info, gradski informator - Tuzla na dlanu\",\"publisher\":{\"@id\":\"https:\/\/tuzlainfo.ba\/#organization\"},\"potentialAction\":[{\"@type\":\"SearchAction\",\"target\":{\"@type\":\"EntryPoint\",\"urlTemplate\":\"https:\/\/tuzlainfo.ba\/?s={search_term_string}\"},\"query-input\":{\"@type\":\"PropertyValueSpecification\",\"valueRequired\":true,\"valueName\":\"search_term_string\"}}],\"inLanguage\":\"bs-BA\"},{\"@type\":\"Organization\",\"@id\":\"https:\/\/tuzlainfo.ba\/#organization\",\"name\":\"TuzlaInfo.ba\",\"url\":\"https:\/\/tuzlainfo.ba\/\",\"logo\":{\"@type\":\"ImageObject\",\"inLanguage\":\"bs-BA\",\"@id\":\"https:\/\/tuzlainfo.ba\/#\/schema\/logo\/image\/\",\"url\":\"https:\/\/tuzlainfo.ba\/wp-content\/uploads\/2021\/03\/logo-ver-3-1.png\",\"contentUrl\":\"https:\/\/tuzlainfo.ba\/wp-content\/uploads\/2021\/03\/logo-ver-3-1.png\",\"width\":350,\"height\":95,\"caption\":\"TuzlaInfo.ba\"},\"image\":{\"@id\":\"https:\/\/tuzlainfo.ba\/#\/schema\/logo\/image\/\"},\"sameAs\":[\"https:\/\/www.facebook.com\/tuzlainfo.ba\/\"]},{\"@type\":\"Person\",\"@id\":\"https:\/\/tuzlainfo.ba\/#\/schema\/person\/46cad4c57790cbc50781edd14870825a\",\"name\":\"Tuzla Info\",\"image\":{\"@type\":\"ImageObject\",\"inLanguage\":\"bs-BA\",\"@id\":\"https:\/\/tuzlainfo.ba\/#\/schema\/person\/image\/\",\"url\":\"https:\/\/tuzlainfo.ba\/wp-content\/litespeed\/avatar\/b6c453a6c38e3654f2e4416c643fc25c.jpg?ver=1777656712\",\"contentUrl\":\"https:\/\/tuzlainfo.ba\/wp-content\/litespeed\/avatar\/b6c453a6c38e3654f2e4416c643fc25c.jpg?ver=1777656712\",\"caption\":\"Tuzla Info\"}}]}<\/script>\n<!-- \/ Yoast SEO plugin. -->","yoast_head_json":{"title":"Mladi talenti iz Tuzle odu\u0161evili publiku na festivalu \u201eDani Asima Horozi\u0107a\u201c - TuzlaInfo.ba","robots":{"index":"index","follow":"follow","max-snippet":"max-snippet:-1","max-image-preview":"max-image-preview:large","max-video-preview":"max-video-preview:-1"},"canonical":"https:\/\/tuzlainfo.ba\/index.php\/novosti\/item\/288396-mladi-talenti-iz-tuzle-odusevili-publiku-na-festivalu-dani-asima-horozica\/","og_locale":"bs_BA","og_type":"article","og_title":"Mladi talenti iz Tuzle odu\u0161evili publiku na festivalu \u201eDani Asima Horozi\u0107a\u201c - TuzlaInfo.ba","og_description":"Sino\u0107 je u Cabaret Clubu Centra za kulturu Lukavac odr\u017ean koncert u\u010denika Srednje muzi\u010dke \u0161kole&hellip;","og_url":"https:\/\/tuzlainfo.ba\/index.php\/novosti\/item\/288396-mladi-talenti-iz-tuzle-odusevili-publiku-na-festivalu-dani-asima-horozica\/","og_site_name":"TuzlaInfo.ba","article_publisher":"https:\/\/www.facebook.com\/tuzlainfo.ba\/","article_published_time":"2025-12-05T14:10:52+00:00","article_modified_time":"2025-12-05T13:20:45+00:00","og_image":[{"width":2560,"height":2045,"url":"https:\/\/tuzlainfo.ba\/wp-content\/uploads\/2025\/12\/IMG_20251204_192406-scaled.jpg","type":"image\/jpeg"}],"author":"Tuzla Info","twitter_card":"summary_large_image","twitter_misc":{"Written by":"Tuzla Info","Est. reading time":"2 minute"},"schema":{"@context":"https:\/\/schema.org","@graph":[{"@type":"Article","@id":"https:\/\/tuzlainfo.ba\/index.php\/novosti\/item\/288396-mladi-talenti-iz-tuzle-odusevili-publiku-na-festivalu-dani-asima-horozica\/#article","isPartOf":{"@id":"https:\/\/tuzlainfo.ba\/index.php\/novosti\/item\/288396-mladi-talenti-iz-tuzle-odusevili-publiku-na-festivalu-dani-asima-horozica\/"},"author":{"name":"Tuzla Info","@id":"https:\/\/tuzlainfo.ba\/#\/schema\/person\/46cad4c57790cbc50781edd14870825a"},"headline":"Mladi talenti iz Tuzle odu\u0161evili publiku na festivalu \u201eDani Asima Horozi\u0107a\u201c","datePublished":"2025-12-05T14:10:52+00:00","dateModified":"2025-12-05T13:20:45+00:00","mainEntityOfPage":{"@id":"https:\/\/tuzlainfo.ba\/index.php\/novosti\/item\/288396-mladi-talenti-iz-tuzle-odusevili-publiku-na-festivalu-dani-asima-horozica\/"},"wordCount":223,"publisher":{"@id":"https:\/\/tuzlainfo.ba\/#organization"},"image":{"@id":"https:\/\/tuzlainfo.ba\/index.php\/novosti\/item\/288396-mladi-talenti-iz-tuzle-odusevili-publiku-na-festivalu-dani-asima-horozica\/#primaryimage"},"thumbnailUrl":"https:\/\/tuzlainfo.ba\/wp-content\/uploads\/2025\/12\/IMG_20251204_192406-scaled.jpg","keywords":["Asim Horozi\u0107","lukavac"],"articleSection":["Novosti"],"inLanguage":"bs-BA"},{"@type":"WebPage","@id":"https:\/\/tuzlainfo.ba\/index.php\/novosti\/item\/288396-mladi-talenti-iz-tuzle-odusevili-publiku-na-festivalu-dani-asima-horozica\/","url":"https:\/\/tuzlainfo.ba\/index.php\/novosti\/item\/288396-mladi-talenti-iz-tuzle-odusevili-publiku-na-festivalu-dani-asima-horozica\/","name":"Mladi talenti iz Tuzle odu\u0161evili publiku na festivalu \u201eDani Asima Horozi\u0107a\u201c - TuzlaInfo.ba","isPartOf":{"@id":"https:\/\/tuzlainfo.ba\/#website"},"primaryImageOfPage":{"@id":"https:\/\/tuzlainfo.ba\/index.php\/novosti\/item\/288396-mladi-talenti-iz-tuzle-odusevili-publiku-na-festivalu-dani-asima-horozica\/#primaryimage"},"image":{"@id":"https:\/\/tuzlainfo.ba\/index.php\/novosti\/item\/288396-mladi-talenti-iz-tuzle-odusevili-publiku-na-festivalu-dani-asima-horozica\/#primaryimage"},"thumbnailUrl":"https:\/\/tuzlainfo.ba\/wp-content\/uploads\/2025\/12\/IMG_20251204_192406-scaled.jpg","datePublished":"2025-12-05T14:10:52+00:00","dateModified":"2025-12-05T13:20:45+00:00","breadcrumb":{"@id":"https:\/\/tuzlainfo.ba\/index.php\/novosti\/item\/288396-mladi-talenti-iz-tuzle-odusevili-publiku-na-festivalu-dani-asima-horozica\/#breadcrumb"},"inLanguage":"bs-BA","potentialAction":[{"@type":"ReadAction","target":["https:\/\/tuzlainfo.ba\/index.php\/novosti\/item\/288396-mladi-talenti-iz-tuzle-odusevili-publiku-na-festivalu-dani-asima-horozica\/"]}]},{"@type":"ImageObject","inLanguage":"bs-BA","@id":"https:\/\/tuzlainfo.ba\/index.php\/novosti\/item\/288396-mladi-talenti-iz-tuzle-odusevili-publiku-na-festivalu-dani-asima-horozica\/#primaryimage","url":"https:\/\/tuzlainfo.ba\/wp-content\/uploads\/2025\/12\/IMG_20251204_192406-scaled.jpg","contentUrl":"https:\/\/tuzlainfo.ba\/wp-content\/uploads\/2025\/12\/IMG_20251204_192406-scaled.jpg","width":2560,"height":2045},{"@type":"BreadcrumbList","@id":"https:\/\/tuzlainfo.ba\/index.php\/novosti\/item\/288396-mladi-talenti-iz-tuzle-odusevili-publiku-na-festivalu-dani-asima-horozica\/#breadcrumb","itemListElement":[{"@type":"ListItem","position":1,"name":"Home","item":"https:\/\/tuzlainfo.ba\/"},{"@type":"ListItem","position":2,"name":"Mladi talenti iz Tuzle odu\u0161evili publiku na festivalu \u201eDani Asima Horozi\u0107a\u201c"}]},{"@type":"WebSite","@id":"https:\/\/tuzlainfo.ba\/#website","url":"https:\/\/tuzlainfo.ba\/","name":"TuzlaInfo.ba","description":"Tuzla info, gradski informator - Tuzla na dlanu","publisher":{"@id":"https:\/\/tuzlainfo.ba\/#organization"},"potentialAction":[{"@type":"SearchAction","target":{"@type":"EntryPoint","urlTemplate":"https:\/\/tuzlainfo.ba\/?s={search_term_string}"},"query-input":{"@type":"PropertyValueSpecification","valueRequired":true,"valueName":"search_term_string"}}],"inLanguage":"bs-BA"},{"@type":"Organization","@id":"https:\/\/tuzlainfo.ba\/#organization","name":"TuzlaInfo.ba","url":"https:\/\/tuzlainfo.ba\/","logo":{"@type":"ImageObject","inLanguage":"bs-BA","@id":"https:\/\/tuzlainfo.ba\/#\/schema\/logo\/image\/","url":"https:\/\/tuzlainfo.ba\/wp-content\/uploads\/2021\/03\/logo-ver-3-1.png","contentUrl":"https:\/\/tuzlainfo.ba\/wp-content\/uploads\/2021\/03\/logo-ver-3-1.png","width":350,"height":95,"caption":"TuzlaInfo.ba"},"image":{"@id":"https:\/\/tuzlainfo.ba\/#\/schema\/logo\/image\/"},"sameAs":["https:\/\/www.facebook.com\/tuzlainfo.ba\/"]},{"@type":"Person","@id":"https:\/\/tuzlainfo.ba\/#\/schema\/person\/46cad4c57790cbc50781edd14870825a","name":"Tuzla Info","image":{"@type":"ImageObject","inLanguage":"bs-BA","@id":"https:\/\/tuzlainfo.ba\/#\/schema\/person\/image\/","url":"https:\/\/tuzlainfo.ba\/wp-content\/litespeed\/avatar\/b6c453a6c38e3654f2e4416c643fc25c.jpg?ver=1777656712","contentUrl":"https:\/\/tuzlainfo.ba\/wp-content\/litespeed\/avatar\/b6c453a6c38e3654f2e4416c643fc25c.jpg?ver=1777656712","caption":"Tuzla Info"}}]}},"_links":{"self":[{"href":"https:\/\/tuzlainfo.ba\/index.php\/wp-json\/wp\/v2\/posts\/288396"}],"collection":[{"href":"https:\/\/tuzlainfo.ba\/index.php\/wp-json\/wp\/v2\/posts"}],"about":[{"href":"https:\/\/tuzlainfo.ba\/index.php\/wp-json\/wp\/v2\/types\/post"}],"author":[{"embeddable":true,"href":"https:\/\/tuzlainfo.ba\/index.php\/wp-json\/wp\/v2\/users\/4"}],"replies":[{"embeddable":true,"href":"https:\/\/tuzlainfo.ba\/index.php\/wp-json\/wp\/v2\/comments?post=288396"}],"version-history":[{"count":1,"href":"https:\/\/tuzlainfo.ba\/index.php\/wp-json\/wp\/v2\/posts\/288396\/revisions"}],"predecessor-version":[{"id":288398,"href":"https:\/\/tuzlainfo.ba\/index.php\/wp-json\/wp\/v2\/posts\/288396\/revisions\/288398"}],"wp:featuredmedia":[{"embeddable":true,"href":"https:\/\/tuzlainfo.ba\/index.php\/wp-json\/wp\/v2\/media\/288397"}],"wp:attachment":[{"href":"https:\/\/tuzlainfo.ba\/index.php\/wp-json\/wp\/v2\/media?parent=288396"}],"wp:term":[{"taxonomy":"category","embeddable":true,"href":"https:\/\/tuzlainfo.ba\/index.php\/wp-json\/wp\/v2\/categories?post=288396"},{"taxonomy":"post_tag","embeddable":true,"href":"https:\/\/tuzlainfo.ba\/index.php\/wp-json\/wp\/v2\/tags?post=288396"}],"curies":[{"name":"wp","href":"https:\/\/api.w.org\/{rel}","templated":true}]}}