{"id":288318,"date":"2025-12-04T19:02:47","date_gmt":"2025-12-04T18:02:47","guid":{"rendered":"https:\/\/tuzlainfo.ba\/?p=288318"},"modified":"2025-12-04T18:39:58","modified_gmt":"2025-12-04T17:39:58","slug":"u-tuzli-odrzana-sjednica-o-nasilju-nad-zenama-institucijama-upuceni-jasni-zahtjevi-za-hitne-mjere-zastite","status":"publish","type":"post","link":"https:\/\/tuzlainfo.ba\/index.php\/novosti\/item\/288318-u-tuzli-odrzana-sjednica-o-nasilju-nad-zenama-institucijama-upuceni-jasni-zahtjevi-za-hitne-mjere-zastite\/","title":{"rendered":"U Tuzli odr\u017eana sjednica o nasilju nad \u017eenama: Institucijama upu\u0107eni jasni zahtjevi za hitne mjere za\u0161tite"},"content":{"rendered":"<p>U okviru obilje\u017eavanja <em>\u201c16 dana aktivizma protiv rodno zasnovanog nasilja<\/em>\u201d u Tuzli je danas odr\u017eana sjednica na temu: \u201cMehanizmi za\u0161tite od nasilja u porodici i nasilja nad \u017eenama u Tuzlanskom kantonu\u201d.<\/p>\n<p>Sjednicu su, uz podr\u0161ku Misije OSCE-a u BiH, organizovale Komisija za jednakopravnost spolova i Komisija za pravdu, ljudska prava i gra\u0111anske slobode Skup\u0161tine Tuzlanskog kantona, a me\u0111u u\u010desnicima su bili i: predstavnici radnih tijela Parlamenta Federacije BiH, Gender centra Federacije BiH, pravosudnih institucija, nevladinih organizacija i Koordinacionog tima za pra\u0107enje realizacije Akcionog plana za prevenciju i borbu protiv nasilja u porodici Tuzlanskog kantona.<\/p>\n<p>Cilj je bio ja\u010danje me\u0111uparlamentarne i me\u0111uinstitucionalne saradnje, te razmjena iskustava o izazovima i trenutnom stanju na polju spre\u010davanja nasilja nad \u017eenama i nasilja u porodici, naro\u010dito s aspekta usvajanja i provedbe novog zakonodavnog okvira.<\/p>\n<p>Nakon sadr\u017eajne i konstruktivne diskusije usvojeni su sljede\u0107i zaklju\u010dci:<\/p>\n<ol>\n<li>Novi Zakon o za\u0161titi od nasilja u porodici i nasilja prema \u017eenama u FBiH (\u201eSlu\u017ebene novine Federacije BiH\u201c, broj: 19\/25) pru\u017ea dobru osnovu i omogu\u0107ava efikasniju i sveobuhvatniju za\u0161titu \u017ertava nasilja, ali je njegova primjena na terenu u velikoj mjeri ote\u017eana zbog nedostataka potrebnih podzakonskih akata i izostanka edukacija za prakti\u010dare\/profesionalce iz svih nadle\u017enih institucija. Stoga se tra\u017ei:<\/li>\n<\/ol>\n<p>1.1 od nadle\u017enih komisija Parlamenta Federacije BiH da insistiraju da nadle\u017ene institucije Vlade FBiH (Ministarstvo pravosu\u0111a, Ministarstvo za rad i socijalnu politiku, Ministarstvo zdravstva kao i Ministarstvo unutra\u0161njih poslova) u \u0161to kra\u0107em roku izrade sve potrebne pravilnike i stave ih u primjenu<\/p>\n<p>1.2. od nadle\u017enih institucija Vlade Federacije BiH da izrade program edukacija za prakti\u010dare\/profesionalce i da, u saradnji i koordinaciji sa nadle\u017enim kantonalnim ministarstvima, po jedinstvenoj metodologiji organizuju edukacije za predstavnike policije, centara za socijalni rad, centara za mentalno zdravlje, pravosu\u0111a i drugih nadle\u017enih institucija<\/p>\n<p>1.3. od nadle\u017enih institucija Vlade Federacije BiH da postupe po ranije podnesenoj inicijativi koja se odnosi na status uposlenika Centara za socijalni rad, uklju\u010duju\u0107i radnopravni status, normative i uslove rada.<\/p>\n<p>1.4. od Vlade Federacije BiH da poduzme korake ka uspostavljanju kriznog (privremenog) smje\u0161taja ili sigurnih ku\u0107a (skloni\u0161ta) za djecu \u017ertve nasilja i trgovine ljudima, te da, u saradnji s kantonalnim vladama, osigura adekvatne smje\u0161tajne kapacitete i dugoro\u010dne programe podr\u0161ke za djecu \u017ertve krivi\u010dnih djela.<\/p>\n<p><img fetchpriority=\"high\" decoding=\"async\" class=\"alignnone size-full wp-image-288319\" src=\"https:\/\/tuzlainfo.ba\/wp-content\/uploads\/2025\/12\/Tematska-sjednica_foto2-scaled.jpg\" alt=\"\" width=\"2560\" height=\"1377\" srcset=\"https:\/\/tuzlainfo.ba\/wp-content\/uploads\/2025\/12\/Tematska-sjednica_foto2-scaled.jpg 2560w, https:\/\/tuzlainfo.ba\/wp-content\/uploads\/2025\/12\/Tematska-sjednica_foto2-300x161.jpg 300w, https:\/\/tuzlainfo.ba\/wp-content\/uploads\/2025\/12\/Tematska-sjednica_foto2-1024x551.jpg 1024w, https:\/\/tuzlainfo.ba\/wp-content\/uploads\/2025\/12\/Tematska-sjednica_foto2-768x413.jpg 768w, https:\/\/tuzlainfo.ba\/wp-content\/uploads\/2025\/12\/Tematska-sjednica_foto2-1536x826.jpg 1536w, https:\/\/tuzlainfo.ba\/wp-content\/uploads\/2025\/12\/Tematska-sjednica_foto2-2048x1102.jpg 2048w, https:\/\/tuzlainfo.ba\/wp-content\/uploads\/2025\/12\/Tematska-sjednica_foto2-1920x1033.jpg 1920w, https:\/\/tuzlainfo.ba\/wp-content\/uploads\/2025\/12\/Tematska-sjednica_foto2-1170x629.jpg 1170w, https:\/\/tuzlainfo.ba\/wp-content\/uploads\/2025\/12\/Tematska-sjednica_foto2-585x315.jpg 585w, https:\/\/tuzlainfo.ba\/wp-content\/uploads\/2025\/12\/Tematska-sjednica_foto2-150x81.jpg 150w, https:\/\/tuzlainfo.ba\/wp-content\/uploads\/2025\/12\/Tematska-sjednica_foto2-500x269.jpg 500w\" sizes=\"(max-width: 2560px) 100vw, 2560px\" \/><\/p>\n<ol start=\"2\">\n<li>Tra\u017ei se od Vlade Tuzlanskog kantona da u \u0161to kra\u0107em roku realizuje zaklju\u010dak Skup\u0161tine Tuzlanskog kantona i pokrene aktivnosti na osnivanju Zavoda za lije\u010denje bolesti ovisnosti u Tuzlanskom kantonu, kao i da se okon\u010daju aktivnosti na opremanju Odjela za dje\u010dju i adolescentnu psihijatriju UKC-a Tuzla<strong>.<\/strong><\/li>\n<li>Tra\u017ei se od Vlade Tuzlanskog kantona da realizuje zaklju\u010dak Skup\u0161tine Tuzlanskog kantona i da pristupi izradi akata za osnivanje Kantonalnog regionalnog centra za pru\u017eanje za\u0161tite \u017ertvama nasilja u porodici i \u017ertvama krivi\u010dnih djela protiv spolne slobode i morala.<\/li>\n<li>Tra\u017ei se od nadle\u017enih institucija Tuzlanskog kantona da se, u skladu za zaklju\u010dcima sjednice nadle\u017enih komisija parlamenta Federacije BiH odr\u017eane 19. novembra i mjerama iz Izvje\u0161taja o provedbi Akcionog plana za prevenciju nasilja u porodici Tuzlanskog kantona, u Bud\u017eetu Tuzlanskog kantona za 2026. planiraju sredstva za obuke profesionalaca, kao i zapo\u0161ljavanje neophodnog stru\u010dnog kadra shodno definisanim standardnima i sistematizaciji radnih mjesta u institucijama koje provode Zakon o za\u0161titi od nasilja u porodici i nasilja prema \u017eenama u Federaciji BiH.<\/li>\n<li>Tra\u017ei se od institucija Vlade Kantona, gradova i op\u0107ina u Tuzlanskom kantonu da, u saradnji i kontinuiranoj komunikaciji, obezbijede sredstva za zapo\u0161ljavanje neophodnog stru\u010dnog kadra shodno definisanim standardnima i sistematizaciji radnih mjesta u institucijama \u010diji su osniva\u010di, a koje provode Zakon o za\u0161titi od nasilja u porodici i nasilja prema \u017eenama u Federaciji BiH.<\/li>\n<li>Tra\u017ei se od nadle\u017enih institucija Vlade Kantona, gradova i op\u0107ina u Tuzlanskom kantonu, da obezbijede potrebna sredstva za osna\u017eivanje centara za mentalno zdravlje i u saradnji sa nadle\u017enim institucijama FBiH osiguraju obuke za provodioce psihosocijalnog tretmana sa podru\u010dja Tuzlanskog kantona.<\/li>\n<li>Tra\u017ei se od nadle\u017enih institucija Vlade Tuzlanskog kantona da osiguraju sredstva u Bud\u017eetu Tuzlanskog kantona za 2026. za pobolj\u0161anje uslova za \u017ertve nasilja, njihovu djecu i svjedoke, tokom istra\u017enih i pravosudnih radnji, te da se osigura adekvatan prostor u policijskim stanicama, Tu\u017eila\u0161tvu i Sudu za uzimanje izjava od djece \u017ertava i svjedoka nasilja.<\/li>\n<li>Od svih nadle\u017enih institucija, na svim nivoima, tra\u017ei se uklju\u010denost, anga\u017eman i odgovornost, kao i intenzivnija me\u0111uinstitucionalna komunikacija i saradnja na iznala\u017eenju rje\u0161enja za sve identificirane pote\u0161ko\u0107e i sistemske nedostatke u cilju efikasnije primjene propisa, za\u0161tite i pru\u017eanja usluga svim \u017ertvama nasilja, te smanjenju ovog negativnog dru\u0161tvenog fenomena i stvaranju sigurnijeg ambijenta za cijelu zajednicu.<\/li>\n<\/ol>\n","protected":false},"excerpt":{"rendered":"<p>U okviru obilje\u017eavanja \u201c16 dana aktivizma protiv rodno zasnovanog nasilja\u201d u Tuzli je danas odr\u017eana&hellip;<\/p>\n","protected":false},"author":2,"featured_media":288320,"comment_status":"closed","ping_status":"closed","sticky":false,"template":"","format":"standard","meta":{"_acf_changed":false,"footnotes":""},"categories":[304,12],"tags":[3612,567],"acf":[],"yoast_head":"<!-- This site is optimized with the Yoast SEO plugin v23.5 - https:\/\/yoast.com\/wordpress\/plugins\/seo\/ -->\n<title>U Tuzli odr\u017eana sjednica o nasilju nad \u017eenama: Institucijama upu\u0107eni jasni zahtjevi za hitne mjere za\u0161tite - TuzlaInfo.ba<\/title>\n<meta name=\"robots\" content=\"index, follow, max-snippet:-1, max-image-preview:large, max-video-preview:-1\" \/>\n<link rel=\"canonical\" href=\"https:\/\/tuzlainfo.ba\/index.php\/novosti\/item\/288318-u-tuzli-odrzana-sjednica-o-nasilju-nad-zenama-institucijama-upuceni-jasni-zahtjevi-za-hitne-mjere-zastite\/\" \/>\n<meta property=\"og:locale\" content=\"bs_BA\" \/>\n<meta property=\"og:type\" content=\"article\" \/>\n<meta property=\"og:title\" content=\"U Tuzli odr\u017eana sjednica o nasilju nad \u017eenama: Institucijama upu\u0107eni jasni zahtjevi za hitne mjere za\u0161tite - TuzlaInfo.ba\" \/>\n<meta property=\"og:description\" content=\"U okviru obilje\u017eavanja \u201c16 dana aktivizma protiv rodno zasnovanog nasilja\u201d u Tuzli je danas odr\u017eana&hellip;\" \/>\n<meta property=\"og:url\" content=\"https:\/\/tuzlainfo.ba\/index.php\/novosti\/item\/288318-u-tuzli-odrzana-sjednica-o-nasilju-nad-zenama-institucijama-upuceni-jasni-zahtjevi-za-hitne-mjere-zastite\/\" \/>\n<meta property=\"og:site_name\" content=\"TuzlaInfo.ba\" \/>\n<meta property=\"article:publisher\" content=\"https:\/\/www.facebook.com\/tuzlainfo.ba\/\" \/>\n<meta property=\"article:published_time\" content=\"2025-12-04T18:02:47+00:00\" \/>\n<meta property=\"article:modified_time\" content=\"2025-12-04T17:39:58+00:00\" \/>\n<meta property=\"og:image\" content=\"https:\/\/tuzlainfo.ba\/wp-content\/uploads\/2025\/12\/Tematska-sjednica_foto1-scaled.jpg\" \/>\n\t<meta property=\"og:image:width\" content=\"2560\" \/>\n\t<meta property=\"og:image:height\" content=\"1410\" \/>\n\t<meta property=\"og:image:type\" content=\"image\/jpeg\" \/>\n<meta name=\"author\" content=\"nedim\" \/>\n<meta name=\"twitter:card\" content=\"summary_large_image\" \/>\n<meta name=\"twitter:label1\" content=\"Written by\" \/>\n\t<meta name=\"twitter:data1\" content=\"nedim\" \/>\n\t<meta name=\"twitter:label2\" content=\"Est. reading time\" \/>\n\t<meta name=\"twitter:data2\" content=\"5 minuta\" \/>\n<script type=\"application\/ld+json\" class=\"yoast-schema-graph\">{\"@context\":\"https:\/\/schema.org\",\"@graph\":[{\"@type\":\"Article\",\"@id\":\"https:\/\/tuzlainfo.ba\/index.php\/novosti\/item\/288318-u-tuzli-odrzana-sjednica-o-nasilju-nad-zenama-institucijama-upuceni-jasni-zahtjevi-za-hitne-mjere-zastite\/#article\",\"isPartOf\":{\"@id\":\"https:\/\/tuzlainfo.ba\/index.php\/novosti\/item\/288318-u-tuzli-odrzana-sjednica-o-nasilju-nad-zenama-institucijama-upuceni-jasni-zahtjevi-za-hitne-mjere-zastite\/\"},\"author\":{\"name\":\"nedim\",\"@id\":\"https:\/\/tuzlainfo.ba\/#\/schema\/person\/f434e20dc27ea133923aab08451b7f7f\"},\"headline\":\"U Tuzli odr\u017eana sjednica o nasilju nad \u017eenama: Institucijama upu\u0107eni jasni zahtjevi za hitne mjere za\u0161tite\",\"datePublished\":\"2025-12-04T18:02:47+00:00\",\"dateModified\":\"2025-12-04T17:39:58+00:00\",\"mainEntityOfPage\":{\"@id\":\"https:\/\/tuzlainfo.ba\/index.php\/novosti\/item\/288318-u-tuzli-odrzana-sjednica-o-nasilju-nad-zenama-institucijama-upuceni-jasni-zahtjevi-za-hitne-mjere-zastite\/\"},\"wordCount\":832,\"publisher\":{\"@id\":\"https:\/\/tuzlainfo.ba\/#organization\"},\"image\":{\"@id\":\"https:\/\/tuzlainfo.ba\/index.php\/novosti\/item\/288318-u-tuzli-odrzana-sjednica-o-nasilju-nad-zenama-institucijama-upuceni-jasni-zahtjevi-za-hitne-mjere-zastite\/#primaryimage\"},\"thumbnailUrl\":\"https:\/\/tuzlainfo.ba\/wp-content\/uploads\/2025\/12\/Tematska-sjednica_foto1-scaled.jpg\",\"keywords\":[\"16 dana aktivizma\",\"skup\u0161tina tk\"],\"articleSection\":[\"Istaknuto\",\"Novosti\"],\"inLanguage\":\"bs-BA\"},{\"@type\":\"WebPage\",\"@id\":\"https:\/\/tuzlainfo.ba\/index.php\/novosti\/item\/288318-u-tuzli-odrzana-sjednica-o-nasilju-nad-zenama-institucijama-upuceni-jasni-zahtjevi-za-hitne-mjere-zastite\/\",\"url\":\"https:\/\/tuzlainfo.ba\/index.php\/novosti\/item\/288318-u-tuzli-odrzana-sjednica-o-nasilju-nad-zenama-institucijama-upuceni-jasni-zahtjevi-za-hitne-mjere-zastite\/\",\"name\":\"U Tuzli odr\u017eana sjednica o nasilju nad \u017eenama: Institucijama upu\u0107eni jasni zahtjevi za hitne mjere za\u0161tite - TuzlaInfo.ba\",\"isPartOf\":{\"@id\":\"https:\/\/tuzlainfo.ba\/#website\"},\"primaryImageOfPage\":{\"@id\":\"https:\/\/tuzlainfo.ba\/index.php\/novosti\/item\/288318-u-tuzli-odrzana-sjednica-o-nasilju-nad-zenama-institucijama-upuceni-jasni-zahtjevi-za-hitne-mjere-zastite\/#primaryimage\"},\"image\":{\"@id\":\"https:\/\/tuzlainfo.ba\/index.php\/novosti\/item\/288318-u-tuzli-odrzana-sjednica-o-nasilju-nad-zenama-institucijama-upuceni-jasni-zahtjevi-za-hitne-mjere-zastite\/#primaryimage\"},\"thumbnailUrl\":\"https:\/\/tuzlainfo.ba\/wp-content\/uploads\/2025\/12\/Tematska-sjednica_foto1-scaled.jpg\",\"datePublished\":\"2025-12-04T18:02:47+00:00\",\"dateModified\":\"2025-12-04T17:39:58+00:00\",\"breadcrumb\":{\"@id\":\"https:\/\/tuzlainfo.ba\/index.php\/novosti\/item\/288318-u-tuzli-odrzana-sjednica-o-nasilju-nad-zenama-institucijama-upuceni-jasni-zahtjevi-za-hitne-mjere-zastite\/#breadcrumb\"},\"inLanguage\":\"bs-BA\",\"potentialAction\":[{\"@type\":\"ReadAction\",\"target\":[\"https:\/\/tuzlainfo.ba\/index.php\/novosti\/item\/288318-u-tuzli-odrzana-sjednica-o-nasilju-nad-zenama-institucijama-upuceni-jasni-zahtjevi-za-hitne-mjere-zastite\/\"]}]},{\"@type\":\"ImageObject\",\"inLanguage\":\"bs-BA\",\"@id\":\"https:\/\/tuzlainfo.ba\/index.php\/novosti\/item\/288318-u-tuzli-odrzana-sjednica-o-nasilju-nad-zenama-institucijama-upuceni-jasni-zahtjevi-za-hitne-mjere-zastite\/#primaryimage\",\"url\":\"https:\/\/tuzlainfo.ba\/wp-content\/uploads\/2025\/12\/Tematska-sjednica_foto1-scaled.jpg\",\"contentUrl\":\"https:\/\/tuzlainfo.ba\/wp-content\/uploads\/2025\/12\/Tematska-sjednica_foto1-scaled.jpg\",\"width\":2560,\"height\":1410},{\"@type\":\"BreadcrumbList\",\"@id\":\"https:\/\/tuzlainfo.ba\/index.php\/novosti\/item\/288318-u-tuzli-odrzana-sjednica-o-nasilju-nad-zenama-institucijama-upuceni-jasni-zahtjevi-za-hitne-mjere-zastite\/#breadcrumb\",\"itemListElement\":[{\"@type\":\"ListItem\",\"position\":1,\"name\":\"Home\",\"item\":\"https:\/\/tuzlainfo.ba\/\"},{\"@type\":\"ListItem\",\"position\":2,\"name\":\"U Tuzli odr\u017eana sjednica o nasilju nad \u017eenama: Institucijama upu\u0107eni jasni zahtjevi za hitne mjere za\u0161tite\"}]},{\"@type\":\"WebSite\",\"@id\":\"https:\/\/tuzlainfo.ba\/#website\",\"url\":\"https:\/\/tuzlainfo.ba\/\",\"name\":\"TuzlaInfo.ba\",\"description\":\"Tuzla info, gradski informator - Tuzla na dlanu\",\"publisher\":{\"@id\":\"https:\/\/tuzlainfo.ba\/#organization\"},\"potentialAction\":[{\"@type\":\"SearchAction\",\"target\":{\"@type\":\"EntryPoint\",\"urlTemplate\":\"https:\/\/tuzlainfo.ba\/?s={search_term_string}\"},\"query-input\":{\"@type\":\"PropertyValueSpecification\",\"valueRequired\":true,\"valueName\":\"search_term_string\"}}],\"inLanguage\":\"bs-BA\"},{\"@type\":\"Organization\",\"@id\":\"https:\/\/tuzlainfo.ba\/#organization\",\"name\":\"TuzlaInfo.ba\",\"url\":\"https:\/\/tuzlainfo.ba\/\",\"logo\":{\"@type\":\"ImageObject\",\"inLanguage\":\"bs-BA\",\"@id\":\"https:\/\/tuzlainfo.ba\/#\/schema\/logo\/image\/\",\"url\":\"https:\/\/tuzlainfo.ba\/wp-content\/uploads\/2021\/03\/logo-ver-3-1.png\",\"contentUrl\":\"https:\/\/tuzlainfo.ba\/wp-content\/uploads\/2021\/03\/logo-ver-3-1.png\",\"width\":350,\"height\":95,\"caption\":\"TuzlaInfo.ba\"},\"image\":{\"@id\":\"https:\/\/tuzlainfo.ba\/#\/schema\/logo\/image\/\"},\"sameAs\":[\"https:\/\/www.facebook.com\/tuzlainfo.ba\/\"]},{\"@type\":\"Person\",\"@id\":\"https:\/\/tuzlainfo.ba\/#\/schema\/person\/f434e20dc27ea133923aab08451b7f7f\",\"name\":\"nedim\",\"image\":{\"@type\":\"ImageObject\",\"inLanguage\":\"bs-BA\",\"@id\":\"https:\/\/tuzlainfo.ba\/#\/schema\/person\/image\/\",\"url\":\"https:\/\/tuzlainfo.ba\/wp-content\/litespeed\/avatar\/aabad687af24844af817603ac1cbdc4f.jpg?ver=1777306975\",\"contentUrl\":\"https:\/\/tuzlainfo.ba\/wp-content\/litespeed\/avatar\/aabad687af24844af817603ac1cbdc4f.jpg?ver=1777306975\",\"caption\":\"nedim\"},\"description\":\"Tuzlainfo.ba pratite na dru\u0161tvenim mre\u017eama: Facebook, Instagram i Youtube. Svoje pri\u010de, upite i fotografije \u0161aljite na na\u0161u e-mail adresu.\"}]}<\/script>\n<!-- \/ Yoast SEO plugin. -->","yoast_head_json":{"title":"U Tuzli odr\u017eana sjednica o nasilju nad \u017eenama: Institucijama upu\u0107eni jasni zahtjevi za hitne mjere za\u0161tite - TuzlaInfo.ba","robots":{"index":"index","follow":"follow","max-snippet":"max-snippet:-1","max-image-preview":"max-image-preview:large","max-video-preview":"max-video-preview:-1"},"canonical":"https:\/\/tuzlainfo.ba\/index.php\/novosti\/item\/288318-u-tuzli-odrzana-sjednica-o-nasilju-nad-zenama-institucijama-upuceni-jasni-zahtjevi-za-hitne-mjere-zastite\/","og_locale":"bs_BA","og_type":"article","og_title":"U Tuzli odr\u017eana sjednica o nasilju nad \u017eenama: Institucijama upu\u0107eni jasni zahtjevi za hitne mjere za\u0161tite - TuzlaInfo.ba","og_description":"U okviru obilje\u017eavanja \u201c16 dana aktivizma protiv rodno zasnovanog nasilja\u201d u Tuzli je danas odr\u017eana&hellip;","og_url":"https:\/\/tuzlainfo.ba\/index.php\/novosti\/item\/288318-u-tuzli-odrzana-sjednica-o-nasilju-nad-zenama-institucijama-upuceni-jasni-zahtjevi-za-hitne-mjere-zastite\/","og_site_name":"TuzlaInfo.ba","article_publisher":"https:\/\/www.facebook.com\/tuzlainfo.ba\/","article_published_time":"2025-12-04T18:02:47+00:00","article_modified_time":"2025-12-04T17:39:58+00:00","og_image":[{"width":2560,"height":1410,"url":"https:\/\/tuzlainfo.ba\/wp-content\/uploads\/2025\/12\/Tematska-sjednica_foto1-scaled.jpg","type":"image\/jpeg"}],"author":"nedim","twitter_card":"summary_large_image","twitter_misc":{"Written by":"nedim","Est. reading time":"5 minuta"},"schema":{"@context":"https:\/\/schema.org","@graph":[{"@type":"Article","@id":"https:\/\/tuzlainfo.ba\/index.php\/novosti\/item\/288318-u-tuzli-odrzana-sjednica-o-nasilju-nad-zenama-institucijama-upuceni-jasni-zahtjevi-za-hitne-mjere-zastite\/#article","isPartOf":{"@id":"https:\/\/tuzlainfo.ba\/index.php\/novosti\/item\/288318-u-tuzli-odrzana-sjednica-o-nasilju-nad-zenama-institucijama-upuceni-jasni-zahtjevi-za-hitne-mjere-zastite\/"},"author":{"name":"nedim","@id":"https:\/\/tuzlainfo.ba\/#\/schema\/person\/f434e20dc27ea133923aab08451b7f7f"},"headline":"U Tuzli odr\u017eana sjednica o nasilju nad \u017eenama: Institucijama upu\u0107eni jasni zahtjevi za hitne mjere za\u0161tite","datePublished":"2025-12-04T18:02:47+00:00","dateModified":"2025-12-04T17:39:58+00:00","mainEntityOfPage":{"@id":"https:\/\/tuzlainfo.ba\/index.php\/novosti\/item\/288318-u-tuzli-odrzana-sjednica-o-nasilju-nad-zenama-institucijama-upuceni-jasni-zahtjevi-za-hitne-mjere-zastite\/"},"wordCount":832,"publisher":{"@id":"https:\/\/tuzlainfo.ba\/#organization"},"image":{"@id":"https:\/\/tuzlainfo.ba\/index.php\/novosti\/item\/288318-u-tuzli-odrzana-sjednica-o-nasilju-nad-zenama-institucijama-upuceni-jasni-zahtjevi-za-hitne-mjere-zastite\/#primaryimage"},"thumbnailUrl":"https:\/\/tuzlainfo.ba\/wp-content\/uploads\/2025\/12\/Tematska-sjednica_foto1-scaled.jpg","keywords":["16 dana aktivizma","skup\u0161tina tk"],"articleSection":["Istaknuto","Novosti"],"inLanguage":"bs-BA"},{"@type":"WebPage","@id":"https:\/\/tuzlainfo.ba\/index.php\/novosti\/item\/288318-u-tuzli-odrzana-sjednica-o-nasilju-nad-zenama-institucijama-upuceni-jasni-zahtjevi-za-hitne-mjere-zastite\/","url":"https:\/\/tuzlainfo.ba\/index.php\/novosti\/item\/288318-u-tuzli-odrzana-sjednica-o-nasilju-nad-zenama-institucijama-upuceni-jasni-zahtjevi-za-hitne-mjere-zastite\/","name":"U Tuzli odr\u017eana sjednica o nasilju nad \u017eenama: Institucijama upu\u0107eni jasni zahtjevi za hitne mjere za\u0161tite - TuzlaInfo.ba","isPartOf":{"@id":"https:\/\/tuzlainfo.ba\/#website"},"primaryImageOfPage":{"@id":"https:\/\/tuzlainfo.ba\/index.php\/novosti\/item\/288318-u-tuzli-odrzana-sjednica-o-nasilju-nad-zenama-institucijama-upuceni-jasni-zahtjevi-za-hitne-mjere-zastite\/#primaryimage"},"image":{"@id":"https:\/\/tuzlainfo.ba\/index.php\/novosti\/item\/288318-u-tuzli-odrzana-sjednica-o-nasilju-nad-zenama-institucijama-upuceni-jasni-zahtjevi-za-hitne-mjere-zastite\/#primaryimage"},"thumbnailUrl":"https:\/\/tuzlainfo.ba\/wp-content\/uploads\/2025\/12\/Tematska-sjednica_foto1-scaled.jpg","datePublished":"2025-12-04T18:02:47+00:00","dateModified":"2025-12-04T17:39:58+00:00","breadcrumb":{"@id":"https:\/\/tuzlainfo.ba\/index.php\/novosti\/item\/288318-u-tuzli-odrzana-sjednica-o-nasilju-nad-zenama-institucijama-upuceni-jasni-zahtjevi-za-hitne-mjere-zastite\/#breadcrumb"},"inLanguage":"bs-BA","potentialAction":[{"@type":"ReadAction","target":["https:\/\/tuzlainfo.ba\/index.php\/novosti\/item\/288318-u-tuzli-odrzana-sjednica-o-nasilju-nad-zenama-institucijama-upuceni-jasni-zahtjevi-za-hitne-mjere-zastite\/"]}]},{"@type":"ImageObject","inLanguage":"bs-BA","@id":"https:\/\/tuzlainfo.ba\/index.php\/novosti\/item\/288318-u-tuzli-odrzana-sjednica-o-nasilju-nad-zenama-institucijama-upuceni-jasni-zahtjevi-za-hitne-mjere-zastite\/#primaryimage","url":"https:\/\/tuzlainfo.ba\/wp-content\/uploads\/2025\/12\/Tematska-sjednica_foto1-scaled.jpg","contentUrl":"https:\/\/tuzlainfo.ba\/wp-content\/uploads\/2025\/12\/Tematska-sjednica_foto1-scaled.jpg","width":2560,"height":1410},{"@type":"BreadcrumbList","@id":"https:\/\/tuzlainfo.ba\/index.php\/novosti\/item\/288318-u-tuzli-odrzana-sjednica-o-nasilju-nad-zenama-institucijama-upuceni-jasni-zahtjevi-za-hitne-mjere-zastite\/#breadcrumb","itemListElement":[{"@type":"ListItem","position":1,"name":"Home","item":"https:\/\/tuzlainfo.ba\/"},{"@type":"ListItem","position":2,"name":"U Tuzli odr\u017eana sjednica o nasilju nad \u017eenama: Institucijama upu\u0107eni jasni zahtjevi za hitne mjere za\u0161tite"}]},{"@type":"WebSite","@id":"https:\/\/tuzlainfo.ba\/#website","url":"https:\/\/tuzlainfo.ba\/","name":"TuzlaInfo.ba","description":"Tuzla info, gradski informator - Tuzla na dlanu","publisher":{"@id":"https:\/\/tuzlainfo.ba\/#organization"},"potentialAction":[{"@type":"SearchAction","target":{"@type":"EntryPoint","urlTemplate":"https:\/\/tuzlainfo.ba\/?s={search_term_string}"},"query-input":{"@type":"PropertyValueSpecification","valueRequired":true,"valueName":"search_term_string"}}],"inLanguage":"bs-BA"},{"@type":"Organization","@id":"https:\/\/tuzlainfo.ba\/#organization","name":"TuzlaInfo.ba","url":"https:\/\/tuzlainfo.ba\/","logo":{"@type":"ImageObject","inLanguage":"bs-BA","@id":"https:\/\/tuzlainfo.ba\/#\/schema\/logo\/image\/","url":"https:\/\/tuzlainfo.ba\/wp-content\/uploads\/2021\/03\/logo-ver-3-1.png","contentUrl":"https:\/\/tuzlainfo.ba\/wp-content\/uploads\/2021\/03\/logo-ver-3-1.png","width":350,"height":95,"caption":"TuzlaInfo.ba"},"image":{"@id":"https:\/\/tuzlainfo.ba\/#\/schema\/logo\/image\/"},"sameAs":["https:\/\/www.facebook.com\/tuzlainfo.ba\/"]},{"@type":"Person","@id":"https:\/\/tuzlainfo.ba\/#\/schema\/person\/f434e20dc27ea133923aab08451b7f7f","name":"nedim","image":{"@type":"ImageObject","inLanguage":"bs-BA","@id":"https:\/\/tuzlainfo.ba\/#\/schema\/person\/image\/","url":"https:\/\/tuzlainfo.ba\/wp-content\/litespeed\/avatar\/aabad687af24844af817603ac1cbdc4f.jpg?ver=1777306975","contentUrl":"https:\/\/tuzlainfo.ba\/wp-content\/litespeed\/avatar\/aabad687af24844af817603ac1cbdc4f.jpg?ver=1777306975","caption":"nedim"},"description":"Tuzlainfo.ba pratite na dru\u0161tvenim mre\u017eama: Facebook, Instagram i Youtube. Svoje pri\u010de, upite i fotografije \u0161aljite na na\u0161u e-mail adresu."}]}},"_links":{"self":[{"href":"https:\/\/tuzlainfo.ba\/index.php\/wp-json\/wp\/v2\/posts\/288318"}],"collection":[{"href":"https:\/\/tuzlainfo.ba\/index.php\/wp-json\/wp\/v2\/posts"}],"about":[{"href":"https:\/\/tuzlainfo.ba\/index.php\/wp-json\/wp\/v2\/types\/post"}],"author":[{"embeddable":true,"href":"https:\/\/tuzlainfo.ba\/index.php\/wp-json\/wp\/v2\/users\/2"}],"replies":[{"embeddable":true,"href":"https:\/\/tuzlainfo.ba\/index.php\/wp-json\/wp\/v2\/comments?post=288318"}],"version-history":[{"count":1,"href":"https:\/\/tuzlainfo.ba\/index.php\/wp-json\/wp\/v2\/posts\/288318\/revisions"}],"predecessor-version":[{"id":288321,"href":"https:\/\/tuzlainfo.ba\/index.php\/wp-json\/wp\/v2\/posts\/288318\/revisions\/288321"}],"wp:featuredmedia":[{"embeddable":true,"href":"https:\/\/tuzlainfo.ba\/index.php\/wp-json\/wp\/v2\/media\/288320"}],"wp:attachment":[{"href":"https:\/\/tuzlainfo.ba\/index.php\/wp-json\/wp\/v2\/media?parent=288318"}],"wp:term":[{"taxonomy":"category","embeddable":true,"href":"https:\/\/tuzlainfo.ba\/index.php\/wp-json\/wp\/v2\/categories?post=288318"},{"taxonomy":"post_tag","embeddable":true,"href":"https:\/\/tuzlainfo.ba\/index.php\/wp-json\/wp\/v2\/tags?post=288318"}],"curies":[{"name":"wp","href":"https:\/\/api.w.org\/{rel}","templated":true}]}}