{"id":288251,"date":"2025-12-04T14:21:58","date_gmt":"2025-12-04T13:21:58","guid":{"rendered":"https:\/\/tuzlainfo.ba\/?p=288251"},"modified":"2025-12-04T14:21:58","modified_gmt":"2025-12-04T13:21:58","slug":"mjesec-dana-pritvora-za-osumnjicenog-iz-tuzle-zbog-nasilja-u-porodici","status":"publish","type":"post","link":"https:\/\/tuzlainfo.ba\/index.php\/novosti\/item\/288251-mjesec-dana-pritvora-za-osumnjicenog-iz-tuzle-zbog-nasilja-u-porodici\/","title":{"rendered":"Mjesec dana pritvora za osumnji\u010denog iz Tuzle zbog nasilja u porodici"},"content":{"rendered":"<article class=\"text-token-text-primary w-full focus:outline-none [--shadow-height:45px] has-data-writing-block:pointer-events-none has-data-writing-block:-mt-(--shadow-height) has-data-writing-block:pt-(--shadow-height) [&amp;:has([data-writing-block])&gt;*]:pointer-events-auto scroll-mt-[calc(var(--header-height)+min(200px,max(70px,20svh)))]\" dir=\"auto\" tabindex=\"-1\" data-turn-id=\"request-691b79a9-83b4-832b-82ff-2dcd8cd839aa-3\" data-testid=\"conversation-turn-244\" data-scroll-anchor=\"true\" data-turn=\"assistant\">\n<div class=\"text-base my-auto mx-auto pb-10 [--thread-content-margin:--spacing(4)] thread-sm:[--thread-content-margin:--spacing(6)] thread-lg:[--thread-content-margin:--spacing(16)] px-(--thread-content-margin)\">\n<div class=\"[--thread-content-max-width:40rem] thread-lg:[--thread-content-max-width:48rem] mx-auto max-w-(--thread-content-max-width) flex-1 group\/turn-messages focus-visible:outline-hidden relative flex w-full min-w-0 flex-col agent-turn\" tabindex=\"-1\">\n<div class=\"flex max-w-full flex-col grow\">\n<div class=\"min-h-8 text-message relative flex w-full flex-col items-end gap-2 text-start break-words whitespace-normal [.text-message+&amp;]:mt-1\" dir=\"auto\" data-message-author-role=\"assistant\" data-message-id=\"3f029dac-465f-4bbd-a9f6-992b569d0c88\" data-message-model-slug=\"gpt-5-1\">\n<div class=\"flex w-full flex-col gap-1 empty:hidden first:pt-[1px]\">\n<div class=\"markdown prose dark:prose-invert w-full break-words light markdown-new-styling\">\n<p data-start=\"89\" data-end=\"498\">Op\u0107inski sud u Tuzli donio je 3. decembra rje\u0161enje kojim je osumnji\u010denom E. K. iz Tuzle odre\u0111ena mjera pritvora u trajanju od mjesec dana.<\/p>\n<p data-start=\"89\" data-end=\"498\">Razlog je postojanje osnovane sumnje da je po\u010dinio krivi\u010dno djelo nasilje u porodici. Sud je utvrdio da su ispunjeni i op\u0107i i posebni uvjeti za odre\u0111ivanje pritvora, u skladu s odredbama \u010dlanka 146. stav 1. to\u010dka c) Zakona o krivi\u010dnom postupku Federacije Bosne i Hercegovine.<\/p>\n<p data-start=\"500\" data-end=\"746\">Kako je potvr\u0111eno, pritvor je odre\u0111en radi sprje\u010davanja mogu\u0107eg utjecaja na postupak, odnosno okolnosti koje upu\u0107uju na opasnost od ponavljanja krivi\u010dnog djela. Stranke imaju pravo \u017ealbe na doneseno rje\u0161enje u roku od 24 sata od trenutka prijema.<\/p>\n<\/div>\n<\/div>\n<\/div>\n<\/div>\n<div class=\"z-0 flex min-h-[46px] justify-start\"><\/div>\n<div class=\"mt-3 w-full empty:hidden\">\n<div class=\"text-center\"><\/div>\n<\/div>\n<\/div>\n<\/div>\n<\/article>\n<div class=\"pointer-events-none h-px w-px\" aria-hidden=\"true\" data-edge=\"true\"><\/div>\n","protected":false},"excerpt":{"rendered":"<p>Op\u0107inski sud u Tuzli donio je 3. decembra rje\u0161enje kojim je osumnji\u010denom E. K. iz&hellip;<\/p>\n","protected":false},"author":2,"featured_media":63567,"comment_status":"closed","ping_status":"closed","sticky":false,"template":"","format":"standard","meta":{"_acf_changed":false,"footnotes":""},"categories":[304,12],"tags":[1015,7731],"acf":[],"yoast_head":"<!-- This site is optimized with the Yoast SEO plugin v23.5 - https:\/\/yoast.com\/wordpress\/plugins\/seo\/ -->\n<title>Mjesec dana pritvora za osumnji\u010denog iz Tuzle zbog nasilja u porodici - TuzlaInfo.ba<\/title>\n<meta name=\"robots\" content=\"index, follow, max-snippet:-1, max-image-preview:large, max-video-preview:-1\" \/>\n<link rel=\"canonical\" href=\"https:\/\/tuzlainfo.ba\/index.php\/novosti\/item\/288251-mjesec-dana-pritvora-za-osumnjicenog-iz-tuzle-zbog-nasilja-u-porodici\/\" \/>\n<meta property=\"og:locale\" content=\"bs_BA\" \/>\n<meta property=\"og:type\" content=\"article\" \/>\n<meta property=\"og:title\" content=\"Mjesec dana pritvora za osumnji\u010denog iz Tuzle zbog nasilja u porodici - TuzlaInfo.ba\" \/>\n<meta property=\"og:description\" content=\"Op\u0107inski sud u Tuzli donio je 3. decembra rje\u0161enje kojim je osumnji\u010denom E. K. iz&hellip;\" \/>\n<meta property=\"og:url\" content=\"https:\/\/tuzlainfo.ba\/index.php\/novosti\/item\/288251-mjesec-dana-pritvora-za-osumnjicenog-iz-tuzle-zbog-nasilja-u-porodici\/\" \/>\n<meta property=\"og:site_name\" content=\"TuzlaInfo.ba\" \/>\n<meta property=\"article:publisher\" content=\"https:\/\/www.facebook.com\/tuzlainfo.ba\/\" \/>\n<meta property=\"article:published_time\" content=\"2025-12-04T13:21:58+00:00\" \/>\n<meta property=\"og:image\" content=\"https:\/\/tuzlainfo.ba\/wp-content\/uploads\/2018\/08\/sadrzaj_2016_2016-crna_01012018_lisice-2.jpg\" \/>\n\t<meta property=\"og:image:width\" content=\"770\" \/>\n\t<meta property=\"og:image:height\" content=\"449\" \/>\n\t<meta property=\"og:image:type\" content=\"image\/jpeg\" \/>\n<meta name=\"author\" content=\"nedim\" \/>\n<meta name=\"twitter:card\" content=\"summary_large_image\" \/>\n<meta name=\"twitter:label1\" content=\"Written by\" \/>\n\t<meta name=\"twitter:data1\" content=\"nedim\" \/>\n\t<meta name=\"twitter:label2\" content=\"Est. reading time\" \/>\n\t<meta name=\"twitter:data2\" content=\"1 minuta\" \/>\n<script type=\"application\/ld+json\" class=\"yoast-schema-graph\">{\"@context\":\"https:\/\/schema.org\",\"@graph\":[{\"@type\":\"Article\",\"@id\":\"https:\/\/tuzlainfo.ba\/index.php\/novosti\/item\/288251-mjesec-dana-pritvora-za-osumnjicenog-iz-tuzle-zbog-nasilja-u-porodici\/#article\",\"isPartOf\":{\"@id\":\"https:\/\/tuzlainfo.ba\/index.php\/novosti\/item\/288251-mjesec-dana-pritvora-za-osumnjicenog-iz-tuzle-zbog-nasilja-u-porodici\/\"},\"author\":{\"name\":\"nedim\",\"@id\":\"https:\/\/tuzlainfo.ba\/#\/schema\/person\/f434e20dc27ea133923aab08451b7f7f\"},\"headline\":\"Mjesec dana pritvora za osumnji\u010denog iz Tuzle zbog nasilja u porodici\",\"datePublished\":\"2025-12-04T13:21:58+00:00\",\"dateModified\":\"2025-12-04T13:21:58+00:00\",\"mainEntityOfPage\":{\"@id\":\"https:\/\/tuzlainfo.ba\/index.php\/novosti\/item\/288251-mjesec-dana-pritvora-za-osumnjicenog-iz-tuzle-zbog-nasilja-u-porodici\/\"},\"wordCount\":131,\"publisher\":{\"@id\":\"https:\/\/tuzlainfo.ba\/#organization\"},\"image\":{\"@id\":\"https:\/\/tuzlainfo.ba\/index.php\/novosti\/item\/288251-mjesec-dana-pritvora-za-osumnjicenog-iz-tuzle-zbog-nasilja-u-porodici\/#primaryimage\"},\"thumbnailUrl\":\"https:\/\/tuzlainfo.ba\/wp-content\/uploads\/2018\/08\/sadrzaj_2016_2016-crna_01012018_lisice-2.jpg\",\"keywords\":[\"nasilje u porodici\",\"op\u0107inski sud u tuzli\"],\"articleSection\":[\"Istaknuto\",\"Novosti\"],\"inLanguage\":\"bs-BA\"},{\"@type\":\"WebPage\",\"@id\":\"https:\/\/tuzlainfo.ba\/index.php\/novosti\/item\/288251-mjesec-dana-pritvora-za-osumnjicenog-iz-tuzle-zbog-nasilja-u-porodici\/\",\"url\":\"https:\/\/tuzlainfo.ba\/index.php\/novosti\/item\/288251-mjesec-dana-pritvora-za-osumnjicenog-iz-tuzle-zbog-nasilja-u-porodici\/\",\"name\":\"Mjesec dana pritvora za osumnji\u010denog iz Tuzle zbog nasilja u porodici - TuzlaInfo.ba\",\"isPartOf\":{\"@id\":\"https:\/\/tuzlainfo.ba\/#website\"},\"primaryImageOfPage\":{\"@id\":\"https:\/\/tuzlainfo.ba\/index.php\/novosti\/item\/288251-mjesec-dana-pritvora-za-osumnjicenog-iz-tuzle-zbog-nasilja-u-porodici\/#primaryimage\"},\"image\":{\"@id\":\"https:\/\/tuzlainfo.ba\/index.php\/novosti\/item\/288251-mjesec-dana-pritvora-za-osumnjicenog-iz-tuzle-zbog-nasilja-u-porodici\/#primaryimage\"},\"thumbnailUrl\":\"https:\/\/tuzlainfo.ba\/wp-content\/uploads\/2018\/08\/sadrzaj_2016_2016-crna_01012018_lisice-2.jpg\",\"datePublished\":\"2025-12-04T13:21:58+00:00\",\"dateModified\":\"2025-12-04T13:21:58+00:00\",\"breadcrumb\":{\"@id\":\"https:\/\/tuzlainfo.ba\/index.php\/novosti\/item\/288251-mjesec-dana-pritvora-za-osumnjicenog-iz-tuzle-zbog-nasilja-u-porodici\/#breadcrumb\"},\"inLanguage\":\"bs-BA\",\"potentialAction\":[{\"@type\":\"ReadAction\",\"target\":[\"https:\/\/tuzlainfo.ba\/index.php\/novosti\/item\/288251-mjesec-dana-pritvora-za-osumnjicenog-iz-tuzle-zbog-nasilja-u-porodici\/\"]}]},{\"@type\":\"ImageObject\",\"inLanguage\":\"bs-BA\",\"@id\":\"https:\/\/tuzlainfo.ba\/index.php\/novosti\/item\/288251-mjesec-dana-pritvora-za-osumnjicenog-iz-tuzle-zbog-nasilja-u-porodici\/#primaryimage\",\"url\":\"https:\/\/tuzlainfo.ba\/wp-content\/uploads\/2018\/08\/sadrzaj_2016_2016-crna_01012018_lisice-2.jpg\",\"contentUrl\":\"https:\/\/tuzlainfo.ba\/wp-content\/uploads\/2018\/08\/sadrzaj_2016_2016-crna_01012018_lisice-2.jpg\",\"width\":770,\"height\":449,\"caption\":\"01012018 lisice 2\"},{\"@type\":\"BreadcrumbList\",\"@id\":\"https:\/\/tuzlainfo.ba\/index.php\/novosti\/item\/288251-mjesec-dana-pritvora-za-osumnjicenog-iz-tuzle-zbog-nasilja-u-porodici\/#breadcrumb\",\"itemListElement\":[{\"@type\":\"ListItem\",\"position\":1,\"name\":\"Home\",\"item\":\"https:\/\/tuzlainfo.ba\/\"},{\"@type\":\"ListItem\",\"position\":2,\"name\":\"Mjesec dana pritvora za osumnji\u010denog iz Tuzle zbog nasilja u porodici\"}]},{\"@type\":\"WebSite\",\"@id\":\"https:\/\/tuzlainfo.ba\/#website\",\"url\":\"https:\/\/tuzlainfo.ba\/\",\"name\":\"TuzlaInfo.ba\",\"description\":\"Tuzla info, gradski informator - Tuzla na dlanu\",\"publisher\":{\"@id\":\"https:\/\/tuzlainfo.ba\/#organization\"},\"potentialAction\":[{\"@type\":\"SearchAction\",\"target\":{\"@type\":\"EntryPoint\",\"urlTemplate\":\"https:\/\/tuzlainfo.ba\/?s={search_term_string}\"},\"query-input\":{\"@type\":\"PropertyValueSpecification\",\"valueRequired\":true,\"valueName\":\"search_term_string\"}}],\"inLanguage\":\"bs-BA\"},{\"@type\":\"Organization\",\"@id\":\"https:\/\/tuzlainfo.ba\/#organization\",\"name\":\"TuzlaInfo.ba\",\"url\":\"https:\/\/tuzlainfo.ba\/\",\"logo\":{\"@type\":\"ImageObject\",\"inLanguage\":\"bs-BA\",\"@id\":\"https:\/\/tuzlainfo.ba\/#\/schema\/logo\/image\/\",\"url\":\"https:\/\/tuzlainfo.ba\/wp-content\/uploads\/2021\/03\/logo-ver-3-1.png\",\"contentUrl\":\"https:\/\/tuzlainfo.ba\/wp-content\/uploads\/2021\/03\/logo-ver-3-1.png\",\"width\":350,\"height\":95,\"caption\":\"TuzlaInfo.ba\"},\"image\":{\"@id\":\"https:\/\/tuzlainfo.ba\/#\/schema\/logo\/image\/\"},\"sameAs\":[\"https:\/\/www.facebook.com\/tuzlainfo.ba\/\"]},{\"@type\":\"Person\",\"@id\":\"https:\/\/tuzlainfo.ba\/#\/schema\/person\/f434e20dc27ea133923aab08451b7f7f\",\"name\":\"nedim\",\"image\":{\"@type\":\"ImageObject\",\"inLanguage\":\"bs-BA\",\"@id\":\"https:\/\/tuzlainfo.ba\/#\/schema\/person\/image\/\",\"url\":\"https:\/\/tuzlainfo.ba\/wp-content\/litespeed\/avatar\/aabad687af24844af817603ac1cbdc4f.jpg?ver=1776702173\",\"contentUrl\":\"https:\/\/tuzlainfo.ba\/wp-content\/litespeed\/avatar\/aabad687af24844af817603ac1cbdc4f.jpg?ver=1776702173\",\"caption\":\"nedim\"},\"description\":\"Tuzlainfo.ba pratite na dru\u0161tvenim mre\u017eama: Facebook, Instagram i Youtube. Svoje pri\u010de, upite i fotografije \u0161aljite na na\u0161u e-mail adresu.\"}]}<\/script>\n<!-- \/ Yoast SEO plugin. -->","yoast_head_json":{"title":"Mjesec dana pritvora za osumnji\u010denog iz Tuzle zbog nasilja u porodici - TuzlaInfo.ba","robots":{"index":"index","follow":"follow","max-snippet":"max-snippet:-1","max-image-preview":"max-image-preview:large","max-video-preview":"max-video-preview:-1"},"canonical":"https:\/\/tuzlainfo.ba\/index.php\/novosti\/item\/288251-mjesec-dana-pritvora-za-osumnjicenog-iz-tuzle-zbog-nasilja-u-porodici\/","og_locale":"bs_BA","og_type":"article","og_title":"Mjesec dana pritvora za osumnji\u010denog iz Tuzle zbog nasilja u porodici - TuzlaInfo.ba","og_description":"Op\u0107inski sud u Tuzli donio je 3. decembra rje\u0161enje kojim je osumnji\u010denom E. K. iz&hellip;","og_url":"https:\/\/tuzlainfo.ba\/index.php\/novosti\/item\/288251-mjesec-dana-pritvora-za-osumnjicenog-iz-tuzle-zbog-nasilja-u-porodici\/","og_site_name":"TuzlaInfo.ba","article_publisher":"https:\/\/www.facebook.com\/tuzlainfo.ba\/","article_published_time":"2025-12-04T13:21:58+00:00","og_image":[{"width":770,"height":449,"url":"https:\/\/tuzlainfo.ba\/wp-content\/uploads\/2018\/08\/sadrzaj_2016_2016-crna_01012018_lisice-2.jpg","type":"image\/jpeg"}],"author":"nedim","twitter_card":"summary_large_image","twitter_misc":{"Written by":"nedim","Est. reading time":"1 minuta"},"schema":{"@context":"https:\/\/schema.org","@graph":[{"@type":"Article","@id":"https:\/\/tuzlainfo.ba\/index.php\/novosti\/item\/288251-mjesec-dana-pritvora-za-osumnjicenog-iz-tuzle-zbog-nasilja-u-porodici\/#article","isPartOf":{"@id":"https:\/\/tuzlainfo.ba\/index.php\/novosti\/item\/288251-mjesec-dana-pritvora-za-osumnjicenog-iz-tuzle-zbog-nasilja-u-porodici\/"},"author":{"name":"nedim","@id":"https:\/\/tuzlainfo.ba\/#\/schema\/person\/f434e20dc27ea133923aab08451b7f7f"},"headline":"Mjesec dana pritvora za osumnji\u010denog iz Tuzle zbog nasilja u porodici","datePublished":"2025-12-04T13:21:58+00:00","dateModified":"2025-12-04T13:21:58+00:00","mainEntityOfPage":{"@id":"https:\/\/tuzlainfo.ba\/index.php\/novosti\/item\/288251-mjesec-dana-pritvora-za-osumnjicenog-iz-tuzle-zbog-nasilja-u-porodici\/"},"wordCount":131,"publisher":{"@id":"https:\/\/tuzlainfo.ba\/#organization"},"image":{"@id":"https:\/\/tuzlainfo.ba\/index.php\/novosti\/item\/288251-mjesec-dana-pritvora-za-osumnjicenog-iz-tuzle-zbog-nasilja-u-porodici\/#primaryimage"},"thumbnailUrl":"https:\/\/tuzlainfo.ba\/wp-content\/uploads\/2018\/08\/sadrzaj_2016_2016-crna_01012018_lisice-2.jpg","keywords":["nasilje u porodici","op\u0107inski sud u tuzli"],"articleSection":["Istaknuto","Novosti"],"inLanguage":"bs-BA"},{"@type":"WebPage","@id":"https:\/\/tuzlainfo.ba\/index.php\/novosti\/item\/288251-mjesec-dana-pritvora-za-osumnjicenog-iz-tuzle-zbog-nasilja-u-porodici\/","url":"https:\/\/tuzlainfo.ba\/index.php\/novosti\/item\/288251-mjesec-dana-pritvora-za-osumnjicenog-iz-tuzle-zbog-nasilja-u-porodici\/","name":"Mjesec dana pritvora za osumnji\u010denog iz Tuzle zbog nasilja u porodici - TuzlaInfo.ba","isPartOf":{"@id":"https:\/\/tuzlainfo.ba\/#website"},"primaryImageOfPage":{"@id":"https:\/\/tuzlainfo.ba\/index.php\/novosti\/item\/288251-mjesec-dana-pritvora-za-osumnjicenog-iz-tuzle-zbog-nasilja-u-porodici\/#primaryimage"},"image":{"@id":"https:\/\/tuzlainfo.ba\/index.php\/novosti\/item\/288251-mjesec-dana-pritvora-za-osumnjicenog-iz-tuzle-zbog-nasilja-u-porodici\/#primaryimage"},"thumbnailUrl":"https:\/\/tuzlainfo.ba\/wp-content\/uploads\/2018\/08\/sadrzaj_2016_2016-crna_01012018_lisice-2.jpg","datePublished":"2025-12-04T13:21:58+00:00","dateModified":"2025-12-04T13:21:58+00:00","breadcrumb":{"@id":"https:\/\/tuzlainfo.ba\/index.php\/novosti\/item\/288251-mjesec-dana-pritvora-za-osumnjicenog-iz-tuzle-zbog-nasilja-u-porodici\/#breadcrumb"},"inLanguage":"bs-BA","potentialAction":[{"@type":"ReadAction","target":["https:\/\/tuzlainfo.ba\/index.php\/novosti\/item\/288251-mjesec-dana-pritvora-za-osumnjicenog-iz-tuzle-zbog-nasilja-u-porodici\/"]}]},{"@type":"ImageObject","inLanguage":"bs-BA","@id":"https:\/\/tuzlainfo.ba\/index.php\/novosti\/item\/288251-mjesec-dana-pritvora-za-osumnjicenog-iz-tuzle-zbog-nasilja-u-porodici\/#primaryimage","url":"https:\/\/tuzlainfo.ba\/wp-content\/uploads\/2018\/08\/sadrzaj_2016_2016-crna_01012018_lisice-2.jpg","contentUrl":"https:\/\/tuzlainfo.ba\/wp-content\/uploads\/2018\/08\/sadrzaj_2016_2016-crna_01012018_lisice-2.jpg","width":770,"height":449,"caption":"01012018 lisice 2"},{"@type":"BreadcrumbList","@id":"https:\/\/tuzlainfo.ba\/index.php\/novosti\/item\/288251-mjesec-dana-pritvora-za-osumnjicenog-iz-tuzle-zbog-nasilja-u-porodici\/#breadcrumb","itemListElement":[{"@type":"ListItem","position":1,"name":"Home","item":"https:\/\/tuzlainfo.ba\/"},{"@type":"ListItem","position":2,"name":"Mjesec dana pritvora za osumnji\u010denog iz Tuzle zbog nasilja u porodici"}]},{"@type":"WebSite","@id":"https:\/\/tuzlainfo.ba\/#website","url":"https:\/\/tuzlainfo.ba\/","name":"TuzlaInfo.ba","description":"Tuzla info, gradski informator - Tuzla na dlanu","publisher":{"@id":"https:\/\/tuzlainfo.ba\/#organization"},"potentialAction":[{"@type":"SearchAction","target":{"@type":"EntryPoint","urlTemplate":"https:\/\/tuzlainfo.ba\/?s={search_term_string}"},"query-input":{"@type":"PropertyValueSpecification","valueRequired":true,"valueName":"search_term_string"}}],"inLanguage":"bs-BA"},{"@type":"Organization","@id":"https:\/\/tuzlainfo.ba\/#organization","name":"TuzlaInfo.ba","url":"https:\/\/tuzlainfo.ba\/","logo":{"@type":"ImageObject","inLanguage":"bs-BA","@id":"https:\/\/tuzlainfo.ba\/#\/schema\/logo\/image\/","url":"https:\/\/tuzlainfo.ba\/wp-content\/uploads\/2021\/03\/logo-ver-3-1.png","contentUrl":"https:\/\/tuzlainfo.ba\/wp-content\/uploads\/2021\/03\/logo-ver-3-1.png","width":350,"height":95,"caption":"TuzlaInfo.ba"},"image":{"@id":"https:\/\/tuzlainfo.ba\/#\/schema\/logo\/image\/"},"sameAs":["https:\/\/www.facebook.com\/tuzlainfo.ba\/"]},{"@type":"Person","@id":"https:\/\/tuzlainfo.ba\/#\/schema\/person\/f434e20dc27ea133923aab08451b7f7f","name":"nedim","image":{"@type":"ImageObject","inLanguage":"bs-BA","@id":"https:\/\/tuzlainfo.ba\/#\/schema\/person\/image\/","url":"https:\/\/tuzlainfo.ba\/wp-content\/litespeed\/avatar\/aabad687af24844af817603ac1cbdc4f.jpg?ver=1776702173","contentUrl":"https:\/\/tuzlainfo.ba\/wp-content\/litespeed\/avatar\/aabad687af24844af817603ac1cbdc4f.jpg?ver=1776702173","caption":"nedim"},"description":"Tuzlainfo.ba pratite na dru\u0161tvenim mre\u017eama: Facebook, Instagram i Youtube. Svoje pri\u010de, upite i fotografije \u0161aljite na na\u0161u e-mail adresu."}]}},"_links":{"self":[{"href":"https:\/\/tuzlainfo.ba\/index.php\/wp-json\/wp\/v2\/posts\/288251"}],"collection":[{"href":"https:\/\/tuzlainfo.ba\/index.php\/wp-json\/wp\/v2\/posts"}],"about":[{"href":"https:\/\/tuzlainfo.ba\/index.php\/wp-json\/wp\/v2\/types\/post"}],"author":[{"embeddable":true,"href":"https:\/\/tuzlainfo.ba\/index.php\/wp-json\/wp\/v2\/users\/2"}],"replies":[{"embeddable":true,"href":"https:\/\/tuzlainfo.ba\/index.php\/wp-json\/wp\/v2\/comments?post=288251"}],"version-history":[{"count":1,"href":"https:\/\/tuzlainfo.ba\/index.php\/wp-json\/wp\/v2\/posts\/288251\/revisions"}],"predecessor-version":[{"id":288252,"href":"https:\/\/tuzlainfo.ba\/index.php\/wp-json\/wp\/v2\/posts\/288251\/revisions\/288252"}],"wp:featuredmedia":[{"embeddable":true,"href":"https:\/\/tuzlainfo.ba\/index.php\/wp-json\/wp\/v2\/media\/63567"}],"wp:attachment":[{"href":"https:\/\/tuzlainfo.ba\/index.php\/wp-json\/wp\/v2\/media?parent=288251"}],"wp:term":[{"taxonomy":"category","embeddable":true,"href":"https:\/\/tuzlainfo.ba\/index.php\/wp-json\/wp\/v2\/categories?post=288251"},{"taxonomy":"post_tag","embeddable":true,"href":"https:\/\/tuzlainfo.ba\/index.php\/wp-json\/wp\/v2\/tags?post=288251"}],"curies":[{"name":"wp","href":"https:\/\/api.w.org\/{rel}","templated":true}]}}