{"id":288163,"date":"2025-12-03T20:05:54","date_gmt":"2025-12-03T19:05:54","guid":{"rendered":"https:\/\/tuzlainfo.ba\/?p=288163"},"modified":"2025-12-03T15:28:09","modified_gmt":"2025-12-03T14:28:09","slug":"vazno-obavjestenje-iz-njemacke-za-radnike-iz-bih-i-srbije","status":"publish","type":"post","link":"https:\/\/tuzlainfo.ba\/index.php\/bosna-i-hercegovina\/item\/288163-vazno-obavjestenje-iz-njemacke-za-radnike-iz-bih-i-srbije\/","title":{"rendered":"Va\u017eno obavje\u0161tenje iz Njema\u010dke za radnike iz BiH i Srbije"},"content":{"rendered":"<p data-start=\"439\" data-end=\"878\">Savezni ured za zapo\u0161ljavanje SR Njema\u010dke (Bundesagentur f\u00fcr Arbeit) objavio je na svojoj web stranici novi Informativni letak AV-5a, namijenjen dr\u017eavljanima Bosne i Hercegovine i Srbije koji planiraju povratak u svoju mati\u010dnu zemlju.<\/p>\n<p><strong>Dokument pru\u017ea jasne i detaljne upute o koracima koje je potrebno poduzeti prije napu\u0161tanja Njema\u010dke kako bi povratnici ostvarili pravo na nov\u010danu naknadu po osnovu radnog sta\u017ea ostvarenog u SR Njema\u010dkoj.<\/strong><\/p>\n<p data-start=\"880\" data-end=\"1097\">Ovo pravo proizlazi iz Sporazuma o osiguranju za slu\u010daj nezaposlenosti potpisanog 1968. godine izme\u0111u Savezne Republike Njema\u010dke i tada\u0161nje SFRJ, a koji se i dalje primjenjuje u Bosni i Hercegovini i Republici Srbiji.<\/p>\n<p data-start=\"1099\" data-end=\"1470\">U letku se precizira da povratnici moraju prije odlaska zatra\u017eiti i pribaviti potrebnu dokumentaciju, uklju\u010duju\u0107i obrazac AV-1BiH (ranije AV1\/JUG) te odobrenje za povratak od nadle\u017enog njema\u010dkog ureda za zapo\u0161ljavanje. Pravovremenim pribavljanjem ovih dokumenata izbjegavaju se procesne gre\u0161ke i propu\u0161tanje roka za podno\u0161enje zahtjeva za ostvarivanje prava iz Sporazuma.<\/p>\n<p data-start=\"1472\" data-end=\"1658\" data-is-last-node=\"\" data-is-only-node=\"\">Informativni letak AV-5a dostupan je na bosanskom i njema\u010dkom jeziku, zajedno sa svim dodatnim informacijama i linkovima na slu\u017ebenu stranicu Saveznog ureda za zapo\u0161ljavanje SR Njema\u010dke.<\/p>\n<ul>\n<li>Informativni letak AV-5a (\u00a0<a href=\"https:\/\/www.arbeitsagentur.de\/datei\/antrag-ausstellung-eines-av-1_ba050612.pdf\" target=\"_blank\" rel=\"noopener\">https:\/\/www.arbeitsagentur.de\/datei\/antrag-ausstellung-eines-av-1_ba050612.pdf<\/a>\u00a0),<\/li>\n<li>Link:\u00a0<a href=\"https:\/\/www.arbeitsagentur.de\/fuer-menschen-aus-dem-ausland\/rueckkehr-bih-srb-arbeitslosengeld\" target=\"_blank\" rel=\"noopener\">https:\/\/www.arbeitsagentur.de\/fuer-menschen-aus-dem-ausland\/rueckkehr-bih-srb-arbeitslosengeld<\/a><\/li>\n<\/ul>\n","protected":false},"excerpt":{"rendered":"<p>Savezni ured za zapo\u0161ljavanje SR Njema\u010dke (Bundesagentur f\u00fcr Arbeit) objavio je na svojoj web stranici&hellip;<\/p>\n","protected":false},"author":4,"featured_media":81861,"comment_status":"closed","ping_status":"closed","sticky":false,"template":"","format":"standard","meta":{"_acf_changed":false,"footnotes":""},"categories":[291,304],"tags":[706,423,3260,309],"acf":[],"yoast_head":"<!-- This site is optimized with the Yoast SEO plugin v23.5 - https:\/\/yoast.com\/wordpress\/plugins\/seo\/ -->\n<title>Va\u017eno obavje\u0161tenje iz Njema\u010dke za radnike iz BiH i Srbije - TuzlaInfo.ba<\/title>\n<meta name=\"robots\" content=\"index, follow, max-snippet:-1, max-image-preview:large, max-video-preview:-1\" \/>\n<link rel=\"canonical\" href=\"https:\/\/tuzlainfo.ba\/index.php\/bosna-i-hercegovina\/item\/288163-vazno-obavjestenje-iz-njemacke-za-radnike-iz-bih-i-srbije\/\" \/>\n<meta property=\"og:locale\" content=\"bs_BA\" \/>\n<meta property=\"og:type\" content=\"article\" \/>\n<meta property=\"og:title\" content=\"Va\u017eno obavje\u0161tenje iz Njema\u010dke za radnike iz BiH i Srbije - TuzlaInfo.ba\" \/>\n<meta property=\"og:description\" content=\"Savezni ured za zapo\u0161ljavanje SR Njema\u010dke (Bundesagentur f\u00fcr Arbeit) objavio je na svojoj web stranici&hellip;\" \/>\n<meta property=\"og:url\" content=\"https:\/\/tuzlainfo.ba\/index.php\/bosna-i-hercegovina\/item\/288163-vazno-obavjestenje-iz-njemacke-za-radnike-iz-bih-i-srbije\/\" \/>\n<meta property=\"og:site_name\" content=\"TuzlaInfo.ba\" \/>\n<meta property=\"article:publisher\" content=\"https:\/\/www.facebook.com\/tuzlainfo.ba\/\" \/>\n<meta property=\"article:published_time\" content=\"2025-12-03T19:05:54+00:00\" \/>\n<meta property=\"article:modified_time\" content=\"2025-12-03T14:28:09+00:00\" \/>\n<meta property=\"og:image\" content=\"https:\/\/tuzlainfo.ba\/wp-content\/uploads\/2020\/08\/sadrzaj_2020_20200801_1708_radnici.jpg\" \/>\n\t<meta property=\"og:image:width\" content=\"770\" \/>\n\t<meta property=\"og:image:height\" content=\"462\" \/>\n\t<meta property=\"og:image:type\" content=\"image\/jpeg\" \/>\n<meta name=\"author\" content=\"Tuzla Info\" \/>\n<meta name=\"twitter:card\" content=\"summary_large_image\" \/>\n<meta name=\"twitter:label1\" content=\"Written by\" \/>\n\t<meta name=\"twitter:data1\" content=\"Tuzla Info\" \/>\n\t<meta name=\"twitter:label2\" content=\"Est. reading time\" \/>\n\t<meta name=\"twitter:data2\" content=\"2 minute\" \/>\n<script type=\"application\/ld+json\" class=\"yoast-schema-graph\">{\"@context\":\"https:\/\/schema.org\",\"@graph\":[{\"@type\":\"Article\",\"@id\":\"https:\/\/tuzlainfo.ba\/index.php\/bosna-i-hercegovina\/item\/288163-vazno-obavjestenje-iz-njemacke-za-radnike-iz-bih-i-srbije\/#article\",\"isPartOf\":{\"@id\":\"https:\/\/tuzlainfo.ba\/index.php\/bosna-i-hercegovina\/item\/288163-vazno-obavjestenje-iz-njemacke-za-radnike-iz-bih-i-srbije\/\"},\"author\":{\"name\":\"Tuzla Info\",\"@id\":\"https:\/\/tuzlainfo.ba\/#\/schema\/person\/46cad4c57790cbc50781edd14870825a\"},\"headline\":\"Va\u017eno obavje\u0161tenje iz Njema\u010dke za radnike iz BiH i Srbije\",\"datePublished\":\"2025-12-03T19:05:54+00:00\",\"dateModified\":\"2025-12-03T14:28:09+00:00\",\"mainEntityOfPage\":{\"@id\":\"https:\/\/tuzlainfo.ba\/index.php\/bosna-i-hercegovina\/item\/288163-vazno-obavjestenje-iz-njemacke-za-radnike-iz-bih-i-srbije\/\"},\"wordCount\":234,\"publisher\":{\"@id\":\"https:\/\/tuzlainfo.ba\/#organization\"},\"image\":{\"@id\":\"https:\/\/tuzlainfo.ba\/index.php\/bosna-i-hercegovina\/item\/288163-vazno-obavjestenje-iz-njemacke-za-radnike-iz-bih-i-srbije\/#primaryimage\"},\"thumbnailUrl\":\"https:\/\/tuzlainfo.ba\/wp-content\/uploads\/2020\/08\/sadrzaj_2020_20200801_1708_radnici.jpg\",\"keywords\":[\"bih\",\"njema\u010dka\",\"radnici\",\"srbija\"],\"articleSection\":[\"Bosna i Hercegovina\",\"Istaknuto\"],\"inLanguage\":\"bs-BA\"},{\"@type\":\"WebPage\",\"@id\":\"https:\/\/tuzlainfo.ba\/index.php\/bosna-i-hercegovina\/item\/288163-vazno-obavjestenje-iz-njemacke-za-radnike-iz-bih-i-srbije\/\",\"url\":\"https:\/\/tuzlainfo.ba\/index.php\/bosna-i-hercegovina\/item\/288163-vazno-obavjestenje-iz-njemacke-za-radnike-iz-bih-i-srbije\/\",\"name\":\"Va\u017eno obavje\u0161tenje iz Njema\u010dke za radnike iz BiH i Srbije - TuzlaInfo.ba\",\"isPartOf\":{\"@id\":\"https:\/\/tuzlainfo.ba\/#website\"},\"primaryImageOfPage\":{\"@id\":\"https:\/\/tuzlainfo.ba\/index.php\/bosna-i-hercegovina\/item\/288163-vazno-obavjestenje-iz-njemacke-za-radnike-iz-bih-i-srbije\/#primaryimage\"},\"image\":{\"@id\":\"https:\/\/tuzlainfo.ba\/index.php\/bosna-i-hercegovina\/item\/288163-vazno-obavjestenje-iz-njemacke-za-radnike-iz-bih-i-srbije\/#primaryimage\"},\"thumbnailUrl\":\"https:\/\/tuzlainfo.ba\/wp-content\/uploads\/2020\/08\/sadrzaj_2020_20200801_1708_radnici.jpg\",\"datePublished\":\"2025-12-03T19:05:54+00:00\",\"dateModified\":\"2025-12-03T14:28:09+00:00\",\"breadcrumb\":{\"@id\":\"https:\/\/tuzlainfo.ba\/index.php\/bosna-i-hercegovina\/item\/288163-vazno-obavjestenje-iz-njemacke-za-radnike-iz-bih-i-srbije\/#breadcrumb\"},\"inLanguage\":\"bs-BA\",\"potentialAction\":[{\"@type\":\"ReadAction\",\"target\":[\"https:\/\/tuzlainfo.ba\/index.php\/bosna-i-hercegovina\/item\/288163-vazno-obavjestenje-iz-njemacke-za-radnike-iz-bih-i-srbije\/\"]}]},{\"@type\":\"ImageObject\",\"inLanguage\":\"bs-BA\",\"@id\":\"https:\/\/tuzlainfo.ba\/index.php\/bosna-i-hercegovina\/item\/288163-vazno-obavjestenje-iz-njemacke-za-radnike-iz-bih-i-srbije\/#primaryimage\",\"url\":\"https:\/\/tuzlainfo.ba\/wp-content\/uploads\/2020\/08\/sadrzaj_2020_20200801_1708_radnici.jpg\",\"contentUrl\":\"https:\/\/tuzlainfo.ba\/wp-content\/uploads\/2020\/08\/sadrzaj_2020_20200801_1708_radnici.jpg\",\"width\":770,\"height\":462,\"caption\":\"1708 radnici\"},{\"@type\":\"BreadcrumbList\",\"@id\":\"https:\/\/tuzlainfo.ba\/index.php\/bosna-i-hercegovina\/item\/288163-vazno-obavjestenje-iz-njemacke-za-radnike-iz-bih-i-srbije\/#breadcrumb\",\"itemListElement\":[{\"@type\":\"ListItem\",\"position\":1,\"name\":\"Home\",\"item\":\"https:\/\/tuzlainfo.ba\/\"},{\"@type\":\"ListItem\",\"position\":2,\"name\":\"Va\u017eno obavje\u0161tenje iz Njema\u010dke za radnike iz BiH i Srbije\"}]},{\"@type\":\"WebSite\",\"@id\":\"https:\/\/tuzlainfo.ba\/#website\",\"url\":\"https:\/\/tuzlainfo.ba\/\",\"name\":\"TuzlaInfo.ba\",\"description\":\"Tuzla info, gradski informator - Tuzla na dlanu\",\"publisher\":{\"@id\":\"https:\/\/tuzlainfo.ba\/#organization\"},\"potentialAction\":[{\"@type\":\"SearchAction\",\"target\":{\"@type\":\"EntryPoint\",\"urlTemplate\":\"https:\/\/tuzlainfo.ba\/?s={search_term_string}\"},\"query-input\":{\"@type\":\"PropertyValueSpecification\",\"valueRequired\":true,\"valueName\":\"search_term_string\"}}],\"inLanguage\":\"bs-BA\"},{\"@type\":\"Organization\",\"@id\":\"https:\/\/tuzlainfo.ba\/#organization\",\"name\":\"TuzlaInfo.ba\",\"url\":\"https:\/\/tuzlainfo.ba\/\",\"logo\":{\"@type\":\"ImageObject\",\"inLanguage\":\"bs-BA\",\"@id\":\"https:\/\/tuzlainfo.ba\/#\/schema\/logo\/image\/\",\"url\":\"https:\/\/tuzlainfo.ba\/wp-content\/uploads\/2021\/03\/logo-ver-3-1.png\",\"contentUrl\":\"https:\/\/tuzlainfo.ba\/wp-content\/uploads\/2021\/03\/logo-ver-3-1.png\",\"width\":350,\"height\":95,\"caption\":\"TuzlaInfo.ba\"},\"image\":{\"@id\":\"https:\/\/tuzlainfo.ba\/#\/schema\/logo\/image\/\"},\"sameAs\":[\"https:\/\/www.facebook.com\/tuzlainfo.ba\/\"]},{\"@type\":\"Person\",\"@id\":\"https:\/\/tuzlainfo.ba\/#\/schema\/person\/46cad4c57790cbc50781edd14870825a\",\"name\":\"Tuzla Info\",\"image\":{\"@type\":\"ImageObject\",\"inLanguage\":\"bs-BA\",\"@id\":\"https:\/\/tuzlainfo.ba\/#\/schema\/person\/image\/\",\"url\":\"https:\/\/tuzlainfo.ba\/wp-content\/litespeed\/avatar\/b6c453a6c38e3654f2e4416c643fc25c.jpg?ver=1777051911\",\"contentUrl\":\"https:\/\/tuzlainfo.ba\/wp-content\/litespeed\/avatar\/b6c453a6c38e3654f2e4416c643fc25c.jpg?ver=1777051911\",\"caption\":\"Tuzla Info\"}}]}<\/script>\n<!-- \/ Yoast SEO plugin. -->","yoast_head_json":{"title":"Va\u017eno obavje\u0161tenje iz Njema\u010dke za radnike iz BiH i Srbije - TuzlaInfo.ba","robots":{"index":"index","follow":"follow","max-snippet":"max-snippet:-1","max-image-preview":"max-image-preview:large","max-video-preview":"max-video-preview:-1"},"canonical":"https:\/\/tuzlainfo.ba\/index.php\/bosna-i-hercegovina\/item\/288163-vazno-obavjestenje-iz-njemacke-za-radnike-iz-bih-i-srbije\/","og_locale":"bs_BA","og_type":"article","og_title":"Va\u017eno obavje\u0161tenje iz Njema\u010dke za radnike iz BiH i Srbije - TuzlaInfo.ba","og_description":"Savezni ured za zapo\u0161ljavanje SR Njema\u010dke (Bundesagentur f\u00fcr Arbeit) objavio je na svojoj web stranici&hellip;","og_url":"https:\/\/tuzlainfo.ba\/index.php\/bosna-i-hercegovina\/item\/288163-vazno-obavjestenje-iz-njemacke-za-radnike-iz-bih-i-srbije\/","og_site_name":"TuzlaInfo.ba","article_publisher":"https:\/\/www.facebook.com\/tuzlainfo.ba\/","article_published_time":"2025-12-03T19:05:54+00:00","article_modified_time":"2025-12-03T14:28:09+00:00","og_image":[{"width":770,"height":462,"url":"https:\/\/tuzlainfo.ba\/wp-content\/uploads\/2020\/08\/sadrzaj_2020_20200801_1708_radnici.jpg","type":"image\/jpeg"}],"author":"Tuzla Info","twitter_card":"summary_large_image","twitter_misc":{"Written by":"Tuzla Info","Est. reading time":"2 minute"},"schema":{"@context":"https:\/\/schema.org","@graph":[{"@type":"Article","@id":"https:\/\/tuzlainfo.ba\/index.php\/bosna-i-hercegovina\/item\/288163-vazno-obavjestenje-iz-njemacke-za-radnike-iz-bih-i-srbije\/#article","isPartOf":{"@id":"https:\/\/tuzlainfo.ba\/index.php\/bosna-i-hercegovina\/item\/288163-vazno-obavjestenje-iz-njemacke-za-radnike-iz-bih-i-srbije\/"},"author":{"name":"Tuzla Info","@id":"https:\/\/tuzlainfo.ba\/#\/schema\/person\/46cad4c57790cbc50781edd14870825a"},"headline":"Va\u017eno obavje\u0161tenje iz Njema\u010dke za radnike iz BiH i Srbije","datePublished":"2025-12-03T19:05:54+00:00","dateModified":"2025-12-03T14:28:09+00:00","mainEntityOfPage":{"@id":"https:\/\/tuzlainfo.ba\/index.php\/bosna-i-hercegovina\/item\/288163-vazno-obavjestenje-iz-njemacke-za-radnike-iz-bih-i-srbije\/"},"wordCount":234,"publisher":{"@id":"https:\/\/tuzlainfo.ba\/#organization"},"image":{"@id":"https:\/\/tuzlainfo.ba\/index.php\/bosna-i-hercegovina\/item\/288163-vazno-obavjestenje-iz-njemacke-za-radnike-iz-bih-i-srbije\/#primaryimage"},"thumbnailUrl":"https:\/\/tuzlainfo.ba\/wp-content\/uploads\/2020\/08\/sadrzaj_2020_20200801_1708_radnici.jpg","keywords":["bih","njema\u010dka","radnici","srbija"],"articleSection":["Bosna i Hercegovina","Istaknuto"],"inLanguage":"bs-BA"},{"@type":"WebPage","@id":"https:\/\/tuzlainfo.ba\/index.php\/bosna-i-hercegovina\/item\/288163-vazno-obavjestenje-iz-njemacke-za-radnike-iz-bih-i-srbije\/","url":"https:\/\/tuzlainfo.ba\/index.php\/bosna-i-hercegovina\/item\/288163-vazno-obavjestenje-iz-njemacke-za-radnike-iz-bih-i-srbije\/","name":"Va\u017eno obavje\u0161tenje iz Njema\u010dke za radnike iz BiH i Srbije - TuzlaInfo.ba","isPartOf":{"@id":"https:\/\/tuzlainfo.ba\/#website"},"primaryImageOfPage":{"@id":"https:\/\/tuzlainfo.ba\/index.php\/bosna-i-hercegovina\/item\/288163-vazno-obavjestenje-iz-njemacke-za-radnike-iz-bih-i-srbije\/#primaryimage"},"image":{"@id":"https:\/\/tuzlainfo.ba\/index.php\/bosna-i-hercegovina\/item\/288163-vazno-obavjestenje-iz-njemacke-za-radnike-iz-bih-i-srbije\/#primaryimage"},"thumbnailUrl":"https:\/\/tuzlainfo.ba\/wp-content\/uploads\/2020\/08\/sadrzaj_2020_20200801_1708_radnici.jpg","datePublished":"2025-12-03T19:05:54+00:00","dateModified":"2025-12-03T14:28:09+00:00","breadcrumb":{"@id":"https:\/\/tuzlainfo.ba\/index.php\/bosna-i-hercegovina\/item\/288163-vazno-obavjestenje-iz-njemacke-za-radnike-iz-bih-i-srbije\/#breadcrumb"},"inLanguage":"bs-BA","potentialAction":[{"@type":"ReadAction","target":["https:\/\/tuzlainfo.ba\/index.php\/bosna-i-hercegovina\/item\/288163-vazno-obavjestenje-iz-njemacke-za-radnike-iz-bih-i-srbije\/"]}]},{"@type":"ImageObject","inLanguage":"bs-BA","@id":"https:\/\/tuzlainfo.ba\/index.php\/bosna-i-hercegovina\/item\/288163-vazno-obavjestenje-iz-njemacke-za-radnike-iz-bih-i-srbije\/#primaryimage","url":"https:\/\/tuzlainfo.ba\/wp-content\/uploads\/2020\/08\/sadrzaj_2020_20200801_1708_radnici.jpg","contentUrl":"https:\/\/tuzlainfo.ba\/wp-content\/uploads\/2020\/08\/sadrzaj_2020_20200801_1708_radnici.jpg","width":770,"height":462,"caption":"1708 radnici"},{"@type":"BreadcrumbList","@id":"https:\/\/tuzlainfo.ba\/index.php\/bosna-i-hercegovina\/item\/288163-vazno-obavjestenje-iz-njemacke-za-radnike-iz-bih-i-srbije\/#breadcrumb","itemListElement":[{"@type":"ListItem","position":1,"name":"Home","item":"https:\/\/tuzlainfo.ba\/"},{"@type":"ListItem","position":2,"name":"Va\u017eno obavje\u0161tenje iz Njema\u010dke za radnike iz BiH i Srbije"}]},{"@type":"WebSite","@id":"https:\/\/tuzlainfo.ba\/#website","url":"https:\/\/tuzlainfo.ba\/","name":"TuzlaInfo.ba","description":"Tuzla info, gradski informator - Tuzla na dlanu","publisher":{"@id":"https:\/\/tuzlainfo.ba\/#organization"},"potentialAction":[{"@type":"SearchAction","target":{"@type":"EntryPoint","urlTemplate":"https:\/\/tuzlainfo.ba\/?s={search_term_string}"},"query-input":{"@type":"PropertyValueSpecification","valueRequired":true,"valueName":"search_term_string"}}],"inLanguage":"bs-BA"},{"@type":"Organization","@id":"https:\/\/tuzlainfo.ba\/#organization","name":"TuzlaInfo.ba","url":"https:\/\/tuzlainfo.ba\/","logo":{"@type":"ImageObject","inLanguage":"bs-BA","@id":"https:\/\/tuzlainfo.ba\/#\/schema\/logo\/image\/","url":"https:\/\/tuzlainfo.ba\/wp-content\/uploads\/2021\/03\/logo-ver-3-1.png","contentUrl":"https:\/\/tuzlainfo.ba\/wp-content\/uploads\/2021\/03\/logo-ver-3-1.png","width":350,"height":95,"caption":"TuzlaInfo.ba"},"image":{"@id":"https:\/\/tuzlainfo.ba\/#\/schema\/logo\/image\/"},"sameAs":["https:\/\/www.facebook.com\/tuzlainfo.ba\/"]},{"@type":"Person","@id":"https:\/\/tuzlainfo.ba\/#\/schema\/person\/46cad4c57790cbc50781edd14870825a","name":"Tuzla Info","image":{"@type":"ImageObject","inLanguage":"bs-BA","@id":"https:\/\/tuzlainfo.ba\/#\/schema\/person\/image\/","url":"https:\/\/tuzlainfo.ba\/wp-content\/litespeed\/avatar\/b6c453a6c38e3654f2e4416c643fc25c.jpg?ver=1777051911","contentUrl":"https:\/\/tuzlainfo.ba\/wp-content\/litespeed\/avatar\/b6c453a6c38e3654f2e4416c643fc25c.jpg?ver=1777051911","caption":"Tuzla Info"}}]}},"_links":{"self":[{"href":"https:\/\/tuzlainfo.ba\/index.php\/wp-json\/wp\/v2\/posts\/288163"}],"collection":[{"href":"https:\/\/tuzlainfo.ba\/index.php\/wp-json\/wp\/v2\/posts"}],"about":[{"href":"https:\/\/tuzlainfo.ba\/index.php\/wp-json\/wp\/v2\/types\/post"}],"author":[{"embeddable":true,"href":"https:\/\/tuzlainfo.ba\/index.php\/wp-json\/wp\/v2\/users\/4"}],"replies":[{"embeddable":true,"href":"https:\/\/tuzlainfo.ba\/index.php\/wp-json\/wp\/v2\/comments?post=288163"}],"version-history":[{"count":1,"href":"https:\/\/tuzlainfo.ba\/index.php\/wp-json\/wp\/v2\/posts\/288163\/revisions"}],"predecessor-version":[{"id":288166,"href":"https:\/\/tuzlainfo.ba\/index.php\/wp-json\/wp\/v2\/posts\/288163\/revisions\/288166"}],"wp:featuredmedia":[{"embeddable":true,"href":"https:\/\/tuzlainfo.ba\/index.php\/wp-json\/wp\/v2\/media\/81861"}],"wp:attachment":[{"href":"https:\/\/tuzlainfo.ba\/index.php\/wp-json\/wp\/v2\/media?parent=288163"}],"wp:term":[{"taxonomy":"category","embeddable":true,"href":"https:\/\/tuzlainfo.ba\/index.php\/wp-json\/wp\/v2\/categories?post=288163"},{"taxonomy":"post_tag","embeddable":true,"href":"https:\/\/tuzlainfo.ba\/index.php\/wp-json\/wp\/v2\/tags?post=288163"}],"curies":[{"name":"wp","href":"https:\/\/api.w.org\/{rel}","templated":true}]}}