{"id":287978,"date":"2025-12-01T19:10:11","date_gmt":"2025-12-01T18:10:11","guid":{"rendered":"https:\/\/tuzlainfo.ba\/?p=287978"},"modified":"2025-12-01T19:33:06","modified_gmt":"2025-12-01T18:33:06","slug":"izdvojen-novac-za-projekte-vodosnabdijevanja-i-poljoprivrede-u-teocaku-i-srebreniku","status":"publish","type":"post","link":"https:\/\/tuzlainfo.ba\/index.php\/novosti\/item\/287978-izdvojen-novac-za-projekte-vodosnabdijevanja-i-poljoprivrede-u-teocaku-i-srebreniku\/","title":{"rendered":"Izdvojen novac za projekte vodosnabdijevanja i poljoprivrede u Teo\u010daku i Srebreniku"},"content":{"rendered":"<p>Ministar poljoprivrede, \u0161umarstva i vodoprivrede Tuzlanskog kantona Fedahija Ahmetovi\u0107 potpisao je danas sa gradona\u010delnikom Srebrenika Adnanom Bijeli\u0107em i na\u010delnikom Op\u0107ine Teo\u010dak Tajibom Muminovi\u0107em ugovore o finansiranju projekata na podru\u010djima ove dvije lokalne zajednice.<\/p>\n<p>Naglasiv\u0161i da se radi o dva izvora finansiranja, ministar Ahmetovi\u0107 je precizirao detalje tri ugovora \u010dija je ukupna vrijednosti 594.000 KM.<\/p>\n<p>\u201eJedan se finansira iz sredstava od promjene namjene poljoprivrednog zemlji\u0161ta a druga dva iz vodnih naknada. Za Grad Srebrenik namijenjeno je 80.000 KM za ure\u0111enje poljoprivrednog zemlji\u0161ta povr\u0161ine 18,2 hektara. Ovim \u0107e Srebrenik dobiti nove poljoprivredne povr\u0161ine koje \u0107e biti ure\u0111ene i koje \u0107e biti spremne za poljoprivrednu proizvodnju\u201c, kazao je ovom prilikom resorni ministar Ahmetovi\u0107.<\/p>\n<p>Projekat ure\u0111enja poljoprivrednog zemlji\u0161ta na podru\u010dju Cerika i \u0160pionica Srednja obuhvata dio poljoprivrednog zemlji\u0161ta u dr\u017eavnom vlasni\u0161tvu u povr\u0161ini 18,2 ha. Pored ure\u0111enja zemlji\u0161ta koje predvi\u0111a ma\u0161insko i ru\u010dno kr\u010denje stabala, niskog i srednje visokog rastinja, uklanjanje panjeva, korijenja i ostalog otpada, planirano je i \u010di\u0161\u0107enje i ure\u0111enje odvodnog kanala u du\u017eini 1000 m te ure\u0111enje pristupnog puta u du\u017eini 285 m. Nakon toga bit \u0107e izvedena osnovna i dopunska obrada (duboko oranje, drljanje i \u0111ubrenje).<\/p>\n<p>\u201eTu su radovi ve\u0107 u toku i ja se nadam da \u0107emo ve\u0107 narede godine mo\u0107i to rekultivisano poljoprivredno zemlji\u0161te da stavimo na raspolaganje na\u0161im poljoprivrednicima. Mogu kazati da iz godine u godinu imamo i mladih poljoprivrednika i evo prilike da dobiju jedno ure\u0111eno zemlji\u0161te i ostanu da \u017eive u Srebreniku i Bosni i Hercegovini i privre\u0111uju na svojoj zemlji. Drugi ugovor se odnosi na sredstva iz vodnih naknada. Tu smo dobili sredstva za projekat Rekonstrukcija i dogradnja dijela fekalne kanalizacije u MZ Babunovi\u0107i, 80.000 KM od Ministarstva gdje smo i mi udru\u017eili otprilike isti iznos. Mislim da \u0107e radovi krenuti do kraja ove godine\u201c, rekao je gradona\u010delnik Bijeli\u0107 poja\u0161njavaju\u0107i da \u0107e se rekonstrukcijom dijela kanalizacione mre\u017ee, otpadne vode iz ove mjesne zajednice pripojiti na gradsku kanalizaciju spojenu na ure\u0111aj za pre\u010di\u0161\u0107avanje otpadnih voda. Projektom je obuhva\u0107eno cca 20 doma\u0107instava.<\/p>\n<p>\u201eTre\u0107im projektom, va\u017enim za op\u0107inu Teo\u010dak, u iznosu od oko 362.000 KM predvi\u0111ena je izgradnja rezervoara zapremine od oko 300 kubnih metara\u201c, rekao je ministar Ahmetovi\u0107.<\/p>\n<p>\u201eTim bazenom, rekonstrukcijom i dogradnjom vodovoda mi \u0107emo unaprijediti vodosnabdijevanje op\u0107ine Teo\u010dak, prije svega stvaranjem ve\u0107ih koli\u010dina vode za jo\u0161 300 m3. Postoje\u0107i sistem je specifi\u010dan jer se zasniva na preradi i ispumpavanju vode na vi\u0161e zone, tako da \u0107emo ovim bazenom jedan dio op\u0107ine Teo\u010dak, naselje Snije\u017enica a u budu\u0107nosti i naselje Omerovi\u0107 i Jasikovac snabdijevati iz ovog bazena \u010dime \u0107emo imati znatne u\u0161tede na utro\u0161ku elektri\u010dne energije\u201c, kazao je na\u010delnik Muminovi\u0107.<\/p>\n<p>Jedan od prioriteta Vlade Tuzlanskog kantona, prema rije\u010dima ministra Ahmetovi\u0107a, je unapre\u0111enje vodosnabdijevanja na podru\u010dju TK te da sredstva iz vodnih naknada na godi\u0161njem nivou, uz preneseni dio, iznose vi\u0161e od 13 miliona KM \u0161to zajedno sa ulaganjima lokalnih zajednica mo\u017ee doprinijeti boljem kvalitetu \u017eivota svih gra\u0111ana Tuzlanskog kantona.<\/p>\n","protected":false},"excerpt":{"rendered":"<p>Ministar poljoprivrede, \u0161umarstva i vodoprivrede Tuzlanskog kantona Fedahija Ahmetovi\u0107 potpisao je danas sa gradona\u010delnikom Srebrenika&hellip;<\/p>\n","protected":false},"author":4,"featured_media":78616,"comment_status":"closed","ping_status":"closed","sticky":false,"template":"","format":"standard","meta":{"_acf_changed":false,"footnotes":""},"categories":[12,1],"tags":[635,5390],"acf":[],"yoast_head":"<!-- This site is optimized with the Yoast SEO plugin v23.5 - https:\/\/yoast.com\/wordpress\/plugins\/seo\/ -->\n<title>Izdvojen novac za projekte vodosnabdijevanja i poljoprivrede u Teo\u010daku i Srebreniku - TuzlaInfo.ba<\/title>\n<meta name=\"robots\" content=\"index, follow, max-snippet:-1, max-image-preview:large, max-video-preview:-1\" \/>\n<link rel=\"canonical\" href=\"https:\/\/tuzlainfo.ba\/index.php\/uncategorized\/item\/287978-izdvojen-novac-za-projekte-vodosnabdijevanja-i-poljoprivrede-u-teocaku-i-srebreniku\/\" \/>\n<meta property=\"og:locale\" content=\"bs_BA\" \/>\n<meta property=\"og:type\" content=\"article\" \/>\n<meta property=\"og:title\" content=\"Izdvojen novac za projekte vodosnabdijevanja i poljoprivrede u Teo\u010daku i Srebreniku - TuzlaInfo.ba\" \/>\n<meta property=\"og:description\" content=\"Ministar poljoprivrede, \u0161umarstva i vodoprivrede Tuzlanskog kantona Fedahija Ahmetovi\u0107 potpisao je danas sa gradona\u010delnikom Srebrenika&hellip;\" \/>\n<meta property=\"og:url\" content=\"https:\/\/tuzlainfo.ba\/index.php\/uncategorized\/item\/287978-izdvojen-novac-za-projekte-vodosnabdijevanja-i-poljoprivrede-u-teocaku-i-srebreniku\/\" \/>\n<meta property=\"og:site_name\" content=\"TuzlaInfo.ba\" \/>\n<meta property=\"article:publisher\" content=\"https:\/\/www.facebook.com\/tuzlainfo.ba\/\" \/>\n<meta property=\"article:published_time\" content=\"2025-12-01T18:10:11+00:00\" \/>\n<meta property=\"article:modified_time\" content=\"2025-12-01T18:33:06+00:00\" \/>\n<meta property=\"og:image\" content=\"https:\/\/tuzlainfo.ba\/wp-content\/uploads\/2020\/04\/sadrzaj_2020_20200401_1504_novac.jpg\" \/>\n\t<meta property=\"og:image:width\" content=\"770\" \/>\n\t<meta property=\"og:image:height\" content=\"442\" \/>\n\t<meta property=\"og:image:type\" content=\"image\/jpeg\" \/>\n<meta name=\"author\" content=\"Tuzla Info\" \/>\n<meta name=\"twitter:card\" content=\"summary_large_image\" \/>\n<meta name=\"twitter:label1\" content=\"Written by\" \/>\n\t<meta name=\"twitter:data1\" content=\"Tuzla Info\" \/>\n\t<meta name=\"twitter:label2\" content=\"Est. reading time\" \/>\n\t<meta name=\"twitter:data2\" content=\"3 minute\" \/>\n<script type=\"application\/ld+json\" class=\"yoast-schema-graph\">{\"@context\":\"https:\/\/schema.org\",\"@graph\":[{\"@type\":\"Article\",\"@id\":\"https:\/\/tuzlainfo.ba\/index.php\/uncategorized\/item\/287978-izdvojen-novac-za-projekte-vodosnabdijevanja-i-poljoprivrede-u-teocaku-i-srebreniku\/#article\",\"isPartOf\":{\"@id\":\"https:\/\/tuzlainfo.ba\/index.php\/uncategorized\/item\/287978-izdvojen-novac-za-projekte-vodosnabdijevanja-i-poljoprivrede-u-teocaku-i-srebreniku\/\"},\"author\":{\"name\":\"Tuzla Info\",\"@id\":\"https:\/\/tuzlainfo.ba\/#\/schema\/person\/46cad4c57790cbc50781edd14870825a\"},\"headline\":\"Izdvojen novac za projekte vodosnabdijevanja i poljoprivrede u Teo\u010daku i Srebreniku\",\"datePublished\":\"2025-12-01T18:10:11+00:00\",\"dateModified\":\"2025-12-01T18:33:06+00:00\",\"mainEntityOfPage\":{\"@id\":\"https:\/\/tuzlainfo.ba\/index.php\/uncategorized\/item\/287978-izdvojen-novac-za-projekte-vodosnabdijevanja-i-poljoprivrede-u-teocaku-i-srebreniku\/\"},\"wordCount\":551,\"publisher\":{\"@id\":\"https:\/\/tuzlainfo.ba\/#organization\"},\"image\":{\"@id\":\"https:\/\/tuzlainfo.ba\/index.php\/uncategorized\/item\/287978-izdvojen-novac-za-projekte-vodosnabdijevanja-i-poljoprivrede-u-teocaku-i-srebreniku\/#primaryimage\"},\"thumbnailUrl\":\"https:\/\/tuzlainfo.ba\/wp-content\/uploads\/2020\/04\/sadrzaj_2020_20200401_1504_novac.jpg\",\"keywords\":[\"poljoprivreda\",\"vodoprivreda\"],\"articleSection\":[\"Novosti\",\"Uncategorized\"],\"inLanguage\":\"bs-BA\"},{\"@type\":\"WebPage\",\"@id\":\"https:\/\/tuzlainfo.ba\/index.php\/uncategorized\/item\/287978-izdvojen-novac-za-projekte-vodosnabdijevanja-i-poljoprivrede-u-teocaku-i-srebreniku\/\",\"url\":\"https:\/\/tuzlainfo.ba\/index.php\/uncategorized\/item\/287978-izdvojen-novac-za-projekte-vodosnabdijevanja-i-poljoprivrede-u-teocaku-i-srebreniku\/\",\"name\":\"Izdvojen novac za projekte vodosnabdijevanja i poljoprivrede u Teo\u010daku i Srebreniku - TuzlaInfo.ba\",\"isPartOf\":{\"@id\":\"https:\/\/tuzlainfo.ba\/#website\"},\"primaryImageOfPage\":{\"@id\":\"https:\/\/tuzlainfo.ba\/index.php\/uncategorized\/item\/287978-izdvojen-novac-za-projekte-vodosnabdijevanja-i-poljoprivrede-u-teocaku-i-srebreniku\/#primaryimage\"},\"image\":{\"@id\":\"https:\/\/tuzlainfo.ba\/index.php\/uncategorized\/item\/287978-izdvojen-novac-za-projekte-vodosnabdijevanja-i-poljoprivrede-u-teocaku-i-srebreniku\/#primaryimage\"},\"thumbnailUrl\":\"https:\/\/tuzlainfo.ba\/wp-content\/uploads\/2020\/04\/sadrzaj_2020_20200401_1504_novac.jpg\",\"datePublished\":\"2025-12-01T18:10:11+00:00\",\"dateModified\":\"2025-12-01T18:33:06+00:00\",\"breadcrumb\":{\"@id\":\"https:\/\/tuzlainfo.ba\/index.php\/uncategorized\/item\/287978-izdvojen-novac-za-projekte-vodosnabdijevanja-i-poljoprivrede-u-teocaku-i-srebreniku\/#breadcrumb\"},\"inLanguage\":\"bs-BA\",\"potentialAction\":[{\"@type\":\"ReadAction\",\"target\":[\"https:\/\/tuzlainfo.ba\/index.php\/uncategorized\/item\/287978-izdvojen-novac-za-projekte-vodosnabdijevanja-i-poljoprivrede-u-teocaku-i-srebreniku\/\"]}]},{\"@type\":\"ImageObject\",\"inLanguage\":\"bs-BA\",\"@id\":\"https:\/\/tuzlainfo.ba\/index.php\/uncategorized\/item\/287978-izdvojen-novac-za-projekte-vodosnabdijevanja-i-poljoprivrede-u-teocaku-i-srebreniku\/#primaryimage\",\"url\":\"https:\/\/tuzlainfo.ba\/wp-content\/uploads\/2020\/04\/sadrzaj_2020_20200401_1504_novac.jpg\",\"contentUrl\":\"https:\/\/tuzlainfo.ba\/wp-content\/uploads\/2020\/04\/sadrzaj_2020_20200401_1504_novac.jpg\",\"width\":770,\"height\":442,\"caption\":\"1504 novac\"},{\"@type\":\"BreadcrumbList\",\"@id\":\"https:\/\/tuzlainfo.ba\/index.php\/uncategorized\/item\/287978-izdvojen-novac-za-projekte-vodosnabdijevanja-i-poljoprivrede-u-teocaku-i-srebreniku\/#breadcrumb\",\"itemListElement\":[{\"@type\":\"ListItem\",\"position\":1,\"name\":\"Home\",\"item\":\"https:\/\/tuzlainfo.ba\/\"},{\"@type\":\"ListItem\",\"position\":2,\"name\":\"Izdvojen novac za projekte vodosnabdijevanja i poljoprivrede u Teo\u010daku i Srebreniku\"}]},{\"@type\":\"WebSite\",\"@id\":\"https:\/\/tuzlainfo.ba\/#website\",\"url\":\"https:\/\/tuzlainfo.ba\/\",\"name\":\"TuzlaInfo.ba\",\"description\":\"Tuzla info, gradski informator - Tuzla na dlanu\",\"publisher\":{\"@id\":\"https:\/\/tuzlainfo.ba\/#organization\"},\"potentialAction\":[{\"@type\":\"SearchAction\",\"target\":{\"@type\":\"EntryPoint\",\"urlTemplate\":\"https:\/\/tuzlainfo.ba\/?s={search_term_string}\"},\"query-input\":{\"@type\":\"PropertyValueSpecification\",\"valueRequired\":true,\"valueName\":\"search_term_string\"}}],\"inLanguage\":\"bs-BA\"},{\"@type\":\"Organization\",\"@id\":\"https:\/\/tuzlainfo.ba\/#organization\",\"name\":\"TuzlaInfo.ba\",\"url\":\"https:\/\/tuzlainfo.ba\/\",\"logo\":{\"@type\":\"ImageObject\",\"inLanguage\":\"bs-BA\",\"@id\":\"https:\/\/tuzlainfo.ba\/#\/schema\/logo\/image\/\",\"url\":\"https:\/\/tuzlainfo.ba\/wp-content\/uploads\/2021\/03\/logo-ver-3-1.png\",\"contentUrl\":\"https:\/\/tuzlainfo.ba\/wp-content\/uploads\/2021\/03\/logo-ver-3-1.png\",\"width\":350,\"height\":95,\"caption\":\"TuzlaInfo.ba\"},\"image\":{\"@id\":\"https:\/\/tuzlainfo.ba\/#\/schema\/logo\/image\/\"},\"sameAs\":[\"https:\/\/www.facebook.com\/tuzlainfo.ba\/\"]},{\"@type\":\"Person\",\"@id\":\"https:\/\/tuzlainfo.ba\/#\/schema\/person\/46cad4c57790cbc50781edd14870825a\",\"name\":\"Tuzla Info\",\"image\":{\"@type\":\"ImageObject\",\"inLanguage\":\"bs-BA\",\"@id\":\"https:\/\/tuzlainfo.ba\/#\/schema\/person\/image\/\",\"url\":\"https:\/\/tuzlainfo.ba\/wp-content\/litespeed\/avatar\/b6c453a6c38e3654f2e4416c643fc25c.jpg?ver=1777656712\",\"contentUrl\":\"https:\/\/tuzlainfo.ba\/wp-content\/litespeed\/avatar\/b6c453a6c38e3654f2e4416c643fc25c.jpg?ver=1777656712\",\"caption\":\"Tuzla Info\"}}]}<\/script>\n<!-- \/ Yoast SEO plugin. -->","yoast_head_json":{"title":"Izdvojen novac za projekte vodosnabdijevanja i poljoprivrede u Teo\u010daku i Srebreniku - TuzlaInfo.ba","robots":{"index":"index","follow":"follow","max-snippet":"max-snippet:-1","max-image-preview":"max-image-preview:large","max-video-preview":"max-video-preview:-1"},"canonical":"https:\/\/tuzlainfo.ba\/index.php\/uncategorized\/item\/287978-izdvojen-novac-za-projekte-vodosnabdijevanja-i-poljoprivrede-u-teocaku-i-srebreniku\/","og_locale":"bs_BA","og_type":"article","og_title":"Izdvojen novac za projekte vodosnabdijevanja i poljoprivrede u Teo\u010daku i Srebreniku - TuzlaInfo.ba","og_description":"Ministar poljoprivrede, \u0161umarstva i vodoprivrede Tuzlanskog kantona Fedahija Ahmetovi\u0107 potpisao je danas sa gradona\u010delnikom Srebrenika&hellip;","og_url":"https:\/\/tuzlainfo.ba\/index.php\/uncategorized\/item\/287978-izdvojen-novac-za-projekte-vodosnabdijevanja-i-poljoprivrede-u-teocaku-i-srebreniku\/","og_site_name":"TuzlaInfo.ba","article_publisher":"https:\/\/www.facebook.com\/tuzlainfo.ba\/","article_published_time":"2025-12-01T18:10:11+00:00","article_modified_time":"2025-12-01T18:33:06+00:00","og_image":[{"width":770,"height":442,"url":"https:\/\/tuzlainfo.ba\/wp-content\/uploads\/2020\/04\/sadrzaj_2020_20200401_1504_novac.jpg","type":"image\/jpeg"}],"author":"Tuzla Info","twitter_card":"summary_large_image","twitter_misc":{"Written by":"Tuzla Info","Est. reading time":"3 minute"},"schema":{"@context":"https:\/\/schema.org","@graph":[{"@type":"Article","@id":"https:\/\/tuzlainfo.ba\/index.php\/uncategorized\/item\/287978-izdvojen-novac-za-projekte-vodosnabdijevanja-i-poljoprivrede-u-teocaku-i-srebreniku\/#article","isPartOf":{"@id":"https:\/\/tuzlainfo.ba\/index.php\/uncategorized\/item\/287978-izdvojen-novac-za-projekte-vodosnabdijevanja-i-poljoprivrede-u-teocaku-i-srebreniku\/"},"author":{"name":"Tuzla Info","@id":"https:\/\/tuzlainfo.ba\/#\/schema\/person\/46cad4c57790cbc50781edd14870825a"},"headline":"Izdvojen novac za projekte vodosnabdijevanja i poljoprivrede u Teo\u010daku i Srebreniku","datePublished":"2025-12-01T18:10:11+00:00","dateModified":"2025-12-01T18:33:06+00:00","mainEntityOfPage":{"@id":"https:\/\/tuzlainfo.ba\/index.php\/uncategorized\/item\/287978-izdvojen-novac-za-projekte-vodosnabdijevanja-i-poljoprivrede-u-teocaku-i-srebreniku\/"},"wordCount":551,"publisher":{"@id":"https:\/\/tuzlainfo.ba\/#organization"},"image":{"@id":"https:\/\/tuzlainfo.ba\/index.php\/uncategorized\/item\/287978-izdvojen-novac-za-projekte-vodosnabdijevanja-i-poljoprivrede-u-teocaku-i-srebreniku\/#primaryimage"},"thumbnailUrl":"https:\/\/tuzlainfo.ba\/wp-content\/uploads\/2020\/04\/sadrzaj_2020_20200401_1504_novac.jpg","keywords":["poljoprivreda","vodoprivreda"],"articleSection":["Novosti","Uncategorized"],"inLanguage":"bs-BA"},{"@type":"WebPage","@id":"https:\/\/tuzlainfo.ba\/index.php\/uncategorized\/item\/287978-izdvojen-novac-za-projekte-vodosnabdijevanja-i-poljoprivrede-u-teocaku-i-srebreniku\/","url":"https:\/\/tuzlainfo.ba\/index.php\/uncategorized\/item\/287978-izdvojen-novac-za-projekte-vodosnabdijevanja-i-poljoprivrede-u-teocaku-i-srebreniku\/","name":"Izdvojen novac za projekte vodosnabdijevanja i poljoprivrede u Teo\u010daku i Srebreniku - TuzlaInfo.ba","isPartOf":{"@id":"https:\/\/tuzlainfo.ba\/#website"},"primaryImageOfPage":{"@id":"https:\/\/tuzlainfo.ba\/index.php\/uncategorized\/item\/287978-izdvojen-novac-za-projekte-vodosnabdijevanja-i-poljoprivrede-u-teocaku-i-srebreniku\/#primaryimage"},"image":{"@id":"https:\/\/tuzlainfo.ba\/index.php\/uncategorized\/item\/287978-izdvojen-novac-za-projekte-vodosnabdijevanja-i-poljoprivrede-u-teocaku-i-srebreniku\/#primaryimage"},"thumbnailUrl":"https:\/\/tuzlainfo.ba\/wp-content\/uploads\/2020\/04\/sadrzaj_2020_20200401_1504_novac.jpg","datePublished":"2025-12-01T18:10:11+00:00","dateModified":"2025-12-01T18:33:06+00:00","breadcrumb":{"@id":"https:\/\/tuzlainfo.ba\/index.php\/uncategorized\/item\/287978-izdvojen-novac-za-projekte-vodosnabdijevanja-i-poljoprivrede-u-teocaku-i-srebreniku\/#breadcrumb"},"inLanguage":"bs-BA","potentialAction":[{"@type":"ReadAction","target":["https:\/\/tuzlainfo.ba\/index.php\/uncategorized\/item\/287978-izdvojen-novac-za-projekte-vodosnabdijevanja-i-poljoprivrede-u-teocaku-i-srebreniku\/"]}]},{"@type":"ImageObject","inLanguage":"bs-BA","@id":"https:\/\/tuzlainfo.ba\/index.php\/uncategorized\/item\/287978-izdvojen-novac-za-projekte-vodosnabdijevanja-i-poljoprivrede-u-teocaku-i-srebreniku\/#primaryimage","url":"https:\/\/tuzlainfo.ba\/wp-content\/uploads\/2020\/04\/sadrzaj_2020_20200401_1504_novac.jpg","contentUrl":"https:\/\/tuzlainfo.ba\/wp-content\/uploads\/2020\/04\/sadrzaj_2020_20200401_1504_novac.jpg","width":770,"height":442,"caption":"1504 novac"},{"@type":"BreadcrumbList","@id":"https:\/\/tuzlainfo.ba\/index.php\/uncategorized\/item\/287978-izdvojen-novac-za-projekte-vodosnabdijevanja-i-poljoprivrede-u-teocaku-i-srebreniku\/#breadcrumb","itemListElement":[{"@type":"ListItem","position":1,"name":"Home","item":"https:\/\/tuzlainfo.ba\/"},{"@type":"ListItem","position":2,"name":"Izdvojen novac za projekte vodosnabdijevanja i poljoprivrede u Teo\u010daku i Srebreniku"}]},{"@type":"WebSite","@id":"https:\/\/tuzlainfo.ba\/#website","url":"https:\/\/tuzlainfo.ba\/","name":"TuzlaInfo.ba","description":"Tuzla info, gradski informator - Tuzla na dlanu","publisher":{"@id":"https:\/\/tuzlainfo.ba\/#organization"},"potentialAction":[{"@type":"SearchAction","target":{"@type":"EntryPoint","urlTemplate":"https:\/\/tuzlainfo.ba\/?s={search_term_string}"},"query-input":{"@type":"PropertyValueSpecification","valueRequired":true,"valueName":"search_term_string"}}],"inLanguage":"bs-BA"},{"@type":"Organization","@id":"https:\/\/tuzlainfo.ba\/#organization","name":"TuzlaInfo.ba","url":"https:\/\/tuzlainfo.ba\/","logo":{"@type":"ImageObject","inLanguage":"bs-BA","@id":"https:\/\/tuzlainfo.ba\/#\/schema\/logo\/image\/","url":"https:\/\/tuzlainfo.ba\/wp-content\/uploads\/2021\/03\/logo-ver-3-1.png","contentUrl":"https:\/\/tuzlainfo.ba\/wp-content\/uploads\/2021\/03\/logo-ver-3-1.png","width":350,"height":95,"caption":"TuzlaInfo.ba"},"image":{"@id":"https:\/\/tuzlainfo.ba\/#\/schema\/logo\/image\/"},"sameAs":["https:\/\/www.facebook.com\/tuzlainfo.ba\/"]},{"@type":"Person","@id":"https:\/\/tuzlainfo.ba\/#\/schema\/person\/46cad4c57790cbc50781edd14870825a","name":"Tuzla Info","image":{"@type":"ImageObject","inLanguage":"bs-BA","@id":"https:\/\/tuzlainfo.ba\/#\/schema\/person\/image\/","url":"https:\/\/tuzlainfo.ba\/wp-content\/litespeed\/avatar\/b6c453a6c38e3654f2e4416c643fc25c.jpg?ver=1777656712","contentUrl":"https:\/\/tuzlainfo.ba\/wp-content\/litespeed\/avatar\/b6c453a6c38e3654f2e4416c643fc25c.jpg?ver=1777656712","caption":"Tuzla Info"}}]}},"_links":{"self":[{"href":"https:\/\/tuzlainfo.ba\/index.php\/wp-json\/wp\/v2\/posts\/287978"}],"collection":[{"href":"https:\/\/tuzlainfo.ba\/index.php\/wp-json\/wp\/v2\/posts"}],"about":[{"href":"https:\/\/tuzlainfo.ba\/index.php\/wp-json\/wp\/v2\/types\/post"}],"author":[{"embeddable":true,"href":"https:\/\/tuzlainfo.ba\/index.php\/wp-json\/wp\/v2\/users\/4"}],"replies":[{"embeddable":true,"href":"https:\/\/tuzlainfo.ba\/index.php\/wp-json\/wp\/v2\/comments?post=287978"}],"version-history":[{"count":2,"href":"https:\/\/tuzlainfo.ba\/index.php\/wp-json\/wp\/v2\/posts\/287978\/revisions"}],"predecessor-version":[{"id":287986,"href":"https:\/\/tuzlainfo.ba\/index.php\/wp-json\/wp\/v2\/posts\/287978\/revisions\/287986"}],"wp:featuredmedia":[{"embeddable":true,"href":"https:\/\/tuzlainfo.ba\/index.php\/wp-json\/wp\/v2\/media\/78616"}],"wp:attachment":[{"href":"https:\/\/tuzlainfo.ba\/index.php\/wp-json\/wp\/v2\/media?parent=287978"}],"wp:term":[{"taxonomy":"category","embeddable":true,"href":"https:\/\/tuzlainfo.ba\/index.php\/wp-json\/wp\/v2\/categories?post=287978"},{"taxonomy":"post_tag","embeddable":true,"href":"https:\/\/tuzlainfo.ba\/index.php\/wp-json\/wp\/v2\/tags?post=287978"}],"curies":[{"name":"wp","href":"https:\/\/api.w.org\/{rel}","templated":true}]}}