{"id":287907,"date":"2025-12-01T11:07:31","date_gmt":"2025-12-01T10:07:31","guid":{"rendered":"https:\/\/tuzlainfo.ba\/?p=287907"},"modified":"2025-12-01T09:19:59","modified_gmt":"2025-12-01T08:19:59","slug":"tkt-fest-donosi-vrhunske-predstave-u-tuzlu","status":"publish","type":"post","link":"https:\/\/tuzlainfo.ba\/index.php\/novosti\/item\/287907-tkt-fest-donosi-vrhunske-predstave-u-tuzlu\/","title":{"rendered":"TKT Fest donosi vrhunske predstave u Tuzlu"},"content":{"rendered":"<p data-start=\"81\" data-end=\"410\">Teatar kabare Tuzla ove godine organizuje XXIII izdanje me\u0111unarodnog festivala akademskog teatra \u2013 TKT Festa, manifestacije koja ve\u0107 dvije decenije okuplja renomirane umjetnike i ljubitelje pozori\u0161ta. Festival donosi niz nagra\u0111ivanih predstava, bogat repertoar i posebnu festivalsku atmosferu na Kamernoj sceni Doma mladih Tuzla.<\/p>\n<p data-start=\"412\" data-end=\"605\">Ovogodi\u0161nje izdanje donosi i novitet: prvi <strong data-start=\"455\" data-end=\"469\">TKT Festi\u0107<\/strong>, program namijenjen najmla\u0111oj publici, sa edukativnim i ma\u0161tovitim predstavama koje djeci otvaraju vrata u svijet pozori\u0161ne umjetnosti.<\/p>\n<p data-start=\"607\" data-end=\"941\">Organizatori isti\u010du da publiku o\u010dekuje intiman prostor u kojem svaka emocija dolazi do izra\u017eaja, a povezanost izme\u0111u izvo\u0111a\u010da i gledalaca postaje posebno sna\u017ena. Festival i ove godine podr\u017eavaju Grad Tuzla, Ministarstvo za kulturu, sport i mlade TK, kompanija Leftor kao sponzor, te Centar za kulturu Tuzla kao partnerska institucija.<\/p>\n<p data-start=\"943\" data-end=\"1137\">Ulaznice za sve predstave mogu se nabaviti putem platforme <strong data-start=\"1002\" data-end=\"1018\">kupikartu.ba<\/strong> ili na prodajnom mjestu <strong data-start=\"1043\" data-end=\"1065\">CD Shop Mido Tuzla<\/strong>. Dodatne informacije dostupne su na slu\u017ebenoj Facebook stranici teatra.<\/p>\n<p data-start=\"1139\" data-end=\"1293\">Tokom festivala bit \u0107e kreirana i TV hronika sa osvrtima na svaki festivalski dan, a publika \u0107e ocjenama od 1 do 5 birati pobjednika ovogodi\u0161njeg izdanja.<\/p>\n<h3 data-start=\"1295\" data-end=\"1334\"><strong data-start=\"1299\" data-end=\"1334\">Sve\u010dano otvaranje 23. TKT Festa<\/strong><\/h3>\n<p data-start=\"1336\" data-end=\"1686\">Festival \u0107e biti otvoren u petak, <strong data-start=\"1370\" data-end=\"1398\">5. decembra 2025. godine<\/strong>, predstavom <strong data-start=\"1411\" data-end=\"1436\">\u201eLijevo Desno glumac\u201c<\/strong> u izvedbi istaknutog glumca Zijaha A. Sokolovi\u0107a. Predstava, izvedena u njegovom prepoznatljivom duhovitom i kabaretskom stilu, obilje\u017eava i 50 godina umjetni\u010dkog rada tokom kojih je nagra\u0111en sa 92 umjetni\u010dke nagrade i \u0161est nagrada za \u017eivotno djelo.<\/p>\n<h3 data-start=\"1688\" data-end=\"1720\"><strong data-start=\"1692\" data-end=\"1720\">Repertoar TKT Festa 2025<\/strong><\/h3>\n<p data-start=\"1722\" data-end=\"1883\"><strong data-start=\"1722\" data-end=\"1753\">6.12.2025 \/ 20:00 \u2013 \u201eMaske\u201c<\/strong><br data-start=\"1753\" data-end=\"1756\" \/>Autorski projekat: Dra\u017een \u0160ivak<br data-start=\"1787\" data-end=\"1790\" \/>Koprodukcija: Kazali\u0161te Grupa, Dubrova\u010dke ljetne igre, Scena Ribnjak i Teatar EXIT (Hrvatska)<\/p>\n<p data-start=\"1885\" data-end=\"2014\"><strong data-start=\"1885\" data-end=\"1921\">7.12.2025 \/ 20:00 \u2013 \u201eJa, Medeja\u201c<\/strong><br data-start=\"1921\" data-end=\"1924\" \/>Re\u017eija: Damir Altumbabi\u0107<br data-start=\"1948\" data-end=\"1951\" \/>Produkcija: Teatar kabare Tuzla i Centar za kulturu Tuzla (BiH)<\/p>\n<p data-start=\"2016\" data-end=\"2164\"><strong data-start=\"2016\" data-end=\"2054\">9.12.2025 \/ 20:00 \u2013 \u201eMoj HAKAWATI\u201c<\/strong><br data-start=\"2054\" data-end=\"2057\" \/>Koncept i gluma: Tarik Bajramovi\u0107<br data-start=\"2090\" data-end=\"2093\" \/>Re\u017eija: Mateja Bizjak Petit<br data-start=\"2120\" data-end=\"2123\" \/>Produkcija: Pozori\u0161te lutaka Mostar (BiH)<\/p>\n<p data-start=\"2166\" data-end=\"2280\"><strong data-start=\"2166\" data-end=\"2201\">10.12.2025 \/ 20:00 \u2013 \u201eRealisti\u201c<\/strong><br data-start=\"2201\" data-end=\"2204\" \/>Autor: Jure Karas<br data-start=\"2221\" data-end=\"2224\" \/>Re\u017eija: Matko Ragu\u017e<br data-start=\"2243\" data-end=\"2246\" \/>Produkcija: Teatar EXIT (Hrvatska)<\/p>\n<h3 data-start=\"2287\" data-end=\"2324\"><strong data-start=\"2291\" data-end=\"2324\">TKT Festi\u0107 \u2013 program za djecu<\/strong><\/h3>\n<p data-start=\"2326\" data-end=\"2436\"><strong data-start=\"2326\" data-end=\"2363\">8.12.2025 \/ 18:00 \u2013 \u201eSaobra\u0107ajko\u201c<\/strong><br data-start=\"2363\" data-end=\"2366\" \/>Uzrast: 3+<br data-start=\"2376\" data-end=\"2379\" \/>Produkcija: Teatar kabare Tuzla i Centar za kulturu Tuzla<\/p>\n<p data-start=\"2438\" data-end=\"2530\"><strong data-start=\"2438\" data-end=\"2479\">9.12.2025 \/ 18:00 \u2013 \u201eMa\u010dak u \u010dizmama\u201c<\/strong><br data-start=\"2479\" data-end=\"2482\" \/>Uzrast: 5+<br data-start=\"2492\" data-end=\"2495\" \/>Produkcija: Pozori\u0161te lutaka Mostar<\/p>\n<p data-start=\"2532\" data-end=\"2711\"><strong data-start=\"2532\" data-end=\"2605\">11.12.2025 \/ 18:00 \u2013 \u201eTrema: predstava za vje\u017ebanje te\u0161kih situacija\u201c<\/strong><br data-start=\"2605\" data-end=\"2608\" \/>Uzrast: 5+<br data-start=\"2618\" data-end=\"2621\" \/>Produkcija: JU Centar za kulturu Danilovgrad i dramski studio \u201ePrazan prostor\u201c (Crna Gora)<\/p>\n<p data-start=\"2713\" data-end=\"2887\"><strong data-start=\"2713\" data-end=\"2747\">12.12.2025 \/ 18:00 \u2013 Premijera<\/strong><br data-start=\"2747\" data-end=\"2750\" \/><strong data-start=\"2750\" data-end=\"2782\">13.12.2025 \/ 12:00 \u2013 Repriza<\/strong><br data-start=\"2782\" data-end=\"2785\" \/>\u201eBistri, Lupetalo i kofer tajni\u201c<br data-start=\"2817\" data-end=\"2820\" \/>Uzrast: 5+<br data-start=\"2830\" data-end=\"2833\" \/>Koprodukcija: Teatar kabare Tuzla i Lijepa rije\u010d Tuzla<\/p>\n","protected":false},"excerpt":{"rendered":"<p>Teatar kabare Tuzla ove godine organizuje XXIII izdanje me\u0111unarodnog festivala akademskog teatra \u2013 TKT Festa, manifestacije koja ve\u0107 dvije decenije okuplja renomirane umjetnike i ljubitelje pozori\u0161ta. Festival donosi niz nagra\u0111ivanih predstava, bogat repertoar i posebnu festivalsku atmosferu na Kamernoj sceni Doma mladih Tuzla. Ovogodi\u0161nje izdanje donosi i novitet: prvi TKT Festi\u0107, program namijenjen najmla\u0111oj publici, [&hellip;]<\/p>\n","protected":false},"author":4,"featured_media":287915,"comment_status":"closed","ping_status":"closed","sticky":false,"template":"","format":"standard","meta":{"footnotes":""},"categories":[304,12],"tags":[3503],"class_list":["post-287907","post","type-post","status-publish","format-standard","has-post-thumbnail","hentry","category-istaknuto","category-novosti","tag-tkt-fest"],"yoast_head":"<!-- This site is optimized with the Yoast SEO plugin v28.4 - https:\/\/yoast.com\/product\/yoast-seo-wordpress\/ -->\n<title>TKT Fest donosi vrhunske predstave u Tuzlu<\/title>\n<meta name=\"robots\" content=\"index, follow, max-snippet:-1, max-image-preview:large, max-video-preview:-1\" \/>\n<link rel=\"canonical\" href=\"https:\/\/tuzlainfo.ba\/index.php\/novosti\/item\/287907-tkt-fest-donosi-vrhunske-predstave-u-tuzlu\/\" \/>\n<meta property=\"og:locale\" content=\"bs_BA\" \/>\n<meta property=\"og:type\" content=\"article\" \/>\n<meta property=\"og:title\" content=\"TKT Fest donosi vrhunske predstave u Tuzlu\" \/>\n<meta property=\"og:description\" content=\"Teatar kabare Tuzla ove godine organizuje XXIII izdanje me\u0111unarodnog festivala akademskog teatra \u2013 TKT Festa, manifestacije koja ve\u0107 dvije decenije okuplja renomirane umjetnike i ljubitelje pozori\u0161ta. Festival donosi niz nagra\u0111ivanih predstava, bogat repertoar i posebnu festivalsku atmosferu na Kamernoj sceni Doma mladih Tuzla. Ovogodi\u0161nje izdanje donosi i novitet: prvi TKT Festi\u0107, program namijenjen najmla\u0111oj publici, [&hellip;]\" \/>\n<meta property=\"og:url\" content=\"https:\/\/tuzlainfo.ba\/index.php\/novosti\/item\/287907-tkt-fest-donosi-vrhunske-predstave-u-tuzlu\/\" \/>\n<meta property=\"og:site_name\" content=\"TuzlaInfo.ba\" \/>\n<meta property=\"article:publisher\" content=\"https:\/\/www.facebook.com\/tuzlainfo.ba\/\" \/>\n<meta property=\"article:published_time\" content=\"2025-12-01T10:07:31+00:00\" \/>\n<meta property=\"og:image\" content=\"https:\/\/tuzlainfo.ba\/wp-content\/uploads\/2025\/12\/thumbnail_23-TKT-FEST-jpg-EVENT.jpg\" \/>\n\t<meta property=\"og:image:width\" content=\"1920\" \/>\n\t<meta property=\"og:image:height\" content=\"1080\" \/>\n\t<meta property=\"og:image:type\" content=\"image\/jpeg\" \/>\n<meta name=\"author\" content=\"Tuzla Info\" \/>\n<meta name=\"twitter:card\" content=\"summary_large_image\" \/>\n<meta name=\"twitter:label1\" content=\"Written by\" \/>\n\t<meta name=\"twitter:data1\" content=\"Tuzla Info\" \/>\n\t<meta name=\"twitter:label2\" content=\"Est. reading time\" \/>\n\t<meta name=\"twitter:data2\" content=\"3 minute\" \/>\n<script type=\"application\/ld+json\" class=\"yoast-schema-graph\">{\"@context\":\"https:\\\/\\\/schema.org\",\"@graph\":[{\"@type\":\"Article\",\"@id\":\"https:\\\/\\\/tuzlainfo.ba\\\/index.php\\\/novosti\\\/item\\\/287907-tkt-fest-donosi-vrhunske-predstave-u-tuzlu\\\/#article\",\"isPartOf\":{\"@id\":\"https:\\\/\\\/tuzlainfo.ba\\\/index.php\\\/novosti\\\/item\\\/287907-tkt-fest-donosi-vrhunske-predstave-u-tuzlu\\\/\"},\"author\":{\"name\":\"Tuzla Info\",\"@id\":\"https:\\\/\\\/tuzlainfo.ba\\\/#\\\/schema\\\/person\\\/46cad4c57790cbc50781edd14870825a\"},\"headline\":\"TKT Fest donosi vrhunske predstave u Tuzlu\",\"datePublished\":\"2025-12-01T10:07:31+00:00\",\"mainEntityOfPage\":{\"@id\":\"https:\\\/\\\/tuzlainfo.ba\\\/index.php\\\/novosti\\\/item\\\/287907-tkt-fest-donosi-vrhunske-predstave-u-tuzlu\\\/\"},\"wordCount\":379,\"publisher\":{\"@id\":\"https:\\\/\\\/tuzlainfo.ba\\\/#organization\"},\"image\":{\"@id\":\"https:\\\/\\\/tuzlainfo.ba\\\/index.php\\\/novosti\\\/item\\\/287907-tkt-fest-donosi-vrhunske-predstave-u-tuzlu\\\/#primaryimage\"},\"thumbnailUrl\":\"https:\\\/\\\/tuzlainfo.ba\\\/wp-content\\\/uploads\\\/2025\\\/12\\\/thumbnail_23-TKT-FEST-jpg-EVENT.jpg\",\"keywords\":[\"Tkt fest\"],\"articleSection\":[\"Istaknuto\",\"Novosti\"],\"inLanguage\":\"bs-BA\",\"copyrightYear\":\"2025\",\"copyrightHolder\":{\"@id\":\"https:\\\/\\\/tuzlainfo.ba\\\/#organization\"}},{\"@type\":\"WebPage\",\"@id\":\"https:\\\/\\\/tuzlainfo.ba\\\/index.php\\\/novosti\\\/item\\\/287907-tkt-fest-donosi-vrhunske-predstave-u-tuzlu\\\/\",\"url\":\"https:\\\/\\\/tuzlainfo.ba\\\/index.php\\\/novosti\\\/item\\\/287907-tkt-fest-donosi-vrhunske-predstave-u-tuzlu\\\/\",\"name\":\"TKT Fest donosi vrhunske predstave u Tuzlu\",\"isPartOf\":{\"@id\":\"https:\\\/\\\/tuzlainfo.ba\\\/#website\"},\"primaryImageOfPage\":{\"@id\":\"https:\\\/\\\/tuzlainfo.ba\\\/index.php\\\/novosti\\\/item\\\/287907-tkt-fest-donosi-vrhunske-predstave-u-tuzlu\\\/#primaryimage\"},\"image\":{\"@id\":\"https:\\\/\\\/tuzlainfo.ba\\\/index.php\\\/novosti\\\/item\\\/287907-tkt-fest-donosi-vrhunske-predstave-u-tuzlu\\\/#primaryimage\"},\"thumbnailUrl\":\"https:\\\/\\\/tuzlainfo.ba\\\/wp-content\\\/uploads\\\/2025\\\/12\\\/thumbnail_23-TKT-FEST-jpg-EVENT.jpg\",\"datePublished\":\"2025-12-01T10:07:31+00:00\",\"breadcrumb\":{\"@id\":\"https:\\\/\\\/tuzlainfo.ba\\\/index.php\\\/novosti\\\/item\\\/287907-tkt-fest-donosi-vrhunske-predstave-u-tuzlu\\\/#breadcrumb\"},\"inLanguage\":\"bs-BA\",\"potentialAction\":[{\"@type\":\"ReadAction\",\"target\":[\"https:\\\/\\\/tuzlainfo.ba\\\/index.php\\\/novosti\\\/item\\\/287907-tkt-fest-donosi-vrhunske-predstave-u-tuzlu\\\/\"]}]},{\"@type\":\"ImageObject\",\"inLanguage\":\"bs-BA\",\"@id\":\"https:\\\/\\\/tuzlainfo.ba\\\/index.php\\\/novosti\\\/item\\\/287907-tkt-fest-donosi-vrhunske-predstave-u-tuzlu\\\/#primaryimage\",\"url\":\"https:\\\/\\\/tuzlainfo.ba\\\/wp-content\\\/uploads\\\/2025\\\/12\\\/thumbnail_23-TKT-FEST-jpg-EVENT.jpg\",\"contentUrl\":\"https:\\\/\\\/tuzlainfo.ba\\\/wp-content\\\/uploads\\\/2025\\\/12\\\/thumbnail_23-TKT-FEST-jpg-EVENT.jpg\",\"width\":1920,\"height\":1080},{\"@type\":\"BreadcrumbList\",\"@id\":\"https:\\\/\\\/tuzlainfo.ba\\\/index.php\\\/novosti\\\/item\\\/287907-tkt-fest-donosi-vrhunske-predstave-u-tuzlu\\\/#breadcrumb\",\"itemListElement\":[{\"@type\":\"ListItem\",\"position\":1,\"name\":\"Home\",\"item\":\"https:\\\/\\\/tuzlainfo.ba\\\/\"},{\"@type\":\"ListItem\",\"position\":2,\"name\":\"TKT Fest donosi vrhunske predstave u Tuzlu\"}]},{\"@type\":\"WebSite\",\"@id\":\"https:\\\/\\\/tuzlainfo.ba\\\/#website\",\"url\":\"https:\\\/\\\/tuzlainfo.ba\\\/\",\"name\":\"TuzlaInfo.ba\",\"description\":\"Tuzla info, gradski informator - Tuzla na dlanu\",\"publisher\":{\"@id\":\"https:\\\/\\\/tuzlainfo.ba\\\/#organization\"},\"potentialAction\":[{\"@type\":\"SearchAction\",\"target\":{\"@type\":\"EntryPoint\",\"urlTemplate\":\"https:\\\/\\\/tuzlainfo.ba\\\/?s={search_term_string}\"},\"query-input\":{\"@type\":\"PropertyValueSpecification\",\"valueRequired\":true,\"valueName\":\"search_term_string\"}}],\"inLanguage\":\"bs-BA\"},{\"@type\":\"Organization\",\"@id\":\"https:\\\/\\\/tuzlainfo.ba\\\/#organization\",\"name\":\"TuzlaInfo.ba\",\"url\":\"https:\\\/\\\/tuzlainfo.ba\\\/\",\"logo\":{\"@type\":\"ImageObject\",\"inLanguage\":\"bs-BA\",\"@id\":\"https:\\\/\\\/tuzlainfo.ba\\\/#\\\/schema\\\/logo\\\/image\\\/\",\"url\":\"https:\\\/\\\/tuzlainfo.ba\\\/wp-content\\\/uploads\\\/2021\\\/03\\\/logo-ver-3-1.png\",\"contentUrl\":\"https:\\\/\\\/tuzlainfo.ba\\\/wp-content\\\/uploads\\\/2021\\\/03\\\/logo-ver-3-1.png\",\"width\":350,\"height\":95,\"caption\":\"TuzlaInfo.ba\"},\"image\":{\"@id\":\"https:\\\/\\\/tuzlainfo.ba\\\/#\\\/schema\\\/logo\\\/image\\\/\"},\"sameAs\":[\"https:\\\/\\\/www.facebook.com\\\/tuzlainfo.ba\\\/\"]},{\"@type\":\"Person\",\"@id\":\"https:\\\/\\\/tuzlainfo.ba\\\/#\\\/schema\\\/person\\\/46cad4c57790cbc50781edd14870825a\",\"name\":\"Tuzla Info\",\"image\":{\"@type\":\"ImageObject\",\"inLanguage\":\"bs-BA\",\"@id\":\"https:\\\/\\\/secure.gravatar.com\\\/avatar\\\/e980921b00fa2e552723a2386544734ce6885d2b2304ccca3f45186f9ca4031d?s=96&d=mm&r=g\",\"url\":\"https:\\\/\\\/secure.gravatar.com\\\/avatar\\\/e980921b00fa2e552723a2386544734ce6885d2b2304ccca3f45186f9ca4031d?s=96&d=mm&r=g\",\"contentUrl\":\"https:\\\/\\\/secure.gravatar.com\\\/avatar\\\/e980921b00fa2e552723a2386544734ce6885d2b2304ccca3f45186f9ca4031d?s=96&d=mm&r=g\",\"caption\":\"Tuzla Info\"}}]}<\/script>\n<!-- \/ Yoast SEO plugin. -->","yoast_head_json":{"title":"TKT Fest donosi vrhunske predstave u Tuzlu","robots":{"index":"index","follow":"follow","max-snippet":"max-snippet:-1","max-image-preview":"max-image-preview:large","max-video-preview":"max-video-preview:-1"},"canonical":"https:\/\/tuzlainfo.ba\/index.php\/novosti\/item\/287907-tkt-fest-donosi-vrhunske-predstave-u-tuzlu\/","og_locale":"bs_BA","og_type":"article","og_title":"TKT Fest donosi vrhunske predstave u Tuzlu","og_description":"Teatar kabare Tuzla ove godine organizuje XXIII izdanje me\u0111unarodnog festivala akademskog teatra \u2013 TKT Festa, manifestacije koja ve\u0107 dvije decenije okuplja renomirane umjetnike i ljubitelje pozori\u0161ta. Festival donosi niz nagra\u0111ivanih predstava, bogat repertoar i posebnu festivalsku atmosferu na Kamernoj sceni Doma mladih Tuzla. Ovogodi\u0161nje izdanje donosi i novitet: prvi TKT Festi\u0107, program namijenjen najmla\u0111oj publici, [&hellip;]","og_url":"https:\/\/tuzlainfo.ba\/index.php\/novosti\/item\/287907-tkt-fest-donosi-vrhunske-predstave-u-tuzlu\/","og_site_name":"TuzlaInfo.ba","article_publisher":"https:\/\/www.facebook.com\/tuzlainfo.ba\/","article_published_time":"2025-12-01T10:07:31+00:00","og_image":[{"width":1920,"height":1080,"url":"https:\/\/tuzlainfo.ba\/wp-content\/uploads\/2025\/12\/thumbnail_23-TKT-FEST-jpg-EVENT.jpg","type":"image\/jpeg"}],"author":"Tuzla Info","twitter_card":"summary_large_image","twitter_misc":{"Written by":"Tuzla Info","Est. reading time":"3 minute"},"schema":{"@context":"https:\/\/schema.org","@graph":[{"@type":"Article","@id":"https:\/\/tuzlainfo.ba\/index.php\/novosti\/item\/287907-tkt-fest-donosi-vrhunske-predstave-u-tuzlu\/#article","isPartOf":{"@id":"https:\/\/tuzlainfo.ba\/index.php\/novosti\/item\/287907-tkt-fest-donosi-vrhunske-predstave-u-tuzlu\/"},"author":{"name":"Tuzla Info","@id":"https:\/\/tuzlainfo.ba\/#\/schema\/person\/46cad4c57790cbc50781edd14870825a"},"headline":"TKT Fest donosi vrhunske predstave u Tuzlu","datePublished":"2025-12-01T10:07:31+00:00","mainEntityOfPage":{"@id":"https:\/\/tuzlainfo.ba\/index.php\/novosti\/item\/287907-tkt-fest-donosi-vrhunske-predstave-u-tuzlu\/"},"wordCount":379,"publisher":{"@id":"https:\/\/tuzlainfo.ba\/#organization"},"image":{"@id":"https:\/\/tuzlainfo.ba\/index.php\/novosti\/item\/287907-tkt-fest-donosi-vrhunske-predstave-u-tuzlu\/#primaryimage"},"thumbnailUrl":"https:\/\/tuzlainfo.ba\/wp-content\/uploads\/2025\/12\/thumbnail_23-TKT-FEST-jpg-EVENT.jpg","keywords":["Tkt fest"],"articleSection":["Istaknuto","Novosti"],"inLanguage":"bs-BA","copyrightYear":"2025","copyrightHolder":{"@id":"https:\/\/tuzlainfo.ba\/#organization"}},{"@type":"WebPage","@id":"https:\/\/tuzlainfo.ba\/index.php\/novosti\/item\/287907-tkt-fest-donosi-vrhunske-predstave-u-tuzlu\/","url":"https:\/\/tuzlainfo.ba\/index.php\/novosti\/item\/287907-tkt-fest-donosi-vrhunske-predstave-u-tuzlu\/","name":"TKT Fest donosi vrhunske predstave u Tuzlu","isPartOf":{"@id":"https:\/\/tuzlainfo.ba\/#website"},"primaryImageOfPage":{"@id":"https:\/\/tuzlainfo.ba\/index.php\/novosti\/item\/287907-tkt-fest-donosi-vrhunske-predstave-u-tuzlu\/#primaryimage"},"image":{"@id":"https:\/\/tuzlainfo.ba\/index.php\/novosti\/item\/287907-tkt-fest-donosi-vrhunske-predstave-u-tuzlu\/#primaryimage"},"thumbnailUrl":"https:\/\/tuzlainfo.ba\/wp-content\/uploads\/2025\/12\/thumbnail_23-TKT-FEST-jpg-EVENT.jpg","datePublished":"2025-12-01T10:07:31+00:00","breadcrumb":{"@id":"https:\/\/tuzlainfo.ba\/index.php\/novosti\/item\/287907-tkt-fest-donosi-vrhunske-predstave-u-tuzlu\/#breadcrumb"},"inLanguage":"bs-BA","potentialAction":[{"@type":"ReadAction","target":["https:\/\/tuzlainfo.ba\/index.php\/novosti\/item\/287907-tkt-fest-donosi-vrhunske-predstave-u-tuzlu\/"]}]},{"@type":"ImageObject","inLanguage":"bs-BA","@id":"https:\/\/tuzlainfo.ba\/index.php\/novosti\/item\/287907-tkt-fest-donosi-vrhunske-predstave-u-tuzlu\/#primaryimage","url":"https:\/\/tuzlainfo.ba\/wp-content\/uploads\/2025\/12\/thumbnail_23-TKT-FEST-jpg-EVENT.jpg","contentUrl":"https:\/\/tuzlainfo.ba\/wp-content\/uploads\/2025\/12\/thumbnail_23-TKT-FEST-jpg-EVENT.jpg","width":1920,"height":1080},{"@type":"BreadcrumbList","@id":"https:\/\/tuzlainfo.ba\/index.php\/novosti\/item\/287907-tkt-fest-donosi-vrhunske-predstave-u-tuzlu\/#breadcrumb","itemListElement":[{"@type":"ListItem","position":1,"name":"Home","item":"https:\/\/tuzlainfo.ba\/"},{"@type":"ListItem","position":2,"name":"TKT Fest donosi vrhunske predstave u Tuzlu"}]},{"@type":"WebSite","@id":"https:\/\/tuzlainfo.ba\/#website","url":"https:\/\/tuzlainfo.ba\/","name":"TuzlaInfo.ba","description":"Tuzla info, gradski informator - Tuzla na dlanu","publisher":{"@id":"https:\/\/tuzlainfo.ba\/#organization"},"potentialAction":[{"@type":"SearchAction","target":{"@type":"EntryPoint","urlTemplate":"https:\/\/tuzlainfo.ba\/?s={search_term_string}"},"query-input":{"@type":"PropertyValueSpecification","valueRequired":true,"valueName":"search_term_string"}}],"inLanguage":"bs-BA"},{"@type":"Organization","@id":"https:\/\/tuzlainfo.ba\/#organization","name":"TuzlaInfo.ba","url":"https:\/\/tuzlainfo.ba\/","logo":{"@type":"ImageObject","inLanguage":"bs-BA","@id":"https:\/\/tuzlainfo.ba\/#\/schema\/logo\/image\/","url":"https:\/\/tuzlainfo.ba\/wp-content\/uploads\/2021\/03\/logo-ver-3-1.png","contentUrl":"https:\/\/tuzlainfo.ba\/wp-content\/uploads\/2021\/03\/logo-ver-3-1.png","width":350,"height":95,"caption":"TuzlaInfo.ba"},"image":{"@id":"https:\/\/tuzlainfo.ba\/#\/schema\/logo\/image\/"},"sameAs":["https:\/\/www.facebook.com\/tuzlainfo.ba\/"]},{"@type":"Person","@id":"https:\/\/tuzlainfo.ba\/#\/schema\/person\/46cad4c57790cbc50781edd14870825a","name":"Tuzla Info","image":{"@type":"ImageObject","inLanguage":"bs-BA","@id":"https:\/\/secure.gravatar.com\/avatar\/e980921b00fa2e552723a2386544734ce6885d2b2304ccca3f45186f9ca4031d?s=96&d=mm&r=g","url":"https:\/\/secure.gravatar.com\/avatar\/e980921b00fa2e552723a2386544734ce6885d2b2304ccca3f45186f9ca4031d?s=96&d=mm&r=g","contentUrl":"https:\/\/secure.gravatar.com\/avatar\/e980921b00fa2e552723a2386544734ce6885d2b2304ccca3f45186f9ca4031d?s=96&d=mm&r=g","caption":"Tuzla Info"}}]}},"_links":{"self":[{"href":"https:\/\/tuzlainfo.ba\/index.php\/wp-json\/wp\/v2\/posts\/287907","targetHints":{"allow":["GET"]}}],"collection":[{"href":"https:\/\/tuzlainfo.ba\/index.php\/wp-json\/wp\/v2\/posts"}],"about":[{"href":"https:\/\/tuzlainfo.ba\/index.php\/wp-json\/wp\/v2\/types\/post"}],"author":[{"embeddable":true,"href":"https:\/\/tuzlainfo.ba\/index.php\/wp-json\/wp\/v2\/users\/4"}],"replies":[{"embeddable":true,"href":"https:\/\/tuzlainfo.ba\/index.php\/wp-json\/wp\/v2\/comments?post=287907"}],"version-history":[{"count":1,"href":"https:\/\/tuzlainfo.ba\/index.php\/wp-json\/wp\/v2\/posts\/287907\/revisions"}],"predecessor-version":[{"id":287916,"href":"https:\/\/tuzlainfo.ba\/index.php\/wp-json\/wp\/v2\/posts\/287907\/revisions\/287916"}],"wp:featuredmedia":[{"embeddable":true,"href":"https:\/\/tuzlainfo.ba\/index.php\/wp-json\/wp\/v2\/media\/287915"}],"wp:attachment":[{"href":"https:\/\/tuzlainfo.ba\/index.php\/wp-json\/wp\/v2\/media?parent=287907"}],"wp:term":[{"taxonomy":"category","embeddable":true,"href":"https:\/\/tuzlainfo.ba\/index.php\/wp-json\/wp\/v2\/categories?post=287907"},{"taxonomy":"post_tag","embeddable":true,"href":"https:\/\/tuzlainfo.ba\/index.php\/wp-json\/wp\/v2\/tags?post=287907"}],"curies":[{"name":"wp","href":"https:\/\/api.w.org\/{rel}","templated":true}]}}