{"id":287593,"date":"2025-11-27T08:43:42","date_gmt":"2025-11-27T07:43:42","guid":{"rendered":"https:\/\/tuzlainfo.ba\/?p=287593"},"modified":"2025-11-27T08:43:42","modified_gmt":"2025-11-27T07:43:42","slug":"szijjarto-stize-u-banju-luku-uprkos-zabrani-slijetanja-vojnog-aviona","status":"publish","type":"post","link":"https:\/\/tuzlainfo.ba\/index.php\/bosna-i-hercegovina\/item\/287593-szijjarto-stize-u-banju-luku-uprkos-zabrani-slijetanja-vojnog-aviona\/","title":{"rendered":"Szijjarto sti\u017ee u Banju Luku uprkos zabrani slijetanja vojnog aviona"},"content":{"rendered":"<p>Peter Szijjarto danas sti\u017ee u Banju Luku gdje bi mu, prema najavi Univerziteta u Banjoj Luci, trebalo biti uru\u010den po\u010dasni doktorat. Ovakvo priznanje Univerzitet dodjeljuje li\u010dnostima koje su svojim radom ostavile prepoznatljiv trag u razli\u010ditim oblastima iz zemlje i inostranstva, a dosad je uru\u010deno \u010detrnaest ovih nagrada.<\/p>\n<p>U saop\u0107enju Univerziteta navedeno je da se radi o jednoj od najpresti\u017enijih institucijskih po\u010dasti koje se dodjeljuju uz strogo definisane kriterije, \u010dime se potvr\u0111uje kontinuirana praksa isticanja pojedinaca \u010diji je doprinos me\u0111unarodno zapa\u017een.<\/p>\n<p>Najavljeno je da \u0107e Peter Szijjarto doputovati avionom ma\u0111arske Vlade, \u0161to predstavlja izmijenjeni plan u odnosu na prvobitnu namjeru da se u Banju Luku uputi vojnim avionom.<\/p>\n<p>Takav let nije odobren nakon \u0161to je ministar odbrane BiH Zukan Helez zabranio slijetanje vojnog aviona, zbog \u010dega je delegacija reorganizovala dolazak kako bi sve predvi\u0111ene obaveze bile ispo\u0161tovane.<\/p>\n","protected":false},"excerpt":{"rendered":"<p>Peter Szijjarto danas sti\u017ee u Banju Luku gdje bi mu, prema najavi Univerziteta u Banjoj&hellip;<\/p>\n","protected":false},"author":8,"featured_media":158581,"comment_status":"closed","ping_status":"closed","sticky":false,"template":"","format":"standard","meta":{"_acf_changed":false,"footnotes":""},"categories":[291],"tags":[589,9955],"acf":[],"yoast_head":"<!-- This site is optimized with the Yoast SEO plugin v23.5 - https:\/\/yoast.com\/wordpress\/plugins\/seo\/ -->\n<title>Szijjarto sti\u017ee u Banju Luku uprkos zabrani slijetanja vojnog aviona - TuzlaInfo.ba<\/title>\n<meta name=\"robots\" content=\"index, follow, max-snippet:-1, max-image-preview:large, max-video-preview:-1\" \/>\n<link rel=\"canonical\" href=\"https:\/\/tuzlainfo.ba\/index.php\/bosna-i-hercegovina\/item\/287593-szijjarto-stize-u-banju-luku-uprkos-zabrani-slijetanja-vojnog-aviona\/\" \/>\n<meta property=\"og:locale\" content=\"bs_BA\" \/>\n<meta property=\"og:type\" content=\"article\" \/>\n<meta property=\"og:title\" content=\"Szijjarto sti\u017ee u Banju Luku uprkos zabrani slijetanja vojnog aviona - TuzlaInfo.ba\" \/>\n<meta property=\"og:description\" content=\"Peter Szijjarto danas sti\u017ee u Banju Luku gdje bi mu, prema najavi Univerziteta u Banjoj&hellip;\" \/>\n<meta property=\"og:url\" content=\"https:\/\/tuzlainfo.ba\/index.php\/bosna-i-hercegovina\/item\/287593-szijjarto-stize-u-banju-luku-uprkos-zabrani-slijetanja-vojnog-aviona\/\" \/>\n<meta property=\"og:site_name\" content=\"TuzlaInfo.ba\" \/>\n<meta property=\"article:publisher\" content=\"https:\/\/www.facebook.com\/tuzlainfo.ba\/\" \/>\n<meta property=\"article:published_time\" content=\"2025-11-27T07:43:42+00:00\" \/>\n<meta property=\"og:image\" content=\"https:\/\/tuzlainfo.ba\/wp-content\/uploads\/2021\/12\/1912_dodik_Szijjarto.jpg\" \/>\n\t<meta property=\"og:image:width\" content=\"960\" \/>\n\t<meta property=\"og:image:height\" content=\"640\" \/>\n\t<meta property=\"og:image:type\" content=\"image\/jpeg\" \/>\n<meta name=\"author\" content=\"Admin Tri\" \/>\n<meta name=\"twitter:card\" content=\"summary_large_image\" \/>\n<meta name=\"twitter:label1\" content=\"Written by\" \/>\n\t<meta name=\"twitter:data1\" content=\"Admin Tri\" \/>\n\t<meta name=\"twitter:label2\" content=\"Est. reading time\" \/>\n\t<meta name=\"twitter:data2\" content=\"1 minuta\" \/>\n<script type=\"application\/ld+json\" class=\"yoast-schema-graph\">{\"@context\":\"https:\/\/schema.org\",\"@graph\":[{\"@type\":\"Article\",\"@id\":\"https:\/\/tuzlainfo.ba\/index.php\/bosna-i-hercegovina\/item\/287593-szijjarto-stize-u-banju-luku-uprkos-zabrani-slijetanja-vojnog-aviona\/#article\",\"isPartOf\":{\"@id\":\"https:\/\/tuzlainfo.ba\/index.php\/bosna-i-hercegovina\/item\/287593-szijjarto-stize-u-banju-luku-uprkos-zabrani-slijetanja-vojnog-aviona\/\"},\"author\":{\"name\":\"Admin Tri\",\"@id\":\"https:\/\/tuzlainfo.ba\/#\/schema\/person\/593e78a2f6378c5ba3e7600ecfa4e63a\"},\"headline\":\"Szijjarto sti\u017ee u Banju Luku uprkos zabrani slijetanja vojnog aviona\",\"datePublished\":\"2025-11-27T07:43:42+00:00\",\"dateModified\":\"2025-11-27T07:43:42+00:00\",\"mainEntityOfPage\":{\"@id\":\"https:\/\/tuzlainfo.ba\/index.php\/bosna-i-hercegovina\/item\/287593-szijjarto-stize-u-banju-luku-uprkos-zabrani-slijetanja-vojnog-aviona\/\"},\"wordCount\":162,\"publisher\":{\"@id\":\"https:\/\/tuzlainfo.ba\/#organization\"},\"image\":{\"@id\":\"https:\/\/tuzlainfo.ba\/index.php\/bosna-i-hercegovina\/item\/287593-szijjarto-stize-u-banju-luku-uprkos-zabrani-slijetanja-vojnog-aviona\/#primaryimage\"},\"thumbnailUrl\":\"https:\/\/tuzlainfo.ba\/wp-content\/uploads\/2021\/12\/1912_dodik_Szijjarto.jpg\",\"keywords\":[\"banja luka\",\"P\u00e9ter Szijj\u00e1rt\u00f3\"],\"articleSection\":[\"Bosna i Hercegovina\"],\"inLanguage\":\"bs-BA\"},{\"@type\":\"WebPage\",\"@id\":\"https:\/\/tuzlainfo.ba\/index.php\/bosna-i-hercegovina\/item\/287593-szijjarto-stize-u-banju-luku-uprkos-zabrani-slijetanja-vojnog-aviona\/\",\"url\":\"https:\/\/tuzlainfo.ba\/index.php\/bosna-i-hercegovina\/item\/287593-szijjarto-stize-u-banju-luku-uprkos-zabrani-slijetanja-vojnog-aviona\/\",\"name\":\"Szijjarto sti\u017ee u Banju Luku uprkos zabrani slijetanja vojnog aviona - TuzlaInfo.ba\",\"isPartOf\":{\"@id\":\"https:\/\/tuzlainfo.ba\/#website\"},\"primaryImageOfPage\":{\"@id\":\"https:\/\/tuzlainfo.ba\/index.php\/bosna-i-hercegovina\/item\/287593-szijjarto-stize-u-banju-luku-uprkos-zabrani-slijetanja-vojnog-aviona\/#primaryimage\"},\"image\":{\"@id\":\"https:\/\/tuzlainfo.ba\/index.php\/bosna-i-hercegovina\/item\/287593-szijjarto-stize-u-banju-luku-uprkos-zabrani-slijetanja-vojnog-aviona\/#primaryimage\"},\"thumbnailUrl\":\"https:\/\/tuzlainfo.ba\/wp-content\/uploads\/2021\/12\/1912_dodik_Szijjarto.jpg\",\"datePublished\":\"2025-11-27T07:43:42+00:00\",\"dateModified\":\"2025-11-27T07:43:42+00:00\",\"breadcrumb\":{\"@id\":\"https:\/\/tuzlainfo.ba\/index.php\/bosna-i-hercegovina\/item\/287593-szijjarto-stize-u-banju-luku-uprkos-zabrani-slijetanja-vojnog-aviona\/#breadcrumb\"},\"inLanguage\":\"bs-BA\",\"potentialAction\":[{\"@type\":\"ReadAction\",\"target\":[\"https:\/\/tuzlainfo.ba\/index.php\/bosna-i-hercegovina\/item\/287593-szijjarto-stize-u-banju-luku-uprkos-zabrani-slijetanja-vojnog-aviona\/\"]}]},{\"@type\":\"ImageObject\",\"inLanguage\":\"bs-BA\",\"@id\":\"https:\/\/tuzlainfo.ba\/index.php\/bosna-i-hercegovina\/item\/287593-szijjarto-stize-u-banju-luku-uprkos-zabrani-slijetanja-vojnog-aviona\/#primaryimage\",\"url\":\"https:\/\/tuzlainfo.ba\/wp-content\/uploads\/2021\/12\/1912_dodik_Szijjarto.jpg\",\"contentUrl\":\"https:\/\/tuzlainfo.ba\/wp-content\/uploads\/2021\/12\/1912_dodik_Szijjarto.jpg\",\"width\":960,\"height\":640},{\"@type\":\"BreadcrumbList\",\"@id\":\"https:\/\/tuzlainfo.ba\/index.php\/bosna-i-hercegovina\/item\/287593-szijjarto-stize-u-banju-luku-uprkos-zabrani-slijetanja-vojnog-aviona\/#breadcrumb\",\"itemListElement\":[{\"@type\":\"ListItem\",\"position\":1,\"name\":\"Home\",\"item\":\"https:\/\/tuzlainfo.ba\/\"},{\"@type\":\"ListItem\",\"position\":2,\"name\":\"Szijjarto sti\u017ee u Banju Luku uprkos zabrani slijetanja vojnog aviona\"}]},{\"@type\":\"WebSite\",\"@id\":\"https:\/\/tuzlainfo.ba\/#website\",\"url\":\"https:\/\/tuzlainfo.ba\/\",\"name\":\"TuzlaInfo.ba\",\"description\":\"Tuzla info, gradski informator - Tuzla na dlanu\",\"publisher\":{\"@id\":\"https:\/\/tuzlainfo.ba\/#organization\"},\"potentialAction\":[{\"@type\":\"SearchAction\",\"target\":{\"@type\":\"EntryPoint\",\"urlTemplate\":\"https:\/\/tuzlainfo.ba\/?s={search_term_string}\"},\"query-input\":{\"@type\":\"PropertyValueSpecification\",\"valueRequired\":true,\"valueName\":\"search_term_string\"}}],\"inLanguage\":\"bs-BA\"},{\"@type\":\"Organization\",\"@id\":\"https:\/\/tuzlainfo.ba\/#organization\",\"name\":\"TuzlaInfo.ba\",\"url\":\"https:\/\/tuzlainfo.ba\/\",\"logo\":{\"@type\":\"ImageObject\",\"inLanguage\":\"bs-BA\",\"@id\":\"https:\/\/tuzlainfo.ba\/#\/schema\/logo\/image\/\",\"url\":\"https:\/\/tuzlainfo.ba\/wp-content\/uploads\/2021\/03\/logo-ver-3-1.png\",\"contentUrl\":\"https:\/\/tuzlainfo.ba\/wp-content\/uploads\/2021\/03\/logo-ver-3-1.png\",\"width\":350,\"height\":95,\"caption\":\"TuzlaInfo.ba\"},\"image\":{\"@id\":\"https:\/\/tuzlainfo.ba\/#\/schema\/logo\/image\/\"},\"sameAs\":[\"https:\/\/www.facebook.com\/tuzlainfo.ba\/\"]},{\"@type\":\"Person\",\"@id\":\"https:\/\/tuzlainfo.ba\/#\/schema\/person\/593e78a2f6378c5ba3e7600ecfa4e63a\",\"name\":\"Admin Tri\",\"image\":{\"@type\":\"ImageObject\",\"inLanguage\":\"bs-BA\",\"@id\":\"https:\/\/tuzlainfo.ba\/#\/schema\/person\/image\/\",\"url\":\"https:\/\/tuzlainfo.ba\/wp-content\/litespeed\/avatar\/b7920db4cc34a71ad12497283ad2fe3f.jpg?ver=1777100914\",\"contentUrl\":\"https:\/\/tuzlainfo.ba\/wp-content\/litespeed\/avatar\/b7920db4cc34a71ad12497283ad2fe3f.jpg?ver=1777100914\",\"caption\":\"Admin Tri\"},\"sameAs\":[\"https:\/\/tuzlainfo.ba\"]}]}<\/script>\n<!-- \/ Yoast SEO plugin. -->","yoast_head_json":{"title":"Szijjarto sti\u017ee u Banju Luku uprkos zabrani slijetanja vojnog aviona - TuzlaInfo.ba","robots":{"index":"index","follow":"follow","max-snippet":"max-snippet:-1","max-image-preview":"max-image-preview:large","max-video-preview":"max-video-preview:-1"},"canonical":"https:\/\/tuzlainfo.ba\/index.php\/bosna-i-hercegovina\/item\/287593-szijjarto-stize-u-banju-luku-uprkos-zabrani-slijetanja-vojnog-aviona\/","og_locale":"bs_BA","og_type":"article","og_title":"Szijjarto sti\u017ee u Banju Luku uprkos zabrani slijetanja vojnog aviona - TuzlaInfo.ba","og_description":"Peter Szijjarto danas sti\u017ee u Banju Luku gdje bi mu, prema najavi Univerziteta u Banjoj&hellip;","og_url":"https:\/\/tuzlainfo.ba\/index.php\/bosna-i-hercegovina\/item\/287593-szijjarto-stize-u-banju-luku-uprkos-zabrani-slijetanja-vojnog-aviona\/","og_site_name":"TuzlaInfo.ba","article_publisher":"https:\/\/www.facebook.com\/tuzlainfo.ba\/","article_published_time":"2025-11-27T07:43:42+00:00","og_image":[{"width":960,"height":640,"url":"https:\/\/tuzlainfo.ba\/wp-content\/uploads\/2021\/12\/1912_dodik_Szijjarto.jpg","type":"image\/jpeg"}],"author":"Admin Tri","twitter_card":"summary_large_image","twitter_misc":{"Written by":"Admin Tri","Est. reading time":"1 minuta"},"schema":{"@context":"https:\/\/schema.org","@graph":[{"@type":"Article","@id":"https:\/\/tuzlainfo.ba\/index.php\/bosna-i-hercegovina\/item\/287593-szijjarto-stize-u-banju-luku-uprkos-zabrani-slijetanja-vojnog-aviona\/#article","isPartOf":{"@id":"https:\/\/tuzlainfo.ba\/index.php\/bosna-i-hercegovina\/item\/287593-szijjarto-stize-u-banju-luku-uprkos-zabrani-slijetanja-vojnog-aviona\/"},"author":{"name":"Admin Tri","@id":"https:\/\/tuzlainfo.ba\/#\/schema\/person\/593e78a2f6378c5ba3e7600ecfa4e63a"},"headline":"Szijjarto sti\u017ee u Banju Luku uprkos zabrani slijetanja vojnog aviona","datePublished":"2025-11-27T07:43:42+00:00","dateModified":"2025-11-27T07:43:42+00:00","mainEntityOfPage":{"@id":"https:\/\/tuzlainfo.ba\/index.php\/bosna-i-hercegovina\/item\/287593-szijjarto-stize-u-banju-luku-uprkos-zabrani-slijetanja-vojnog-aviona\/"},"wordCount":162,"publisher":{"@id":"https:\/\/tuzlainfo.ba\/#organization"},"image":{"@id":"https:\/\/tuzlainfo.ba\/index.php\/bosna-i-hercegovina\/item\/287593-szijjarto-stize-u-banju-luku-uprkos-zabrani-slijetanja-vojnog-aviona\/#primaryimage"},"thumbnailUrl":"https:\/\/tuzlainfo.ba\/wp-content\/uploads\/2021\/12\/1912_dodik_Szijjarto.jpg","keywords":["banja luka","P\u00e9ter Szijj\u00e1rt\u00f3"],"articleSection":["Bosna i Hercegovina"],"inLanguage":"bs-BA"},{"@type":"WebPage","@id":"https:\/\/tuzlainfo.ba\/index.php\/bosna-i-hercegovina\/item\/287593-szijjarto-stize-u-banju-luku-uprkos-zabrani-slijetanja-vojnog-aviona\/","url":"https:\/\/tuzlainfo.ba\/index.php\/bosna-i-hercegovina\/item\/287593-szijjarto-stize-u-banju-luku-uprkos-zabrani-slijetanja-vojnog-aviona\/","name":"Szijjarto sti\u017ee u Banju Luku uprkos zabrani slijetanja vojnog aviona - TuzlaInfo.ba","isPartOf":{"@id":"https:\/\/tuzlainfo.ba\/#website"},"primaryImageOfPage":{"@id":"https:\/\/tuzlainfo.ba\/index.php\/bosna-i-hercegovina\/item\/287593-szijjarto-stize-u-banju-luku-uprkos-zabrani-slijetanja-vojnog-aviona\/#primaryimage"},"image":{"@id":"https:\/\/tuzlainfo.ba\/index.php\/bosna-i-hercegovina\/item\/287593-szijjarto-stize-u-banju-luku-uprkos-zabrani-slijetanja-vojnog-aviona\/#primaryimage"},"thumbnailUrl":"https:\/\/tuzlainfo.ba\/wp-content\/uploads\/2021\/12\/1912_dodik_Szijjarto.jpg","datePublished":"2025-11-27T07:43:42+00:00","dateModified":"2025-11-27T07:43:42+00:00","breadcrumb":{"@id":"https:\/\/tuzlainfo.ba\/index.php\/bosna-i-hercegovina\/item\/287593-szijjarto-stize-u-banju-luku-uprkos-zabrani-slijetanja-vojnog-aviona\/#breadcrumb"},"inLanguage":"bs-BA","potentialAction":[{"@type":"ReadAction","target":["https:\/\/tuzlainfo.ba\/index.php\/bosna-i-hercegovina\/item\/287593-szijjarto-stize-u-banju-luku-uprkos-zabrani-slijetanja-vojnog-aviona\/"]}]},{"@type":"ImageObject","inLanguage":"bs-BA","@id":"https:\/\/tuzlainfo.ba\/index.php\/bosna-i-hercegovina\/item\/287593-szijjarto-stize-u-banju-luku-uprkos-zabrani-slijetanja-vojnog-aviona\/#primaryimage","url":"https:\/\/tuzlainfo.ba\/wp-content\/uploads\/2021\/12\/1912_dodik_Szijjarto.jpg","contentUrl":"https:\/\/tuzlainfo.ba\/wp-content\/uploads\/2021\/12\/1912_dodik_Szijjarto.jpg","width":960,"height":640},{"@type":"BreadcrumbList","@id":"https:\/\/tuzlainfo.ba\/index.php\/bosna-i-hercegovina\/item\/287593-szijjarto-stize-u-banju-luku-uprkos-zabrani-slijetanja-vojnog-aviona\/#breadcrumb","itemListElement":[{"@type":"ListItem","position":1,"name":"Home","item":"https:\/\/tuzlainfo.ba\/"},{"@type":"ListItem","position":2,"name":"Szijjarto sti\u017ee u Banju Luku uprkos zabrani slijetanja vojnog aviona"}]},{"@type":"WebSite","@id":"https:\/\/tuzlainfo.ba\/#website","url":"https:\/\/tuzlainfo.ba\/","name":"TuzlaInfo.ba","description":"Tuzla info, gradski informator - Tuzla na dlanu","publisher":{"@id":"https:\/\/tuzlainfo.ba\/#organization"},"potentialAction":[{"@type":"SearchAction","target":{"@type":"EntryPoint","urlTemplate":"https:\/\/tuzlainfo.ba\/?s={search_term_string}"},"query-input":{"@type":"PropertyValueSpecification","valueRequired":true,"valueName":"search_term_string"}}],"inLanguage":"bs-BA"},{"@type":"Organization","@id":"https:\/\/tuzlainfo.ba\/#organization","name":"TuzlaInfo.ba","url":"https:\/\/tuzlainfo.ba\/","logo":{"@type":"ImageObject","inLanguage":"bs-BA","@id":"https:\/\/tuzlainfo.ba\/#\/schema\/logo\/image\/","url":"https:\/\/tuzlainfo.ba\/wp-content\/uploads\/2021\/03\/logo-ver-3-1.png","contentUrl":"https:\/\/tuzlainfo.ba\/wp-content\/uploads\/2021\/03\/logo-ver-3-1.png","width":350,"height":95,"caption":"TuzlaInfo.ba"},"image":{"@id":"https:\/\/tuzlainfo.ba\/#\/schema\/logo\/image\/"},"sameAs":["https:\/\/www.facebook.com\/tuzlainfo.ba\/"]},{"@type":"Person","@id":"https:\/\/tuzlainfo.ba\/#\/schema\/person\/593e78a2f6378c5ba3e7600ecfa4e63a","name":"Admin Tri","image":{"@type":"ImageObject","inLanguage":"bs-BA","@id":"https:\/\/tuzlainfo.ba\/#\/schema\/person\/image\/","url":"https:\/\/tuzlainfo.ba\/wp-content\/litespeed\/avatar\/b7920db4cc34a71ad12497283ad2fe3f.jpg?ver=1777100914","contentUrl":"https:\/\/tuzlainfo.ba\/wp-content\/litespeed\/avatar\/b7920db4cc34a71ad12497283ad2fe3f.jpg?ver=1777100914","caption":"Admin Tri"},"sameAs":["https:\/\/tuzlainfo.ba"]}]}},"_links":{"self":[{"href":"https:\/\/tuzlainfo.ba\/index.php\/wp-json\/wp\/v2\/posts\/287593"}],"collection":[{"href":"https:\/\/tuzlainfo.ba\/index.php\/wp-json\/wp\/v2\/posts"}],"about":[{"href":"https:\/\/tuzlainfo.ba\/index.php\/wp-json\/wp\/v2\/types\/post"}],"author":[{"embeddable":true,"href":"https:\/\/tuzlainfo.ba\/index.php\/wp-json\/wp\/v2\/users\/8"}],"replies":[{"embeddable":true,"href":"https:\/\/tuzlainfo.ba\/index.php\/wp-json\/wp\/v2\/comments?post=287593"}],"version-history":[{"count":1,"href":"https:\/\/tuzlainfo.ba\/index.php\/wp-json\/wp\/v2\/posts\/287593\/revisions"}],"predecessor-version":[{"id":287594,"href":"https:\/\/tuzlainfo.ba\/index.php\/wp-json\/wp\/v2\/posts\/287593\/revisions\/287594"}],"wp:featuredmedia":[{"embeddable":true,"href":"https:\/\/tuzlainfo.ba\/index.php\/wp-json\/wp\/v2\/media\/158581"}],"wp:attachment":[{"href":"https:\/\/tuzlainfo.ba\/index.php\/wp-json\/wp\/v2\/media?parent=287593"}],"wp:term":[{"taxonomy":"category","embeddable":true,"href":"https:\/\/tuzlainfo.ba\/index.php\/wp-json\/wp\/v2\/categories?post=287593"},{"taxonomy":"post_tag","embeddable":true,"href":"https:\/\/tuzlainfo.ba\/index.php\/wp-json\/wp\/v2\/tags?post=287593"}],"curies":[{"name":"wp","href":"https:\/\/api.w.org\/{rel}","templated":true}]}}