{"id":287540,"date":"2025-11-26T20:03:38","date_gmt":"2025-11-26T19:03:38","guid":{"rendered":"https:\/\/tuzlainfo.ba\/?p=287540"},"modified":"2025-11-26T21:27:05","modified_gmt":"2025-11-26T20:27:05","slug":"nova-godina-donosi-povecanje-penzija-poznato-za-koliko-u-fbih-i-u-rs","status":"publish","type":"post","link":"https:\/\/tuzlainfo.ba\/index.php\/bosna-i-hercegovina\/item\/287540-nova-godina-donosi-povecanje-penzija-poznato-za-koliko-u-fbih-i-u-rs\/","title":{"rendered":"Nova godina donosi pove\u0107anje penzija: Poznato za koliko u FBIH i u RS"},"content":{"rendered":"<article class=\"text-token-text-primary w-full focus:outline-none [--shadow-height:45px] has-data-writing-block:pointer-events-none has-data-writing-block:-mt-(--shadow-height) has-data-writing-block:pt-(--shadow-height) [&amp;:has([data-writing-block])&gt;*]:pointer-events-auto scroll-mt-[calc(var(--header-height)+min(200px,max(70px,20svh)))]\" dir=\"auto\" tabindex=\"-1\" data-turn-id=\"request-691b79a9-83b4-832b-82ff-2dcd8cd839aa-10\" data-testid=\"conversation-turn-136\" data-scroll-anchor=\"true\" data-turn=\"assistant\">\n<div class=\"text-base my-auto mx-auto pb-10 [--thread-content-margin:--spacing(4)] thread-sm:[--thread-content-margin:--spacing(6)] thread-lg:[--thread-content-margin:--spacing(16)] px-(--thread-content-margin)\">\n<div class=\"[--thread-content-max-width:40rem] thread-lg:[--thread-content-max-width:48rem] mx-auto max-w-(--thread-content-max-width) flex-1 group\/turn-messages focus-visible:outline-hidden relative flex w-full min-w-0 flex-col agent-turn\" tabindex=\"-1\">\n<div class=\"flex max-w-full flex-col grow\">\n<div class=\"min-h-8 text-message relative flex w-full flex-col items-end gap-2 text-start break-words whitespace-normal [.text-message+&amp;]:mt-1\" dir=\"auto\" data-message-author-role=\"assistant\" data-message-id=\"975d8a2f-d0a2-482e-a663-5dc75fed5ab0\" data-message-model-slug=\"gpt-5-1\">\n<div class=\"flex w-full flex-col gap-1 empty:hidden first:pt-[1px]\">\n<div class=\"markdown prose dark:prose-invert w-full break-words light markdown-new-styling\">\n<p data-start=\"108\" data-end=\"500\">Vrijeme isti\u010de za usvajanje novog Zakona o penzijskom i invalidskom osiguranju Federacije BiH, koji bi penzionerima mogao donijeti pove\u0107anje primanja za oko 17 posto. Da bi novi obra\u010dun <a href=\"https:\/\/tuzlainfo.ba\/index.php\/tag\/penzije\/\"><span style=\"text-decoration: underline;\"><strong>penzija<\/strong><\/span><\/a> mogao stupiti na snagu od 1. januara, zakon mora biti usvojen najkasnije do kraja ove godine.<\/p>\n<p data-start=\"108\" data-end=\"500\">To je razlog zbog kojeg penzioneri ovih dana s posebnom pa\u017enjom prate svaki korak nadle\u017enih institucija.<\/p>\n<p>Federalni ministar rada i socijalne politike Adnan Deli\u0107 nedavno je izjavi za medije rekao da je prijedlog zakona ve\u0107 zavr\u0161en u Ministarstvu i da se \u010deka fiskalna procjena Ministarstva finansija Federacije BiH. Istakao je da je postignut potpuni dogovor s Federalnim savezom penzionera, te da bi zakon trebao stupiti na snagu po\u010detkom naredne godine.<\/p>\n<p>\u201eNadam se da \u0107emo ispuniti obe\u0107anje i usvojiti izmjene zakona. Postigli smo apsolutni konsenzus s predstavnicima penzionera, koji su na\u0161i klju\u010dni partneri u ovom procesu\u201c, poru\u010dio je Deli\u0107.<\/p>\n<h3><strong>Minimalna penzija 700 KM<\/strong><\/h3>\n<p>Najve\u0107e izmjene, kako je objasnio, odnose se na novu formulu za redovno uskla\u0111ivanje penzija, \u0161to je bio jedan od glavnih zahtjeva penzionera. \u201eMinimalna penzija trebala bi iznositi 700 KM, \u0161to je zna\u010dajan iskorak i rezultat zajedni\u010dkog rada s predstavnicima penzionera\u201c, dodao je.<\/p>\n<p data-start=\"502\" data-end=\"931\">Za desetine hiljada penzionera u FBiH svaka najava izmjena u penzijskom sistemu zna\u010di mnogo vi\u0161e od statistike \u2013 zna\u010di sigurniju svakodnevicu, osje\u0107aj dostojanstva i nadu da \u0107e nova godina donijeti manji teret.<\/p>\n<p data-start=\"502\" data-end=\"931\">Mnogi od njih ve\u0107 dugo \u017eive skromno, bore\u0107i se s rastom cijena koji \u010desto nadma\u0161uje rast njihovih primanja, pa je pitanje pove\u0107anja penzija postalo tema razgovora u domovima, na pijacama i u \u010dekaonicama pred apotekama.<\/p>\n<p data-start=\"933\" data-end=\"1397\">Nada postoji i u drugom entitetu. Predsjednik SNSD-a Milorad Dodik, koji nezvani\u010dno odlu\u010duje o svemu u manjem bh. entitetu, najavio je da \u0107e penzije u Republici Srpskoj od januara biti pove\u0107ane za 6,25 posto, uz poku\u0161aj da se decembarska penzija isplati prije praznika.<\/p>\n<p data-start=\"933\" data-end=\"1397\">Naveo je da je Vlada RS \u201eu kontinuitetu radila na pobolj\u0161anju polo\u017eaja penzionera\u201c te da su penzije do sada pove\u0107avane \u010dak 26 puta. Tako\u0111er je najavio da bi idu\u0107e godine 6.000 penzionera trebalo dobiti pravo na sedmodnevno besplatno banjsko lije\u010denje.<\/p>\n<p data-start=\"1399\" data-end=\"1805\">U RS-u trenutno \u017eivi oko 292.000 penzionera, a na penzije se godi\u0161nje izdvaja oko dvije milijarde KM, odnosno 167 miliona KM mjese\u010dno. Predsjednik Udru\u017eenja penzionera RS-a Ratko Trifunovi\u0107 godinama isti\u010de da polo\u017eaj penzionera i dalje nije odr\u017eiv, te o\u010dekuje da bi redovno uskla\u0111ivanje penzija od 1. januara 2026. godine moglo iznositi oko 10 posto, s obzirom na to da su plate u ovoj godini znatno rasle.<\/p>\n<h3 data-start=\"1399\" data-end=\"1805\">Pove\u0107anja u RS minimalna<\/h3>\n<p data-start=\"1807\" data-end=\"2163\">Ipak, mnogi penzioneri podsje\u0107aju da je posljednje pove\u0107anje penzija u RS-u, ono u avgustu, bilo tek tri posto, \u0161to je dio njih do\u010dekao kao simboli\u010dan, gotovo poni\u017eavaju\u0107i iznos. Za penzionera s najni\u017eom penzijom to pove\u0107anje je zna\u010dilo manje od 10 KM, dok je prosje\u010dna penzija porasla za svega 19 KM \u2013 iznos koji realno pokriva tek najosnovnije namirnice.<\/p>\n<p data-start=\"2165\" data-end=\"2398\">Najni\u017ea penzija u Republici Srpskoj iznosi 330 KM, a prosje\u010dna 650 KM. Kada se ti iznosi stave u odnos s \u017eivotnim tro\u0161kovima, jasno je za\u0161to penzioneri nadalje insistiraju na ozbiljnim, a ne kozmeti\u010dkim izmjenama penzijskih politika.<\/p>\n<p data-start=\"2400\" data-end=\"2709\" data-is-last-node=\"\" data-is-only-node=\"\">Dok oba entiteta najavljuju pove\u0107anja, ostaje da se vidi ho\u0107e li nova godina za penzionere donijeti stvarno olak\u0161anje ili tek nastavak borbe sa svakodnevnim tro\u0161kovima. Penzioneri sada, vi\u0161e nego ikad, \u010dekaju odluke koje \u0107e im odrediti standard u 2026. godini \u2013 i nadaju se da ovaj put ne\u0107e biti zaboravljeni.<strong>\/Tuzlainfo.ba\/<\/strong><\/p>\n<\/div>\n<\/div>\n<\/div>\n<\/div>\n<div class=\"mt-3 w-full empty:hidden\">\n<div class=\"text-center\"><\/div>\n<\/div>\n<\/div>\n<\/div>\n<\/article>\n<div class=\"pointer-events-none h-px w-px\" aria-hidden=\"true\" data-edge=\"true\"><\/div>\n","protected":false},"excerpt":{"rendered":"<p>Vrijeme isti\u010de za usvajanje novog Zakona o penzijskom i invalidskom osiguranju Federacije BiH, koji bi penzionerima mogao donijeti pove\u0107anje primanja za oko 17 posto. Da bi novi obra\u010dun penzija mogao stupiti na snagu od 1. januara, zakon mora biti usvojen najkasnije do kraja ove godine. To je razlog zbog kojeg penzioneri ovih dana s posebnom [&hellip;]<\/p>\n","protected":false},"author":2,"featured_media":63456,"comment_status":"closed","ping_status":"closed","sticky":false,"template":"","format":"standard","meta":{"footnotes":""},"categories":[291,304,306],"tags":[3163,5593],"class_list":["post-287540","post","type-post","status-publish","format-standard","has-post-thumbnail","hentry","category-bosna-i-hercegovina","category-istaknuto","category-preporucujemo","tag-penzija","tag-povecanje-penzija"],"yoast_head":"<!-- This site is optimized with the Yoast SEO plugin v28.4 - https:\/\/yoast.com\/product\/yoast-seo-wordpress\/ -->\n<title>Nova godina donosi pove\u0107anje penzija: Poznato za koliko u FBIH i u RS<\/title>\n<meta name=\"robots\" content=\"index, follow, max-snippet:-1, max-image-preview:large, max-video-preview:-1\" \/>\n<link rel=\"canonical\" href=\"https:\/\/tuzlainfo.ba\/index.php\/bosna-i-hercegovina\/item\/287540-nova-godina-donosi-povecanje-penzija-poznato-za-koliko-u-fbih-i-u-rs\/\" \/>\n<meta property=\"og:locale\" content=\"bs_BA\" \/>\n<meta property=\"og:type\" content=\"article\" \/>\n<meta property=\"og:title\" content=\"Nova godina donosi pove\u0107anje penzija: Poznato za koliko u FBIH i u RS\" \/>\n<meta property=\"og:description\" content=\"Vrijeme isti\u010de za usvajanje novog Zakona o penzijskom i invalidskom osiguranju Federacije BiH, koji bi penzionerima mogao donijeti pove\u0107anje primanja za oko 17 posto. Da bi novi obra\u010dun penzija mogao stupiti na snagu od 1. januara, zakon mora biti usvojen najkasnije do kraja ove godine. To je razlog zbog kojeg penzioneri ovih dana s posebnom [&hellip;]\" \/>\n<meta property=\"og:url\" content=\"https:\/\/tuzlainfo.ba\/index.php\/bosna-i-hercegovina\/item\/287540-nova-godina-donosi-povecanje-penzija-poznato-za-koliko-u-fbih-i-u-rs\/\" \/>\n<meta property=\"og:site_name\" content=\"TuzlaInfo.ba\" \/>\n<meta property=\"article:publisher\" content=\"https:\/\/www.facebook.com\/tuzlainfo.ba\/\" \/>\n<meta property=\"article:published_time\" content=\"2025-11-26T19:03:38+00:00\" \/>\n<meta property=\"article:modified_time\" content=\"2025-11-26T20:27:05+00:00\" \/>\n<meta property=\"og:image\" content=\"https:\/\/tuzlainfo.ba\/wp-content\/uploads\/2018\/08\/sadrzaj_2018_20180801_1608_novac.jpg\" \/>\n\t<meta property=\"og:image:width\" content=\"770\" \/>\n\t<meta property=\"og:image:height\" content=\"513\" \/>\n\t<meta property=\"og:image:type\" content=\"image\/jpeg\" \/>\n<meta name=\"author\" content=\"nedim\" \/>\n<meta name=\"twitter:card\" content=\"summary_large_image\" \/>\n<meta name=\"twitter:label1\" content=\"Written by\" \/>\n\t<meta name=\"twitter:data1\" content=\"nedim\" \/>\n\t<meta name=\"twitter:label2\" content=\"Est. reading time\" \/>\n\t<meta name=\"twitter:data2\" content=\"4 minute\" \/>\n<script type=\"application\/ld+json\" class=\"yoast-schema-graph\">{\"@context\":\"https:\\\/\\\/schema.org\",\"@graph\":[{\"@type\":\"Article\",\"@id\":\"https:\\\/\\\/tuzlainfo.ba\\\/index.php\\\/bosna-i-hercegovina\\\/item\\\/287540-nova-godina-donosi-povecanje-penzija-poznato-za-koliko-u-fbih-i-u-rs\\\/#article\",\"isPartOf\":{\"@id\":\"https:\\\/\\\/tuzlainfo.ba\\\/index.php\\\/bosna-i-hercegovina\\\/item\\\/287540-nova-godina-donosi-povecanje-penzija-poznato-za-koliko-u-fbih-i-u-rs\\\/\"},\"author\":{\"name\":\"nedim\",\"@id\":\"https:\\\/\\\/tuzlainfo.ba\\\/#\\\/schema\\\/person\\\/f434e20dc27ea133923aab08451b7f7f\"},\"headline\":\"Nova godina donosi pove\u0107anje penzija: Poznato za koliko u FBIH i u RS\",\"datePublished\":\"2025-11-26T19:03:38+00:00\",\"dateModified\":\"2025-11-26T20:27:05+00:00\",\"mainEntityOfPage\":{\"@id\":\"https:\\\/\\\/tuzlainfo.ba\\\/index.php\\\/bosna-i-hercegovina\\\/item\\\/287540-nova-godina-donosi-povecanje-penzija-poznato-za-koliko-u-fbih-i-u-rs\\\/\"},\"wordCount\":611,\"publisher\":{\"@id\":\"https:\\\/\\\/tuzlainfo.ba\\\/#organization\"},\"image\":{\"@id\":\"https:\\\/\\\/tuzlainfo.ba\\\/index.php\\\/bosna-i-hercegovina\\\/item\\\/287540-nova-godina-donosi-povecanje-penzija-poznato-za-koliko-u-fbih-i-u-rs\\\/#primaryimage\"},\"thumbnailUrl\":\"https:\\\/\\\/tuzlainfo.ba\\\/wp-content\\\/uploads\\\/2018\\\/08\\\/sadrzaj_2018_20180801_1608_novac.jpg\",\"keywords\":[\"penzija\",\"povecanje penzija\"],\"articleSection\":[\"Bosna i Hercegovina\",\"Istaknuto\",\"Preporu\u010dujemo\"],\"inLanguage\":\"bs-BA\",\"copyrightYear\":\"2025\",\"copyrightHolder\":{\"@id\":\"https:\\\/\\\/tuzlainfo.ba\\\/#organization\"}},{\"@type\":\"WebPage\",\"@id\":\"https:\\\/\\\/tuzlainfo.ba\\\/index.php\\\/bosna-i-hercegovina\\\/item\\\/287540-nova-godina-donosi-povecanje-penzija-poznato-za-koliko-u-fbih-i-u-rs\\\/\",\"url\":\"https:\\\/\\\/tuzlainfo.ba\\\/index.php\\\/bosna-i-hercegovina\\\/item\\\/287540-nova-godina-donosi-povecanje-penzija-poznato-za-koliko-u-fbih-i-u-rs\\\/\",\"name\":\"Nova godina donosi pove\u0107anje penzija: Poznato za koliko u FBIH i u RS\",\"isPartOf\":{\"@id\":\"https:\\\/\\\/tuzlainfo.ba\\\/#website\"},\"primaryImageOfPage\":{\"@id\":\"https:\\\/\\\/tuzlainfo.ba\\\/index.php\\\/bosna-i-hercegovina\\\/item\\\/287540-nova-godina-donosi-povecanje-penzija-poznato-za-koliko-u-fbih-i-u-rs\\\/#primaryimage\"},\"image\":{\"@id\":\"https:\\\/\\\/tuzlainfo.ba\\\/index.php\\\/bosna-i-hercegovina\\\/item\\\/287540-nova-godina-donosi-povecanje-penzija-poznato-za-koliko-u-fbih-i-u-rs\\\/#primaryimage\"},\"thumbnailUrl\":\"https:\\\/\\\/tuzlainfo.ba\\\/wp-content\\\/uploads\\\/2018\\\/08\\\/sadrzaj_2018_20180801_1608_novac.jpg\",\"datePublished\":\"2025-11-26T19:03:38+00:00\",\"dateModified\":\"2025-11-26T20:27:05+00:00\",\"breadcrumb\":{\"@id\":\"https:\\\/\\\/tuzlainfo.ba\\\/index.php\\\/bosna-i-hercegovina\\\/item\\\/287540-nova-godina-donosi-povecanje-penzija-poznato-za-koliko-u-fbih-i-u-rs\\\/#breadcrumb\"},\"inLanguage\":\"bs-BA\",\"potentialAction\":[{\"@type\":\"ReadAction\",\"target\":[\"https:\\\/\\\/tuzlainfo.ba\\\/index.php\\\/bosna-i-hercegovina\\\/item\\\/287540-nova-godina-donosi-povecanje-penzija-poznato-za-koliko-u-fbih-i-u-rs\\\/\"]}]},{\"@type\":\"ImageObject\",\"inLanguage\":\"bs-BA\",\"@id\":\"https:\\\/\\\/tuzlainfo.ba\\\/index.php\\\/bosna-i-hercegovina\\\/item\\\/287540-nova-godina-donosi-povecanje-penzija-poznato-za-koliko-u-fbih-i-u-rs\\\/#primaryimage\",\"url\":\"https:\\\/\\\/tuzlainfo.ba\\\/wp-content\\\/uploads\\\/2018\\\/08\\\/sadrzaj_2018_20180801_1608_novac.jpg\",\"contentUrl\":\"https:\\\/\\\/tuzlainfo.ba\\\/wp-content\\\/uploads\\\/2018\\\/08\\\/sadrzaj_2018_20180801_1608_novac.jpg\",\"width\":770,\"height\":513,\"caption\":\"1608 novac\"},{\"@type\":\"BreadcrumbList\",\"@id\":\"https:\\\/\\\/tuzlainfo.ba\\\/index.php\\\/bosna-i-hercegovina\\\/item\\\/287540-nova-godina-donosi-povecanje-penzija-poznato-za-koliko-u-fbih-i-u-rs\\\/#breadcrumb\",\"itemListElement\":[{\"@type\":\"ListItem\",\"position\":1,\"name\":\"Home\",\"item\":\"https:\\\/\\\/tuzlainfo.ba\\\/\"},{\"@type\":\"ListItem\",\"position\":2,\"name\":\"Nova godina donosi pove\u0107anje penzija: Poznato za koliko u FBIH i u RS\"}]},{\"@type\":\"WebSite\",\"@id\":\"https:\\\/\\\/tuzlainfo.ba\\\/#website\",\"url\":\"https:\\\/\\\/tuzlainfo.ba\\\/\",\"name\":\"TuzlaInfo.ba\",\"description\":\"Tuzla info, gradski informator - Tuzla na dlanu\",\"publisher\":{\"@id\":\"https:\\\/\\\/tuzlainfo.ba\\\/#organization\"},\"potentialAction\":[{\"@type\":\"SearchAction\",\"target\":{\"@type\":\"EntryPoint\",\"urlTemplate\":\"https:\\\/\\\/tuzlainfo.ba\\\/?s={search_term_string}\"},\"query-input\":{\"@type\":\"PropertyValueSpecification\",\"valueRequired\":true,\"valueName\":\"search_term_string\"}}],\"inLanguage\":\"bs-BA\"},{\"@type\":\"Organization\",\"@id\":\"https:\\\/\\\/tuzlainfo.ba\\\/#organization\",\"name\":\"TuzlaInfo.ba\",\"url\":\"https:\\\/\\\/tuzlainfo.ba\\\/\",\"logo\":{\"@type\":\"ImageObject\",\"inLanguage\":\"bs-BA\",\"@id\":\"https:\\\/\\\/tuzlainfo.ba\\\/#\\\/schema\\\/logo\\\/image\\\/\",\"url\":\"https:\\\/\\\/tuzlainfo.ba\\\/wp-content\\\/uploads\\\/2021\\\/03\\\/logo-ver-3-1.png\",\"contentUrl\":\"https:\\\/\\\/tuzlainfo.ba\\\/wp-content\\\/uploads\\\/2021\\\/03\\\/logo-ver-3-1.png\",\"width\":350,\"height\":95,\"caption\":\"TuzlaInfo.ba\"},\"image\":{\"@id\":\"https:\\\/\\\/tuzlainfo.ba\\\/#\\\/schema\\\/logo\\\/image\\\/\"},\"sameAs\":[\"https:\\\/\\\/www.facebook.com\\\/tuzlainfo.ba\\\/\"]},{\"@type\":\"Person\",\"@id\":\"https:\\\/\\\/tuzlainfo.ba\\\/#\\\/schema\\\/person\\\/f434e20dc27ea133923aab08451b7f7f\",\"name\":\"nedim\",\"image\":{\"@type\":\"ImageObject\",\"inLanguage\":\"bs-BA\",\"@id\":\"https:\\\/\\\/secure.gravatar.com\\\/avatar\\\/5b928a2e7e70a54208d2eb6c1edcb75a5350d6ae97d5f0a701203d456823f6f3?s=96&d=mm&r=g\",\"url\":\"https:\\\/\\\/secure.gravatar.com\\\/avatar\\\/5b928a2e7e70a54208d2eb6c1edcb75a5350d6ae97d5f0a701203d456823f6f3?s=96&d=mm&r=g\",\"contentUrl\":\"https:\\\/\\\/secure.gravatar.com\\\/avatar\\\/5b928a2e7e70a54208d2eb6c1edcb75a5350d6ae97d5f0a701203d456823f6f3?s=96&d=mm&r=g\",\"caption\":\"nedim\"},\"description\":\"Tuzlainfo.ba pratite na dru\u0161tvenim mre\u017eama: Facebook, Instagram i Youtube. Svoje pri\u010de, upite i fotografije \u0161aljite na na\u0161u e-mail adresu.\"}]}<\/script>\n<!-- \/ Yoast SEO plugin. -->","yoast_head_json":{"title":"Nova godina donosi pove\u0107anje penzija: Poznato za koliko u FBIH i u RS","robots":{"index":"index","follow":"follow","max-snippet":"max-snippet:-1","max-image-preview":"max-image-preview:large","max-video-preview":"max-video-preview:-1"},"canonical":"https:\/\/tuzlainfo.ba\/index.php\/bosna-i-hercegovina\/item\/287540-nova-godina-donosi-povecanje-penzija-poznato-za-koliko-u-fbih-i-u-rs\/","og_locale":"bs_BA","og_type":"article","og_title":"Nova godina donosi pove\u0107anje penzija: Poznato za koliko u FBIH i u RS","og_description":"Vrijeme isti\u010de za usvajanje novog Zakona o penzijskom i invalidskom osiguranju Federacije BiH, koji bi penzionerima mogao donijeti pove\u0107anje primanja za oko 17 posto. Da bi novi obra\u010dun penzija mogao stupiti na snagu od 1. januara, zakon mora biti usvojen najkasnije do kraja ove godine. To je razlog zbog kojeg penzioneri ovih dana s posebnom [&hellip;]","og_url":"https:\/\/tuzlainfo.ba\/index.php\/bosna-i-hercegovina\/item\/287540-nova-godina-donosi-povecanje-penzija-poznato-za-koliko-u-fbih-i-u-rs\/","og_site_name":"TuzlaInfo.ba","article_publisher":"https:\/\/www.facebook.com\/tuzlainfo.ba\/","article_published_time":"2025-11-26T19:03:38+00:00","article_modified_time":"2025-11-26T20:27:05+00:00","og_image":[{"width":770,"height":513,"url":"https:\/\/tuzlainfo.ba\/wp-content\/uploads\/2018\/08\/sadrzaj_2018_20180801_1608_novac.jpg","type":"image\/jpeg"}],"author":"nedim","twitter_card":"summary_large_image","twitter_misc":{"Written by":"nedim","Est. reading time":"4 minute"},"schema":{"@context":"https:\/\/schema.org","@graph":[{"@type":"Article","@id":"https:\/\/tuzlainfo.ba\/index.php\/bosna-i-hercegovina\/item\/287540-nova-godina-donosi-povecanje-penzija-poznato-za-koliko-u-fbih-i-u-rs\/#article","isPartOf":{"@id":"https:\/\/tuzlainfo.ba\/index.php\/bosna-i-hercegovina\/item\/287540-nova-godina-donosi-povecanje-penzija-poznato-za-koliko-u-fbih-i-u-rs\/"},"author":{"name":"nedim","@id":"https:\/\/tuzlainfo.ba\/#\/schema\/person\/f434e20dc27ea133923aab08451b7f7f"},"headline":"Nova godina donosi pove\u0107anje penzija: Poznato za koliko u FBIH i u RS","datePublished":"2025-11-26T19:03:38+00:00","dateModified":"2025-11-26T20:27:05+00:00","mainEntityOfPage":{"@id":"https:\/\/tuzlainfo.ba\/index.php\/bosna-i-hercegovina\/item\/287540-nova-godina-donosi-povecanje-penzija-poznato-za-koliko-u-fbih-i-u-rs\/"},"wordCount":611,"publisher":{"@id":"https:\/\/tuzlainfo.ba\/#organization"},"image":{"@id":"https:\/\/tuzlainfo.ba\/index.php\/bosna-i-hercegovina\/item\/287540-nova-godina-donosi-povecanje-penzija-poznato-za-koliko-u-fbih-i-u-rs\/#primaryimage"},"thumbnailUrl":"https:\/\/tuzlainfo.ba\/wp-content\/uploads\/2018\/08\/sadrzaj_2018_20180801_1608_novac.jpg","keywords":["penzija","povecanje penzija"],"articleSection":["Bosna i Hercegovina","Istaknuto","Preporu\u010dujemo"],"inLanguage":"bs-BA","copyrightYear":"2025","copyrightHolder":{"@id":"https:\/\/tuzlainfo.ba\/#organization"}},{"@type":"WebPage","@id":"https:\/\/tuzlainfo.ba\/index.php\/bosna-i-hercegovina\/item\/287540-nova-godina-donosi-povecanje-penzija-poznato-za-koliko-u-fbih-i-u-rs\/","url":"https:\/\/tuzlainfo.ba\/index.php\/bosna-i-hercegovina\/item\/287540-nova-godina-donosi-povecanje-penzija-poznato-za-koliko-u-fbih-i-u-rs\/","name":"Nova godina donosi pove\u0107anje penzija: Poznato za koliko u FBIH i u RS","isPartOf":{"@id":"https:\/\/tuzlainfo.ba\/#website"},"primaryImageOfPage":{"@id":"https:\/\/tuzlainfo.ba\/index.php\/bosna-i-hercegovina\/item\/287540-nova-godina-donosi-povecanje-penzija-poznato-za-koliko-u-fbih-i-u-rs\/#primaryimage"},"image":{"@id":"https:\/\/tuzlainfo.ba\/index.php\/bosna-i-hercegovina\/item\/287540-nova-godina-donosi-povecanje-penzija-poznato-za-koliko-u-fbih-i-u-rs\/#primaryimage"},"thumbnailUrl":"https:\/\/tuzlainfo.ba\/wp-content\/uploads\/2018\/08\/sadrzaj_2018_20180801_1608_novac.jpg","datePublished":"2025-11-26T19:03:38+00:00","dateModified":"2025-11-26T20:27:05+00:00","breadcrumb":{"@id":"https:\/\/tuzlainfo.ba\/index.php\/bosna-i-hercegovina\/item\/287540-nova-godina-donosi-povecanje-penzija-poznato-za-koliko-u-fbih-i-u-rs\/#breadcrumb"},"inLanguage":"bs-BA","potentialAction":[{"@type":"ReadAction","target":["https:\/\/tuzlainfo.ba\/index.php\/bosna-i-hercegovina\/item\/287540-nova-godina-donosi-povecanje-penzija-poznato-za-koliko-u-fbih-i-u-rs\/"]}]},{"@type":"ImageObject","inLanguage":"bs-BA","@id":"https:\/\/tuzlainfo.ba\/index.php\/bosna-i-hercegovina\/item\/287540-nova-godina-donosi-povecanje-penzija-poznato-za-koliko-u-fbih-i-u-rs\/#primaryimage","url":"https:\/\/tuzlainfo.ba\/wp-content\/uploads\/2018\/08\/sadrzaj_2018_20180801_1608_novac.jpg","contentUrl":"https:\/\/tuzlainfo.ba\/wp-content\/uploads\/2018\/08\/sadrzaj_2018_20180801_1608_novac.jpg","width":770,"height":513,"caption":"1608 novac"},{"@type":"BreadcrumbList","@id":"https:\/\/tuzlainfo.ba\/index.php\/bosna-i-hercegovina\/item\/287540-nova-godina-donosi-povecanje-penzija-poznato-za-koliko-u-fbih-i-u-rs\/#breadcrumb","itemListElement":[{"@type":"ListItem","position":1,"name":"Home","item":"https:\/\/tuzlainfo.ba\/"},{"@type":"ListItem","position":2,"name":"Nova godina donosi pove\u0107anje penzija: Poznato za koliko u FBIH i u RS"}]},{"@type":"WebSite","@id":"https:\/\/tuzlainfo.ba\/#website","url":"https:\/\/tuzlainfo.ba\/","name":"TuzlaInfo.ba","description":"Tuzla info, gradski informator - Tuzla na dlanu","publisher":{"@id":"https:\/\/tuzlainfo.ba\/#organization"},"potentialAction":[{"@type":"SearchAction","target":{"@type":"EntryPoint","urlTemplate":"https:\/\/tuzlainfo.ba\/?s={search_term_string}"},"query-input":{"@type":"PropertyValueSpecification","valueRequired":true,"valueName":"search_term_string"}}],"inLanguage":"bs-BA"},{"@type":"Organization","@id":"https:\/\/tuzlainfo.ba\/#organization","name":"TuzlaInfo.ba","url":"https:\/\/tuzlainfo.ba\/","logo":{"@type":"ImageObject","inLanguage":"bs-BA","@id":"https:\/\/tuzlainfo.ba\/#\/schema\/logo\/image\/","url":"https:\/\/tuzlainfo.ba\/wp-content\/uploads\/2021\/03\/logo-ver-3-1.png","contentUrl":"https:\/\/tuzlainfo.ba\/wp-content\/uploads\/2021\/03\/logo-ver-3-1.png","width":350,"height":95,"caption":"TuzlaInfo.ba"},"image":{"@id":"https:\/\/tuzlainfo.ba\/#\/schema\/logo\/image\/"},"sameAs":["https:\/\/www.facebook.com\/tuzlainfo.ba\/"]},{"@type":"Person","@id":"https:\/\/tuzlainfo.ba\/#\/schema\/person\/f434e20dc27ea133923aab08451b7f7f","name":"nedim","image":{"@type":"ImageObject","inLanguage":"bs-BA","@id":"https:\/\/secure.gravatar.com\/avatar\/5b928a2e7e70a54208d2eb6c1edcb75a5350d6ae97d5f0a701203d456823f6f3?s=96&d=mm&r=g","url":"https:\/\/secure.gravatar.com\/avatar\/5b928a2e7e70a54208d2eb6c1edcb75a5350d6ae97d5f0a701203d456823f6f3?s=96&d=mm&r=g","contentUrl":"https:\/\/secure.gravatar.com\/avatar\/5b928a2e7e70a54208d2eb6c1edcb75a5350d6ae97d5f0a701203d456823f6f3?s=96&d=mm&r=g","caption":"nedim"},"description":"Tuzlainfo.ba pratite na dru\u0161tvenim mre\u017eama: Facebook, Instagram i Youtube. Svoje pri\u010de, upite i fotografije \u0161aljite na na\u0161u e-mail adresu."}]}},"_links":{"self":[{"href":"https:\/\/tuzlainfo.ba\/index.php\/wp-json\/wp\/v2\/posts\/287540","targetHints":{"allow":["GET"]}}],"collection":[{"href":"https:\/\/tuzlainfo.ba\/index.php\/wp-json\/wp\/v2\/posts"}],"about":[{"href":"https:\/\/tuzlainfo.ba\/index.php\/wp-json\/wp\/v2\/types\/post"}],"author":[{"embeddable":true,"href":"https:\/\/tuzlainfo.ba\/index.php\/wp-json\/wp\/v2\/users\/2"}],"replies":[{"embeddable":true,"href":"https:\/\/tuzlainfo.ba\/index.php\/wp-json\/wp\/v2\/comments?post=287540"}],"version-history":[{"count":2,"href":"https:\/\/tuzlainfo.ba\/index.php\/wp-json\/wp\/v2\/posts\/287540\/revisions"}],"predecessor-version":[{"id":287544,"href":"https:\/\/tuzlainfo.ba\/index.php\/wp-json\/wp\/v2\/posts\/287540\/revisions\/287544"}],"wp:featuredmedia":[{"embeddable":true,"href":"https:\/\/tuzlainfo.ba\/index.php\/wp-json\/wp\/v2\/media\/63456"}],"wp:attachment":[{"href":"https:\/\/tuzlainfo.ba\/index.php\/wp-json\/wp\/v2\/media?parent=287540"}],"wp:term":[{"taxonomy":"category","embeddable":true,"href":"https:\/\/tuzlainfo.ba\/index.php\/wp-json\/wp\/v2\/categories?post=287540"},{"taxonomy":"post_tag","embeddable":true,"href":"https:\/\/tuzlainfo.ba\/index.php\/wp-json\/wp\/v2\/tags?post=287540"}],"curies":[{"name":"wp","href":"https:\/\/api.w.org\/{rel}","templated":true}]}}