{"id":287524,"date":"2025-11-26T19:15:55","date_gmt":"2025-11-26T18:15:55","guid":{"rendered":"https:\/\/tuzlainfo.ba\/?p=287524"},"modified":"2025-11-26T14:42:49","modified_gmt":"2025-11-26T13:42:49","slug":"tuzla-kolektivna-izlozba-slana-soba-otvorena-povodom-dana-drzavnosti-bih","status":"publish","type":"post","link":"https:\/\/tuzlainfo.ba\/index.php\/najava-dogadaja-2\/item\/287524-tuzla-kolektivna-izlozba-slana-soba-otvorena-povodom-dana-drzavnosti-bih\/","title":{"rendered":"Tuzla: Kolektivna izlo\u017eba \u201cSlana soba\u201d otvorena povodom Dana dr\u017eavnosti BiH"},"content":{"rendered":"<p data-start=\"128\" data-end=\"394\">U \u010detvrtak, 27. novembra 2025. godine u 19:00 sati, u foajeu Me\u0111unarodne galerije portreta Tuzla (II tuzlanske brigade 13), bit \u0107e sve\u010dano otvorena kolektivna izlo\u017eba \u201cSlana soba\u201d, posve\u0107ena tuzlanskim umjetnicima i povodom Dana dr\u017eavnosti Bosne i Hercegovine.<\/p>\n<p data-start=\"396\" data-end=\"883\">Na izlo\u017ebi \u0107e se predstaviti umjetnici ro\u0111eni u Tuzli ili oni koji trenutno \u017eive i rade u gradu, a koji su zavr\u0161ili doma\u0107e i strane likovne akademije u periodu od 1999. do 2022. godine. Cilj izlo\u017ebe je okupiti mla\u0111e generacije umjetnika, predstaviti njihov aktuelni rad publici, te evocirati uspomene i odati priznanje najranijim generacijama tuzlanskih umjetnika i Dru\u0161tvu likovnih umjetnika Tuzla, koji su 60-ih godina pro\u0161log stolje\u0107a zapo\u010deli tradiciju kolektivnih izlo\u017ebi u gradu.<\/p>\n<p data-start=\"885\" data-end=\"1215\">Na izlo\u017ebi \u0107e biti predstavljeni radovi Alekandra Markovi\u0107a, Borisa Peji\u0107a, Damira Hasi\u0107a, Edine Seleskovi\u0107, Marine Trogrli\u0107, Merime Turbi\u0107 Mahmutovi\u0107, Merime Ibri\u0161imovi\u0107, Mirze Ribi\u0107a, Milice Bilanovi\u0107, Muhameda Begi\u0107a, Samira Sufija, Samre Krune\u0161i\u0107, Sulje Trbali\u0107a, Vesne Teodosi\u0107, kao i radovi nedavno preminule Samije Ma\u0161i\u0107.<\/p>\n<p data-start=\"1217\" data-end=\"1320\">Izlo\u017eba \u201cSlana soba\u201d ostaje otvorena do kraja 2025. godine, a ulaz je slobodan za sve posjetioce.<\/p>\n","protected":false},"excerpt":{"rendered":"<p>U \u010detvrtak, 27. novembra 2025. godine u 19:00 sati, u foajeu Me\u0111unarodne galerije portreta Tuzla&hellip;<\/p>\n","protected":false},"author":4,"featured_media":71896,"comment_status":"closed","ping_status":"closed","sticky":false,"template":"","format":"standard","meta":{"_acf_changed":false,"footnotes":""},"categories":[11],"tags":[13065],"acf":[],"yoast_head":"<!-- This site is optimized with the Yoast SEO plugin v23.5 - https:\/\/yoast.com\/wordpress\/plugins\/seo\/ -->\n<title>Tuzla: Kolektivna izlo\u017eba \u201cSlana soba\u201d otvorena povodom Dana dr\u017eavnosti BiH - TuzlaInfo.ba<\/title>\n<meta name=\"robots\" content=\"index, follow, max-snippet:-1, max-image-preview:large, max-video-preview:-1\" \/>\n<link rel=\"canonical\" href=\"https:\/\/tuzlainfo.ba\/index.php\/najava-dogadaja-2\/item\/287524-tuzla-kolektivna-izlozba-slana-soba-otvorena-povodom-dana-drzavnosti-bih\/\" \/>\n<meta property=\"og:locale\" content=\"bs_BA\" \/>\n<meta property=\"og:type\" content=\"article\" \/>\n<meta property=\"og:title\" content=\"Tuzla: Kolektivna izlo\u017eba \u201cSlana soba\u201d otvorena povodom Dana dr\u017eavnosti BiH - TuzlaInfo.ba\" \/>\n<meta property=\"og:description\" content=\"U \u010detvrtak, 27. novembra 2025. godine u 19:00 sati, u foajeu Me\u0111unarodne galerije portreta Tuzla&hellip;\" \/>\n<meta property=\"og:url\" content=\"https:\/\/tuzlainfo.ba\/index.php\/najava-dogadaja-2\/item\/287524-tuzla-kolektivna-izlozba-slana-soba-otvorena-povodom-dana-drzavnosti-bih\/\" \/>\n<meta property=\"og:site_name\" content=\"TuzlaInfo.ba\" \/>\n<meta property=\"article:publisher\" content=\"https:\/\/www.facebook.com\/tuzlainfo.ba\/\" \/>\n<meta property=\"article:published_time\" content=\"2025-11-26T18:15:55+00:00\" \/>\n<meta property=\"article:modified_time\" content=\"2025-11-26T13:42:49+00:00\" \/>\n<meta property=\"og:image\" content=\"https:\/\/tuzlainfo.ba\/wp-content\/uploads\/2019\/07\/sadrzaj_2019_20190701_2407_galerija.jpg\" \/>\n\t<meta property=\"og:image:width\" content=\"770\" \/>\n\t<meta property=\"og:image:height\" content=\"470\" \/>\n\t<meta property=\"og:image:type\" content=\"image\/jpeg\" \/>\n<meta name=\"author\" content=\"Tuzla Info\" \/>\n<meta name=\"twitter:card\" content=\"summary_large_image\" \/>\n<meta name=\"twitter:label1\" content=\"Written by\" \/>\n\t<meta name=\"twitter:data1\" content=\"Tuzla Info\" \/>\n\t<meta name=\"twitter:label2\" content=\"Est. reading time\" \/>\n\t<meta name=\"twitter:data2\" content=\"2 minute\" \/>\n<script type=\"application\/ld+json\" class=\"yoast-schema-graph\">{\"@context\":\"https:\/\/schema.org\",\"@graph\":[{\"@type\":\"Article\",\"@id\":\"https:\/\/tuzlainfo.ba\/index.php\/najava-dogadaja-2\/item\/287524-tuzla-kolektivna-izlozba-slana-soba-otvorena-povodom-dana-drzavnosti-bih\/#article\",\"isPartOf\":{\"@id\":\"https:\/\/tuzlainfo.ba\/index.php\/najava-dogadaja-2\/item\/287524-tuzla-kolektivna-izlozba-slana-soba-otvorena-povodom-dana-drzavnosti-bih\/\"},\"author\":{\"name\":\"Tuzla Info\",\"@id\":\"https:\/\/tuzlainfo.ba\/#\/schema\/person\/46cad4c57790cbc50781edd14870825a\"},\"headline\":\"Tuzla: Kolektivna izlo\u017eba \u201cSlana soba\u201d otvorena povodom Dana dr\u017eavnosti BiH\",\"datePublished\":\"2025-11-26T18:15:55+00:00\",\"dateModified\":\"2025-11-26T13:42:49+00:00\",\"mainEntityOfPage\":{\"@id\":\"https:\/\/tuzlainfo.ba\/index.php\/najava-dogadaja-2\/item\/287524-tuzla-kolektivna-izlozba-slana-soba-otvorena-povodom-dana-drzavnosti-bih\/\"},\"wordCount\":200,\"publisher\":{\"@id\":\"https:\/\/tuzlainfo.ba\/#organization\"},\"image\":{\"@id\":\"https:\/\/tuzlainfo.ba\/index.php\/najava-dogadaja-2\/item\/287524-tuzla-kolektivna-izlozba-slana-soba-otvorena-povodom-dana-drzavnosti-bih\/#primaryimage\"},\"thumbnailUrl\":\"https:\/\/tuzlainfo.ba\/wp-content\/uploads\/2019\/07\/sadrzaj_2019_20190701_2407_galerija.jpg\",\"keywords\":[\"slana soba\"],\"articleSection\":[\"Najave i doga\u0111aji\"],\"inLanguage\":\"bs-BA\"},{\"@type\":\"WebPage\",\"@id\":\"https:\/\/tuzlainfo.ba\/index.php\/najava-dogadaja-2\/item\/287524-tuzla-kolektivna-izlozba-slana-soba-otvorena-povodom-dana-drzavnosti-bih\/\",\"url\":\"https:\/\/tuzlainfo.ba\/index.php\/najava-dogadaja-2\/item\/287524-tuzla-kolektivna-izlozba-slana-soba-otvorena-povodom-dana-drzavnosti-bih\/\",\"name\":\"Tuzla: Kolektivna izlo\u017eba \u201cSlana soba\u201d otvorena povodom Dana dr\u017eavnosti BiH - TuzlaInfo.ba\",\"isPartOf\":{\"@id\":\"https:\/\/tuzlainfo.ba\/#website\"},\"primaryImageOfPage\":{\"@id\":\"https:\/\/tuzlainfo.ba\/index.php\/najava-dogadaja-2\/item\/287524-tuzla-kolektivna-izlozba-slana-soba-otvorena-povodom-dana-drzavnosti-bih\/#primaryimage\"},\"image\":{\"@id\":\"https:\/\/tuzlainfo.ba\/index.php\/najava-dogadaja-2\/item\/287524-tuzla-kolektivna-izlozba-slana-soba-otvorena-povodom-dana-drzavnosti-bih\/#primaryimage\"},\"thumbnailUrl\":\"https:\/\/tuzlainfo.ba\/wp-content\/uploads\/2019\/07\/sadrzaj_2019_20190701_2407_galerija.jpg\",\"datePublished\":\"2025-11-26T18:15:55+00:00\",\"dateModified\":\"2025-11-26T13:42:49+00:00\",\"breadcrumb\":{\"@id\":\"https:\/\/tuzlainfo.ba\/index.php\/najava-dogadaja-2\/item\/287524-tuzla-kolektivna-izlozba-slana-soba-otvorena-povodom-dana-drzavnosti-bih\/#breadcrumb\"},\"inLanguage\":\"bs-BA\",\"potentialAction\":[{\"@type\":\"ReadAction\",\"target\":[\"https:\/\/tuzlainfo.ba\/index.php\/najava-dogadaja-2\/item\/287524-tuzla-kolektivna-izlozba-slana-soba-otvorena-povodom-dana-drzavnosti-bih\/\"]}]},{\"@type\":\"ImageObject\",\"inLanguage\":\"bs-BA\",\"@id\":\"https:\/\/tuzlainfo.ba\/index.php\/najava-dogadaja-2\/item\/287524-tuzla-kolektivna-izlozba-slana-soba-otvorena-povodom-dana-drzavnosti-bih\/#primaryimage\",\"url\":\"https:\/\/tuzlainfo.ba\/wp-content\/uploads\/2019\/07\/sadrzaj_2019_20190701_2407_galerija.jpg\",\"contentUrl\":\"https:\/\/tuzlainfo.ba\/wp-content\/uploads\/2019\/07\/sadrzaj_2019_20190701_2407_galerija.jpg\",\"width\":770,\"height\":470,\"caption\":\"2407 galerija\"},{\"@type\":\"BreadcrumbList\",\"@id\":\"https:\/\/tuzlainfo.ba\/index.php\/najava-dogadaja-2\/item\/287524-tuzla-kolektivna-izlozba-slana-soba-otvorena-povodom-dana-drzavnosti-bih\/#breadcrumb\",\"itemListElement\":[{\"@type\":\"ListItem\",\"position\":1,\"name\":\"Home\",\"item\":\"https:\/\/tuzlainfo.ba\/\"},{\"@type\":\"ListItem\",\"position\":2,\"name\":\"Tuzla: Kolektivna izlo\u017eba \u201cSlana soba\u201d otvorena povodom Dana dr\u017eavnosti BiH\"}]},{\"@type\":\"WebSite\",\"@id\":\"https:\/\/tuzlainfo.ba\/#website\",\"url\":\"https:\/\/tuzlainfo.ba\/\",\"name\":\"TuzlaInfo.ba\",\"description\":\"Tuzla info, gradski informator - Tuzla na dlanu\",\"publisher\":{\"@id\":\"https:\/\/tuzlainfo.ba\/#organization\"},\"potentialAction\":[{\"@type\":\"SearchAction\",\"target\":{\"@type\":\"EntryPoint\",\"urlTemplate\":\"https:\/\/tuzlainfo.ba\/?s={search_term_string}\"},\"query-input\":{\"@type\":\"PropertyValueSpecification\",\"valueRequired\":true,\"valueName\":\"search_term_string\"}}],\"inLanguage\":\"bs-BA\"},{\"@type\":\"Organization\",\"@id\":\"https:\/\/tuzlainfo.ba\/#organization\",\"name\":\"TuzlaInfo.ba\",\"url\":\"https:\/\/tuzlainfo.ba\/\",\"logo\":{\"@type\":\"ImageObject\",\"inLanguage\":\"bs-BA\",\"@id\":\"https:\/\/tuzlainfo.ba\/#\/schema\/logo\/image\/\",\"url\":\"https:\/\/tuzlainfo.ba\/wp-content\/uploads\/2021\/03\/logo-ver-3-1.png\",\"contentUrl\":\"https:\/\/tuzlainfo.ba\/wp-content\/uploads\/2021\/03\/logo-ver-3-1.png\",\"width\":350,\"height\":95,\"caption\":\"TuzlaInfo.ba\"},\"image\":{\"@id\":\"https:\/\/tuzlainfo.ba\/#\/schema\/logo\/image\/\"},\"sameAs\":[\"https:\/\/www.facebook.com\/tuzlainfo.ba\/\"]},{\"@type\":\"Person\",\"@id\":\"https:\/\/tuzlainfo.ba\/#\/schema\/person\/46cad4c57790cbc50781edd14870825a\",\"name\":\"Tuzla Info\",\"image\":{\"@type\":\"ImageObject\",\"inLanguage\":\"bs-BA\",\"@id\":\"https:\/\/tuzlainfo.ba\/#\/schema\/person\/image\/\",\"url\":\"https:\/\/tuzlainfo.ba\/wp-content\/litespeed\/avatar\/b6c453a6c38e3654f2e4416c643fc25c.jpg?ver=1777051911\",\"contentUrl\":\"https:\/\/tuzlainfo.ba\/wp-content\/litespeed\/avatar\/b6c453a6c38e3654f2e4416c643fc25c.jpg?ver=1777051911\",\"caption\":\"Tuzla Info\"}}]}<\/script>\n<!-- \/ Yoast SEO plugin. -->","yoast_head_json":{"title":"Tuzla: Kolektivna izlo\u017eba \u201cSlana soba\u201d otvorena povodom Dana dr\u017eavnosti BiH - TuzlaInfo.ba","robots":{"index":"index","follow":"follow","max-snippet":"max-snippet:-1","max-image-preview":"max-image-preview:large","max-video-preview":"max-video-preview:-1"},"canonical":"https:\/\/tuzlainfo.ba\/index.php\/najava-dogadaja-2\/item\/287524-tuzla-kolektivna-izlozba-slana-soba-otvorena-povodom-dana-drzavnosti-bih\/","og_locale":"bs_BA","og_type":"article","og_title":"Tuzla: Kolektivna izlo\u017eba \u201cSlana soba\u201d otvorena povodom Dana dr\u017eavnosti BiH - TuzlaInfo.ba","og_description":"U \u010detvrtak, 27. novembra 2025. godine u 19:00 sati, u foajeu Me\u0111unarodne galerije portreta Tuzla&hellip;","og_url":"https:\/\/tuzlainfo.ba\/index.php\/najava-dogadaja-2\/item\/287524-tuzla-kolektivna-izlozba-slana-soba-otvorena-povodom-dana-drzavnosti-bih\/","og_site_name":"TuzlaInfo.ba","article_publisher":"https:\/\/www.facebook.com\/tuzlainfo.ba\/","article_published_time":"2025-11-26T18:15:55+00:00","article_modified_time":"2025-11-26T13:42:49+00:00","og_image":[{"width":770,"height":470,"url":"https:\/\/tuzlainfo.ba\/wp-content\/uploads\/2019\/07\/sadrzaj_2019_20190701_2407_galerija.jpg","type":"image\/jpeg"}],"author":"Tuzla Info","twitter_card":"summary_large_image","twitter_misc":{"Written by":"Tuzla Info","Est. reading time":"2 minute"},"schema":{"@context":"https:\/\/schema.org","@graph":[{"@type":"Article","@id":"https:\/\/tuzlainfo.ba\/index.php\/najava-dogadaja-2\/item\/287524-tuzla-kolektivna-izlozba-slana-soba-otvorena-povodom-dana-drzavnosti-bih\/#article","isPartOf":{"@id":"https:\/\/tuzlainfo.ba\/index.php\/najava-dogadaja-2\/item\/287524-tuzla-kolektivna-izlozba-slana-soba-otvorena-povodom-dana-drzavnosti-bih\/"},"author":{"name":"Tuzla Info","@id":"https:\/\/tuzlainfo.ba\/#\/schema\/person\/46cad4c57790cbc50781edd14870825a"},"headline":"Tuzla: Kolektivna izlo\u017eba \u201cSlana soba\u201d otvorena povodom Dana dr\u017eavnosti BiH","datePublished":"2025-11-26T18:15:55+00:00","dateModified":"2025-11-26T13:42:49+00:00","mainEntityOfPage":{"@id":"https:\/\/tuzlainfo.ba\/index.php\/najava-dogadaja-2\/item\/287524-tuzla-kolektivna-izlozba-slana-soba-otvorena-povodom-dana-drzavnosti-bih\/"},"wordCount":200,"publisher":{"@id":"https:\/\/tuzlainfo.ba\/#organization"},"image":{"@id":"https:\/\/tuzlainfo.ba\/index.php\/najava-dogadaja-2\/item\/287524-tuzla-kolektivna-izlozba-slana-soba-otvorena-povodom-dana-drzavnosti-bih\/#primaryimage"},"thumbnailUrl":"https:\/\/tuzlainfo.ba\/wp-content\/uploads\/2019\/07\/sadrzaj_2019_20190701_2407_galerija.jpg","keywords":["slana soba"],"articleSection":["Najave i doga\u0111aji"],"inLanguage":"bs-BA"},{"@type":"WebPage","@id":"https:\/\/tuzlainfo.ba\/index.php\/najava-dogadaja-2\/item\/287524-tuzla-kolektivna-izlozba-slana-soba-otvorena-povodom-dana-drzavnosti-bih\/","url":"https:\/\/tuzlainfo.ba\/index.php\/najava-dogadaja-2\/item\/287524-tuzla-kolektivna-izlozba-slana-soba-otvorena-povodom-dana-drzavnosti-bih\/","name":"Tuzla: Kolektivna izlo\u017eba \u201cSlana soba\u201d otvorena povodom Dana dr\u017eavnosti BiH - TuzlaInfo.ba","isPartOf":{"@id":"https:\/\/tuzlainfo.ba\/#website"},"primaryImageOfPage":{"@id":"https:\/\/tuzlainfo.ba\/index.php\/najava-dogadaja-2\/item\/287524-tuzla-kolektivna-izlozba-slana-soba-otvorena-povodom-dana-drzavnosti-bih\/#primaryimage"},"image":{"@id":"https:\/\/tuzlainfo.ba\/index.php\/najava-dogadaja-2\/item\/287524-tuzla-kolektivna-izlozba-slana-soba-otvorena-povodom-dana-drzavnosti-bih\/#primaryimage"},"thumbnailUrl":"https:\/\/tuzlainfo.ba\/wp-content\/uploads\/2019\/07\/sadrzaj_2019_20190701_2407_galerija.jpg","datePublished":"2025-11-26T18:15:55+00:00","dateModified":"2025-11-26T13:42:49+00:00","breadcrumb":{"@id":"https:\/\/tuzlainfo.ba\/index.php\/najava-dogadaja-2\/item\/287524-tuzla-kolektivna-izlozba-slana-soba-otvorena-povodom-dana-drzavnosti-bih\/#breadcrumb"},"inLanguage":"bs-BA","potentialAction":[{"@type":"ReadAction","target":["https:\/\/tuzlainfo.ba\/index.php\/najava-dogadaja-2\/item\/287524-tuzla-kolektivna-izlozba-slana-soba-otvorena-povodom-dana-drzavnosti-bih\/"]}]},{"@type":"ImageObject","inLanguage":"bs-BA","@id":"https:\/\/tuzlainfo.ba\/index.php\/najava-dogadaja-2\/item\/287524-tuzla-kolektivna-izlozba-slana-soba-otvorena-povodom-dana-drzavnosti-bih\/#primaryimage","url":"https:\/\/tuzlainfo.ba\/wp-content\/uploads\/2019\/07\/sadrzaj_2019_20190701_2407_galerija.jpg","contentUrl":"https:\/\/tuzlainfo.ba\/wp-content\/uploads\/2019\/07\/sadrzaj_2019_20190701_2407_galerija.jpg","width":770,"height":470,"caption":"2407 galerija"},{"@type":"BreadcrumbList","@id":"https:\/\/tuzlainfo.ba\/index.php\/najava-dogadaja-2\/item\/287524-tuzla-kolektivna-izlozba-slana-soba-otvorena-povodom-dana-drzavnosti-bih\/#breadcrumb","itemListElement":[{"@type":"ListItem","position":1,"name":"Home","item":"https:\/\/tuzlainfo.ba\/"},{"@type":"ListItem","position":2,"name":"Tuzla: Kolektivna izlo\u017eba \u201cSlana soba\u201d otvorena povodom Dana dr\u017eavnosti BiH"}]},{"@type":"WebSite","@id":"https:\/\/tuzlainfo.ba\/#website","url":"https:\/\/tuzlainfo.ba\/","name":"TuzlaInfo.ba","description":"Tuzla info, gradski informator - Tuzla na dlanu","publisher":{"@id":"https:\/\/tuzlainfo.ba\/#organization"},"potentialAction":[{"@type":"SearchAction","target":{"@type":"EntryPoint","urlTemplate":"https:\/\/tuzlainfo.ba\/?s={search_term_string}"},"query-input":{"@type":"PropertyValueSpecification","valueRequired":true,"valueName":"search_term_string"}}],"inLanguage":"bs-BA"},{"@type":"Organization","@id":"https:\/\/tuzlainfo.ba\/#organization","name":"TuzlaInfo.ba","url":"https:\/\/tuzlainfo.ba\/","logo":{"@type":"ImageObject","inLanguage":"bs-BA","@id":"https:\/\/tuzlainfo.ba\/#\/schema\/logo\/image\/","url":"https:\/\/tuzlainfo.ba\/wp-content\/uploads\/2021\/03\/logo-ver-3-1.png","contentUrl":"https:\/\/tuzlainfo.ba\/wp-content\/uploads\/2021\/03\/logo-ver-3-1.png","width":350,"height":95,"caption":"TuzlaInfo.ba"},"image":{"@id":"https:\/\/tuzlainfo.ba\/#\/schema\/logo\/image\/"},"sameAs":["https:\/\/www.facebook.com\/tuzlainfo.ba\/"]},{"@type":"Person","@id":"https:\/\/tuzlainfo.ba\/#\/schema\/person\/46cad4c57790cbc50781edd14870825a","name":"Tuzla Info","image":{"@type":"ImageObject","inLanguage":"bs-BA","@id":"https:\/\/tuzlainfo.ba\/#\/schema\/person\/image\/","url":"https:\/\/tuzlainfo.ba\/wp-content\/litespeed\/avatar\/b6c453a6c38e3654f2e4416c643fc25c.jpg?ver=1777051911","contentUrl":"https:\/\/tuzlainfo.ba\/wp-content\/litespeed\/avatar\/b6c453a6c38e3654f2e4416c643fc25c.jpg?ver=1777051911","caption":"Tuzla Info"}}]}},"_links":{"self":[{"href":"https:\/\/tuzlainfo.ba\/index.php\/wp-json\/wp\/v2\/posts\/287524"}],"collection":[{"href":"https:\/\/tuzlainfo.ba\/index.php\/wp-json\/wp\/v2\/posts"}],"about":[{"href":"https:\/\/tuzlainfo.ba\/index.php\/wp-json\/wp\/v2\/types\/post"}],"author":[{"embeddable":true,"href":"https:\/\/tuzlainfo.ba\/index.php\/wp-json\/wp\/v2\/users\/4"}],"replies":[{"embeddable":true,"href":"https:\/\/tuzlainfo.ba\/index.php\/wp-json\/wp\/v2\/comments?post=287524"}],"version-history":[{"count":1,"href":"https:\/\/tuzlainfo.ba\/index.php\/wp-json\/wp\/v2\/posts\/287524\/revisions"}],"predecessor-version":[{"id":287526,"href":"https:\/\/tuzlainfo.ba\/index.php\/wp-json\/wp\/v2\/posts\/287524\/revisions\/287526"}],"wp:featuredmedia":[{"embeddable":true,"href":"https:\/\/tuzlainfo.ba\/index.php\/wp-json\/wp\/v2\/media\/71896"}],"wp:attachment":[{"href":"https:\/\/tuzlainfo.ba\/index.php\/wp-json\/wp\/v2\/media?parent=287524"}],"wp:term":[{"taxonomy":"category","embeddable":true,"href":"https:\/\/tuzlainfo.ba\/index.php\/wp-json\/wp\/v2\/categories?post=287524"},{"taxonomy":"post_tag","embeddable":true,"href":"https:\/\/tuzlainfo.ba\/index.php\/wp-json\/wp\/v2\/tags?post=287524"}],"curies":[{"name":"wp","href":"https:\/\/api.w.org\/{rel}","templated":true}]}}