{"id":287513,"date":"2025-11-30T21:01:59","date_gmt":"2025-11-30T20:01:59","guid":{"rendered":"https:\/\/tuzlainfo.ba\/?p=287513"},"modified":"2025-11-30T21:02:13","modified_gmt":"2025-11-30T20:02:13","slug":"drasticno-povecan-uvoz-elektricne-energije-sta-bih-najvise-izvozi","status":"publish","type":"post","link":"https:\/\/tuzlainfo.ba\/index.php\/bosna-i-hercegovina\/item\/287513-drasticno-povecan-uvoz-elektricne-energije-sta-bih-najvise-izvozi\/","title":{"rendered":"Drasti\u010dno pove\u0107an uvoz elektri\u010dne energije: \u0160ta BiH najvi\u0161e izvozi?"},"content":{"rendered":"<p>Ukupna vanjskotrgovinska razmjena Bosne i Hercegovine od januara do septembra 2025. godine u pore\u0111enju s istim periodom 2024. porasla je za 1,6 milijardi KM ili 5,60 posto.<\/p>\n<p>Na prezentaciji Vanjskotrgovinske komore BiH danas u Sarajevu istaknuto je da je izvoz u posmatranom periodu iznosio 12,9 milijardi KM, a uvoz 22,6 milijardi KM.<\/p>\n<p>Kad je rije\u010d o strukturi, Bosna i Hercegovina najvi\u0161e izvozi elektri\u010dnu energiju i izolovanu \u017eicu, a najvi\u0161e uvozi naftu i putni\u010dke automobile.<\/p>\n<p>Izvoz je rastao 5,60 posto (porast od 686 miliona KM), dok je uvoz rastao 4,11 posto (porast od 892 miliona KM).<\/p>\n<p>Rast izvoza najizra\u017eeniji je u sektorima s tradicionalnom konkurentno\u0161\u0107u &#8211; agroindustrija i prehrana, te metalska industrija sa elektroindustrijom, uz pove\u0107anu eksternu potra\u017enju.<\/p>\n<p>U izvozu najvi\u0161e u\u010destvuju: metalska industrija sa skoro 44 posto i drvna industrija sa 21 posto, dok u uvozu pored ove dvije grane zna\u010dajno uti\u010du agro i prehrana sa u\u010de\u0161\u0107em u uvozu od 18 posto.<\/p>\n<p>Navedeno je da je vanjskotrgovinski deficit porastao na 9,65 milijardi KM, \u0161to je pove\u0107anje od 205 miliona KM.<\/p>\n<p>Pokrivenost uvoza izvozom iznosi 57,3 posto i ve\u0107a je za 1,43 posto u odnosu na prethodnu godinu.<\/p>\n<p>Vode\u0107i trgovinski partneri BiH su Hrvatska sa udjelom 18,38 posto, Srbija sa 12,7 posto, Njema\u010dka sa 10,52 posto, Slovenija sa 8,56 posto, Italija sa 7,4 posto, Austrija sa 6,46 posto i Turska sa 4,07 posto.<\/p>\n<p>Nagla\u0161eno je da rast izvoza ukazuje na stabilizaciju izvoznih tokova i ja\u010du orijentaciju ka konkurentnim proizvodima.<\/p>\n<p>Vi\u0161e od dvije tre\u0107ine izvoza iz BiH ide ka EU, \u0161to potvr\u0111uje visoku integraciju u evropsko tr\u017ei\u0161te.<\/p>\n<p>Predsjednik VTKBiH Ahmet Egrli\u0107 izjavio je da je rast uvoza rezultat pove\u0107ane li\u010dne potro\u0161nje, nastavka infrastrukturnih projekata i ve\u0107e tra\u017enje za robom \u0161iroke potro\u0161nje.<\/p>\n<p>Podsjetio je da strukturni problemi ostaju, a to su zavisnost od uvoza energenata, hrane i sirovina.<\/p>\n<p>Egrli\u0107 je dodao da su dominacija proizvoda ni\u017ee dodane vrijednosti, nedovoljna diverzifikacija tr\u017ei\u0161ta i potreba za ubrzanom modernizacijom proizvodnje i dalje klju\u010dne prepreke sna\u017enijem izvoznom iskoraku.<\/p>\n<p>&#8211; Ovi strukturni problemi nala\u017eu intenzivnije ulaganje u sektore s ve\u0107om dodatnom vrijedno\u0161\u0107u, digitalizaciju i podizanje tehnolo\u0161ke opremljenosti industrije &#8211; rekao je Egrli\u0107.<\/p>\n","protected":false},"excerpt":{"rendered":"<p>Ukupna vanjskotrgovinska razmjena Bosne i Hercegovine od januara do septembra 2025. godine u pore\u0111enju s&hellip;<\/p>\n","protected":false},"author":8,"featured_media":287515,"comment_status":"closed","ping_status":"closed","sticky":false,"template":"","format":"standard","meta":{"_acf_changed":false,"footnotes":""},"categories":[291],"tags":[1818,3932],"acf":[],"yoast_head":"<!-- This site is optimized with the Yoast SEO plugin v23.5 - https:\/\/yoast.com\/wordpress\/plugins\/seo\/ -->\n<title>Drasti\u010dno pove\u0107an uvoz elektri\u010dne energije: \u0160ta BiH najvi\u0161e izvozi? - TuzlaInfo.ba<\/title>\n<meta name=\"robots\" content=\"index, follow, max-snippet:-1, max-image-preview:large, max-video-preview:-1\" \/>\n<link rel=\"canonical\" href=\"https:\/\/tuzlainfo.ba\/index.php\/bosna-i-hercegovina\/item\/287513-drasticno-povecan-uvoz-elektricne-energije-sta-bih-najvise-izvozi\/\" \/>\n<meta property=\"og:locale\" content=\"bs_BA\" \/>\n<meta property=\"og:type\" content=\"article\" \/>\n<meta property=\"og:title\" content=\"Drasti\u010dno pove\u0107an uvoz elektri\u010dne energije: \u0160ta BiH najvi\u0161e izvozi? - TuzlaInfo.ba\" \/>\n<meta property=\"og:description\" content=\"Ukupna vanjskotrgovinska razmjena Bosne i Hercegovine od januara do septembra 2025. godine u pore\u0111enju s&hellip;\" \/>\n<meta property=\"og:url\" content=\"https:\/\/tuzlainfo.ba\/index.php\/bosna-i-hercegovina\/item\/287513-drasticno-povecan-uvoz-elektricne-energije-sta-bih-najvise-izvozi\/\" \/>\n<meta property=\"og:site_name\" content=\"TuzlaInfo.ba\" \/>\n<meta property=\"article:publisher\" content=\"https:\/\/www.facebook.com\/tuzlainfo.ba\/\" \/>\n<meta property=\"article:published_time\" content=\"2025-11-30T20:01:59+00:00\" \/>\n<meta property=\"article:modified_time\" content=\"2025-11-30T20:02:13+00:00\" \/>\n<meta property=\"og:image\" content=\"https:\/\/tuzlainfo.ba\/wp-content\/uploads\/2025\/11\/containers-railways-view-scaled.jpg\" \/>\n\t<meta property=\"og:image:width\" content=\"2560\" \/>\n\t<meta property=\"og:image:height\" content=\"1706\" \/>\n\t<meta property=\"og:image:type\" content=\"image\/jpeg\" \/>\n<meta name=\"author\" content=\"Admin Tri\" \/>\n<meta name=\"twitter:card\" content=\"summary_large_image\" \/>\n<meta name=\"twitter:label1\" content=\"Written by\" \/>\n\t<meta name=\"twitter:data1\" content=\"Admin Tri\" \/>\n\t<meta name=\"twitter:label2\" content=\"Est. reading time\" \/>\n\t<meta name=\"twitter:data2\" content=\"2 minute\" \/>\n<script type=\"application\/ld+json\" class=\"yoast-schema-graph\">{\"@context\":\"https:\/\/schema.org\",\"@graph\":[{\"@type\":\"Article\",\"@id\":\"https:\/\/tuzlainfo.ba\/index.php\/bosna-i-hercegovina\/item\/287513-drasticno-povecan-uvoz-elektricne-energije-sta-bih-najvise-izvozi\/#article\",\"isPartOf\":{\"@id\":\"https:\/\/tuzlainfo.ba\/index.php\/bosna-i-hercegovina\/item\/287513-drasticno-povecan-uvoz-elektricne-energije-sta-bih-najvise-izvozi\/\"},\"author\":{\"name\":\"Admin Tri\",\"@id\":\"https:\/\/tuzlainfo.ba\/#\/schema\/person\/593e78a2f6378c5ba3e7600ecfa4e63a\"},\"headline\":\"Drasti\u010dno pove\u0107an uvoz elektri\u010dne energije: \u0160ta BiH najvi\u0161e izvozi?\",\"datePublished\":\"2025-11-30T20:01:59+00:00\",\"dateModified\":\"2025-11-30T20:02:13+00:00\",\"mainEntityOfPage\":{\"@id\":\"https:\/\/tuzlainfo.ba\/index.php\/bosna-i-hercegovina\/item\/287513-drasticno-povecan-uvoz-elektricne-energije-sta-bih-najvise-izvozi\/\"},\"wordCount\":374,\"publisher\":{\"@id\":\"https:\/\/tuzlainfo.ba\/#organization\"},\"image\":{\"@id\":\"https:\/\/tuzlainfo.ba\/index.php\/bosna-i-hercegovina\/item\/287513-drasticno-povecan-uvoz-elektricne-energije-sta-bih-najvise-izvozi\/#primaryimage\"},\"thumbnailUrl\":\"https:\/\/tuzlainfo.ba\/wp-content\/uploads\/2025\/11\/containers-railways-view-scaled.jpg\",\"keywords\":[\"izvoz\",\"uvoz\"],\"articleSection\":[\"Bosna i Hercegovina\"],\"inLanguage\":\"bs-BA\"},{\"@type\":\"WebPage\",\"@id\":\"https:\/\/tuzlainfo.ba\/index.php\/bosna-i-hercegovina\/item\/287513-drasticno-povecan-uvoz-elektricne-energije-sta-bih-najvise-izvozi\/\",\"url\":\"https:\/\/tuzlainfo.ba\/index.php\/bosna-i-hercegovina\/item\/287513-drasticno-povecan-uvoz-elektricne-energije-sta-bih-najvise-izvozi\/\",\"name\":\"Drasti\u010dno pove\u0107an uvoz elektri\u010dne energije: \u0160ta BiH najvi\u0161e izvozi? - TuzlaInfo.ba\",\"isPartOf\":{\"@id\":\"https:\/\/tuzlainfo.ba\/#website\"},\"primaryImageOfPage\":{\"@id\":\"https:\/\/tuzlainfo.ba\/index.php\/bosna-i-hercegovina\/item\/287513-drasticno-povecan-uvoz-elektricne-energije-sta-bih-najvise-izvozi\/#primaryimage\"},\"image\":{\"@id\":\"https:\/\/tuzlainfo.ba\/index.php\/bosna-i-hercegovina\/item\/287513-drasticno-povecan-uvoz-elektricne-energije-sta-bih-najvise-izvozi\/#primaryimage\"},\"thumbnailUrl\":\"https:\/\/tuzlainfo.ba\/wp-content\/uploads\/2025\/11\/containers-railways-view-scaled.jpg\",\"datePublished\":\"2025-11-30T20:01:59+00:00\",\"dateModified\":\"2025-11-30T20:02:13+00:00\",\"breadcrumb\":{\"@id\":\"https:\/\/tuzlainfo.ba\/index.php\/bosna-i-hercegovina\/item\/287513-drasticno-povecan-uvoz-elektricne-energije-sta-bih-najvise-izvozi\/#breadcrumb\"},\"inLanguage\":\"bs-BA\",\"potentialAction\":[{\"@type\":\"ReadAction\",\"target\":[\"https:\/\/tuzlainfo.ba\/index.php\/bosna-i-hercegovina\/item\/287513-drasticno-povecan-uvoz-elektricne-energije-sta-bih-najvise-izvozi\/\"]}]},{\"@type\":\"ImageObject\",\"inLanguage\":\"bs-BA\",\"@id\":\"https:\/\/tuzlainfo.ba\/index.php\/bosna-i-hercegovina\/item\/287513-drasticno-povecan-uvoz-elektricne-energije-sta-bih-najvise-izvozi\/#primaryimage\",\"url\":\"https:\/\/tuzlainfo.ba\/wp-content\/uploads\/2025\/11\/containers-railways-view-scaled.jpg\",\"contentUrl\":\"https:\/\/tuzlainfo.ba\/wp-content\/uploads\/2025\/11\/containers-railways-view-scaled.jpg\",\"width\":2560,\"height\":1706},{\"@type\":\"BreadcrumbList\",\"@id\":\"https:\/\/tuzlainfo.ba\/index.php\/bosna-i-hercegovina\/item\/287513-drasticno-povecan-uvoz-elektricne-energije-sta-bih-najvise-izvozi\/#breadcrumb\",\"itemListElement\":[{\"@type\":\"ListItem\",\"position\":1,\"name\":\"Home\",\"item\":\"https:\/\/tuzlainfo.ba\/\"},{\"@type\":\"ListItem\",\"position\":2,\"name\":\"Drasti\u010dno pove\u0107an uvoz elektri\u010dne energije: \u0160ta BiH najvi\u0161e izvozi?\"}]},{\"@type\":\"WebSite\",\"@id\":\"https:\/\/tuzlainfo.ba\/#website\",\"url\":\"https:\/\/tuzlainfo.ba\/\",\"name\":\"TuzlaInfo.ba\",\"description\":\"Tuzla info, gradski informator - Tuzla na dlanu\",\"publisher\":{\"@id\":\"https:\/\/tuzlainfo.ba\/#organization\"},\"potentialAction\":[{\"@type\":\"SearchAction\",\"target\":{\"@type\":\"EntryPoint\",\"urlTemplate\":\"https:\/\/tuzlainfo.ba\/?s={search_term_string}\"},\"query-input\":{\"@type\":\"PropertyValueSpecification\",\"valueRequired\":true,\"valueName\":\"search_term_string\"}}],\"inLanguage\":\"bs-BA\"},{\"@type\":\"Organization\",\"@id\":\"https:\/\/tuzlainfo.ba\/#organization\",\"name\":\"TuzlaInfo.ba\",\"url\":\"https:\/\/tuzlainfo.ba\/\",\"logo\":{\"@type\":\"ImageObject\",\"inLanguage\":\"bs-BA\",\"@id\":\"https:\/\/tuzlainfo.ba\/#\/schema\/logo\/image\/\",\"url\":\"https:\/\/tuzlainfo.ba\/wp-content\/uploads\/2021\/03\/logo-ver-3-1.png\",\"contentUrl\":\"https:\/\/tuzlainfo.ba\/wp-content\/uploads\/2021\/03\/logo-ver-3-1.png\",\"width\":350,\"height\":95,\"caption\":\"TuzlaInfo.ba\"},\"image\":{\"@id\":\"https:\/\/tuzlainfo.ba\/#\/schema\/logo\/image\/\"},\"sameAs\":[\"https:\/\/www.facebook.com\/tuzlainfo.ba\/\"]},{\"@type\":\"Person\",\"@id\":\"https:\/\/tuzlainfo.ba\/#\/schema\/person\/593e78a2f6378c5ba3e7600ecfa4e63a\",\"name\":\"Admin Tri\",\"image\":{\"@type\":\"ImageObject\",\"inLanguage\":\"bs-BA\",\"@id\":\"https:\/\/tuzlainfo.ba\/#\/schema\/person\/image\/\",\"url\":\"https:\/\/tuzlainfo.ba\/wp-content\/litespeed\/avatar\/b7920db4cc34a71ad12497283ad2fe3f.jpg?ver=1777100914\",\"contentUrl\":\"https:\/\/tuzlainfo.ba\/wp-content\/litespeed\/avatar\/b7920db4cc34a71ad12497283ad2fe3f.jpg?ver=1777100914\",\"caption\":\"Admin Tri\"},\"sameAs\":[\"https:\/\/tuzlainfo.ba\"]}]}<\/script>\n<!-- \/ Yoast SEO plugin. -->","yoast_head_json":{"title":"Drasti\u010dno pove\u0107an uvoz elektri\u010dne energije: \u0160ta BiH najvi\u0161e izvozi? - TuzlaInfo.ba","robots":{"index":"index","follow":"follow","max-snippet":"max-snippet:-1","max-image-preview":"max-image-preview:large","max-video-preview":"max-video-preview:-1"},"canonical":"https:\/\/tuzlainfo.ba\/index.php\/bosna-i-hercegovina\/item\/287513-drasticno-povecan-uvoz-elektricne-energije-sta-bih-najvise-izvozi\/","og_locale":"bs_BA","og_type":"article","og_title":"Drasti\u010dno pove\u0107an uvoz elektri\u010dne energije: \u0160ta BiH najvi\u0161e izvozi? - TuzlaInfo.ba","og_description":"Ukupna vanjskotrgovinska razmjena Bosne i Hercegovine od januara do septembra 2025. godine u pore\u0111enju s&hellip;","og_url":"https:\/\/tuzlainfo.ba\/index.php\/bosna-i-hercegovina\/item\/287513-drasticno-povecan-uvoz-elektricne-energije-sta-bih-najvise-izvozi\/","og_site_name":"TuzlaInfo.ba","article_publisher":"https:\/\/www.facebook.com\/tuzlainfo.ba\/","article_published_time":"2025-11-30T20:01:59+00:00","article_modified_time":"2025-11-30T20:02:13+00:00","og_image":[{"width":2560,"height":1706,"url":"https:\/\/tuzlainfo.ba\/wp-content\/uploads\/2025\/11\/containers-railways-view-scaled.jpg","type":"image\/jpeg"}],"author":"Admin Tri","twitter_card":"summary_large_image","twitter_misc":{"Written by":"Admin Tri","Est. reading time":"2 minute"},"schema":{"@context":"https:\/\/schema.org","@graph":[{"@type":"Article","@id":"https:\/\/tuzlainfo.ba\/index.php\/bosna-i-hercegovina\/item\/287513-drasticno-povecan-uvoz-elektricne-energije-sta-bih-najvise-izvozi\/#article","isPartOf":{"@id":"https:\/\/tuzlainfo.ba\/index.php\/bosna-i-hercegovina\/item\/287513-drasticno-povecan-uvoz-elektricne-energije-sta-bih-najvise-izvozi\/"},"author":{"name":"Admin Tri","@id":"https:\/\/tuzlainfo.ba\/#\/schema\/person\/593e78a2f6378c5ba3e7600ecfa4e63a"},"headline":"Drasti\u010dno pove\u0107an uvoz elektri\u010dne energije: \u0160ta BiH najvi\u0161e izvozi?","datePublished":"2025-11-30T20:01:59+00:00","dateModified":"2025-11-30T20:02:13+00:00","mainEntityOfPage":{"@id":"https:\/\/tuzlainfo.ba\/index.php\/bosna-i-hercegovina\/item\/287513-drasticno-povecan-uvoz-elektricne-energije-sta-bih-najvise-izvozi\/"},"wordCount":374,"publisher":{"@id":"https:\/\/tuzlainfo.ba\/#organization"},"image":{"@id":"https:\/\/tuzlainfo.ba\/index.php\/bosna-i-hercegovina\/item\/287513-drasticno-povecan-uvoz-elektricne-energije-sta-bih-najvise-izvozi\/#primaryimage"},"thumbnailUrl":"https:\/\/tuzlainfo.ba\/wp-content\/uploads\/2025\/11\/containers-railways-view-scaled.jpg","keywords":["izvoz","uvoz"],"articleSection":["Bosna i Hercegovina"],"inLanguage":"bs-BA"},{"@type":"WebPage","@id":"https:\/\/tuzlainfo.ba\/index.php\/bosna-i-hercegovina\/item\/287513-drasticno-povecan-uvoz-elektricne-energije-sta-bih-najvise-izvozi\/","url":"https:\/\/tuzlainfo.ba\/index.php\/bosna-i-hercegovina\/item\/287513-drasticno-povecan-uvoz-elektricne-energije-sta-bih-najvise-izvozi\/","name":"Drasti\u010dno pove\u0107an uvoz elektri\u010dne energije: \u0160ta BiH najvi\u0161e izvozi? - TuzlaInfo.ba","isPartOf":{"@id":"https:\/\/tuzlainfo.ba\/#website"},"primaryImageOfPage":{"@id":"https:\/\/tuzlainfo.ba\/index.php\/bosna-i-hercegovina\/item\/287513-drasticno-povecan-uvoz-elektricne-energije-sta-bih-najvise-izvozi\/#primaryimage"},"image":{"@id":"https:\/\/tuzlainfo.ba\/index.php\/bosna-i-hercegovina\/item\/287513-drasticno-povecan-uvoz-elektricne-energije-sta-bih-najvise-izvozi\/#primaryimage"},"thumbnailUrl":"https:\/\/tuzlainfo.ba\/wp-content\/uploads\/2025\/11\/containers-railways-view-scaled.jpg","datePublished":"2025-11-30T20:01:59+00:00","dateModified":"2025-11-30T20:02:13+00:00","breadcrumb":{"@id":"https:\/\/tuzlainfo.ba\/index.php\/bosna-i-hercegovina\/item\/287513-drasticno-povecan-uvoz-elektricne-energije-sta-bih-najvise-izvozi\/#breadcrumb"},"inLanguage":"bs-BA","potentialAction":[{"@type":"ReadAction","target":["https:\/\/tuzlainfo.ba\/index.php\/bosna-i-hercegovina\/item\/287513-drasticno-povecan-uvoz-elektricne-energije-sta-bih-najvise-izvozi\/"]}]},{"@type":"ImageObject","inLanguage":"bs-BA","@id":"https:\/\/tuzlainfo.ba\/index.php\/bosna-i-hercegovina\/item\/287513-drasticno-povecan-uvoz-elektricne-energije-sta-bih-najvise-izvozi\/#primaryimage","url":"https:\/\/tuzlainfo.ba\/wp-content\/uploads\/2025\/11\/containers-railways-view-scaled.jpg","contentUrl":"https:\/\/tuzlainfo.ba\/wp-content\/uploads\/2025\/11\/containers-railways-view-scaled.jpg","width":2560,"height":1706},{"@type":"BreadcrumbList","@id":"https:\/\/tuzlainfo.ba\/index.php\/bosna-i-hercegovina\/item\/287513-drasticno-povecan-uvoz-elektricne-energije-sta-bih-najvise-izvozi\/#breadcrumb","itemListElement":[{"@type":"ListItem","position":1,"name":"Home","item":"https:\/\/tuzlainfo.ba\/"},{"@type":"ListItem","position":2,"name":"Drasti\u010dno pove\u0107an uvoz elektri\u010dne energije: \u0160ta BiH najvi\u0161e izvozi?"}]},{"@type":"WebSite","@id":"https:\/\/tuzlainfo.ba\/#website","url":"https:\/\/tuzlainfo.ba\/","name":"TuzlaInfo.ba","description":"Tuzla info, gradski informator - Tuzla na dlanu","publisher":{"@id":"https:\/\/tuzlainfo.ba\/#organization"},"potentialAction":[{"@type":"SearchAction","target":{"@type":"EntryPoint","urlTemplate":"https:\/\/tuzlainfo.ba\/?s={search_term_string}"},"query-input":{"@type":"PropertyValueSpecification","valueRequired":true,"valueName":"search_term_string"}}],"inLanguage":"bs-BA"},{"@type":"Organization","@id":"https:\/\/tuzlainfo.ba\/#organization","name":"TuzlaInfo.ba","url":"https:\/\/tuzlainfo.ba\/","logo":{"@type":"ImageObject","inLanguage":"bs-BA","@id":"https:\/\/tuzlainfo.ba\/#\/schema\/logo\/image\/","url":"https:\/\/tuzlainfo.ba\/wp-content\/uploads\/2021\/03\/logo-ver-3-1.png","contentUrl":"https:\/\/tuzlainfo.ba\/wp-content\/uploads\/2021\/03\/logo-ver-3-1.png","width":350,"height":95,"caption":"TuzlaInfo.ba"},"image":{"@id":"https:\/\/tuzlainfo.ba\/#\/schema\/logo\/image\/"},"sameAs":["https:\/\/www.facebook.com\/tuzlainfo.ba\/"]},{"@type":"Person","@id":"https:\/\/tuzlainfo.ba\/#\/schema\/person\/593e78a2f6378c5ba3e7600ecfa4e63a","name":"Admin Tri","image":{"@type":"ImageObject","inLanguage":"bs-BA","@id":"https:\/\/tuzlainfo.ba\/#\/schema\/person\/image\/","url":"https:\/\/tuzlainfo.ba\/wp-content\/litespeed\/avatar\/b7920db4cc34a71ad12497283ad2fe3f.jpg?ver=1777100914","contentUrl":"https:\/\/tuzlainfo.ba\/wp-content\/litespeed\/avatar\/b7920db4cc34a71ad12497283ad2fe3f.jpg?ver=1777100914","caption":"Admin Tri"},"sameAs":["https:\/\/tuzlainfo.ba"]}]}},"_links":{"self":[{"href":"https:\/\/tuzlainfo.ba\/index.php\/wp-json\/wp\/v2\/posts\/287513"}],"collection":[{"href":"https:\/\/tuzlainfo.ba\/index.php\/wp-json\/wp\/v2\/posts"}],"about":[{"href":"https:\/\/tuzlainfo.ba\/index.php\/wp-json\/wp\/v2\/types\/post"}],"author":[{"embeddable":true,"href":"https:\/\/tuzlainfo.ba\/index.php\/wp-json\/wp\/v2\/users\/8"}],"replies":[{"embeddable":true,"href":"https:\/\/tuzlainfo.ba\/index.php\/wp-json\/wp\/v2\/comments?post=287513"}],"version-history":[{"count":2,"href":"https:\/\/tuzlainfo.ba\/index.php\/wp-json\/wp\/v2\/posts\/287513\/revisions"}],"predecessor-version":[{"id":287525,"href":"https:\/\/tuzlainfo.ba\/index.php\/wp-json\/wp\/v2\/posts\/287513\/revisions\/287525"}],"wp:featuredmedia":[{"embeddable":true,"href":"https:\/\/tuzlainfo.ba\/index.php\/wp-json\/wp\/v2\/media\/287515"}],"wp:attachment":[{"href":"https:\/\/tuzlainfo.ba\/index.php\/wp-json\/wp\/v2\/media?parent=287513"}],"wp:term":[{"taxonomy":"category","embeddable":true,"href":"https:\/\/tuzlainfo.ba\/index.php\/wp-json\/wp\/v2\/categories?post=287513"},{"taxonomy":"post_tag","embeddable":true,"href":"https:\/\/tuzlainfo.ba\/index.php\/wp-json\/wp\/v2\/tags?post=287513"}],"curies":[{"name":"wp","href":"https:\/\/api.w.org\/{rel}","templated":true}]}}