{"id":287441,"date":"2025-11-25T17:57:51","date_gmt":"2025-11-25T16:57:51","guid":{"rendered":"https:\/\/tuzlainfo.ba\/?p=287441"},"modified":"2025-11-25T17:57:51","modified_gmt":"2025-11-25T16:57:51","slug":"video-dojava-o-bombi-prekinula-obiljezavanje-dana-drzavnosti-bih-u-banjoj-luci","status":"publish","type":"post","link":"https:\/\/tuzlainfo.ba\/index.php\/bosna-i-hercegovina\/item\/287441-video-dojava-o-bombi-prekinula-obiljezavanje-dana-drzavnosti-bih-u-banjoj-luci\/","title":{"rendered":"VIDEO \/ Dojava o bombi prekinula obilje\u017eavanje Dana dr\u017eavnosti BiH u Banjoj Luci"},"content":{"rendered":"<p data-start=\"157\" data-end=\"417\">U banjalu\u010dkom hotelu Marriott danas je prekinuta sve\u010dana sjednica \u010dlanova SDP-a koja je bila posve\u0107ena Danu dr\u017eavnosti Bosne i Hercegovine, nakon \u0161to je stigla dojava o postavljenoj bombi. U trenutku dojave u sali su se nalazili brojni gosti i \u010dlanovi stranke.<\/p>\n<p data-start=\"419\" data-end=\"730\">Na lokaciju su odmah stigli policijski slu\u017ebenici MUP-a RS-a, a uslijedio je KDZ pregled kompletnog objekta. Prisutnima su se prethodno obratili Nermin Nik\u0161i\u0107 i Vojin Mijatovi\u0107, naglasiv\u0161i va\u017enost obilje\u017eavanja Dana dr\u017eavnosti BiH, nakon \u010dega je Nik\u0161i\u0107 obavijestio prisutne o dojavi i pozvao na napu\u0161tanje sale.<\/p>\n<p data-start=\"732\" data-end=\"946\">Gosti su potom mirno napustili hotel, a policija je obezbijedila prostor dok traje uvi\u0111aj i provjera vjerodostojnosti dojave. Nalazi KDZ pregleda pokazat \u0107e da li je rije\u010d o la\u017enoj prijetnji ili stvarnoj opasnosti.<\/p>\n<p data-start=\"948\" data-end=\"1157\">Tokom intervencije ispred hotela okupila se i manja grupa gra\u0111ana koji su nosili obilje\u017eja entiteta RS, a \u010duli su se i povici \u201cSrbija, Srbija\u201d. Ovaj doga\u0111aj dodatno je poja\u010dao napetost oko samog obilje\u017eavanja.<\/p>\n<p data-start=\"948\" data-end=\"1157\"><iframe style=\"border: none; overflow: hidden;\" src=\"https:\/\/www.facebook.com\/plugins\/video.php?height=476&amp;href=https%3A%2F%2Fwww.facebook.com%2FSDPBIH%2Fvideos%2F836362609262465%2F&amp;show_text=false&amp;width=267&amp;t=0\" width=\"267\" height=\"476\" frameborder=\"0\" scrolling=\"no\" allowfullscreen=\"allowfullscreen\"><\/iframe><\/p>\n<p data-start=\"1159\" data-end=\"1383\" data-is-last-node=\"\" data-is-only-node=\"\">Podsjetimo, ovo nije prvi put da SDP organizira obilje\u017eavanje dr\u017eavnih praznika BiH u Banjoj Luci. Pro\u0161le godine sve\u010danost je bila poreme\u0107ena nestankom struje u objektu u kojem se odr\u017eavala akademija povodom Dana dr\u017eavnosti.<\/p>\n","protected":false},"excerpt":{"rendered":"<p>U banjalu\u010dkom hotelu Marriott danas je prekinuta sve\u010dana sjednica \u010dlanova SDP-a koja je bila posve\u0107ena&hellip;<\/p>\n","protected":false},"author":2,"featured_media":287442,"comment_status":"closed","ping_status":"closed","sticky":false,"template":"","format":"standard","meta":{"_acf_changed":false,"footnotes":""},"categories":[291],"tags":[589,3410],"acf":[],"yoast_head":"<!-- This site is optimized with the Yoast SEO plugin v23.5 - https:\/\/yoast.com\/wordpress\/plugins\/seo\/ -->\n<title>VIDEO \/ Dojava o bombi prekinula obilje\u017eavanje Dana dr\u017eavnosti BiH u Banjoj Luci - TuzlaInfo.ba<\/title>\n<meta name=\"robots\" content=\"index, follow, max-snippet:-1, max-image-preview:large, max-video-preview:-1\" \/>\n<link rel=\"canonical\" href=\"https:\/\/tuzlainfo.ba\/index.php\/bosna-i-hercegovina\/item\/287441-video-dojava-o-bombi-prekinula-obiljezavanje-dana-drzavnosti-bih-u-banjoj-luci\/\" \/>\n<meta property=\"og:locale\" content=\"bs_BA\" \/>\n<meta property=\"og:type\" content=\"article\" \/>\n<meta property=\"og:title\" content=\"VIDEO \/ Dojava o bombi prekinula obilje\u017eavanje Dana dr\u017eavnosti BiH u Banjoj Luci - TuzlaInfo.ba\" \/>\n<meta property=\"og:description\" content=\"U banjalu\u010dkom hotelu Marriott danas je prekinuta sve\u010dana sjednica \u010dlanova SDP-a koja je bila posve\u0107ena&hellip;\" \/>\n<meta property=\"og:url\" content=\"https:\/\/tuzlainfo.ba\/index.php\/bosna-i-hercegovina\/item\/287441-video-dojava-o-bombi-prekinula-obiljezavanje-dana-drzavnosti-bih-u-banjoj-luci\/\" \/>\n<meta property=\"og:site_name\" content=\"TuzlaInfo.ba\" \/>\n<meta property=\"article:publisher\" content=\"https:\/\/www.facebook.com\/tuzlainfo.ba\/\" \/>\n<meta property=\"article:published_time\" content=\"2025-11-25T16:57:51+00:00\" \/>\n<meta property=\"og:image\" content=\"https:\/\/tuzlainfo.ba\/wp-content\/uploads\/2025\/11\/2511_bl.jpg\" \/>\n\t<meta property=\"og:image:width\" content=\"848\" \/>\n\t<meta property=\"og:image:height\" content=\"563\" \/>\n\t<meta property=\"og:image:type\" content=\"image\/jpeg\" \/>\n<meta name=\"author\" content=\"nedim\" \/>\n<meta name=\"twitter:card\" content=\"summary_large_image\" \/>\n<meta name=\"twitter:label1\" content=\"Written by\" \/>\n\t<meta name=\"twitter:data1\" content=\"nedim\" \/>\n\t<meta name=\"twitter:label2\" content=\"Est. reading time\" \/>\n\t<meta name=\"twitter:data2\" content=\"2 minute\" \/>\n<script type=\"application\/ld+json\" class=\"yoast-schema-graph\">{\"@context\":\"https:\/\/schema.org\",\"@graph\":[{\"@type\":\"Article\",\"@id\":\"https:\/\/tuzlainfo.ba\/index.php\/bosna-i-hercegovina\/item\/287441-video-dojava-o-bombi-prekinula-obiljezavanje-dana-drzavnosti-bih-u-banjoj-luci\/#article\",\"isPartOf\":{\"@id\":\"https:\/\/tuzlainfo.ba\/index.php\/bosna-i-hercegovina\/item\/287441-video-dojava-o-bombi-prekinula-obiljezavanje-dana-drzavnosti-bih-u-banjoj-luci\/\"},\"author\":{\"name\":\"nedim\",\"@id\":\"https:\/\/tuzlainfo.ba\/#\/schema\/person\/f434e20dc27ea133923aab08451b7f7f\"},\"headline\":\"VIDEO \/ Dojava o bombi prekinula obilje\u017eavanje Dana dr\u017eavnosti BiH u Banjoj Luci\",\"datePublished\":\"2025-11-25T16:57:51+00:00\",\"dateModified\":\"2025-11-25T16:57:51+00:00\",\"mainEntityOfPage\":{\"@id\":\"https:\/\/tuzlainfo.ba\/index.php\/bosna-i-hercegovina\/item\/287441-video-dojava-o-bombi-prekinula-obiljezavanje-dana-drzavnosti-bih-u-banjoj-luci\/\"},\"wordCount\":225,\"publisher\":{\"@id\":\"https:\/\/tuzlainfo.ba\/#organization\"},\"image\":{\"@id\":\"https:\/\/tuzlainfo.ba\/index.php\/bosna-i-hercegovina\/item\/287441-video-dojava-o-bombi-prekinula-obiljezavanje-dana-drzavnosti-bih-u-banjoj-luci\/#primaryimage\"},\"thumbnailUrl\":\"https:\/\/tuzlainfo.ba\/wp-content\/uploads\/2025\/11\/2511_bl.jpg\",\"keywords\":[\"banja luka\",\"dan dr\u017eavnosti\"],\"articleSection\":[\"Bosna i Hercegovina\"],\"inLanguage\":\"bs-BA\"},{\"@type\":\"WebPage\",\"@id\":\"https:\/\/tuzlainfo.ba\/index.php\/bosna-i-hercegovina\/item\/287441-video-dojava-o-bombi-prekinula-obiljezavanje-dana-drzavnosti-bih-u-banjoj-luci\/\",\"url\":\"https:\/\/tuzlainfo.ba\/index.php\/bosna-i-hercegovina\/item\/287441-video-dojava-o-bombi-prekinula-obiljezavanje-dana-drzavnosti-bih-u-banjoj-luci\/\",\"name\":\"VIDEO \/ Dojava o bombi prekinula obilje\u017eavanje Dana dr\u017eavnosti BiH u Banjoj Luci - TuzlaInfo.ba\",\"isPartOf\":{\"@id\":\"https:\/\/tuzlainfo.ba\/#website\"},\"primaryImageOfPage\":{\"@id\":\"https:\/\/tuzlainfo.ba\/index.php\/bosna-i-hercegovina\/item\/287441-video-dojava-o-bombi-prekinula-obiljezavanje-dana-drzavnosti-bih-u-banjoj-luci\/#primaryimage\"},\"image\":{\"@id\":\"https:\/\/tuzlainfo.ba\/index.php\/bosna-i-hercegovina\/item\/287441-video-dojava-o-bombi-prekinula-obiljezavanje-dana-drzavnosti-bih-u-banjoj-luci\/#primaryimage\"},\"thumbnailUrl\":\"https:\/\/tuzlainfo.ba\/wp-content\/uploads\/2025\/11\/2511_bl.jpg\",\"datePublished\":\"2025-11-25T16:57:51+00:00\",\"dateModified\":\"2025-11-25T16:57:51+00:00\",\"breadcrumb\":{\"@id\":\"https:\/\/tuzlainfo.ba\/index.php\/bosna-i-hercegovina\/item\/287441-video-dojava-o-bombi-prekinula-obiljezavanje-dana-drzavnosti-bih-u-banjoj-luci\/#breadcrumb\"},\"inLanguage\":\"bs-BA\",\"potentialAction\":[{\"@type\":\"ReadAction\",\"target\":[\"https:\/\/tuzlainfo.ba\/index.php\/bosna-i-hercegovina\/item\/287441-video-dojava-o-bombi-prekinula-obiljezavanje-dana-drzavnosti-bih-u-banjoj-luci\/\"]}]},{\"@type\":\"ImageObject\",\"inLanguage\":\"bs-BA\",\"@id\":\"https:\/\/tuzlainfo.ba\/index.php\/bosna-i-hercegovina\/item\/287441-video-dojava-o-bombi-prekinula-obiljezavanje-dana-drzavnosti-bih-u-banjoj-luci\/#primaryimage\",\"url\":\"https:\/\/tuzlainfo.ba\/wp-content\/uploads\/2025\/11\/2511_bl.jpg\",\"contentUrl\":\"https:\/\/tuzlainfo.ba\/wp-content\/uploads\/2025\/11\/2511_bl.jpg\",\"width\":848,\"height\":563,\"caption\":\"Foto: N1\"},{\"@type\":\"BreadcrumbList\",\"@id\":\"https:\/\/tuzlainfo.ba\/index.php\/bosna-i-hercegovina\/item\/287441-video-dojava-o-bombi-prekinula-obiljezavanje-dana-drzavnosti-bih-u-banjoj-luci\/#breadcrumb\",\"itemListElement\":[{\"@type\":\"ListItem\",\"position\":1,\"name\":\"Home\",\"item\":\"https:\/\/tuzlainfo.ba\/\"},{\"@type\":\"ListItem\",\"position\":2,\"name\":\"VIDEO \/ Dojava o bombi prekinula obilje\u017eavanje Dana dr\u017eavnosti BiH u Banjoj Luci\"}]},{\"@type\":\"WebSite\",\"@id\":\"https:\/\/tuzlainfo.ba\/#website\",\"url\":\"https:\/\/tuzlainfo.ba\/\",\"name\":\"TuzlaInfo.ba\",\"description\":\"Tuzla info, gradski informator - Tuzla na dlanu\",\"publisher\":{\"@id\":\"https:\/\/tuzlainfo.ba\/#organization\"},\"potentialAction\":[{\"@type\":\"SearchAction\",\"target\":{\"@type\":\"EntryPoint\",\"urlTemplate\":\"https:\/\/tuzlainfo.ba\/?s={search_term_string}\"},\"query-input\":{\"@type\":\"PropertyValueSpecification\",\"valueRequired\":true,\"valueName\":\"search_term_string\"}}],\"inLanguage\":\"bs-BA\"},{\"@type\":\"Organization\",\"@id\":\"https:\/\/tuzlainfo.ba\/#organization\",\"name\":\"TuzlaInfo.ba\",\"url\":\"https:\/\/tuzlainfo.ba\/\",\"logo\":{\"@type\":\"ImageObject\",\"inLanguage\":\"bs-BA\",\"@id\":\"https:\/\/tuzlainfo.ba\/#\/schema\/logo\/image\/\",\"url\":\"https:\/\/tuzlainfo.ba\/wp-content\/uploads\/2021\/03\/logo-ver-3-1.png\",\"contentUrl\":\"https:\/\/tuzlainfo.ba\/wp-content\/uploads\/2021\/03\/logo-ver-3-1.png\",\"width\":350,\"height\":95,\"caption\":\"TuzlaInfo.ba\"},\"image\":{\"@id\":\"https:\/\/tuzlainfo.ba\/#\/schema\/logo\/image\/\"},\"sameAs\":[\"https:\/\/www.facebook.com\/tuzlainfo.ba\/\"]},{\"@type\":\"Person\",\"@id\":\"https:\/\/tuzlainfo.ba\/#\/schema\/person\/f434e20dc27ea133923aab08451b7f7f\",\"name\":\"nedim\",\"image\":{\"@type\":\"ImageObject\",\"inLanguage\":\"bs-BA\",\"@id\":\"https:\/\/tuzlainfo.ba\/#\/schema\/person\/image\/\",\"url\":\"https:\/\/tuzlainfo.ba\/wp-content\/litespeed\/avatar\/aabad687af24844af817603ac1cbdc4f.jpg?ver=1777306975\",\"contentUrl\":\"https:\/\/tuzlainfo.ba\/wp-content\/litespeed\/avatar\/aabad687af24844af817603ac1cbdc4f.jpg?ver=1777306975\",\"caption\":\"nedim\"},\"description\":\"Tuzlainfo.ba pratite na dru\u0161tvenim mre\u017eama: Facebook, Instagram i Youtube. Svoje pri\u010de, upite i fotografije \u0161aljite na na\u0161u e-mail adresu.\"}]}<\/script>\n<!-- \/ Yoast SEO plugin. -->","yoast_head_json":{"title":"VIDEO \/ Dojava o bombi prekinula obilje\u017eavanje Dana dr\u017eavnosti BiH u Banjoj Luci - TuzlaInfo.ba","robots":{"index":"index","follow":"follow","max-snippet":"max-snippet:-1","max-image-preview":"max-image-preview:large","max-video-preview":"max-video-preview:-1"},"canonical":"https:\/\/tuzlainfo.ba\/index.php\/bosna-i-hercegovina\/item\/287441-video-dojava-o-bombi-prekinula-obiljezavanje-dana-drzavnosti-bih-u-banjoj-luci\/","og_locale":"bs_BA","og_type":"article","og_title":"VIDEO \/ Dojava o bombi prekinula obilje\u017eavanje Dana dr\u017eavnosti BiH u Banjoj Luci - TuzlaInfo.ba","og_description":"U banjalu\u010dkom hotelu Marriott danas je prekinuta sve\u010dana sjednica \u010dlanova SDP-a koja je bila posve\u0107ena&hellip;","og_url":"https:\/\/tuzlainfo.ba\/index.php\/bosna-i-hercegovina\/item\/287441-video-dojava-o-bombi-prekinula-obiljezavanje-dana-drzavnosti-bih-u-banjoj-luci\/","og_site_name":"TuzlaInfo.ba","article_publisher":"https:\/\/www.facebook.com\/tuzlainfo.ba\/","article_published_time":"2025-11-25T16:57:51+00:00","og_image":[{"width":848,"height":563,"url":"https:\/\/tuzlainfo.ba\/wp-content\/uploads\/2025\/11\/2511_bl.jpg","type":"image\/jpeg"}],"author":"nedim","twitter_card":"summary_large_image","twitter_misc":{"Written by":"nedim","Est. reading time":"2 minute"},"schema":{"@context":"https:\/\/schema.org","@graph":[{"@type":"Article","@id":"https:\/\/tuzlainfo.ba\/index.php\/bosna-i-hercegovina\/item\/287441-video-dojava-o-bombi-prekinula-obiljezavanje-dana-drzavnosti-bih-u-banjoj-luci\/#article","isPartOf":{"@id":"https:\/\/tuzlainfo.ba\/index.php\/bosna-i-hercegovina\/item\/287441-video-dojava-o-bombi-prekinula-obiljezavanje-dana-drzavnosti-bih-u-banjoj-luci\/"},"author":{"name":"nedim","@id":"https:\/\/tuzlainfo.ba\/#\/schema\/person\/f434e20dc27ea133923aab08451b7f7f"},"headline":"VIDEO \/ Dojava o bombi prekinula obilje\u017eavanje Dana dr\u017eavnosti BiH u Banjoj Luci","datePublished":"2025-11-25T16:57:51+00:00","dateModified":"2025-11-25T16:57:51+00:00","mainEntityOfPage":{"@id":"https:\/\/tuzlainfo.ba\/index.php\/bosna-i-hercegovina\/item\/287441-video-dojava-o-bombi-prekinula-obiljezavanje-dana-drzavnosti-bih-u-banjoj-luci\/"},"wordCount":225,"publisher":{"@id":"https:\/\/tuzlainfo.ba\/#organization"},"image":{"@id":"https:\/\/tuzlainfo.ba\/index.php\/bosna-i-hercegovina\/item\/287441-video-dojava-o-bombi-prekinula-obiljezavanje-dana-drzavnosti-bih-u-banjoj-luci\/#primaryimage"},"thumbnailUrl":"https:\/\/tuzlainfo.ba\/wp-content\/uploads\/2025\/11\/2511_bl.jpg","keywords":["banja luka","dan dr\u017eavnosti"],"articleSection":["Bosna i Hercegovina"],"inLanguage":"bs-BA"},{"@type":"WebPage","@id":"https:\/\/tuzlainfo.ba\/index.php\/bosna-i-hercegovina\/item\/287441-video-dojava-o-bombi-prekinula-obiljezavanje-dana-drzavnosti-bih-u-banjoj-luci\/","url":"https:\/\/tuzlainfo.ba\/index.php\/bosna-i-hercegovina\/item\/287441-video-dojava-o-bombi-prekinula-obiljezavanje-dana-drzavnosti-bih-u-banjoj-luci\/","name":"VIDEO \/ Dojava o bombi prekinula obilje\u017eavanje Dana dr\u017eavnosti BiH u Banjoj Luci - TuzlaInfo.ba","isPartOf":{"@id":"https:\/\/tuzlainfo.ba\/#website"},"primaryImageOfPage":{"@id":"https:\/\/tuzlainfo.ba\/index.php\/bosna-i-hercegovina\/item\/287441-video-dojava-o-bombi-prekinula-obiljezavanje-dana-drzavnosti-bih-u-banjoj-luci\/#primaryimage"},"image":{"@id":"https:\/\/tuzlainfo.ba\/index.php\/bosna-i-hercegovina\/item\/287441-video-dojava-o-bombi-prekinula-obiljezavanje-dana-drzavnosti-bih-u-banjoj-luci\/#primaryimage"},"thumbnailUrl":"https:\/\/tuzlainfo.ba\/wp-content\/uploads\/2025\/11\/2511_bl.jpg","datePublished":"2025-11-25T16:57:51+00:00","dateModified":"2025-11-25T16:57:51+00:00","breadcrumb":{"@id":"https:\/\/tuzlainfo.ba\/index.php\/bosna-i-hercegovina\/item\/287441-video-dojava-o-bombi-prekinula-obiljezavanje-dana-drzavnosti-bih-u-banjoj-luci\/#breadcrumb"},"inLanguage":"bs-BA","potentialAction":[{"@type":"ReadAction","target":["https:\/\/tuzlainfo.ba\/index.php\/bosna-i-hercegovina\/item\/287441-video-dojava-o-bombi-prekinula-obiljezavanje-dana-drzavnosti-bih-u-banjoj-luci\/"]}]},{"@type":"ImageObject","inLanguage":"bs-BA","@id":"https:\/\/tuzlainfo.ba\/index.php\/bosna-i-hercegovina\/item\/287441-video-dojava-o-bombi-prekinula-obiljezavanje-dana-drzavnosti-bih-u-banjoj-luci\/#primaryimage","url":"https:\/\/tuzlainfo.ba\/wp-content\/uploads\/2025\/11\/2511_bl.jpg","contentUrl":"https:\/\/tuzlainfo.ba\/wp-content\/uploads\/2025\/11\/2511_bl.jpg","width":848,"height":563,"caption":"Foto: N1"},{"@type":"BreadcrumbList","@id":"https:\/\/tuzlainfo.ba\/index.php\/bosna-i-hercegovina\/item\/287441-video-dojava-o-bombi-prekinula-obiljezavanje-dana-drzavnosti-bih-u-banjoj-luci\/#breadcrumb","itemListElement":[{"@type":"ListItem","position":1,"name":"Home","item":"https:\/\/tuzlainfo.ba\/"},{"@type":"ListItem","position":2,"name":"VIDEO \/ Dojava o bombi prekinula obilje\u017eavanje Dana dr\u017eavnosti BiH u Banjoj Luci"}]},{"@type":"WebSite","@id":"https:\/\/tuzlainfo.ba\/#website","url":"https:\/\/tuzlainfo.ba\/","name":"TuzlaInfo.ba","description":"Tuzla info, gradski informator - Tuzla na dlanu","publisher":{"@id":"https:\/\/tuzlainfo.ba\/#organization"},"potentialAction":[{"@type":"SearchAction","target":{"@type":"EntryPoint","urlTemplate":"https:\/\/tuzlainfo.ba\/?s={search_term_string}"},"query-input":{"@type":"PropertyValueSpecification","valueRequired":true,"valueName":"search_term_string"}}],"inLanguage":"bs-BA"},{"@type":"Organization","@id":"https:\/\/tuzlainfo.ba\/#organization","name":"TuzlaInfo.ba","url":"https:\/\/tuzlainfo.ba\/","logo":{"@type":"ImageObject","inLanguage":"bs-BA","@id":"https:\/\/tuzlainfo.ba\/#\/schema\/logo\/image\/","url":"https:\/\/tuzlainfo.ba\/wp-content\/uploads\/2021\/03\/logo-ver-3-1.png","contentUrl":"https:\/\/tuzlainfo.ba\/wp-content\/uploads\/2021\/03\/logo-ver-3-1.png","width":350,"height":95,"caption":"TuzlaInfo.ba"},"image":{"@id":"https:\/\/tuzlainfo.ba\/#\/schema\/logo\/image\/"},"sameAs":["https:\/\/www.facebook.com\/tuzlainfo.ba\/"]},{"@type":"Person","@id":"https:\/\/tuzlainfo.ba\/#\/schema\/person\/f434e20dc27ea133923aab08451b7f7f","name":"nedim","image":{"@type":"ImageObject","inLanguage":"bs-BA","@id":"https:\/\/tuzlainfo.ba\/#\/schema\/person\/image\/","url":"https:\/\/tuzlainfo.ba\/wp-content\/litespeed\/avatar\/aabad687af24844af817603ac1cbdc4f.jpg?ver=1777306975","contentUrl":"https:\/\/tuzlainfo.ba\/wp-content\/litespeed\/avatar\/aabad687af24844af817603ac1cbdc4f.jpg?ver=1777306975","caption":"nedim"},"description":"Tuzlainfo.ba pratite na dru\u0161tvenim mre\u017eama: Facebook, Instagram i Youtube. Svoje pri\u010de, upite i fotografije \u0161aljite na na\u0161u e-mail adresu."}]}},"_links":{"self":[{"href":"https:\/\/tuzlainfo.ba\/index.php\/wp-json\/wp\/v2\/posts\/287441"}],"collection":[{"href":"https:\/\/tuzlainfo.ba\/index.php\/wp-json\/wp\/v2\/posts"}],"about":[{"href":"https:\/\/tuzlainfo.ba\/index.php\/wp-json\/wp\/v2\/types\/post"}],"author":[{"embeddable":true,"href":"https:\/\/tuzlainfo.ba\/index.php\/wp-json\/wp\/v2\/users\/2"}],"replies":[{"embeddable":true,"href":"https:\/\/tuzlainfo.ba\/index.php\/wp-json\/wp\/v2\/comments?post=287441"}],"version-history":[{"count":1,"href":"https:\/\/tuzlainfo.ba\/index.php\/wp-json\/wp\/v2\/posts\/287441\/revisions"}],"predecessor-version":[{"id":287443,"href":"https:\/\/tuzlainfo.ba\/index.php\/wp-json\/wp\/v2\/posts\/287441\/revisions\/287443"}],"wp:featuredmedia":[{"embeddable":true,"href":"https:\/\/tuzlainfo.ba\/index.php\/wp-json\/wp\/v2\/media\/287442"}],"wp:attachment":[{"href":"https:\/\/tuzlainfo.ba\/index.php\/wp-json\/wp\/v2\/media?parent=287441"}],"wp:term":[{"taxonomy":"category","embeddable":true,"href":"https:\/\/tuzlainfo.ba\/index.php\/wp-json\/wp\/v2\/categories?post=287441"},{"taxonomy":"post_tag","embeddable":true,"href":"https:\/\/tuzlainfo.ba\/index.php\/wp-json\/wp\/v2\/tags?post=287441"}],"curies":[{"name":"wp","href":"https:\/\/api.w.org\/{rel}","templated":true}]}}