{"id":287390,"date":"2025-11-25T08:46:44","date_gmt":"2025-11-25T07:46:44","guid":{"rendered":"https:\/\/tuzlainfo.ba\/?p=287390"},"modified":"2025-11-25T08:47:35","modified_gmt":"2025-11-25T07:47:35","slug":"cz-tuzla-izdato-upozorenje-zbog-mogucih-bujica-i-klizista","status":"publish","type":"post","link":"https:\/\/tuzlainfo.ba\/index.php\/istaknuto\/item\/287390-cz-tuzla-izdato-upozorenje-zbog-mogucih-bujica-i-klizista\/","title":{"rendered":"CZ Tuzla: Izdato upozorenje zbog mogu\u0107ih bujica i klizi\u0161ta"},"content":{"rendered":"<p>Slu\u017eba civilne za\u0161tite Grada Tuzle obavje\u0161tava gra\u0111ane da je zaprimljena obavijest Federalnog hidrometeorolo\u0161kog zavoda BiH o mogu\u0107im bujicama i klizi\u0161tima. Usljed najavljenih padavina i topljenja snijega, tokom narednih dana na slivnom podru\u010dju rijeke Save postoji pove\u0107an rizik od lokalnog izlijevanja vodotoka iz korita, kao i pojave klizi\u0161ta.<\/p>\n<p>Prema najavama, po\u010detak pogor\u0161anih hidrolo\u0161kih prilika o\u010dekuje se 25. i 26. novembra 2025. godine, dok se vrh vodnog vala prognozira za 26. i 27. novembar.<\/p>\n<p>Iz Slu\u017ebe civilne za\u0161tite pozivaju gra\u0111ane da preduzmu sve neophodne mjere pripravnosti radi za\u0161tite ljudi i materijalnih dobara, posebno oni koji \u017eive u blizini vodotoka i na podru\u010djima podlo\u017enim klizanju tla.<\/p>\n<p>Preporuke za gra\u0111ane:<\/p>\n<p>Redovno se informisati o trenutnoj situaciji putem lokalnih medija i slu\u017ebenih upozorenja.<\/p>\n<p>Ne prilaziti obalama rijeka i potoka zbog mogu\u0107eg pove\u0107anja dubine i brzine vode.<\/p>\n<p>Ne dirati elektri\u010dne aparate ako su mokri ili u kontaktu s vodom; isklju\u010diti elektri\u010dne instalacije i dovod vode.<\/p>\n<p>Pitku vodu i namirnice podi\u0107i na vi\u0161e nivoe objekata.<\/p>\n<p>Sprije\u010diti prodiranje vode u najni\u017ee dijelove objekata postavljanjem za\u0161titnih barijera (vre\u0107e s pijeskom i sl.); eventualne pojave klizi\u0161ta prijaviti Operativnom centru civilne za\u0161tite Tuzla.<\/p>\n<p>Biti spreman na mogu\u0107u evakuaciju.<\/p>\n<p>Obezbijediti osnovne zalihe hrane, vode i lijekova za nekoliko dana.<\/p>\n<p>Osigurati dom zatvaranjem prozora i vrata te podizanjem vrijednih stvari na vi\u0161e nivoe.<\/p>\n<p>Pripremiti li\u010dne dokumente i \u010duvati ih na sigurnom mjestu.<\/p>\n<p>U slu\u010daju nare\u0111ene evakuacije, postupiti odmah i slijediti uputstva nadle\u017enih slu\u017ebi.<\/p>\n<p>Brojevi za hitne slu\u010dajeve:<\/p>\n<p>Operativni centar civilne za\u0161tite \u2013 121<\/p>\n<p>Operativni centar MUP-a TK \u2013 122<\/p>\n<p>Vatrogasci \u2013 123<\/p>\n<p>Hitna medicinska pomo\u0107 \u2013 124<\/p>\n<p>Slu\u017eba civilne za\u0161tite Grada Tuzle poziva gra\u0111ane na oprez i pravovremeno djelovanje kako bi se umanjili rizici i sprije\u010dile eventualne \u0161tete.<\/p>\n","protected":false},"excerpt":{"rendered":"<p>Slu\u017eba civilne za\u0161tite Grada Tuzle obavje\u0161tava gra\u0111ane da je zaprimljena obavijest Federalnog hidrometeorolo\u0161kog zavoda BiH&hellip;<\/p>\n","protected":false},"author":4,"featured_media":266101,"comment_status":"closed","ping_status":"closed","sticky":false,"template":"","format":"standard","meta":{"_acf_changed":false,"footnotes":""},"categories":[304,12],"tags":[2954,2955,1508],"acf":[],"yoast_head":"<!-- This site is optimized with the Yoast SEO plugin v23.5 - https:\/\/yoast.com\/wordpress\/plugins\/seo\/ -->\n<title>CZ Tuzla: Izdato upozorenje zbog mogu\u0107ih bujica i klizi\u0161ta - TuzlaInfo.ba<\/title>\n<meta name=\"robots\" content=\"index, follow, max-snippet:-1, max-image-preview:large, max-video-preview:-1\" \/>\n<link rel=\"canonical\" href=\"https:\/\/tuzlainfo.ba\/index.php\/istaknuto\/item\/287390-cz-tuzla-izdato-upozorenje-zbog-mogucih-bujica-i-klizista\/\" \/>\n<meta property=\"og:locale\" content=\"bs_BA\" \/>\n<meta property=\"og:type\" content=\"article\" \/>\n<meta property=\"og:title\" content=\"CZ Tuzla: Izdato upozorenje zbog mogu\u0107ih bujica i klizi\u0161ta - TuzlaInfo.ba\" \/>\n<meta property=\"og:description\" content=\"Slu\u017eba civilne za\u0161tite Grada Tuzle obavje\u0161tava gra\u0111ane da je zaprimljena obavijest Federalnog hidrometeorolo\u0161kog zavoda BiH&hellip;\" \/>\n<meta property=\"og:url\" content=\"https:\/\/tuzlainfo.ba\/index.php\/istaknuto\/item\/287390-cz-tuzla-izdato-upozorenje-zbog-mogucih-bujica-i-klizista\/\" \/>\n<meta property=\"og:site_name\" content=\"TuzlaInfo.ba\" \/>\n<meta property=\"article:publisher\" content=\"https:\/\/www.facebook.com\/tuzlainfo.ba\/\" \/>\n<meta property=\"article:published_time\" content=\"2025-11-25T07:46:44+00:00\" \/>\n<meta property=\"article:modified_time\" content=\"2025-11-25T07:47:35+00:00\" \/>\n<meta property=\"og:image\" content=\"https:\/\/tuzlainfo.ba\/wp-content\/uploads\/2025\/03\/2703_kliziste.jpg\" \/>\n\t<meta property=\"og:image:width\" content=\"800\" \/>\n\t<meta property=\"og:image:height\" content=\"533\" \/>\n\t<meta property=\"og:image:type\" content=\"image\/jpeg\" \/>\n<meta name=\"author\" content=\"Tuzla Info\" \/>\n<meta name=\"twitter:card\" content=\"summary_large_image\" \/>\n<meta name=\"twitter:label1\" content=\"Written by\" \/>\n\t<meta name=\"twitter:data1\" content=\"Tuzla Info\" \/>\n\t<meta name=\"twitter:label2\" content=\"Est. reading time\" \/>\n\t<meta name=\"twitter:data2\" content=\"2 minute\" \/>\n<script type=\"application\/ld+json\" class=\"yoast-schema-graph\">{\"@context\":\"https:\/\/schema.org\",\"@graph\":[{\"@type\":\"Article\",\"@id\":\"https:\/\/tuzlainfo.ba\/index.php\/istaknuto\/item\/287390-cz-tuzla-izdato-upozorenje-zbog-mogucih-bujica-i-klizista\/#article\",\"isPartOf\":{\"@id\":\"https:\/\/tuzlainfo.ba\/index.php\/istaknuto\/item\/287390-cz-tuzla-izdato-upozorenje-zbog-mogucih-bujica-i-klizista\/\"},\"author\":{\"name\":\"Tuzla Info\",\"@id\":\"https:\/\/tuzlainfo.ba\/#\/schema\/person\/46cad4c57790cbc50781edd14870825a\"},\"headline\":\"CZ Tuzla: Izdato upozorenje zbog mogu\u0107ih bujica i klizi\u0161ta\",\"datePublished\":\"2025-11-25T07:46:44+00:00\",\"dateModified\":\"2025-11-25T07:47:35+00:00\",\"mainEntityOfPage\":{\"@id\":\"https:\/\/tuzlainfo.ba\/index.php\/istaknuto\/item\/287390-cz-tuzla-izdato-upozorenje-zbog-mogucih-bujica-i-klizista\/\"},\"wordCount\":321,\"publisher\":{\"@id\":\"https:\/\/tuzlainfo.ba\/#organization\"},\"image\":{\"@id\":\"https:\/\/tuzlainfo.ba\/index.php\/istaknuto\/item\/287390-cz-tuzla-izdato-upozorenje-zbog-mogucih-bujica-i-klizista\/#primaryimage\"},\"thumbnailUrl\":\"https:\/\/tuzlainfo.ba\/wp-content\/uploads\/2025\/03\/2703_kliziste.jpg\",\"keywords\":[\"civilna za\u0161tita tuzla\",\"klizi\u0161ta\",\"poplave\"],\"articleSection\":[\"Istaknuto\",\"Novosti\"],\"inLanguage\":\"bs-BA\"},{\"@type\":\"WebPage\",\"@id\":\"https:\/\/tuzlainfo.ba\/index.php\/istaknuto\/item\/287390-cz-tuzla-izdato-upozorenje-zbog-mogucih-bujica-i-klizista\/\",\"url\":\"https:\/\/tuzlainfo.ba\/index.php\/istaknuto\/item\/287390-cz-tuzla-izdato-upozorenje-zbog-mogucih-bujica-i-klizista\/\",\"name\":\"CZ Tuzla: Izdato upozorenje zbog mogu\u0107ih bujica i klizi\u0161ta - TuzlaInfo.ba\",\"isPartOf\":{\"@id\":\"https:\/\/tuzlainfo.ba\/#website\"},\"primaryImageOfPage\":{\"@id\":\"https:\/\/tuzlainfo.ba\/index.php\/istaknuto\/item\/287390-cz-tuzla-izdato-upozorenje-zbog-mogucih-bujica-i-klizista\/#primaryimage\"},\"image\":{\"@id\":\"https:\/\/tuzlainfo.ba\/index.php\/istaknuto\/item\/287390-cz-tuzla-izdato-upozorenje-zbog-mogucih-bujica-i-klizista\/#primaryimage\"},\"thumbnailUrl\":\"https:\/\/tuzlainfo.ba\/wp-content\/uploads\/2025\/03\/2703_kliziste.jpg\",\"datePublished\":\"2025-11-25T07:46:44+00:00\",\"dateModified\":\"2025-11-25T07:47:35+00:00\",\"breadcrumb\":{\"@id\":\"https:\/\/tuzlainfo.ba\/index.php\/istaknuto\/item\/287390-cz-tuzla-izdato-upozorenje-zbog-mogucih-bujica-i-klizista\/#breadcrumb\"},\"inLanguage\":\"bs-BA\",\"potentialAction\":[{\"@type\":\"ReadAction\",\"target\":[\"https:\/\/tuzlainfo.ba\/index.php\/istaknuto\/item\/287390-cz-tuzla-izdato-upozorenje-zbog-mogucih-bujica-i-klizista\/\"]}]},{\"@type\":\"ImageObject\",\"inLanguage\":\"bs-BA\",\"@id\":\"https:\/\/tuzlainfo.ba\/index.php\/istaknuto\/item\/287390-cz-tuzla-izdato-upozorenje-zbog-mogucih-bujica-i-klizista\/#primaryimage\",\"url\":\"https:\/\/tuzlainfo.ba\/wp-content\/uploads\/2025\/03\/2703_kliziste.jpg\",\"contentUrl\":\"https:\/\/tuzlainfo.ba\/wp-content\/uploads\/2025\/03\/2703_kliziste.jpg\",\"width\":800,\"height\":533},{\"@type\":\"BreadcrumbList\",\"@id\":\"https:\/\/tuzlainfo.ba\/index.php\/istaknuto\/item\/287390-cz-tuzla-izdato-upozorenje-zbog-mogucih-bujica-i-klizista\/#breadcrumb\",\"itemListElement\":[{\"@type\":\"ListItem\",\"position\":1,\"name\":\"Home\",\"item\":\"https:\/\/tuzlainfo.ba\/\"},{\"@type\":\"ListItem\",\"position\":2,\"name\":\"CZ Tuzla: Izdato upozorenje zbog mogu\u0107ih bujica i klizi\u0161ta\"}]},{\"@type\":\"WebSite\",\"@id\":\"https:\/\/tuzlainfo.ba\/#website\",\"url\":\"https:\/\/tuzlainfo.ba\/\",\"name\":\"TuzlaInfo.ba\",\"description\":\"Tuzla info, gradski informator - Tuzla na dlanu\",\"publisher\":{\"@id\":\"https:\/\/tuzlainfo.ba\/#organization\"},\"potentialAction\":[{\"@type\":\"SearchAction\",\"target\":{\"@type\":\"EntryPoint\",\"urlTemplate\":\"https:\/\/tuzlainfo.ba\/?s={search_term_string}\"},\"query-input\":{\"@type\":\"PropertyValueSpecification\",\"valueRequired\":true,\"valueName\":\"search_term_string\"}}],\"inLanguage\":\"bs-BA\"},{\"@type\":\"Organization\",\"@id\":\"https:\/\/tuzlainfo.ba\/#organization\",\"name\":\"TuzlaInfo.ba\",\"url\":\"https:\/\/tuzlainfo.ba\/\",\"logo\":{\"@type\":\"ImageObject\",\"inLanguage\":\"bs-BA\",\"@id\":\"https:\/\/tuzlainfo.ba\/#\/schema\/logo\/image\/\",\"url\":\"https:\/\/tuzlainfo.ba\/wp-content\/uploads\/2021\/03\/logo-ver-3-1.png\",\"contentUrl\":\"https:\/\/tuzlainfo.ba\/wp-content\/uploads\/2021\/03\/logo-ver-3-1.png\",\"width\":350,\"height\":95,\"caption\":\"TuzlaInfo.ba\"},\"image\":{\"@id\":\"https:\/\/tuzlainfo.ba\/#\/schema\/logo\/image\/\"},\"sameAs\":[\"https:\/\/www.facebook.com\/tuzlainfo.ba\/\"]},{\"@type\":\"Person\",\"@id\":\"https:\/\/tuzlainfo.ba\/#\/schema\/person\/46cad4c57790cbc50781edd14870825a\",\"name\":\"Tuzla Info\",\"image\":{\"@type\":\"ImageObject\",\"inLanguage\":\"bs-BA\",\"@id\":\"https:\/\/tuzlainfo.ba\/#\/schema\/person\/image\/\",\"url\":\"https:\/\/tuzlainfo.ba\/wp-content\/litespeed\/avatar\/b6c453a6c38e3654f2e4416c643fc25c.jpg?ver=1777051911\",\"contentUrl\":\"https:\/\/tuzlainfo.ba\/wp-content\/litespeed\/avatar\/b6c453a6c38e3654f2e4416c643fc25c.jpg?ver=1777051911\",\"caption\":\"Tuzla Info\"}}]}<\/script>\n<!-- \/ Yoast SEO plugin. -->","yoast_head_json":{"title":"CZ Tuzla: Izdato upozorenje zbog mogu\u0107ih bujica i klizi\u0161ta - TuzlaInfo.ba","robots":{"index":"index","follow":"follow","max-snippet":"max-snippet:-1","max-image-preview":"max-image-preview:large","max-video-preview":"max-video-preview:-1"},"canonical":"https:\/\/tuzlainfo.ba\/index.php\/istaknuto\/item\/287390-cz-tuzla-izdato-upozorenje-zbog-mogucih-bujica-i-klizista\/","og_locale":"bs_BA","og_type":"article","og_title":"CZ Tuzla: Izdato upozorenje zbog mogu\u0107ih bujica i klizi\u0161ta - TuzlaInfo.ba","og_description":"Slu\u017eba civilne za\u0161tite Grada Tuzle obavje\u0161tava gra\u0111ane da je zaprimljena obavijest Federalnog hidrometeorolo\u0161kog zavoda BiH&hellip;","og_url":"https:\/\/tuzlainfo.ba\/index.php\/istaknuto\/item\/287390-cz-tuzla-izdato-upozorenje-zbog-mogucih-bujica-i-klizista\/","og_site_name":"TuzlaInfo.ba","article_publisher":"https:\/\/www.facebook.com\/tuzlainfo.ba\/","article_published_time":"2025-11-25T07:46:44+00:00","article_modified_time":"2025-11-25T07:47:35+00:00","og_image":[{"width":800,"height":533,"url":"https:\/\/tuzlainfo.ba\/wp-content\/uploads\/2025\/03\/2703_kliziste.jpg","type":"image\/jpeg"}],"author":"Tuzla Info","twitter_card":"summary_large_image","twitter_misc":{"Written by":"Tuzla Info","Est. reading time":"2 minute"},"schema":{"@context":"https:\/\/schema.org","@graph":[{"@type":"Article","@id":"https:\/\/tuzlainfo.ba\/index.php\/istaknuto\/item\/287390-cz-tuzla-izdato-upozorenje-zbog-mogucih-bujica-i-klizista\/#article","isPartOf":{"@id":"https:\/\/tuzlainfo.ba\/index.php\/istaknuto\/item\/287390-cz-tuzla-izdato-upozorenje-zbog-mogucih-bujica-i-klizista\/"},"author":{"name":"Tuzla Info","@id":"https:\/\/tuzlainfo.ba\/#\/schema\/person\/46cad4c57790cbc50781edd14870825a"},"headline":"CZ Tuzla: Izdato upozorenje zbog mogu\u0107ih bujica i klizi\u0161ta","datePublished":"2025-11-25T07:46:44+00:00","dateModified":"2025-11-25T07:47:35+00:00","mainEntityOfPage":{"@id":"https:\/\/tuzlainfo.ba\/index.php\/istaknuto\/item\/287390-cz-tuzla-izdato-upozorenje-zbog-mogucih-bujica-i-klizista\/"},"wordCount":321,"publisher":{"@id":"https:\/\/tuzlainfo.ba\/#organization"},"image":{"@id":"https:\/\/tuzlainfo.ba\/index.php\/istaknuto\/item\/287390-cz-tuzla-izdato-upozorenje-zbog-mogucih-bujica-i-klizista\/#primaryimage"},"thumbnailUrl":"https:\/\/tuzlainfo.ba\/wp-content\/uploads\/2025\/03\/2703_kliziste.jpg","keywords":["civilna za\u0161tita tuzla","klizi\u0161ta","poplave"],"articleSection":["Istaknuto","Novosti"],"inLanguage":"bs-BA"},{"@type":"WebPage","@id":"https:\/\/tuzlainfo.ba\/index.php\/istaknuto\/item\/287390-cz-tuzla-izdato-upozorenje-zbog-mogucih-bujica-i-klizista\/","url":"https:\/\/tuzlainfo.ba\/index.php\/istaknuto\/item\/287390-cz-tuzla-izdato-upozorenje-zbog-mogucih-bujica-i-klizista\/","name":"CZ Tuzla: Izdato upozorenje zbog mogu\u0107ih bujica i klizi\u0161ta - TuzlaInfo.ba","isPartOf":{"@id":"https:\/\/tuzlainfo.ba\/#website"},"primaryImageOfPage":{"@id":"https:\/\/tuzlainfo.ba\/index.php\/istaknuto\/item\/287390-cz-tuzla-izdato-upozorenje-zbog-mogucih-bujica-i-klizista\/#primaryimage"},"image":{"@id":"https:\/\/tuzlainfo.ba\/index.php\/istaknuto\/item\/287390-cz-tuzla-izdato-upozorenje-zbog-mogucih-bujica-i-klizista\/#primaryimage"},"thumbnailUrl":"https:\/\/tuzlainfo.ba\/wp-content\/uploads\/2025\/03\/2703_kliziste.jpg","datePublished":"2025-11-25T07:46:44+00:00","dateModified":"2025-11-25T07:47:35+00:00","breadcrumb":{"@id":"https:\/\/tuzlainfo.ba\/index.php\/istaknuto\/item\/287390-cz-tuzla-izdato-upozorenje-zbog-mogucih-bujica-i-klizista\/#breadcrumb"},"inLanguage":"bs-BA","potentialAction":[{"@type":"ReadAction","target":["https:\/\/tuzlainfo.ba\/index.php\/istaknuto\/item\/287390-cz-tuzla-izdato-upozorenje-zbog-mogucih-bujica-i-klizista\/"]}]},{"@type":"ImageObject","inLanguage":"bs-BA","@id":"https:\/\/tuzlainfo.ba\/index.php\/istaknuto\/item\/287390-cz-tuzla-izdato-upozorenje-zbog-mogucih-bujica-i-klizista\/#primaryimage","url":"https:\/\/tuzlainfo.ba\/wp-content\/uploads\/2025\/03\/2703_kliziste.jpg","contentUrl":"https:\/\/tuzlainfo.ba\/wp-content\/uploads\/2025\/03\/2703_kliziste.jpg","width":800,"height":533},{"@type":"BreadcrumbList","@id":"https:\/\/tuzlainfo.ba\/index.php\/istaknuto\/item\/287390-cz-tuzla-izdato-upozorenje-zbog-mogucih-bujica-i-klizista\/#breadcrumb","itemListElement":[{"@type":"ListItem","position":1,"name":"Home","item":"https:\/\/tuzlainfo.ba\/"},{"@type":"ListItem","position":2,"name":"CZ Tuzla: Izdato upozorenje zbog mogu\u0107ih bujica i klizi\u0161ta"}]},{"@type":"WebSite","@id":"https:\/\/tuzlainfo.ba\/#website","url":"https:\/\/tuzlainfo.ba\/","name":"TuzlaInfo.ba","description":"Tuzla info, gradski informator - Tuzla na dlanu","publisher":{"@id":"https:\/\/tuzlainfo.ba\/#organization"},"potentialAction":[{"@type":"SearchAction","target":{"@type":"EntryPoint","urlTemplate":"https:\/\/tuzlainfo.ba\/?s={search_term_string}"},"query-input":{"@type":"PropertyValueSpecification","valueRequired":true,"valueName":"search_term_string"}}],"inLanguage":"bs-BA"},{"@type":"Organization","@id":"https:\/\/tuzlainfo.ba\/#organization","name":"TuzlaInfo.ba","url":"https:\/\/tuzlainfo.ba\/","logo":{"@type":"ImageObject","inLanguage":"bs-BA","@id":"https:\/\/tuzlainfo.ba\/#\/schema\/logo\/image\/","url":"https:\/\/tuzlainfo.ba\/wp-content\/uploads\/2021\/03\/logo-ver-3-1.png","contentUrl":"https:\/\/tuzlainfo.ba\/wp-content\/uploads\/2021\/03\/logo-ver-3-1.png","width":350,"height":95,"caption":"TuzlaInfo.ba"},"image":{"@id":"https:\/\/tuzlainfo.ba\/#\/schema\/logo\/image\/"},"sameAs":["https:\/\/www.facebook.com\/tuzlainfo.ba\/"]},{"@type":"Person","@id":"https:\/\/tuzlainfo.ba\/#\/schema\/person\/46cad4c57790cbc50781edd14870825a","name":"Tuzla Info","image":{"@type":"ImageObject","inLanguage":"bs-BA","@id":"https:\/\/tuzlainfo.ba\/#\/schema\/person\/image\/","url":"https:\/\/tuzlainfo.ba\/wp-content\/litespeed\/avatar\/b6c453a6c38e3654f2e4416c643fc25c.jpg?ver=1777051911","contentUrl":"https:\/\/tuzlainfo.ba\/wp-content\/litespeed\/avatar\/b6c453a6c38e3654f2e4416c643fc25c.jpg?ver=1777051911","caption":"Tuzla Info"}}]}},"_links":{"self":[{"href":"https:\/\/tuzlainfo.ba\/index.php\/wp-json\/wp\/v2\/posts\/287390"}],"collection":[{"href":"https:\/\/tuzlainfo.ba\/index.php\/wp-json\/wp\/v2\/posts"}],"about":[{"href":"https:\/\/tuzlainfo.ba\/index.php\/wp-json\/wp\/v2\/types\/post"}],"author":[{"embeddable":true,"href":"https:\/\/tuzlainfo.ba\/index.php\/wp-json\/wp\/v2\/users\/4"}],"replies":[{"embeddable":true,"href":"https:\/\/tuzlainfo.ba\/index.php\/wp-json\/wp\/v2\/comments?post=287390"}],"version-history":[{"count":1,"href":"https:\/\/tuzlainfo.ba\/index.php\/wp-json\/wp\/v2\/posts\/287390\/revisions"}],"predecessor-version":[{"id":287391,"href":"https:\/\/tuzlainfo.ba\/index.php\/wp-json\/wp\/v2\/posts\/287390\/revisions\/287391"}],"wp:featuredmedia":[{"embeddable":true,"href":"https:\/\/tuzlainfo.ba\/index.php\/wp-json\/wp\/v2\/media\/266101"}],"wp:attachment":[{"href":"https:\/\/tuzlainfo.ba\/index.php\/wp-json\/wp\/v2\/media?parent=287390"}],"wp:term":[{"taxonomy":"category","embeddable":true,"href":"https:\/\/tuzlainfo.ba\/index.php\/wp-json\/wp\/v2\/categories?post=287390"},{"taxonomy":"post_tag","embeddable":true,"href":"https:\/\/tuzlainfo.ba\/index.php\/wp-json\/wp\/v2\/tags?post=287390"}],"curies":[{"name":"wp","href":"https:\/\/api.w.org\/{rel}","templated":true}]}}