{"id":287274,"date":"2025-11-24T11:34:07","date_gmt":"2025-11-24T10:34:07","guid":{"rendered":"https:\/\/tuzlainfo.ba\/?p=287274"},"modified":"2025-11-24T10:36:57","modified_gmt":"2025-11-24T09:36:57","slug":"vukanovic-imam-dokaze-o-izbornoj-kradji","status":"publish","type":"post","link":"https:\/\/tuzlainfo.ba\/index.php\/bosna-i-hercegovina\/item\/287274-vukanovic-imam-dokaze-o-izbornoj-kradji\/","title":{"rendered":"Vukanovi\u0107: Imam dokaze o izbornoj kra\u0111i"},"content":{"rendered":"<p>Neboj\u0161a Vukanovi\u0107 jutros je objavio da su Doboj i Zvornik ponovo bili centri, kako je naveo, organizovane kra\u0111e glasova, navode\u0107i da se puna tri sata \u010dekalo na prve rezultate jer je u tim podru\u010djima, prema njegovim rije\u010dima, trajala operacija prepravljanja zapisnika i dopisivanja glasova. Ustvrdio je da se, kao i ranijih izbornih ciklusa, manipulacije de\u0161avaju na malom broju bira\u010dkih mjesta u seoskim sredinama, gdje se, kako tvrdi, izborna volja gra\u0111ana najlak\u0161e prekraja.<\/p>\n<p>\u201cKoliko je kra\u0111ana glasova bila brutalna pokazuje analiza rezultata iz sela oko Zvornika i Doboja, gdje je Sini\u0161a Karan dobijao 98 posto glasova, Branko Blanu\u0161a jedan posto, a na jednom bira\u010dkom mjestu vje\u0161ta\u010dki je dopisivanjem pravljena razlika od 365 glasova\u201d, napisao je Vukanovi\u0107, dodaju\u0107i da su brojke same po sebi dokaz koliko je proces bio kompromitovan.<\/p>\n<p>Sli\u010dnu sliku opisao je i kada je rije\u010d o Doboju, navode\u0107i primjere nekoliko bira\u010dkih mjesta na kojima su rezultati bili gotovo identi\u010dni. Prema njegovim rije\u010dima, u Pridjelu Donjem Karan je \u201cdobio\u201d 451 glas, dok je Blanu\u0161a ostao na 38, a u Ko\u017euhu B Karan je upisan sa 217 glasova, dok je Blanu\u0161a ostao na 16. Naveo je i primjer Osje\u010dana Gornjih gdje je Karan upisan sa 175 glasova, a Blanu\u0161a sa 27, isti\u010du\u0107i da se na ve\u0107ini bira\u010dkih mjesta ponavljala gotovo ista slika.<\/p>\n<p>Vukanovi\u0107 tvrdi da je razlog vi\u0161esatnog \u010dekanja na rezultate upravo to \u0161to su, kako ka\u017ee, odre\u0111eni odbori prepravljali zapisnike. \u201cO\u010digledno je i jasno da je ponovo na djelu bila brutalna kra\u0111a glasova, zbog toga se vi\u0161e od tri sata brojao jedan listi\u0107, dok je u Trebinju ve\u0107 u 19:15 bilo prebrojano vi\u0161e bira\u010dkih mjesta\u201d, napisao je, dodaju\u0107i da je Milorad Dodik bio svjestan poraza i da je zato, kako tvrdi, naredio prekrajanje rezultata u Doboju i Zvorniku.<\/p>\n<p>Posebno je kritikovao pravosu\u0111e jer nikada nije sankcionisalo \u010dlanove bira\u010dkih odbora za koje je ranije dokazano da su u\u010destvovali u izbornim manipulacijama. Prema njegovim rije\u010dima, blage kazne dale su \u201cvjetar u le\u0111a da se kra\u0111e nastave jo\u0161 brutalnije\u201d, a kao odgovorne je naveo i Centralnu izbornu komisiju BiH te me\u0111unarodnu zajednicu, za koje tvrdi da prihvataju pokradene rezultate ili nijemo posmatraju procese.<\/p>\n<p>\u201cUz rijeku Drinu i granicu sa Srbijom najlo\u0161iji je rezultat opozicije, od Vi\u0161egrada do Zvornika, zbog seobe glasa\u010da i \u0107aci pristalica SNS-a koji su organizovano dovedeni na glasanje\u201d, naveo je Vukanovi\u0107, uz tvrdnju da je rije\u010d o ustaljenom mehanizmu kojim se odlu\u010duju izbori na ovim podru\u010djima.<\/p>\n","protected":false},"excerpt":{"rendered":"<p>Neboj\u0161a Vukanovi\u0107 jutros je objavio da su Doboj i Zvornik ponovo bili centri, kako je&hellip;<\/p>\n","protected":false},"author":8,"featured_media":287275,"comment_status":"closed","ping_status":"closed","sticky":false,"template":"","format":"standard","meta":{"_acf_changed":false,"footnotes":""},"categories":[291],"tags":[1341,5953],"acf":[],"yoast_head":"<!-- This site is optimized with the Yoast SEO plugin v23.5 - https:\/\/yoast.com\/wordpress\/plugins\/seo\/ -->\n<title>Vukanovi\u0107: Imam dokaze o izbornoj kra\u0111i - TuzlaInfo.ba<\/title>\n<meta name=\"robots\" content=\"index, follow, max-snippet:-1, max-image-preview:large, max-video-preview:-1\" \/>\n<link rel=\"canonical\" href=\"https:\/\/tuzlainfo.ba\/index.php\/bosna-i-hercegovina\/item\/287274-vukanovic-imam-dokaze-o-izbornoj-kradji\/\" \/>\n<meta property=\"og:locale\" content=\"bs_BA\" \/>\n<meta property=\"og:type\" content=\"article\" \/>\n<meta property=\"og:title\" content=\"Vukanovi\u0107: Imam dokaze o izbornoj kra\u0111i - TuzlaInfo.ba\" \/>\n<meta property=\"og:description\" content=\"Neboj\u0161a Vukanovi\u0107 jutros je objavio da su Doboj i Zvornik ponovo bili centri, kako je&hellip;\" \/>\n<meta property=\"og:url\" content=\"https:\/\/tuzlainfo.ba\/index.php\/bosna-i-hercegovina\/item\/287274-vukanovic-imam-dokaze-o-izbornoj-kradji\/\" \/>\n<meta property=\"og:site_name\" content=\"TuzlaInfo.ba\" \/>\n<meta property=\"article:publisher\" content=\"https:\/\/www.facebook.com\/tuzlainfo.ba\/\" \/>\n<meta property=\"article:published_time\" content=\"2025-11-24T10:34:07+00:00\" \/>\n<meta property=\"article:modified_time\" content=\"2025-11-24T09:36:57+00:00\" \/>\n<meta property=\"og:image\" content=\"https:\/\/tuzlainfo.ba\/wp-content\/uploads\/2025\/11\/2411_nebojsa-vukanovic.jpeg\" \/>\n\t<meta property=\"og:image:width\" content=\"2560\" \/>\n\t<meta property=\"og:image:height\" content=\"1439\" \/>\n\t<meta property=\"og:image:type\" content=\"image\/jpeg\" \/>\n<meta name=\"author\" content=\"Admin Tri\" \/>\n<meta name=\"twitter:card\" content=\"summary_large_image\" \/>\n<meta name=\"twitter:label1\" content=\"Written by\" \/>\n\t<meta name=\"twitter:data1\" content=\"Admin Tri\" \/>\n\t<meta name=\"twitter:label2\" content=\"Est. reading time\" \/>\n\t<meta name=\"twitter:data2\" content=\"3 minute\" \/>\n<script type=\"application\/ld+json\" class=\"yoast-schema-graph\">{\"@context\":\"https:\/\/schema.org\",\"@graph\":[{\"@type\":\"Article\",\"@id\":\"https:\/\/tuzlainfo.ba\/index.php\/bosna-i-hercegovina\/item\/287274-vukanovic-imam-dokaze-o-izbornoj-kradji\/#article\",\"isPartOf\":{\"@id\":\"https:\/\/tuzlainfo.ba\/index.php\/bosna-i-hercegovina\/item\/287274-vukanovic-imam-dokaze-o-izbornoj-kradji\/\"},\"author\":{\"name\":\"Admin Tri\",\"@id\":\"https:\/\/tuzlainfo.ba\/#\/schema\/person\/593e78a2f6378c5ba3e7600ecfa4e63a\"},\"headline\":\"Vukanovi\u0107: Imam dokaze o izbornoj kra\u0111i\",\"datePublished\":\"2025-11-24T10:34:07+00:00\",\"dateModified\":\"2025-11-24T09:36:57+00:00\",\"mainEntityOfPage\":{\"@id\":\"https:\/\/tuzlainfo.ba\/index.php\/bosna-i-hercegovina\/item\/287274-vukanovic-imam-dokaze-o-izbornoj-kradji\/\"},\"wordCount\":445,\"publisher\":{\"@id\":\"https:\/\/tuzlainfo.ba\/#organization\"},\"image\":{\"@id\":\"https:\/\/tuzlainfo.ba\/index.php\/bosna-i-hercegovina\/item\/287274-vukanovic-imam-dokaze-o-izbornoj-kradji\/#primaryimage\"},\"thumbnailUrl\":\"https:\/\/tuzlainfo.ba\/wp-content\/uploads\/2025\/11\/2411_nebojsa-vukanovic.jpeg\",\"keywords\":[\"neboj\u0161a Vukanovi\u0107\",\"prijevremeni izbori\"],\"articleSection\":[\"Bosna i Hercegovina\"],\"inLanguage\":\"bs-BA\"},{\"@type\":\"WebPage\",\"@id\":\"https:\/\/tuzlainfo.ba\/index.php\/bosna-i-hercegovina\/item\/287274-vukanovic-imam-dokaze-o-izbornoj-kradji\/\",\"url\":\"https:\/\/tuzlainfo.ba\/index.php\/bosna-i-hercegovina\/item\/287274-vukanovic-imam-dokaze-o-izbornoj-kradji\/\",\"name\":\"Vukanovi\u0107: Imam dokaze o izbornoj kra\u0111i - TuzlaInfo.ba\",\"isPartOf\":{\"@id\":\"https:\/\/tuzlainfo.ba\/#website\"},\"primaryImageOfPage\":{\"@id\":\"https:\/\/tuzlainfo.ba\/index.php\/bosna-i-hercegovina\/item\/287274-vukanovic-imam-dokaze-o-izbornoj-kradji\/#primaryimage\"},\"image\":{\"@id\":\"https:\/\/tuzlainfo.ba\/index.php\/bosna-i-hercegovina\/item\/287274-vukanovic-imam-dokaze-o-izbornoj-kradji\/#primaryimage\"},\"thumbnailUrl\":\"https:\/\/tuzlainfo.ba\/wp-content\/uploads\/2025\/11\/2411_nebojsa-vukanovic.jpeg\",\"datePublished\":\"2025-11-24T10:34:07+00:00\",\"dateModified\":\"2025-11-24T09:36:57+00:00\",\"breadcrumb\":{\"@id\":\"https:\/\/tuzlainfo.ba\/index.php\/bosna-i-hercegovina\/item\/287274-vukanovic-imam-dokaze-o-izbornoj-kradji\/#breadcrumb\"},\"inLanguage\":\"bs-BA\",\"potentialAction\":[{\"@type\":\"ReadAction\",\"target\":[\"https:\/\/tuzlainfo.ba\/index.php\/bosna-i-hercegovina\/item\/287274-vukanovic-imam-dokaze-o-izbornoj-kradji\/\"]}]},{\"@type\":\"ImageObject\",\"inLanguage\":\"bs-BA\",\"@id\":\"https:\/\/tuzlainfo.ba\/index.php\/bosna-i-hercegovina\/item\/287274-vukanovic-imam-dokaze-o-izbornoj-kradji\/#primaryimage\",\"url\":\"https:\/\/tuzlainfo.ba\/wp-content\/uploads\/2025\/11\/2411_nebojsa-vukanovic.jpeg\",\"contentUrl\":\"https:\/\/tuzlainfo.ba\/wp-content\/uploads\/2025\/11\/2411_nebojsa-vukanovic.jpeg\",\"width\":2560,\"height\":1439},{\"@type\":\"BreadcrumbList\",\"@id\":\"https:\/\/tuzlainfo.ba\/index.php\/bosna-i-hercegovina\/item\/287274-vukanovic-imam-dokaze-o-izbornoj-kradji\/#breadcrumb\",\"itemListElement\":[{\"@type\":\"ListItem\",\"position\":1,\"name\":\"Home\",\"item\":\"https:\/\/tuzlainfo.ba\/\"},{\"@type\":\"ListItem\",\"position\":2,\"name\":\"Vukanovi\u0107: Imam dokaze o izbornoj kra\u0111i\"}]},{\"@type\":\"WebSite\",\"@id\":\"https:\/\/tuzlainfo.ba\/#website\",\"url\":\"https:\/\/tuzlainfo.ba\/\",\"name\":\"TuzlaInfo.ba\",\"description\":\"Tuzla info, gradski informator - Tuzla na dlanu\",\"publisher\":{\"@id\":\"https:\/\/tuzlainfo.ba\/#organization\"},\"potentialAction\":[{\"@type\":\"SearchAction\",\"target\":{\"@type\":\"EntryPoint\",\"urlTemplate\":\"https:\/\/tuzlainfo.ba\/?s={search_term_string}\"},\"query-input\":{\"@type\":\"PropertyValueSpecification\",\"valueRequired\":true,\"valueName\":\"search_term_string\"}}],\"inLanguage\":\"bs-BA\"},{\"@type\":\"Organization\",\"@id\":\"https:\/\/tuzlainfo.ba\/#organization\",\"name\":\"TuzlaInfo.ba\",\"url\":\"https:\/\/tuzlainfo.ba\/\",\"logo\":{\"@type\":\"ImageObject\",\"inLanguage\":\"bs-BA\",\"@id\":\"https:\/\/tuzlainfo.ba\/#\/schema\/logo\/image\/\",\"url\":\"https:\/\/tuzlainfo.ba\/wp-content\/uploads\/2021\/03\/logo-ver-3-1.png\",\"contentUrl\":\"https:\/\/tuzlainfo.ba\/wp-content\/uploads\/2021\/03\/logo-ver-3-1.png\",\"width\":350,\"height\":95,\"caption\":\"TuzlaInfo.ba\"},\"image\":{\"@id\":\"https:\/\/tuzlainfo.ba\/#\/schema\/logo\/image\/\"},\"sameAs\":[\"https:\/\/www.facebook.com\/tuzlainfo.ba\/\"]},{\"@type\":\"Person\",\"@id\":\"https:\/\/tuzlainfo.ba\/#\/schema\/person\/593e78a2f6378c5ba3e7600ecfa4e63a\",\"name\":\"Admin Tri\",\"image\":{\"@type\":\"ImageObject\",\"inLanguage\":\"bs-BA\",\"@id\":\"https:\/\/tuzlainfo.ba\/#\/schema\/person\/image\/\",\"url\":\"https:\/\/tuzlainfo.ba\/wp-content\/litespeed\/avatar\/b7920db4cc34a71ad12497283ad2fe3f.jpg?ver=1777100914\",\"contentUrl\":\"https:\/\/tuzlainfo.ba\/wp-content\/litespeed\/avatar\/b7920db4cc34a71ad12497283ad2fe3f.jpg?ver=1777100914\",\"caption\":\"Admin Tri\"},\"sameAs\":[\"https:\/\/tuzlainfo.ba\"]}]}<\/script>\n<!-- \/ Yoast SEO plugin. -->","yoast_head_json":{"title":"Vukanovi\u0107: Imam dokaze o izbornoj kra\u0111i - TuzlaInfo.ba","robots":{"index":"index","follow":"follow","max-snippet":"max-snippet:-1","max-image-preview":"max-image-preview:large","max-video-preview":"max-video-preview:-1"},"canonical":"https:\/\/tuzlainfo.ba\/index.php\/bosna-i-hercegovina\/item\/287274-vukanovic-imam-dokaze-o-izbornoj-kradji\/","og_locale":"bs_BA","og_type":"article","og_title":"Vukanovi\u0107: Imam dokaze o izbornoj kra\u0111i - TuzlaInfo.ba","og_description":"Neboj\u0161a Vukanovi\u0107 jutros je objavio da su Doboj i Zvornik ponovo bili centri, kako je&hellip;","og_url":"https:\/\/tuzlainfo.ba\/index.php\/bosna-i-hercegovina\/item\/287274-vukanovic-imam-dokaze-o-izbornoj-kradji\/","og_site_name":"TuzlaInfo.ba","article_publisher":"https:\/\/www.facebook.com\/tuzlainfo.ba\/","article_published_time":"2025-11-24T10:34:07+00:00","article_modified_time":"2025-11-24T09:36:57+00:00","og_image":[{"width":2560,"height":1439,"url":"https:\/\/tuzlainfo.ba\/wp-content\/uploads\/2025\/11\/2411_nebojsa-vukanovic.jpeg","type":"image\/jpeg"}],"author":"Admin Tri","twitter_card":"summary_large_image","twitter_misc":{"Written by":"Admin Tri","Est. reading time":"3 minute"},"schema":{"@context":"https:\/\/schema.org","@graph":[{"@type":"Article","@id":"https:\/\/tuzlainfo.ba\/index.php\/bosna-i-hercegovina\/item\/287274-vukanovic-imam-dokaze-o-izbornoj-kradji\/#article","isPartOf":{"@id":"https:\/\/tuzlainfo.ba\/index.php\/bosna-i-hercegovina\/item\/287274-vukanovic-imam-dokaze-o-izbornoj-kradji\/"},"author":{"name":"Admin Tri","@id":"https:\/\/tuzlainfo.ba\/#\/schema\/person\/593e78a2f6378c5ba3e7600ecfa4e63a"},"headline":"Vukanovi\u0107: Imam dokaze o izbornoj kra\u0111i","datePublished":"2025-11-24T10:34:07+00:00","dateModified":"2025-11-24T09:36:57+00:00","mainEntityOfPage":{"@id":"https:\/\/tuzlainfo.ba\/index.php\/bosna-i-hercegovina\/item\/287274-vukanovic-imam-dokaze-o-izbornoj-kradji\/"},"wordCount":445,"publisher":{"@id":"https:\/\/tuzlainfo.ba\/#organization"},"image":{"@id":"https:\/\/tuzlainfo.ba\/index.php\/bosna-i-hercegovina\/item\/287274-vukanovic-imam-dokaze-o-izbornoj-kradji\/#primaryimage"},"thumbnailUrl":"https:\/\/tuzlainfo.ba\/wp-content\/uploads\/2025\/11\/2411_nebojsa-vukanovic.jpeg","keywords":["neboj\u0161a Vukanovi\u0107","prijevremeni izbori"],"articleSection":["Bosna i Hercegovina"],"inLanguage":"bs-BA"},{"@type":"WebPage","@id":"https:\/\/tuzlainfo.ba\/index.php\/bosna-i-hercegovina\/item\/287274-vukanovic-imam-dokaze-o-izbornoj-kradji\/","url":"https:\/\/tuzlainfo.ba\/index.php\/bosna-i-hercegovina\/item\/287274-vukanovic-imam-dokaze-o-izbornoj-kradji\/","name":"Vukanovi\u0107: Imam dokaze o izbornoj kra\u0111i - TuzlaInfo.ba","isPartOf":{"@id":"https:\/\/tuzlainfo.ba\/#website"},"primaryImageOfPage":{"@id":"https:\/\/tuzlainfo.ba\/index.php\/bosna-i-hercegovina\/item\/287274-vukanovic-imam-dokaze-o-izbornoj-kradji\/#primaryimage"},"image":{"@id":"https:\/\/tuzlainfo.ba\/index.php\/bosna-i-hercegovina\/item\/287274-vukanovic-imam-dokaze-o-izbornoj-kradji\/#primaryimage"},"thumbnailUrl":"https:\/\/tuzlainfo.ba\/wp-content\/uploads\/2025\/11\/2411_nebojsa-vukanovic.jpeg","datePublished":"2025-11-24T10:34:07+00:00","dateModified":"2025-11-24T09:36:57+00:00","breadcrumb":{"@id":"https:\/\/tuzlainfo.ba\/index.php\/bosna-i-hercegovina\/item\/287274-vukanovic-imam-dokaze-o-izbornoj-kradji\/#breadcrumb"},"inLanguage":"bs-BA","potentialAction":[{"@type":"ReadAction","target":["https:\/\/tuzlainfo.ba\/index.php\/bosna-i-hercegovina\/item\/287274-vukanovic-imam-dokaze-o-izbornoj-kradji\/"]}]},{"@type":"ImageObject","inLanguage":"bs-BA","@id":"https:\/\/tuzlainfo.ba\/index.php\/bosna-i-hercegovina\/item\/287274-vukanovic-imam-dokaze-o-izbornoj-kradji\/#primaryimage","url":"https:\/\/tuzlainfo.ba\/wp-content\/uploads\/2025\/11\/2411_nebojsa-vukanovic.jpeg","contentUrl":"https:\/\/tuzlainfo.ba\/wp-content\/uploads\/2025\/11\/2411_nebojsa-vukanovic.jpeg","width":2560,"height":1439},{"@type":"BreadcrumbList","@id":"https:\/\/tuzlainfo.ba\/index.php\/bosna-i-hercegovina\/item\/287274-vukanovic-imam-dokaze-o-izbornoj-kradji\/#breadcrumb","itemListElement":[{"@type":"ListItem","position":1,"name":"Home","item":"https:\/\/tuzlainfo.ba\/"},{"@type":"ListItem","position":2,"name":"Vukanovi\u0107: Imam dokaze o izbornoj kra\u0111i"}]},{"@type":"WebSite","@id":"https:\/\/tuzlainfo.ba\/#website","url":"https:\/\/tuzlainfo.ba\/","name":"TuzlaInfo.ba","description":"Tuzla info, gradski informator - Tuzla na dlanu","publisher":{"@id":"https:\/\/tuzlainfo.ba\/#organization"},"potentialAction":[{"@type":"SearchAction","target":{"@type":"EntryPoint","urlTemplate":"https:\/\/tuzlainfo.ba\/?s={search_term_string}"},"query-input":{"@type":"PropertyValueSpecification","valueRequired":true,"valueName":"search_term_string"}}],"inLanguage":"bs-BA"},{"@type":"Organization","@id":"https:\/\/tuzlainfo.ba\/#organization","name":"TuzlaInfo.ba","url":"https:\/\/tuzlainfo.ba\/","logo":{"@type":"ImageObject","inLanguage":"bs-BA","@id":"https:\/\/tuzlainfo.ba\/#\/schema\/logo\/image\/","url":"https:\/\/tuzlainfo.ba\/wp-content\/uploads\/2021\/03\/logo-ver-3-1.png","contentUrl":"https:\/\/tuzlainfo.ba\/wp-content\/uploads\/2021\/03\/logo-ver-3-1.png","width":350,"height":95,"caption":"TuzlaInfo.ba"},"image":{"@id":"https:\/\/tuzlainfo.ba\/#\/schema\/logo\/image\/"},"sameAs":["https:\/\/www.facebook.com\/tuzlainfo.ba\/"]},{"@type":"Person","@id":"https:\/\/tuzlainfo.ba\/#\/schema\/person\/593e78a2f6378c5ba3e7600ecfa4e63a","name":"Admin Tri","image":{"@type":"ImageObject","inLanguage":"bs-BA","@id":"https:\/\/tuzlainfo.ba\/#\/schema\/person\/image\/","url":"https:\/\/tuzlainfo.ba\/wp-content\/litespeed\/avatar\/b7920db4cc34a71ad12497283ad2fe3f.jpg?ver=1777100914","contentUrl":"https:\/\/tuzlainfo.ba\/wp-content\/litespeed\/avatar\/b7920db4cc34a71ad12497283ad2fe3f.jpg?ver=1777100914","caption":"Admin Tri"},"sameAs":["https:\/\/tuzlainfo.ba"]}]}},"_links":{"self":[{"href":"https:\/\/tuzlainfo.ba\/index.php\/wp-json\/wp\/v2\/posts\/287274"}],"collection":[{"href":"https:\/\/tuzlainfo.ba\/index.php\/wp-json\/wp\/v2\/posts"}],"about":[{"href":"https:\/\/tuzlainfo.ba\/index.php\/wp-json\/wp\/v2\/types\/post"}],"author":[{"embeddable":true,"href":"https:\/\/tuzlainfo.ba\/index.php\/wp-json\/wp\/v2\/users\/8"}],"replies":[{"embeddable":true,"href":"https:\/\/tuzlainfo.ba\/index.php\/wp-json\/wp\/v2\/comments?post=287274"}],"version-history":[{"count":1,"href":"https:\/\/tuzlainfo.ba\/index.php\/wp-json\/wp\/v2\/posts\/287274\/revisions"}],"predecessor-version":[{"id":287276,"href":"https:\/\/tuzlainfo.ba\/index.php\/wp-json\/wp\/v2\/posts\/287274\/revisions\/287276"}],"wp:featuredmedia":[{"embeddable":true,"href":"https:\/\/tuzlainfo.ba\/index.php\/wp-json\/wp\/v2\/media\/287275"}],"wp:attachment":[{"href":"https:\/\/tuzlainfo.ba\/index.php\/wp-json\/wp\/v2\/media?parent=287274"}],"wp:term":[{"taxonomy":"category","embeddable":true,"href":"https:\/\/tuzlainfo.ba\/index.php\/wp-json\/wp\/v2\/categories?post=287274"},{"taxonomy":"post_tag","embeddable":true,"href":"https:\/\/tuzlainfo.ba\/index.php\/wp-json\/wp\/v2\/tags?post=287274"}],"curies":[{"name":"wp","href":"https:\/\/api.w.org\/{rel}","templated":true}]}}