{"id":287264,"date":"2025-11-24T10:10:15","date_gmt":"2025-11-24T09:10:15","guid":{"rendered":"https:\/\/tuzlainfo.ba\/?p=287264"},"modified":"2025-11-24T09:06:20","modified_gmt":"2025-11-24T08:06:20","slug":"bh-prevoznici-dobijaju-pravo-na-povrat-pdv-a-u-sloveniji","status":"publish","type":"post","link":"https:\/\/tuzlainfo.ba\/index.php\/bosna-i-hercegovina\/item\/287264-bh-prevoznici-dobijaju-pravo-na-povrat-pdv-a-u-sloveniji\/","title":{"rendered":"Bh. prevoznici dobijaju pravo na povrat PDV-a u Sloveniji"},"content":{"rendered":"<p class=\"pf0\">Ministarstvo finansija Republike Slovenije odgovorilo je ministru finansija i trezora BiH Sr\u0111anu Amid\u017ei\u0107u, povodom njegove inicijative za uspostavljanje reciprociteta u povratu PDV-a bh. prevoznicima.<\/p>\n<p class=\"pf0\">U zvani\u010dnom dopisu, koji je stigao na adresu ministra Amid\u017ei\u0107a, Slovenija potvr\u0111uje da \u0107e pokrenuti postupak utvr\u0111ivanja da li su ispunjeni uslovi reciprociteta. Nakon zvani\u010dne potvrde, bh. prevoznici \u0107e uskoro mo\u0107i ostvariti pravo na povrat PDV-a u Sloveniji, prenosi <a href=\"https:\/\/ba.ekapija.com\/news\/5359630\/slovenija-pokrece-postupak-za-povrat-pdv-a-prevoznicima-u-bih\">eKapija.<\/a><\/p>\n<p class=\"pf0\">&#8211; Republika Slovenija \u0107e diplomatskim putem obavijestiti Ministarstvo finansija i trezora Bosne i Hercegovine da potvr\u0111uje ispunjenje uslova reciprociteta i utvrdi\u0107e datum od kojeg \u0107e se reciprocitet primenjivati. Od tog datuma, poreski obveznici, registrovani u Bosni i Hercegovini, ima\u0107e pravo da tra\u017ee povrat PDV-a pla\u0107enog u Sloveniji &#8211; stoji izme\u0111u ostalog u dopisu iz ministarstva finansije Republike Slovenije upu\u0107eno ministru Amid\u017ei\u0107u.<\/p>\n<p class=\"pf0\">Ovo predstavlja klju\u010dan korak u za\u0161titi prava bh. prevoznika i otvara put za ostvarivanje ravnopravnog tretmana u povratu PDV-a u dr\u017eavama EU.<\/p>\n<div class=\"interscrollerBanner\"><\/div>\n<p class=\"pf0\">Iz Ministarstva finansija BiH podsje\u0107aju gra\u0111ane da je inicijativa ministra Amid\u017ei\u0107a uslijedila upravo zbog toga \u0161to nadle\u017eni iz Federacije BiH &#8211; ministar komunikacija i transporta Edin Forto i ministar vanjskih poslova Elmedin Konakovi\u0107 &#8211; nisu preduzeli neophodne korake za za\u0161titu interesa bh. prevoznika.<\/p>\n<p class=\"pf0\">O\u010dekuje se da \u0107e sli\u010dne odgovore uskoro pru\u017eiti i druge zemlje kojima je ministar Amid\u017ei\u0107 uputio dopise &#8211; Gr\u010dka, \u0160panija, Ma\u0111arska, Italija i Poljska &#8211; kako bi bh. prevoznici imali jednake mogu\u0107nosti za povrat PDV-a u zemljama EU.<\/p>\n","protected":false},"excerpt":{"rendered":"<p>Ministarstvo finansija Republike Slovenije odgovorilo je ministru finansija i trezora BiH Sr\u0111anu Amid\u017ei\u0107u, povodom njegove&hellip;<\/p>\n","protected":false},"author":4,"featured_media":63537,"comment_status":"closed","ping_status":"closed","sticky":false,"template":"","format":"standard","meta":{"_acf_changed":false,"footnotes":""},"categories":[291],"tags":[3013,2728,410],"acf":[],"yoast_head":"<!-- This site is optimized with the Yoast SEO plugin v23.5 - https:\/\/yoast.com\/wordpress\/plugins\/seo\/ -->\n<title>Bh. prevoznici dobijaju pravo na povrat PDV-a u Sloveniji - TuzlaInfo.ba<\/title>\n<meta name=\"robots\" content=\"index, follow, max-snippet:-1, max-image-preview:large, max-video-preview:-1\" \/>\n<link rel=\"canonical\" href=\"https:\/\/tuzlainfo.ba\/index.php\/bosna-i-hercegovina\/item\/287264-bh-prevoznici-dobijaju-pravo-na-povrat-pdv-a-u-sloveniji\/\" \/>\n<meta property=\"og:locale\" content=\"bs_BA\" \/>\n<meta property=\"og:type\" content=\"article\" \/>\n<meta property=\"og:title\" content=\"Bh. prevoznici dobijaju pravo na povrat PDV-a u Sloveniji - TuzlaInfo.ba\" \/>\n<meta property=\"og:description\" content=\"Ministarstvo finansija Republike Slovenije odgovorilo je ministru finansija i trezora BiH Sr\u0111anu Amid\u017ei\u0107u, povodom njegove&hellip;\" \/>\n<meta property=\"og:url\" content=\"https:\/\/tuzlainfo.ba\/index.php\/bosna-i-hercegovina\/item\/287264-bh-prevoznici-dobijaju-pravo-na-povrat-pdv-a-u-sloveniji\/\" \/>\n<meta property=\"og:site_name\" content=\"TuzlaInfo.ba\" \/>\n<meta property=\"article:publisher\" content=\"https:\/\/www.facebook.com\/tuzlainfo.ba\/\" \/>\n<meta property=\"article:published_time\" content=\"2025-11-24T09:10:15+00:00\" \/>\n<meta property=\"article:modified_time\" content=\"2025-11-24T08:06:20+00:00\" \/>\n<meta property=\"og:image\" content=\"https:\/\/tuzlainfo.ba\/wp-content\/uploads\/2018\/08\/sadrzaj_2018_20180801_2008_izvoz.jpg\" \/>\n\t<meta property=\"og:image:width\" content=\"770\" \/>\n\t<meta property=\"og:image:height\" content=\"385\" \/>\n\t<meta property=\"og:image:type\" content=\"image\/jpeg\" \/>\n<meta name=\"author\" content=\"Tuzla Info\" \/>\n<meta name=\"twitter:card\" content=\"summary_large_image\" \/>\n<meta name=\"twitter:label1\" content=\"Written by\" \/>\n\t<meta name=\"twitter:data1\" content=\"Tuzla Info\" \/>\n\t<meta name=\"twitter:label2\" content=\"Est. reading time\" \/>\n\t<meta name=\"twitter:data2\" content=\"2 minute\" \/>\n<script type=\"application\/ld+json\" class=\"yoast-schema-graph\">{\"@context\":\"https:\/\/schema.org\",\"@graph\":[{\"@type\":\"Article\",\"@id\":\"https:\/\/tuzlainfo.ba\/index.php\/bosna-i-hercegovina\/item\/287264-bh-prevoznici-dobijaju-pravo-na-povrat-pdv-a-u-sloveniji\/#article\",\"isPartOf\":{\"@id\":\"https:\/\/tuzlainfo.ba\/index.php\/bosna-i-hercegovina\/item\/287264-bh-prevoznici-dobijaju-pravo-na-povrat-pdv-a-u-sloveniji\/\"},\"author\":{\"name\":\"Tuzla Info\",\"@id\":\"https:\/\/tuzlainfo.ba\/#\/schema\/person\/46cad4c57790cbc50781edd14870825a\"},\"headline\":\"Bh. prevoznici dobijaju pravo na povrat PDV-a u Sloveniji\",\"datePublished\":\"2025-11-24T09:10:15+00:00\",\"dateModified\":\"2025-11-24T08:06:20+00:00\",\"mainEntityOfPage\":{\"@id\":\"https:\/\/tuzlainfo.ba\/index.php\/bosna-i-hercegovina\/item\/287264-bh-prevoznici-dobijaju-pravo-na-povrat-pdv-a-u-sloveniji\/\"},\"wordCount\":272,\"publisher\":{\"@id\":\"https:\/\/tuzlainfo.ba\/#organization\"},\"image\":{\"@id\":\"https:\/\/tuzlainfo.ba\/index.php\/bosna-i-hercegovina\/item\/287264-bh-prevoznici-dobijaju-pravo-na-povrat-pdv-a-u-sloveniji\/#primaryimage\"},\"thumbnailUrl\":\"https:\/\/tuzlainfo.ba\/wp-content\/uploads\/2018\/08\/sadrzaj_2018_20180801_2008_izvoz.jpg\",\"keywords\":[\"PDV\",\"prevoznici\",\"slovenija\"],\"articleSection\":[\"Bosna i Hercegovina\"],\"inLanguage\":\"bs-BA\"},{\"@type\":\"WebPage\",\"@id\":\"https:\/\/tuzlainfo.ba\/index.php\/bosna-i-hercegovina\/item\/287264-bh-prevoznici-dobijaju-pravo-na-povrat-pdv-a-u-sloveniji\/\",\"url\":\"https:\/\/tuzlainfo.ba\/index.php\/bosna-i-hercegovina\/item\/287264-bh-prevoznici-dobijaju-pravo-na-povrat-pdv-a-u-sloveniji\/\",\"name\":\"Bh. prevoznici dobijaju pravo na povrat PDV-a u Sloveniji - TuzlaInfo.ba\",\"isPartOf\":{\"@id\":\"https:\/\/tuzlainfo.ba\/#website\"},\"primaryImageOfPage\":{\"@id\":\"https:\/\/tuzlainfo.ba\/index.php\/bosna-i-hercegovina\/item\/287264-bh-prevoznici-dobijaju-pravo-na-povrat-pdv-a-u-sloveniji\/#primaryimage\"},\"image\":{\"@id\":\"https:\/\/tuzlainfo.ba\/index.php\/bosna-i-hercegovina\/item\/287264-bh-prevoznici-dobijaju-pravo-na-povrat-pdv-a-u-sloveniji\/#primaryimage\"},\"thumbnailUrl\":\"https:\/\/tuzlainfo.ba\/wp-content\/uploads\/2018\/08\/sadrzaj_2018_20180801_2008_izvoz.jpg\",\"datePublished\":\"2025-11-24T09:10:15+00:00\",\"dateModified\":\"2025-11-24T08:06:20+00:00\",\"breadcrumb\":{\"@id\":\"https:\/\/tuzlainfo.ba\/index.php\/bosna-i-hercegovina\/item\/287264-bh-prevoznici-dobijaju-pravo-na-povrat-pdv-a-u-sloveniji\/#breadcrumb\"},\"inLanguage\":\"bs-BA\",\"potentialAction\":[{\"@type\":\"ReadAction\",\"target\":[\"https:\/\/tuzlainfo.ba\/index.php\/bosna-i-hercegovina\/item\/287264-bh-prevoznici-dobijaju-pravo-na-povrat-pdv-a-u-sloveniji\/\"]}]},{\"@type\":\"ImageObject\",\"inLanguage\":\"bs-BA\",\"@id\":\"https:\/\/tuzlainfo.ba\/index.php\/bosna-i-hercegovina\/item\/287264-bh-prevoznici-dobijaju-pravo-na-povrat-pdv-a-u-sloveniji\/#primaryimage\",\"url\":\"https:\/\/tuzlainfo.ba\/wp-content\/uploads\/2018\/08\/sadrzaj_2018_20180801_2008_izvoz.jpg\",\"contentUrl\":\"https:\/\/tuzlainfo.ba\/wp-content\/uploads\/2018\/08\/sadrzaj_2018_20180801_2008_izvoz.jpg\",\"width\":770,\"height\":385,\"caption\":\"2008 izvoz\"},{\"@type\":\"BreadcrumbList\",\"@id\":\"https:\/\/tuzlainfo.ba\/index.php\/bosna-i-hercegovina\/item\/287264-bh-prevoznici-dobijaju-pravo-na-povrat-pdv-a-u-sloveniji\/#breadcrumb\",\"itemListElement\":[{\"@type\":\"ListItem\",\"position\":1,\"name\":\"Home\",\"item\":\"https:\/\/tuzlainfo.ba\/\"},{\"@type\":\"ListItem\",\"position\":2,\"name\":\"Bh. prevoznici dobijaju pravo na povrat PDV-a u Sloveniji\"}]},{\"@type\":\"WebSite\",\"@id\":\"https:\/\/tuzlainfo.ba\/#website\",\"url\":\"https:\/\/tuzlainfo.ba\/\",\"name\":\"TuzlaInfo.ba\",\"description\":\"Tuzla info, gradski informator - Tuzla na dlanu\",\"publisher\":{\"@id\":\"https:\/\/tuzlainfo.ba\/#organization\"},\"potentialAction\":[{\"@type\":\"SearchAction\",\"target\":{\"@type\":\"EntryPoint\",\"urlTemplate\":\"https:\/\/tuzlainfo.ba\/?s={search_term_string}\"},\"query-input\":{\"@type\":\"PropertyValueSpecification\",\"valueRequired\":true,\"valueName\":\"search_term_string\"}}],\"inLanguage\":\"bs-BA\"},{\"@type\":\"Organization\",\"@id\":\"https:\/\/tuzlainfo.ba\/#organization\",\"name\":\"TuzlaInfo.ba\",\"url\":\"https:\/\/tuzlainfo.ba\/\",\"logo\":{\"@type\":\"ImageObject\",\"inLanguage\":\"bs-BA\",\"@id\":\"https:\/\/tuzlainfo.ba\/#\/schema\/logo\/image\/\",\"url\":\"https:\/\/tuzlainfo.ba\/wp-content\/uploads\/2021\/03\/logo-ver-3-1.png\",\"contentUrl\":\"https:\/\/tuzlainfo.ba\/wp-content\/uploads\/2021\/03\/logo-ver-3-1.png\",\"width\":350,\"height\":95,\"caption\":\"TuzlaInfo.ba\"},\"image\":{\"@id\":\"https:\/\/tuzlainfo.ba\/#\/schema\/logo\/image\/\"},\"sameAs\":[\"https:\/\/www.facebook.com\/tuzlainfo.ba\/\"]},{\"@type\":\"Person\",\"@id\":\"https:\/\/tuzlainfo.ba\/#\/schema\/person\/46cad4c57790cbc50781edd14870825a\",\"name\":\"Tuzla Info\",\"image\":{\"@type\":\"ImageObject\",\"inLanguage\":\"bs-BA\",\"@id\":\"https:\/\/tuzlainfo.ba\/#\/schema\/person\/image\/\",\"url\":\"https:\/\/tuzlainfo.ba\/wp-content\/litespeed\/avatar\/b6c453a6c38e3654f2e4416c643fc25c.jpg?ver=1777051911\",\"contentUrl\":\"https:\/\/tuzlainfo.ba\/wp-content\/litespeed\/avatar\/b6c453a6c38e3654f2e4416c643fc25c.jpg?ver=1777051911\",\"caption\":\"Tuzla Info\"}}]}<\/script>\n<!-- \/ Yoast SEO plugin. -->","yoast_head_json":{"title":"Bh. prevoznici dobijaju pravo na povrat PDV-a u Sloveniji - TuzlaInfo.ba","robots":{"index":"index","follow":"follow","max-snippet":"max-snippet:-1","max-image-preview":"max-image-preview:large","max-video-preview":"max-video-preview:-1"},"canonical":"https:\/\/tuzlainfo.ba\/index.php\/bosna-i-hercegovina\/item\/287264-bh-prevoznici-dobijaju-pravo-na-povrat-pdv-a-u-sloveniji\/","og_locale":"bs_BA","og_type":"article","og_title":"Bh. prevoznici dobijaju pravo na povrat PDV-a u Sloveniji - TuzlaInfo.ba","og_description":"Ministarstvo finansija Republike Slovenije odgovorilo je ministru finansija i trezora BiH Sr\u0111anu Amid\u017ei\u0107u, povodom njegove&hellip;","og_url":"https:\/\/tuzlainfo.ba\/index.php\/bosna-i-hercegovina\/item\/287264-bh-prevoznici-dobijaju-pravo-na-povrat-pdv-a-u-sloveniji\/","og_site_name":"TuzlaInfo.ba","article_publisher":"https:\/\/www.facebook.com\/tuzlainfo.ba\/","article_published_time":"2025-11-24T09:10:15+00:00","article_modified_time":"2025-11-24T08:06:20+00:00","og_image":[{"width":770,"height":385,"url":"https:\/\/tuzlainfo.ba\/wp-content\/uploads\/2018\/08\/sadrzaj_2018_20180801_2008_izvoz.jpg","type":"image\/jpeg"}],"author":"Tuzla Info","twitter_card":"summary_large_image","twitter_misc":{"Written by":"Tuzla Info","Est. reading time":"2 minute"},"schema":{"@context":"https:\/\/schema.org","@graph":[{"@type":"Article","@id":"https:\/\/tuzlainfo.ba\/index.php\/bosna-i-hercegovina\/item\/287264-bh-prevoznici-dobijaju-pravo-na-povrat-pdv-a-u-sloveniji\/#article","isPartOf":{"@id":"https:\/\/tuzlainfo.ba\/index.php\/bosna-i-hercegovina\/item\/287264-bh-prevoznici-dobijaju-pravo-na-povrat-pdv-a-u-sloveniji\/"},"author":{"name":"Tuzla Info","@id":"https:\/\/tuzlainfo.ba\/#\/schema\/person\/46cad4c57790cbc50781edd14870825a"},"headline":"Bh. prevoznici dobijaju pravo na povrat PDV-a u Sloveniji","datePublished":"2025-11-24T09:10:15+00:00","dateModified":"2025-11-24T08:06:20+00:00","mainEntityOfPage":{"@id":"https:\/\/tuzlainfo.ba\/index.php\/bosna-i-hercegovina\/item\/287264-bh-prevoznici-dobijaju-pravo-na-povrat-pdv-a-u-sloveniji\/"},"wordCount":272,"publisher":{"@id":"https:\/\/tuzlainfo.ba\/#organization"},"image":{"@id":"https:\/\/tuzlainfo.ba\/index.php\/bosna-i-hercegovina\/item\/287264-bh-prevoznici-dobijaju-pravo-na-povrat-pdv-a-u-sloveniji\/#primaryimage"},"thumbnailUrl":"https:\/\/tuzlainfo.ba\/wp-content\/uploads\/2018\/08\/sadrzaj_2018_20180801_2008_izvoz.jpg","keywords":["PDV","prevoznici","slovenija"],"articleSection":["Bosna i Hercegovina"],"inLanguage":"bs-BA"},{"@type":"WebPage","@id":"https:\/\/tuzlainfo.ba\/index.php\/bosna-i-hercegovina\/item\/287264-bh-prevoznici-dobijaju-pravo-na-povrat-pdv-a-u-sloveniji\/","url":"https:\/\/tuzlainfo.ba\/index.php\/bosna-i-hercegovina\/item\/287264-bh-prevoznici-dobijaju-pravo-na-povrat-pdv-a-u-sloveniji\/","name":"Bh. prevoznici dobijaju pravo na povrat PDV-a u Sloveniji - TuzlaInfo.ba","isPartOf":{"@id":"https:\/\/tuzlainfo.ba\/#website"},"primaryImageOfPage":{"@id":"https:\/\/tuzlainfo.ba\/index.php\/bosna-i-hercegovina\/item\/287264-bh-prevoznici-dobijaju-pravo-na-povrat-pdv-a-u-sloveniji\/#primaryimage"},"image":{"@id":"https:\/\/tuzlainfo.ba\/index.php\/bosna-i-hercegovina\/item\/287264-bh-prevoznici-dobijaju-pravo-na-povrat-pdv-a-u-sloveniji\/#primaryimage"},"thumbnailUrl":"https:\/\/tuzlainfo.ba\/wp-content\/uploads\/2018\/08\/sadrzaj_2018_20180801_2008_izvoz.jpg","datePublished":"2025-11-24T09:10:15+00:00","dateModified":"2025-11-24T08:06:20+00:00","breadcrumb":{"@id":"https:\/\/tuzlainfo.ba\/index.php\/bosna-i-hercegovina\/item\/287264-bh-prevoznici-dobijaju-pravo-na-povrat-pdv-a-u-sloveniji\/#breadcrumb"},"inLanguage":"bs-BA","potentialAction":[{"@type":"ReadAction","target":["https:\/\/tuzlainfo.ba\/index.php\/bosna-i-hercegovina\/item\/287264-bh-prevoznici-dobijaju-pravo-na-povrat-pdv-a-u-sloveniji\/"]}]},{"@type":"ImageObject","inLanguage":"bs-BA","@id":"https:\/\/tuzlainfo.ba\/index.php\/bosna-i-hercegovina\/item\/287264-bh-prevoznici-dobijaju-pravo-na-povrat-pdv-a-u-sloveniji\/#primaryimage","url":"https:\/\/tuzlainfo.ba\/wp-content\/uploads\/2018\/08\/sadrzaj_2018_20180801_2008_izvoz.jpg","contentUrl":"https:\/\/tuzlainfo.ba\/wp-content\/uploads\/2018\/08\/sadrzaj_2018_20180801_2008_izvoz.jpg","width":770,"height":385,"caption":"2008 izvoz"},{"@type":"BreadcrumbList","@id":"https:\/\/tuzlainfo.ba\/index.php\/bosna-i-hercegovina\/item\/287264-bh-prevoznici-dobijaju-pravo-na-povrat-pdv-a-u-sloveniji\/#breadcrumb","itemListElement":[{"@type":"ListItem","position":1,"name":"Home","item":"https:\/\/tuzlainfo.ba\/"},{"@type":"ListItem","position":2,"name":"Bh. prevoznici dobijaju pravo na povrat PDV-a u Sloveniji"}]},{"@type":"WebSite","@id":"https:\/\/tuzlainfo.ba\/#website","url":"https:\/\/tuzlainfo.ba\/","name":"TuzlaInfo.ba","description":"Tuzla info, gradski informator - Tuzla na dlanu","publisher":{"@id":"https:\/\/tuzlainfo.ba\/#organization"},"potentialAction":[{"@type":"SearchAction","target":{"@type":"EntryPoint","urlTemplate":"https:\/\/tuzlainfo.ba\/?s={search_term_string}"},"query-input":{"@type":"PropertyValueSpecification","valueRequired":true,"valueName":"search_term_string"}}],"inLanguage":"bs-BA"},{"@type":"Organization","@id":"https:\/\/tuzlainfo.ba\/#organization","name":"TuzlaInfo.ba","url":"https:\/\/tuzlainfo.ba\/","logo":{"@type":"ImageObject","inLanguage":"bs-BA","@id":"https:\/\/tuzlainfo.ba\/#\/schema\/logo\/image\/","url":"https:\/\/tuzlainfo.ba\/wp-content\/uploads\/2021\/03\/logo-ver-3-1.png","contentUrl":"https:\/\/tuzlainfo.ba\/wp-content\/uploads\/2021\/03\/logo-ver-3-1.png","width":350,"height":95,"caption":"TuzlaInfo.ba"},"image":{"@id":"https:\/\/tuzlainfo.ba\/#\/schema\/logo\/image\/"},"sameAs":["https:\/\/www.facebook.com\/tuzlainfo.ba\/"]},{"@type":"Person","@id":"https:\/\/tuzlainfo.ba\/#\/schema\/person\/46cad4c57790cbc50781edd14870825a","name":"Tuzla Info","image":{"@type":"ImageObject","inLanguage":"bs-BA","@id":"https:\/\/tuzlainfo.ba\/#\/schema\/person\/image\/","url":"https:\/\/tuzlainfo.ba\/wp-content\/litespeed\/avatar\/b6c453a6c38e3654f2e4416c643fc25c.jpg?ver=1777051911","contentUrl":"https:\/\/tuzlainfo.ba\/wp-content\/litespeed\/avatar\/b6c453a6c38e3654f2e4416c643fc25c.jpg?ver=1777051911","caption":"Tuzla Info"}}]}},"_links":{"self":[{"href":"https:\/\/tuzlainfo.ba\/index.php\/wp-json\/wp\/v2\/posts\/287264"}],"collection":[{"href":"https:\/\/tuzlainfo.ba\/index.php\/wp-json\/wp\/v2\/posts"}],"about":[{"href":"https:\/\/tuzlainfo.ba\/index.php\/wp-json\/wp\/v2\/types\/post"}],"author":[{"embeddable":true,"href":"https:\/\/tuzlainfo.ba\/index.php\/wp-json\/wp\/v2\/users\/4"}],"replies":[{"embeddable":true,"href":"https:\/\/tuzlainfo.ba\/index.php\/wp-json\/wp\/v2\/comments?post=287264"}],"version-history":[{"count":1,"href":"https:\/\/tuzlainfo.ba\/index.php\/wp-json\/wp\/v2\/posts\/287264\/revisions"}],"predecessor-version":[{"id":287266,"href":"https:\/\/tuzlainfo.ba\/index.php\/wp-json\/wp\/v2\/posts\/287264\/revisions\/287266"}],"wp:featuredmedia":[{"embeddable":true,"href":"https:\/\/tuzlainfo.ba\/index.php\/wp-json\/wp\/v2\/media\/63537"}],"wp:attachment":[{"href":"https:\/\/tuzlainfo.ba\/index.php\/wp-json\/wp\/v2\/media?parent=287264"}],"wp:term":[{"taxonomy":"category","embeddable":true,"href":"https:\/\/tuzlainfo.ba\/index.php\/wp-json\/wp\/v2\/categories?post=287264"},{"taxonomy":"post_tag","embeddable":true,"href":"https:\/\/tuzlainfo.ba\/index.php\/wp-json\/wp\/v2\/tags?post=287264"}],"curies":[{"name":"wp","href":"https:\/\/api.w.org\/{rel}","templated":true}]}}