{"id":287226,"date":"2025-11-23T21:19:59","date_gmt":"2025-11-23T20:19:59","guid":{"rendered":"https:\/\/tuzlainfo.ba\/?p=287226"},"modified":"2025-11-23T21:19:59","modified_gmt":"2025-11-23T20:19:59","slug":"tuzla-djeca-iz-vrtica-bambi-donijela-praznicni-duh-u-aleju-alije-izetbegovica","status":"publish","type":"post","link":"https:\/\/tuzlainfo.ba\/index.php\/novosti\/item\/287226-tuzla-djeca-iz-vrtica-bambi-donijela-praznicni-duh-u-aleju-alije-izetbegovica\/","title":{"rendered":"Tuzla: Djeca iz vrti\u0107a Bambi donijela prazni\u010dni duh u Aleju Alije Izetbegovi\u0107a"},"content":{"rendered":"<p>Najmla\u0111i sugra\u0111ani iz vrti\u0107a \u201eBambi\u201c na poseban i emotivan na\u010din dali su svoj doprinos obilje\u017eavanju 25. novembra \u2013 Dana dr\u017eavnosti Bosne i Hercegovine.<\/p>\n<p>Svojim vrijednim, malim rukama ukrasili su tuzlansku Aleju Alije Izetbegovi\u0107a, pretvoriv\u0161i je u \u0161arenu galeriju dje\u010dije ma\u0161te i ljubavi prema domovini.<\/p>\n<p>Danas aleja izgleda bogatije, toplije i radosnije, zahvaljuju\u0107i njihovim crte\u017eima, zastavicama i kreativnim porukama.<\/p>\n<p><iframe title=\"Aleja Alije Izetbegovi\u0107a u Tuzli ukra\u0161ena dje\u010dijim radovima mali\u0161ana iz vrti\u0107a Bambi\" width=\"563\" height=\"1000\" src=\"https:\/\/www.youtube.com\/embed\/s1TvAzvekes?feature=oembed\" frameborder=\"0\" allow=\"accelerometer; autoplay; clipboard-write; encrypted-media; gyroscope; picture-in-picture; web-share\" referrerpolicy=\"strict-origin-when-cross-origin\" allowfullscreen><\/iframe><\/p>\n<p>Posebno je dirljivo svjedo\u010diti koliko ova djeca ve\u0107 u najranijoj dobi nose u sebi osje\u0107aj pripadnosti, po\u0161tovanja i ljubavi prema Bosni i Hercegovini.<\/p>\n","protected":false},"excerpt":{"rendered":"<p>Najmla\u0111i sugra\u0111ani iz vrti\u0107a \u201eBambi\u201c na poseban i emotivan na\u010din dali su svoj doprinos obilje\u017eavanju&hellip;<\/p>\n","protected":false},"author":2,"featured_media":287227,"comment_status":"closed","ping_status":"closed","sticky":false,"template":"","format":"standard","meta":{"_acf_changed":false,"footnotes":""},"categories":[304,12],"tags":[6389,3421,42],"acf":[],"yoast_head":"<!-- This site is optimized with the Yoast SEO plugin v23.5 - https:\/\/yoast.com\/wordpress\/plugins\/seo\/ -->\n<title>Tuzla: Djeca iz vrti\u0107a Bambi donijela prazni\u010dni duh u Aleju Alije Izetbegovi\u0107a - TuzlaInfo.ba<\/title>\n<meta name=\"robots\" content=\"index, follow, max-snippet:-1, max-image-preview:large, max-video-preview:-1\" \/>\n<link rel=\"canonical\" href=\"https:\/\/tuzlainfo.ba\/index.php\/novosti\/item\/287226-tuzla-djeca-iz-vrtica-bambi-donijela-praznicni-duh-u-aleju-alije-izetbegovica\/\" \/>\n<meta property=\"og:locale\" content=\"bs_BA\" \/>\n<meta property=\"og:type\" content=\"article\" \/>\n<meta property=\"og:title\" content=\"Tuzla: Djeca iz vrti\u0107a Bambi donijela prazni\u010dni duh u Aleju Alije Izetbegovi\u0107a - TuzlaInfo.ba\" \/>\n<meta property=\"og:description\" content=\"Najmla\u0111i sugra\u0111ani iz vrti\u0107a \u201eBambi\u201c na poseban i emotivan na\u010din dali su svoj doprinos obilje\u017eavanju&hellip;\" \/>\n<meta property=\"og:url\" content=\"https:\/\/tuzlainfo.ba\/index.php\/novosti\/item\/287226-tuzla-djeca-iz-vrtica-bambi-donijela-praznicni-duh-u-aleju-alije-izetbegovica\/\" \/>\n<meta property=\"og:site_name\" content=\"TuzlaInfo.ba\" \/>\n<meta property=\"article:publisher\" content=\"https:\/\/www.facebook.com\/tuzlainfo.ba\/\" \/>\n<meta property=\"article:published_time\" content=\"2025-11-23T20:19:59+00:00\" \/>\n<meta property=\"og:image\" content=\"https:\/\/tuzlainfo.ba\/wp-content\/uploads\/2025\/11\/2311_aleja.jpg\" \/>\n\t<meta property=\"og:image:width\" content=\"800\" \/>\n\t<meta property=\"og:image:height\" content=\"471\" \/>\n\t<meta property=\"og:image:type\" content=\"image\/jpeg\" \/>\n<meta name=\"author\" content=\"nedim\" \/>\n<meta name=\"twitter:card\" content=\"summary_large_image\" \/>\n<meta name=\"twitter:label1\" content=\"Written by\" \/>\n\t<meta name=\"twitter:data1\" content=\"nedim\" \/>\n\t<meta name=\"twitter:label2\" content=\"Est. reading time\" \/>\n\t<meta name=\"twitter:data2\" content=\"1 minuta\" \/>\n<script type=\"application\/ld+json\" class=\"yoast-schema-graph\">{\"@context\":\"https:\/\/schema.org\",\"@graph\":[{\"@type\":\"Article\",\"@id\":\"https:\/\/tuzlainfo.ba\/index.php\/novosti\/item\/287226-tuzla-djeca-iz-vrtica-bambi-donijela-praznicni-duh-u-aleju-alije-izetbegovica\/#article\",\"isPartOf\":{\"@id\":\"https:\/\/tuzlainfo.ba\/index.php\/novosti\/item\/287226-tuzla-djeca-iz-vrtica-bambi-donijela-praznicni-duh-u-aleju-alije-izetbegovica\/\"},\"author\":{\"name\":\"nedim\",\"@id\":\"https:\/\/tuzlainfo.ba\/#\/schema\/person\/f434e20dc27ea133923aab08451b7f7f\"},\"headline\":\"Tuzla: Djeca iz vrti\u0107a Bambi donijela prazni\u010dni duh u Aleju Alije Izetbegovi\u0107a\",\"datePublished\":\"2025-11-23T20:19:59+00:00\",\"dateModified\":\"2025-11-23T20:19:59+00:00\",\"mainEntityOfPage\":{\"@id\":\"https:\/\/tuzlainfo.ba\/index.php\/novosti\/item\/287226-tuzla-djeca-iz-vrtica-bambi-donijela-praznicni-duh-u-aleju-alije-izetbegovica\/\"},\"wordCount\":119,\"publisher\":{\"@id\":\"https:\/\/tuzlainfo.ba\/#organization\"},\"image\":{\"@id\":\"https:\/\/tuzlainfo.ba\/index.php\/novosti\/item\/287226-tuzla-djeca-iz-vrtica-bambi-donijela-praznicni-duh-u-aleju-alije-izetbegovica\/#primaryimage\"},\"thumbnailUrl\":\"https:\/\/tuzlainfo.ba\/wp-content\/uploads\/2025\/11\/2311_aleja.jpg\",\"keywords\":[\"aleja alije izetbegovi\u0107a\",\"Dan dr\u017eavnosti BiH\",\"tuzla\"],\"articleSection\":[\"Istaknuto\",\"Novosti\"],\"inLanguage\":\"bs-BA\"},{\"@type\":\"WebPage\",\"@id\":\"https:\/\/tuzlainfo.ba\/index.php\/novosti\/item\/287226-tuzla-djeca-iz-vrtica-bambi-donijela-praznicni-duh-u-aleju-alije-izetbegovica\/\",\"url\":\"https:\/\/tuzlainfo.ba\/index.php\/novosti\/item\/287226-tuzla-djeca-iz-vrtica-bambi-donijela-praznicni-duh-u-aleju-alije-izetbegovica\/\",\"name\":\"Tuzla: Djeca iz vrti\u0107a Bambi donijela prazni\u010dni duh u Aleju Alije Izetbegovi\u0107a - TuzlaInfo.ba\",\"isPartOf\":{\"@id\":\"https:\/\/tuzlainfo.ba\/#website\"},\"primaryImageOfPage\":{\"@id\":\"https:\/\/tuzlainfo.ba\/index.php\/novosti\/item\/287226-tuzla-djeca-iz-vrtica-bambi-donijela-praznicni-duh-u-aleju-alije-izetbegovica\/#primaryimage\"},\"image\":{\"@id\":\"https:\/\/tuzlainfo.ba\/index.php\/novosti\/item\/287226-tuzla-djeca-iz-vrtica-bambi-donijela-praznicni-duh-u-aleju-alije-izetbegovica\/#primaryimage\"},\"thumbnailUrl\":\"https:\/\/tuzlainfo.ba\/wp-content\/uploads\/2025\/11\/2311_aleja.jpg\",\"datePublished\":\"2025-11-23T20:19:59+00:00\",\"dateModified\":\"2025-11-23T20:19:59+00:00\",\"breadcrumb\":{\"@id\":\"https:\/\/tuzlainfo.ba\/index.php\/novosti\/item\/287226-tuzla-djeca-iz-vrtica-bambi-donijela-praznicni-duh-u-aleju-alije-izetbegovica\/#breadcrumb\"},\"inLanguage\":\"bs-BA\",\"potentialAction\":[{\"@type\":\"ReadAction\",\"target\":[\"https:\/\/tuzlainfo.ba\/index.php\/novosti\/item\/287226-tuzla-djeca-iz-vrtica-bambi-donijela-praznicni-duh-u-aleju-alije-izetbegovica\/\"]}]},{\"@type\":\"ImageObject\",\"inLanguage\":\"bs-BA\",\"@id\":\"https:\/\/tuzlainfo.ba\/index.php\/novosti\/item\/287226-tuzla-djeca-iz-vrtica-bambi-donijela-praznicni-duh-u-aleju-alije-izetbegovica\/#primaryimage\",\"url\":\"https:\/\/tuzlainfo.ba\/wp-content\/uploads\/2025\/11\/2311_aleja.jpg\",\"contentUrl\":\"https:\/\/tuzlainfo.ba\/wp-content\/uploads\/2025\/11\/2311_aleja.jpg\",\"width\":800,\"height\":471},{\"@type\":\"BreadcrumbList\",\"@id\":\"https:\/\/tuzlainfo.ba\/index.php\/novosti\/item\/287226-tuzla-djeca-iz-vrtica-bambi-donijela-praznicni-duh-u-aleju-alije-izetbegovica\/#breadcrumb\",\"itemListElement\":[{\"@type\":\"ListItem\",\"position\":1,\"name\":\"Home\",\"item\":\"https:\/\/tuzlainfo.ba\/\"},{\"@type\":\"ListItem\",\"position\":2,\"name\":\"Tuzla: Djeca iz vrti\u0107a Bambi donijela prazni\u010dni duh u Aleju Alije Izetbegovi\u0107a\"}]},{\"@type\":\"WebSite\",\"@id\":\"https:\/\/tuzlainfo.ba\/#website\",\"url\":\"https:\/\/tuzlainfo.ba\/\",\"name\":\"TuzlaInfo.ba\",\"description\":\"Tuzla info, gradski informator - Tuzla na dlanu\",\"publisher\":{\"@id\":\"https:\/\/tuzlainfo.ba\/#organization\"},\"potentialAction\":[{\"@type\":\"SearchAction\",\"target\":{\"@type\":\"EntryPoint\",\"urlTemplate\":\"https:\/\/tuzlainfo.ba\/?s={search_term_string}\"},\"query-input\":{\"@type\":\"PropertyValueSpecification\",\"valueRequired\":true,\"valueName\":\"search_term_string\"}}],\"inLanguage\":\"bs-BA\"},{\"@type\":\"Organization\",\"@id\":\"https:\/\/tuzlainfo.ba\/#organization\",\"name\":\"TuzlaInfo.ba\",\"url\":\"https:\/\/tuzlainfo.ba\/\",\"logo\":{\"@type\":\"ImageObject\",\"inLanguage\":\"bs-BA\",\"@id\":\"https:\/\/tuzlainfo.ba\/#\/schema\/logo\/image\/\",\"url\":\"https:\/\/tuzlainfo.ba\/wp-content\/uploads\/2021\/03\/logo-ver-3-1.png\",\"contentUrl\":\"https:\/\/tuzlainfo.ba\/wp-content\/uploads\/2021\/03\/logo-ver-3-1.png\",\"width\":350,\"height\":95,\"caption\":\"TuzlaInfo.ba\"},\"image\":{\"@id\":\"https:\/\/tuzlainfo.ba\/#\/schema\/logo\/image\/\"},\"sameAs\":[\"https:\/\/www.facebook.com\/tuzlainfo.ba\/\"]},{\"@type\":\"Person\",\"@id\":\"https:\/\/tuzlainfo.ba\/#\/schema\/person\/f434e20dc27ea133923aab08451b7f7f\",\"name\":\"nedim\",\"image\":{\"@type\":\"ImageObject\",\"inLanguage\":\"bs-BA\",\"@id\":\"https:\/\/tuzlainfo.ba\/#\/schema\/person\/image\/\",\"url\":\"https:\/\/tuzlainfo.ba\/wp-content\/litespeed\/avatar\/aabad687af24844af817603ac1cbdc4f.jpg?ver=1777306975\",\"contentUrl\":\"https:\/\/tuzlainfo.ba\/wp-content\/litespeed\/avatar\/aabad687af24844af817603ac1cbdc4f.jpg?ver=1777306975\",\"caption\":\"nedim\"},\"description\":\"Tuzlainfo.ba pratite na dru\u0161tvenim mre\u017eama: Facebook, Instagram i Youtube. Svoje pri\u010de, upite i fotografije \u0161aljite na na\u0161u e-mail adresu.\"}]}<\/script>\n<!-- \/ Yoast SEO plugin. -->","yoast_head_json":{"title":"Tuzla: Djeca iz vrti\u0107a Bambi donijela prazni\u010dni duh u Aleju Alije Izetbegovi\u0107a - TuzlaInfo.ba","robots":{"index":"index","follow":"follow","max-snippet":"max-snippet:-1","max-image-preview":"max-image-preview:large","max-video-preview":"max-video-preview:-1"},"canonical":"https:\/\/tuzlainfo.ba\/index.php\/novosti\/item\/287226-tuzla-djeca-iz-vrtica-bambi-donijela-praznicni-duh-u-aleju-alije-izetbegovica\/","og_locale":"bs_BA","og_type":"article","og_title":"Tuzla: Djeca iz vrti\u0107a Bambi donijela prazni\u010dni duh u Aleju Alije Izetbegovi\u0107a - TuzlaInfo.ba","og_description":"Najmla\u0111i sugra\u0111ani iz vrti\u0107a \u201eBambi\u201c na poseban i emotivan na\u010din dali su svoj doprinos obilje\u017eavanju&hellip;","og_url":"https:\/\/tuzlainfo.ba\/index.php\/novosti\/item\/287226-tuzla-djeca-iz-vrtica-bambi-donijela-praznicni-duh-u-aleju-alije-izetbegovica\/","og_site_name":"TuzlaInfo.ba","article_publisher":"https:\/\/www.facebook.com\/tuzlainfo.ba\/","article_published_time":"2025-11-23T20:19:59+00:00","og_image":[{"width":800,"height":471,"url":"https:\/\/tuzlainfo.ba\/wp-content\/uploads\/2025\/11\/2311_aleja.jpg","type":"image\/jpeg"}],"author":"nedim","twitter_card":"summary_large_image","twitter_misc":{"Written by":"nedim","Est. reading time":"1 minuta"},"schema":{"@context":"https:\/\/schema.org","@graph":[{"@type":"Article","@id":"https:\/\/tuzlainfo.ba\/index.php\/novosti\/item\/287226-tuzla-djeca-iz-vrtica-bambi-donijela-praznicni-duh-u-aleju-alije-izetbegovica\/#article","isPartOf":{"@id":"https:\/\/tuzlainfo.ba\/index.php\/novosti\/item\/287226-tuzla-djeca-iz-vrtica-bambi-donijela-praznicni-duh-u-aleju-alije-izetbegovica\/"},"author":{"name":"nedim","@id":"https:\/\/tuzlainfo.ba\/#\/schema\/person\/f434e20dc27ea133923aab08451b7f7f"},"headline":"Tuzla: Djeca iz vrti\u0107a Bambi donijela prazni\u010dni duh u Aleju Alije Izetbegovi\u0107a","datePublished":"2025-11-23T20:19:59+00:00","dateModified":"2025-11-23T20:19:59+00:00","mainEntityOfPage":{"@id":"https:\/\/tuzlainfo.ba\/index.php\/novosti\/item\/287226-tuzla-djeca-iz-vrtica-bambi-donijela-praznicni-duh-u-aleju-alije-izetbegovica\/"},"wordCount":119,"publisher":{"@id":"https:\/\/tuzlainfo.ba\/#organization"},"image":{"@id":"https:\/\/tuzlainfo.ba\/index.php\/novosti\/item\/287226-tuzla-djeca-iz-vrtica-bambi-donijela-praznicni-duh-u-aleju-alije-izetbegovica\/#primaryimage"},"thumbnailUrl":"https:\/\/tuzlainfo.ba\/wp-content\/uploads\/2025\/11\/2311_aleja.jpg","keywords":["aleja alije izetbegovi\u0107a","Dan dr\u017eavnosti BiH","tuzla"],"articleSection":["Istaknuto","Novosti"],"inLanguage":"bs-BA"},{"@type":"WebPage","@id":"https:\/\/tuzlainfo.ba\/index.php\/novosti\/item\/287226-tuzla-djeca-iz-vrtica-bambi-donijela-praznicni-duh-u-aleju-alije-izetbegovica\/","url":"https:\/\/tuzlainfo.ba\/index.php\/novosti\/item\/287226-tuzla-djeca-iz-vrtica-bambi-donijela-praznicni-duh-u-aleju-alije-izetbegovica\/","name":"Tuzla: Djeca iz vrti\u0107a Bambi donijela prazni\u010dni duh u Aleju Alije Izetbegovi\u0107a - TuzlaInfo.ba","isPartOf":{"@id":"https:\/\/tuzlainfo.ba\/#website"},"primaryImageOfPage":{"@id":"https:\/\/tuzlainfo.ba\/index.php\/novosti\/item\/287226-tuzla-djeca-iz-vrtica-bambi-donijela-praznicni-duh-u-aleju-alije-izetbegovica\/#primaryimage"},"image":{"@id":"https:\/\/tuzlainfo.ba\/index.php\/novosti\/item\/287226-tuzla-djeca-iz-vrtica-bambi-donijela-praznicni-duh-u-aleju-alije-izetbegovica\/#primaryimage"},"thumbnailUrl":"https:\/\/tuzlainfo.ba\/wp-content\/uploads\/2025\/11\/2311_aleja.jpg","datePublished":"2025-11-23T20:19:59+00:00","dateModified":"2025-11-23T20:19:59+00:00","breadcrumb":{"@id":"https:\/\/tuzlainfo.ba\/index.php\/novosti\/item\/287226-tuzla-djeca-iz-vrtica-bambi-donijela-praznicni-duh-u-aleju-alije-izetbegovica\/#breadcrumb"},"inLanguage":"bs-BA","potentialAction":[{"@type":"ReadAction","target":["https:\/\/tuzlainfo.ba\/index.php\/novosti\/item\/287226-tuzla-djeca-iz-vrtica-bambi-donijela-praznicni-duh-u-aleju-alije-izetbegovica\/"]}]},{"@type":"ImageObject","inLanguage":"bs-BA","@id":"https:\/\/tuzlainfo.ba\/index.php\/novosti\/item\/287226-tuzla-djeca-iz-vrtica-bambi-donijela-praznicni-duh-u-aleju-alije-izetbegovica\/#primaryimage","url":"https:\/\/tuzlainfo.ba\/wp-content\/uploads\/2025\/11\/2311_aleja.jpg","contentUrl":"https:\/\/tuzlainfo.ba\/wp-content\/uploads\/2025\/11\/2311_aleja.jpg","width":800,"height":471},{"@type":"BreadcrumbList","@id":"https:\/\/tuzlainfo.ba\/index.php\/novosti\/item\/287226-tuzla-djeca-iz-vrtica-bambi-donijela-praznicni-duh-u-aleju-alije-izetbegovica\/#breadcrumb","itemListElement":[{"@type":"ListItem","position":1,"name":"Home","item":"https:\/\/tuzlainfo.ba\/"},{"@type":"ListItem","position":2,"name":"Tuzla: Djeca iz vrti\u0107a Bambi donijela prazni\u010dni duh u Aleju Alije Izetbegovi\u0107a"}]},{"@type":"WebSite","@id":"https:\/\/tuzlainfo.ba\/#website","url":"https:\/\/tuzlainfo.ba\/","name":"TuzlaInfo.ba","description":"Tuzla info, gradski informator - Tuzla na dlanu","publisher":{"@id":"https:\/\/tuzlainfo.ba\/#organization"},"potentialAction":[{"@type":"SearchAction","target":{"@type":"EntryPoint","urlTemplate":"https:\/\/tuzlainfo.ba\/?s={search_term_string}"},"query-input":{"@type":"PropertyValueSpecification","valueRequired":true,"valueName":"search_term_string"}}],"inLanguage":"bs-BA"},{"@type":"Organization","@id":"https:\/\/tuzlainfo.ba\/#organization","name":"TuzlaInfo.ba","url":"https:\/\/tuzlainfo.ba\/","logo":{"@type":"ImageObject","inLanguage":"bs-BA","@id":"https:\/\/tuzlainfo.ba\/#\/schema\/logo\/image\/","url":"https:\/\/tuzlainfo.ba\/wp-content\/uploads\/2021\/03\/logo-ver-3-1.png","contentUrl":"https:\/\/tuzlainfo.ba\/wp-content\/uploads\/2021\/03\/logo-ver-3-1.png","width":350,"height":95,"caption":"TuzlaInfo.ba"},"image":{"@id":"https:\/\/tuzlainfo.ba\/#\/schema\/logo\/image\/"},"sameAs":["https:\/\/www.facebook.com\/tuzlainfo.ba\/"]},{"@type":"Person","@id":"https:\/\/tuzlainfo.ba\/#\/schema\/person\/f434e20dc27ea133923aab08451b7f7f","name":"nedim","image":{"@type":"ImageObject","inLanguage":"bs-BA","@id":"https:\/\/tuzlainfo.ba\/#\/schema\/person\/image\/","url":"https:\/\/tuzlainfo.ba\/wp-content\/litespeed\/avatar\/aabad687af24844af817603ac1cbdc4f.jpg?ver=1777306975","contentUrl":"https:\/\/tuzlainfo.ba\/wp-content\/litespeed\/avatar\/aabad687af24844af817603ac1cbdc4f.jpg?ver=1777306975","caption":"nedim"},"description":"Tuzlainfo.ba pratite na dru\u0161tvenim mre\u017eama: Facebook, Instagram i Youtube. Svoje pri\u010de, upite i fotografije \u0161aljite na na\u0161u e-mail adresu."}]}},"_links":{"self":[{"href":"https:\/\/tuzlainfo.ba\/index.php\/wp-json\/wp\/v2\/posts\/287226"}],"collection":[{"href":"https:\/\/tuzlainfo.ba\/index.php\/wp-json\/wp\/v2\/posts"}],"about":[{"href":"https:\/\/tuzlainfo.ba\/index.php\/wp-json\/wp\/v2\/types\/post"}],"author":[{"embeddable":true,"href":"https:\/\/tuzlainfo.ba\/index.php\/wp-json\/wp\/v2\/users\/2"}],"replies":[{"embeddable":true,"href":"https:\/\/tuzlainfo.ba\/index.php\/wp-json\/wp\/v2\/comments?post=287226"}],"version-history":[{"count":1,"href":"https:\/\/tuzlainfo.ba\/index.php\/wp-json\/wp\/v2\/posts\/287226\/revisions"}],"predecessor-version":[{"id":287228,"href":"https:\/\/tuzlainfo.ba\/index.php\/wp-json\/wp\/v2\/posts\/287226\/revisions\/287228"}],"wp:featuredmedia":[{"embeddable":true,"href":"https:\/\/tuzlainfo.ba\/index.php\/wp-json\/wp\/v2\/media\/287227"}],"wp:attachment":[{"href":"https:\/\/tuzlainfo.ba\/index.php\/wp-json\/wp\/v2\/media?parent=287226"}],"wp:term":[{"taxonomy":"category","embeddable":true,"href":"https:\/\/tuzlainfo.ba\/index.php\/wp-json\/wp\/v2\/categories?post=287226"},{"taxonomy":"post_tag","embeddable":true,"href":"https:\/\/tuzlainfo.ba\/index.php\/wp-json\/wp\/v2\/tags?post=287226"}],"curies":[{"name":"wp","href":"https:\/\/api.w.org\/{rel}","templated":true}]}}