{"id":286975,"date":"2025-11-20T15:45:27","date_gmt":"2025-11-20T14:45:27","guid":{"rendered":"https:\/\/tuzlainfo.ba\/?p=286975"},"modified":"2025-11-21T07:37:20","modified_gmt":"2025-11-21T06:37:20","slug":"razbojnici-iz-kalesije-izuzetno-opasni-i-dalje-traje-potraga-za-njima","status":"publish","type":"post","link":"https:\/\/tuzlainfo.ba\/index.php\/novosti\/item\/286975-razbojnici-iz-kalesije-izuzetno-opasni-i-dalje-traje-potraga-za-njima\/","title":{"rendered":"Razbojnici iz Kalesije izuzetno opasni, i dalje traje potraga za njima"},"content":{"rendered":"<p data-start=\"102\" data-end=\"398\">Potraga za osobama koje su ju\u010der izvr\u0161ile razbojni\u0161tvo u Kalesiji i pri tom pucale na policijske slu\u017ebenike i dalje traje. Iz Uprave policije MUP-a Tuzlanskog kantona potvr\u0111eno je da policijski timovi od ju\u010der pretra\u017euju vi\u0161e lokacija, a identitet jednog od osumnji\u010denih je ve\u0107 zvani\u010dno potvr\u0111en.<\/p>\n<p data-start=\"400\" data-end=\"692\">Direktor Uprave policije MUP-a TK D\u017eevad Korman kazao je da policija raspola\u017ee informacijama koje upu\u0107uju na to ko su po\u010dinioci, te da se radi o osobama dobro poznatim policijskim organima. Naglasio je i da su dvije osobe povezane sa osumnji\u010denima ju\u010der privedene radi kriminalisti\u010dke obrade.<\/p>\n<p data-start=\"694\" data-end=\"1227\">Prema do sada poznatim podacima, dvojica maskiranih napada\u010da su u ranim jutarnjim satima u\u0161la u zlatarsku radnju, dok je tre\u0107a osoba \u010dekala u vozilu ispred objekta. Nakon \u0161to su vezali vlasnika i ukrali ve\u0107u koli\u010dinu nakita, poku\u0161ali su pobje\u0107i. Policijska patrola koja je bila u blizini primijetila je sumnjivo kretanje i poku\u0161ala zaustaviti osumnji\u010dene, nakon \u010dega je do\u0161lo do pucnjave. Policajci su uzvratili vatru, a nedugo potom prona\u0111eno je be\u017eivotno tijelo jedne mu\u0161ke osobe za koju se sumnja da je u\u010destvovala u razbojni\u0161tvu.<\/p>\n<p data-start=\"1229\" data-end=\"1359\">Korman je potvrdio da se paralelno vodi i interna istraga koja treba utvrditi opravdanost upotrebe vatrenog oru\u017eja u ovom slu\u010daju.<\/p>\n<p data-start=\"1361\" data-end=\"1624\">Za osumnji\u010denima koji su u bijegu raspisana je operativna potjernica. Zbog mogu\u0107nosti da su se prebacivali izme\u0111u razli\u010ditih op\u0107ina i entiteta, u potragu su uklju\u010dene ekipe Uprave policije MUP-a TK, policijske agencije iz entiteta RS, kao i Grani\u010dna policija BiH.<\/p>\n<p data-start=\"1626\" data-end=\"1729\" data-is-last-node=\"\" data-is-only-node=\"\">Istraga se vodi kao te\u017eak oblik krivi\u010dnog djela, a javnost \u0107e biti obavje\u0161tena o svim novim saznanjima.<\/p>\n","protected":false},"excerpt":{"rendered":"<p>Potraga za osobama koje su ju\u010der izvr\u0161ile razbojni\u0161tvo u Kalesiji i pri tom pucale na&hellip;<\/p>\n","protected":false},"author":4,"featured_media":286976,"comment_status":"closed","ping_status":"closed","sticky":false,"template":"","format":"standard","meta":{"_acf_changed":false,"footnotes":""},"categories":[304,12,306],"tags":[1290,2635,5672],"acf":[],"yoast_head":"<!-- This site is optimized with the Yoast SEO plugin v23.5 - https:\/\/yoast.com\/wordpress\/plugins\/seo\/ -->\n<title>Razbojnici iz Kalesije izuzetno opasni, i dalje traje potraga za njima - TuzlaInfo.ba<\/title>\n<meta name=\"robots\" content=\"index, follow, max-snippet:-1, max-image-preview:large, max-video-preview:-1\" \/>\n<link rel=\"canonical\" href=\"https:\/\/tuzlainfo.ba\/index.php\/novosti\/item\/286975-razbojnici-iz-kalesije-izuzetno-opasni-i-dalje-traje-potraga-za-njima\/\" \/>\n<meta property=\"og:locale\" content=\"bs_BA\" \/>\n<meta property=\"og:type\" content=\"article\" \/>\n<meta property=\"og:title\" content=\"Razbojnici iz Kalesije izuzetno opasni, i dalje traje potraga za njima - TuzlaInfo.ba\" \/>\n<meta property=\"og:description\" content=\"Potraga za osobama koje su ju\u010der izvr\u0161ile razbojni\u0161tvo u Kalesiji i pri tom pucale na&hellip;\" \/>\n<meta property=\"og:url\" content=\"https:\/\/tuzlainfo.ba\/index.php\/novosti\/item\/286975-razbojnici-iz-kalesije-izuzetno-opasni-i-dalje-traje-potraga-za-njima\/\" \/>\n<meta property=\"og:site_name\" content=\"TuzlaInfo.ba\" \/>\n<meta property=\"article:publisher\" content=\"https:\/\/www.facebook.com\/tuzlainfo.ba\/\" \/>\n<meta property=\"article:published_time\" content=\"2025-11-20T14:45:27+00:00\" \/>\n<meta property=\"article:modified_time\" content=\"2025-11-21T06:37:20+00:00\" \/>\n<meta property=\"og:image\" content=\"https:\/\/tuzlainfo.ba\/wp-content\/uploads\/2025\/11\/korman-scaled.jpg\" \/>\n\t<meta property=\"og:image:width\" content=\"2560\" \/>\n\t<meta property=\"og:image:height\" content=\"1928\" \/>\n\t<meta property=\"og:image:type\" content=\"image\/jpeg\" \/>\n<meta name=\"author\" content=\"Tuzla Info\" \/>\n<meta name=\"twitter:card\" content=\"summary_large_image\" \/>\n<meta name=\"twitter:label1\" content=\"Written by\" \/>\n\t<meta name=\"twitter:data1\" content=\"Tuzla Info\" \/>\n\t<meta name=\"twitter:label2\" content=\"Est. reading time\" \/>\n\t<meta name=\"twitter:data2\" content=\"2 minute\" \/>\n<script type=\"application\/ld+json\" class=\"yoast-schema-graph\">{\"@context\":\"https:\/\/schema.org\",\"@graph\":[{\"@type\":\"Article\",\"@id\":\"https:\/\/tuzlainfo.ba\/index.php\/novosti\/item\/286975-razbojnici-iz-kalesije-izuzetno-opasni-i-dalje-traje-potraga-za-njima\/#article\",\"isPartOf\":{\"@id\":\"https:\/\/tuzlainfo.ba\/index.php\/novosti\/item\/286975-razbojnici-iz-kalesije-izuzetno-opasni-i-dalje-traje-potraga-za-njima\/\"},\"author\":{\"name\":\"Tuzla Info\",\"@id\":\"https:\/\/tuzlainfo.ba\/#\/schema\/person\/46cad4c57790cbc50781edd14870825a\"},\"headline\":\"Razbojnici iz Kalesije izuzetno opasni, i dalje traje potraga za njima\",\"datePublished\":\"2025-11-20T14:45:27+00:00\",\"dateModified\":\"2025-11-21T06:37:20+00:00\",\"mainEntityOfPage\":{\"@id\":\"https:\/\/tuzlainfo.ba\/index.php\/novosti\/item\/286975-razbojnici-iz-kalesije-izuzetno-opasni-i-dalje-traje-potraga-za-njima\/\"},\"wordCount\":306,\"publisher\":{\"@id\":\"https:\/\/tuzlainfo.ba\/#organization\"},\"image\":{\"@id\":\"https:\/\/tuzlainfo.ba\/index.php\/novosti\/item\/286975-razbojnici-iz-kalesije-izuzetno-opasni-i-dalje-traje-potraga-za-njima\/#primaryimage\"},\"thumbnailUrl\":\"https:\/\/tuzlainfo.ba\/wp-content\/uploads\/2025\/11\/korman-scaled.jpg\",\"keywords\":[\"kalesija\",\"potraga\",\"uprava policije MUP-a TK\"],\"articleSection\":[\"Istaknuto\",\"Novosti\",\"Preporu\u010dujemo\"],\"inLanguage\":\"bs-BA\"},{\"@type\":\"WebPage\",\"@id\":\"https:\/\/tuzlainfo.ba\/index.php\/novosti\/item\/286975-razbojnici-iz-kalesije-izuzetno-opasni-i-dalje-traje-potraga-za-njima\/\",\"url\":\"https:\/\/tuzlainfo.ba\/index.php\/novosti\/item\/286975-razbojnici-iz-kalesije-izuzetno-opasni-i-dalje-traje-potraga-za-njima\/\",\"name\":\"Razbojnici iz Kalesije izuzetno opasni, i dalje traje potraga za njima - TuzlaInfo.ba\",\"isPartOf\":{\"@id\":\"https:\/\/tuzlainfo.ba\/#website\"},\"primaryImageOfPage\":{\"@id\":\"https:\/\/tuzlainfo.ba\/index.php\/novosti\/item\/286975-razbojnici-iz-kalesije-izuzetno-opasni-i-dalje-traje-potraga-za-njima\/#primaryimage\"},\"image\":{\"@id\":\"https:\/\/tuzlainfo.ba\/index.php\/novosti\/item\/286975-razbojnici-iz-kalesije-izuzetno-opasni-i-dalje-traje-potraga-za-njima\/#primaryimage\"},\"thumbnailUrl\":\"https:\/\/tuzlainfo.ba\/wp-content\/uploads\/2025\/11\/korman-scaled.jpg\",\"datePublished\":\"2025-11-20T14:45:27+00:00\",\"dateModified\":\"2025-11-21T06:37:20+00:00\",\"breadcrumb\":{\"@id\":\"https:\/\/tuzlainfo.ba\/index.php\/novosti\/item\/286975-razbojnici-iz-kalesije-izuzetno-opasni-i-dalje-traje-potraga-za-njima\/#breadcrumb\"},\"inLanguage\":\"bs-BA\",\"potentialAction\":[{\"@type\":\"ReadAction\",\"target\":[\"https:\/\/tuzlainfo.ba\/index.php\/novosti\/item\/286975-razbojnici-iz-kalesije-izuzetno-opasni-i-dalje-traje-potraga-za-njima\/\"]}]},{\"@type\":\"ImageObject\",\"inLanguage\":\"bs-BA\",\"@id\":\"https:\/\/tuzlainfo.ba\/index.php\/novosti\/item\/286975-razbojnici-iz-kalesije-izuzetno-opasni-i-dalje-traje-potraga-za-njima\/#primaryimage\",\"url\":\"https:\/\/tuzlainfo.ba\/wp-content\/uploads\/2025\/11\/korman-scaled.jpg\",\"contentUrl\":\"https:\/\/tuzlainfo.ba\/wp-content\/uploads\/2025\/11\/korman-scaled.jpg\",\"width\":2560,\"height\":1928},{\"@type\":\"BreadcrumbList\",\"@id\":\"https:\/\/tuzlainfo.ba\/index.php\/novosti\/item\/286975-razbojnici-iz-kalesije-izuzetno-opasni-i-dalje-traje-potraga-za-njima\/#breadcrumb\",\"itemListElement\":[{\"@type\":\"ListItem\",\"position\":1,\"name\":\"Home\",\"item\":\"https:\/\/tuzlainfo.ba\/\"},{\"@type\":\"ListItem\",\"position\":2,\"name\":\"Razbojnici iz Kalesije izuzetno opasni, i dalje traje potraga za njima\"}]},{\"@type\":\"WebSite\",\"@id\":\"https:\/\/tuzlainfo.ba\/#website\",\"url\":\"https:\/\/tuzlainfo.ba\/\",\"name\":\"TuzlaInfo.ba\",\"description\":\"Tuzla info, gradski informator - Tuzla na dlanu\",\"publisher\":{\"@id\":\"https:\/\/tuzlainfo.ba\/#organization\"},\"potentialAction\":[{\"@type\":\"SearchAction\",\"target\":{\"@type\":\"EntryPoint\",\"urlTemplate\":\"https:\/\/tuzlainfo.ba\/?s={search_term_string}\"},\"query-input\":{\"@type\":\"PropertyValueSpecification\",\"valueRequired\":true,\"valueName\":\"search_term_string\"}}],\"inLanguage\":\"bs-BA\"},{\"@type\":\"Organization\",\"@id\":\"https:\/\/tuzlainfo.ba\/#organization\",\"name\":\"TuzlaInfo.ba\",\"url\":\"https:\/\/tuzlainfo.ba\/\",\"logo\":{\"@type\":\"ImageObject\",\"inLanguage\":\"bs-BA\",\"@id\":\"https:\/\/tuzlainfo.ba\/#\/schema\/logo\/image\/\",\"url\":\"https:\/\/tuzlainfo.ba\/wp-content\/uploads\/2021\/03\/logo-ver-3-1.png\",\"contentUrl\":\"https:\/\/tuzlainfo.ba\/wp-content\/uploads\/2021\/03\/logo-ver-3-1.png\",\"width\":350,\"height\":95,\"caption\":\"TuzlaInfo.ba\"},\"image\":{\"@id\":\"https:\/\/tuzlainfo.ba\/#\/schema\/logo\/image\/\"},\"sameAs\":[\"https:\/\/www.facebook.com\/tuzlainfo.ba\/\"]},{\"@type\":\"Person\",\"@id\":\"https:\/\/tuzlainfo.ba\/#\/schema\/person\/46cad4c57790cbc50781edd14870825a\",\"name\":\"Tuzla Info\",\"image\":{\"@type\":\"ImageObject\",\"inLanguage\":\"bs-BA\",\"@id\":\"https:\/\/tuzlainfo.ba\/#\/schema\/person\/image\/\",\"url\":\"https:\/\/tuzlainfo.ba\/wp-content\/litespeed\/avatar\/b6c453a6c38e3654f2e4416c643fc25c.jpg?ver=1777051911\",\"contentUrl\":\"https:\/\/tuzlainfo.ba\/wp-content\/litespeed\/avatar\/b6c453a6c38e3654f2e4416c643fc25c.jpg?ver=1777051911\",\"caption\":\"Tuzla Info\"}}]}<\/script>\n<!-- \/ Yoast SEO plugin. -->","yoast_head_json":{"title":"Razbojnici iz Kalesije izuzetno opasni, i dalje traje potraga za njima - TuzlaInfo.ba","robots":{"index":"index","follow":"follow","max-snippet":"max-snippet:-1","max-image-preview":"max-image-preview:large","max-video-preview":"max-video-preview:-1"},"canonical":"https:\/\/tuzlainfo.ba\/index.php\/novosti\/item\/286975-razbojnici-iz-kalesije-izuzetno-opasni-i-dalje-traje-potraga-za-njima\/","og_locale":"bs_BA","og_type":"article","og_title":"Razbojnici iz Kalesije izuzetno opasni, i dalje traje potraga za njima - TuzlaInfo.ba","og_description":"Potraga za osobama koje su ju\u010der izvr\u0161ile razbojni\u0161tvo u Kalesiji i pri tom pucale na&hellip;","og_url":"https:\/\/tuzlainfo.ba\/index.php\/novosti\/item\/286975-razbojnici-iz-kalesije-izuzetno-opasni-i-dalje-traje-potraga-za-njima\/","og_site_name":"TuzlaInfo.ba","article_publisher":"https:\/\/www.facebook.com\/tuzlainfo.ba\/","article_published_time":"2025-11-20T14:45:27+00:00","article_modified_time":"2025-11-21T06:37:20+00:00","og_image":[{"width":2560,"height":1928,"url":"https:\/\/tuzlainfo.ba\/wp-content\/uploads\/2025\/11\/korman-scaled.jpg","type":"image\/jpeg"}],"author":"Tuzla Info","twitter_card":"summary_large_image","twitter_misc":{"Written by":"Tuzla Info","Est. reading time":"2 minute"},"schema":{"@context":"https:\/\/schema.org","@graph":[{"@type":"Article","@id":"https:\/\/tuzlainfo.ba\/index.php\/novosti\/item\/286975-razbojnici-iz-kalesije-izuzetno-opasni-i-dalje-traje-potraga-za-njima\/#article","isPartOf":{"@id":"https:\/\/tuzlainfo.ba\/index.php\/novosti\/item\/286975-razbojnici-iz-kalesije-izuzetno-opasni-i-dalje-traje-potraga-za-njima\/"},"author":{"name":"Tuzla Info","@id":"https:\/\/tuzlainfo.ba\/#\/schema\/person\/46cad4c57790cbc50781edd14870825a"},"headline":"Razbojnici iz Kalesije izuzetno opasni, i dalje traje potraga za njima","datePublished":"2025-11-20T14:45:27+00:00","dateModified":"2025-11-21T06:37:20+00:00","mainEntityOfPage":{"@id":"https:\/\/tuzlainfo.ba\/index.php\/novosti\/item\/286975-razbojnici-iz-kalesije-izuzetno-opasni-i-dalje-traje-potraga-za-njima\/"},"wordCount":306,"publisher":{"@id":"https:\/\/tuzlainfo.ba\/#organization"},"image":{"@id":"https:\/\/tuzlainfo.ba\/index.php\/novosti\/item\/286975-razbojnici-iz-kalesije-izuzetno-opasni-i-dalje-traje-potraga-za-njima\/#primaryimage"},"thumbnailUrl":"https:\/\/tuzlainfo.ba\/wp-content\/uploads\/2025\/11\/korman-scaled.jpg","keywords":["kalesija","potraga","uprava policije MUP-a TK"],"articleSection":["Istaknuto","Novosti","Preporu\u010dujemo"],"inLanguage":"bs-BA"},{"@type":"WebPage","@id":"https:\/\/tuzlainfo.ba\/index.php\/novosti\/item\/286975-razbojnici-iz-kalesije-izuzetno-opasni-i-dalje-traje-potraga-za-njima\/","url":"https:\/\/tuzlainfo.ba\/index.php\/novosti\/item\/286975-razbojnici-iz-kalesije-izuzetno-opasni-i-dalje-traje-potraga-za-njima\/","name":"Razbojnici iz Kalesije izuzetno opasni, i dalje traje potraga za njima - TuzlaInfo.ba","isPartOf":{"@id":"https:\/\/tuzlainfo.ba\/#website"},"primaryImageOfPage":{"@id":"https:\/\/tuzlainfo.ba\/index.php\/novosti\/item\/286975-razbojnici-iz-kalesije-izuzetno-opasni-i-dalje-traje-potraga-za-njima\/#primaryimage"},"image":{"@id":"https:\/\/tuzlainfo.ba\/index.php\/novosti\/item\/286975-razbojnici-iz-kalesije-izuzetno-opasni-i-dalje-traje-potraga-za-njima\/#primaryimage"},"thumbnailUrl":"https:\/\/tuzlainfo.ba\/wp-content\/uploads\/2025\/11\/korman-scaled.jpg","datePublished":"2025-11-20T14:45:27+00:00","dateModified":"2025-11-21T06:37:20+00:00","breadcrumb":{"@id":"https:\/\/tuzlainfo.ba\/index.php\/novosti\/item\/286975-razbojnici-iz-kalesije-izuzetno-opasni-i-dalje-traje-potraga-za-njima\/#breadcrumb"},"inLanguage":"bs-BA","potentialAction":[{"@type":"ReadAction","target":["https:\/\/tuzlainfo.ba\/index.php\/novosti\/item\/286975-razbojnici-iz-kalesije-izuzetno-opasni-i-dalje-traje-potraga-za-njima\/"]}]},{"@type":"ImageObject","inLanguage":"bs-BA","@id":"https:\/\/tuzlainfo.ba\/index.php\/novosti\/item\/286975-razbojnici-iz-kalesije-izuzetno-opasni-i-dalje-traje-potraga-za-njima\/#primaryimage","url":"https:\/\/tuzlainfo.ba\/wp-content\/uploads\/2025\/11\/korman-scaled.jpg","contentUrl":"https:\/\/tuzlainfo.ba\/wp-content\/uploads\/2025\/11\/korman-scaled.jpg","width":2560,"height":1928},{"@type":"BreadcrumbList","@id":"https:\/\/tuzlainfo.ba\/index.php\/novosti\/item\/286975-razbojnici-iz-kalesije-izuzetno-opasni-i-dalje-traje-potraga-za-njima\/#breadcrumb","itemListElement":[{"@type":"ListItem","position":1,"name":"Home","item":"https:\/\/tuzlainfo.ba\/"},{"@type":"ListItem","position":2,"name":"Razbojnici iz Kalesije izuzetno opasni, i dalje traje potraga za njima"}]},{"@type":"WebSite","@id":"https:\/\/tuzlainfo.ba\/#website","url":"https:\/\/tuzlainfo.ba\/","name":"TuzlaInfo.ba","description":"Tuzla info, gradski informator - Tuzla na dlanu","publisher":{"@id":"https:\/\/tuzlainfo.ba\/#organization"},"potentialAction":[{"@type":"SearchAction","target":{"@type":"EntryPoint","urlTemplate":"https:\/\/tuzlainfo.ba\/?s={search_term_string}"},"query-input":{"@type":"PropertyValueSpecification","valueRequired":true,"valueName":"search_term_string"}}],"inLanguage":"bs-BA"},{"@type":"Organization","@id":"https:\/\/tuzlainfo.ba\/#organization","name":"TuzlaInfo.ba","url":"https:\/\/tuzlainfo.ba\/","logo":{"@type":"ImageObject","inLanguage":"bs-BA","@id":"https:\/\/tuzlainfo.ba\/#\/schema\/logo\/image\/","url":"https:\/\/tuzlainfo.ba\/wp-content\/uploads\/2021\/03\/logo-ver-3-1.png","contentUrl":"https:\/\/tuzlainfo.ba\/wp-content\/uploads\/2021\/03\/logo-ver-3-1.png","width":350,"height":95,"caption":"TuzlaInfo.ba"},"image":{"@id":"https:\/\/tuzlainfo.ba\/#\/schema\/logo\/image\/"},"sameAs":["https:\/\/www.facebook.com\/tuzlainfo.ba\/"]},{"@type":"Person","@id":"https:\/\/tuzlainfo.ba\/#\/schema\/person\/46cad4c57790cbc50781edd14870825a","name":"Tuzla Info","image":{"@type":"ImageObject","inLanguage":"bs-BA","@id":"https:\/\/tuzlainfo.ba\/#\/schema\/person\/image\/","url":"https:\/\/tuzlainfo.ba\/wp-content\/litespeed\/avatar\/b6c453a6c38e3654f2e4416c643fc25c.jpg?ver=1777051911","contentUrl":"https:\/\/tuzlainfo.ba\/wp-content\/litespeed\/avatar\/b6c453a6c38e3654f2e4416c643fc25c.jpg?ver=1777051911","caption":"Tuzla Info"}}]}},"_links":{"self":[{"href":"https:\/\/tuzlainfo.ba\/index.php\/wp-json\/wp\/v2\/posts\/286975"}],"collection":[{"href":"https:\/\/tuzlainfo.ba\/index.php\/wp-json\/wp\/v2\/posts"}],"about":[{"href":"https:\/\/tuzlainfo.ba\/index.php\/wp-json\/wp\/v2\/types\/post"}],"author":[{"embeddable":true,"href":"https:\/\/tuzlainfo.ba\/index.php\/wp-json\/wp\/v2\/users\/4"}],"replies":[{"embeddable":true,"href":"https:\/\/tuzlainfo.ba\/index.php\/wp-json\/wp\/v2\/comments?post=286975"}],"version-history":[{"count":1,"href":"https:\/\/tuzlainfo.ba\/index.php\/wp-json\/wp\/v2\/posts\/286975\/revisions"}],"predecessor-version":[{"id":286977,"href":"https:\/\/tuzlainfo.ba\/index.php\/wp-json\/wp\/v2\/posts\/286975\/revisions\/286977"}],"wp:featuredmedia":[{"embeddable":true,"href":"https:\/\/tuzlainfo.ba\/index.php\/wp-json\/wp\/v2\/media\/286976"}],"wp:attachment":[{"href":"https:\/\/tuzlainfo.ba\/index.php\/wp-json\/wp\/v2\/media?parent=286975"}],"wp:term":[{"taxonomy":"category","embeddable":true,"href":"https:\/\/tuzlainfo.ba\/index.php\/wp-json\/wp\/v2\/categories?post=286975"},{"taxonomy":"post_tag","embeddable":true,"href":"https:\/\/tuzlainfo.ba\/index.php\/wp-json\/wp\/v2\/tags?post=286975"}],"curies":[{"name":"wp","href":"https:\/\/api.w.org\/{rel}","templated":true}]}}