{"id":286940,"date":"2025-11-20T13:24:52","date_gmt":"2025-11-20T12:24:52","guid":{"rendered":"https:\/\/tuzlainfo.ba\/?p=286940"},"modified":"2025-11-20T13:24:52","modified_gmt":"2025-11-20T12:24:52","slug":"stanivukovic-podnio-krivicnu-prijavu-protiv-vlade-djajica-nakon-objave-snimka-s-drogom","status":"publish","type":"post","link":"https:\/\/tuzlainfo.ba\/index.php\/bosna-i-hercegovina\/item\/286940-stanivukovic-podnio-krivicnu-prijavu-protiv-vlade-djajica-nakon-objave-snimka-s-drogom\/","title":{"rendered":"Stanivukovi\u0107 podnio krivi\u010dnu prijavu protiv Vlade \u0110aji\u0107a nakon objave snimka s drogom"},"content":{"rendered":"<p>Predsjednik Pokreta Sigurna Srpska i gradona\u010delnik Banje Luke Dra\u0161ko Stanivukovi\u0107 predao je danas Okru\u017enom tu\u017eila\u0161tvu Banja Luka krivi\u010dnu prijavu protiv Vlade \u0110aji\u0107a, smijenjenog vr\u0161ioca du\u017enosti direktora Univerzitetskog klini\u010dkog centra RS, zbog sumnje u po\u010dinjena \u010detiri krivi\u010dna djela.<\/p>\n<p>Sva \u010detiri krivi\u010dna djela imaju veze s video snimkom koji se pojavio ju\u010de prvo na dru\u0161tevnoj mre\u017ei &#8220;X\u201c, a koji su kasnije prenijeli mnogi mediji na svojim platformama.<\/p>\n<p>Rije\u010d je o snimku na kojem nepoznati mu\u0161karac pred Vladu \u0110aji\u0107a, koji je u bijelom mantilu, stavlja kesu s bijelom pra\u0161kastom materijom. Nakon toga njih dvojica govore o ciframa od 30.000 i 40.000 evra, interventnoj policiji i &#8220;maloj\u201c.<\/p>\n<p>\u0110aji\u0107 je eskpresno smijenjen zbog tog snimka sa \u010dela UKC RS, ali i sa funkcije predsjednika Gradskog odbora SNSD Banja Luka.<\/p>\n<p>Stanivukovi\u0107 tvrdi da je u kesi na snimku kokain i da je droga trebalo da bude podmetnuta njemu i njegom saradniku Neboj\u0161i Drini\u0107u.<\/p>\n<p>&#8211; Mi to znamo. Sva sre\u0107a pa postoje ljudi kod njih koji su nas na to upozorili. Ve\u0107 pet mjeseci mi \u017eivimo nevi\u0111enu internet torturu i nasilje. Htjeli su da nam ubace drogu u auto, pa da nas dvojica policajaca iz Intervetne policije zaustave i to na\u0111u &#8211; tvrdi Stanivukovi\u0107.<\/p>\n<p>On je rekao da je protiv \u0110aji\u0107a podnesena krivi\u010dna prijava zbog sumnje u po\u010dinjeno krivi\u010dno djelo proizvodnja i promet opojnih droga, trgovina uticajem.<\/p>\n<p>Stanivukovi\u0107 tvrdi da je za sve ovo znao &#8220;dr\u017eavni vrh i da su na kraju shvatili da bi podmetanje bilo kontraproduktivno za njih\u201c.<\/p>\n<p>&#8211; Tra\u017eim da Tu\u017eila\u0161tvo ispita i ko su ta dvojica iz Interventne policije koji se spominju na snimku, ko je \u010dekao u auto i gdje je droga &#8211; dodao je Stanivukovi\u0107.<\/p>\n<p>On je naveo da ima jo\u0161 snimaka koji se odnose na \u0110aji\u0107a.<\/p>\n<p>&#8211; Vlado \u0110aji\u0107 mora biti priveden. Na slobodi mo\u017ee da prikriva dokaze, a nemamo odgovor kako je kokain u\u0161ao u UKC RS &#8211; naveo je Stanivukovi\u0107.<\/p>\n","protected":false},"excerpt":{"rendered":"<p>Predsjednik Pokreta Sigurna Srpska i gradona\u010delnik Banje Luke Dra\u0161ko Stanivukovi\u0107 predao je danas Okru\u017enom tu\u017eila\u0161tvu&hellip;<\/p>\n","protected":false},"author":8,"featured_media":261487,"comment_status":"closed","ping_status":"closed","sticky":false,"template":"","format":"standard","meta":{"_acf_changed":false,"footnotes":""},"categories":[291],"tags":[778,13033],"acf":[],"yoast_head":"<!-- This site is optimized with the Yoast SEO plugin v23.5 - https:\/\/yoast.com\/wordpress\/plugins\/seo\/ -->\n<title>Stanivukovi\u0107 podnio krivi\u010dnu prijavu protiv Vlade \u0110aji\u0107a nakon objave snimka s drogom - TuzlaInfo.ba<\/title>\n<meta name=\"robots\" content=\"index, follow, max-snippet:-1, max-image-preview:large, max-video-preview:-1\" \/>\n<link rel=\"canonical\" href=\"https:\/\/tuzlainfo.ba\/index.php\/bosna-i-hercegovina\/item\/286940-stanivukovic-podnio-krivicnu-prijavu-protiv-vlade-djajica-nakon-objave-snimka-s-drogom\/\" \/>\n<meta property=\"og:locale\" content=\"bs_BA\" \/>\n<meta property=\"og:type\" content=\"article\" \/>\n<meta property=\"og:title\" content=\"Stanivukovi\u0107 podnio krivi\u010dnu prijavu protiv Vlade \u0110aji\u0107a nakon objave snimka s drogom - TuzlaInfo.ba\" \/>\n<meta property=\"og:description\" content=\"Predsjednik Pokreta Sigurna Srpska i gradona\u010delnik Banje Luke Dra\u0161ko Stanivukovi\u0107 predao je danas Okru\u017enom tu\u017eila\u0161tvu&hellip;\" \/>\n<meta property=\"og:url\" content=\"https:\/\/tuzlainfo.ba\/index.php\/bosna-i-hercegovina\/item\/286940-stanivukovic-podnio-krivicnu-prijavu-protiv-vlade-djajica-nakon-objave-snimka-s-drogom\/\" \/>\n<meta property=\"og:site_name\" content=\"TuzlaInfo.ba\" \/>\n<meta property=\"article:publisher\" content=\"https:\/\/www.facebook.com\/tuzlainfo.ba\/\" \/>\n<meta property=\"article:published_time\" content=\"2025-11-20T12:24:52+00:00\" \/>\n<meta property=\"og:image\" content=\"https:\/\/tuzlainfo.ba\/wp-content\/uploads\/2025\/01\/2801_opozicija_rs_stanivukovic.jpg\" \/>\n\t<meta property=\"og:image:width\" content=\"1000\" \/>\n\t<meta property=\"og:image:height\" content=\"665\" \/>\n\t<meta property=\"og:image:type\" content=\"image\/jpeg\" \/>\n<meta name=\"author\" content=\"Admin Tri\" \/>\n<meta name=\"twitter:card\" content=\"summary_large_image\" \/>\n<meta name=\"twitter:label1\" content=\"Written by\" \/>\n\t<meta name=\"twitter:data1\" content=\"Admin Tri\" \/>\n\t<meta name=\"twitter:label2\" content=\"Est. reading time\" \/>\n\t<meta name=\"twitter:data2\" content=\"2 minute\" \/>\n<script type=\"application\/ld+json\" class=\"yoast-schema-graph\">{\"@context\":\"https:\/\/schema.org\",\"@graph\":[{\"@type\":\"Article\",\"@id\":\"https:\/\/tuzlainfo.ba\/index.php\/bosna-i-hercegovina\/item\/286940-stanivukovic-podnio-krivicnu-prijavu-protiv-vlade-djajica-nakon-objave-snimka-s-drogom\/#article\",\"isPartOf\":{\"@id\":\"https:\/\/tuzlainfo.ba\/index.php\/bosna-i-hercegovina\/item\/286940-stanivukovic-podnio-krivicnu-prijavu-protiv-vlade-djajica-nakon-objave-snimka-s-drogom\/\"},\"author\":{\"name\":\"Admin Tri\",\"@id\":\"https:\/\/tuzlainfo.ba\/#\/schema\/person\/593e78a2f6378c5ba3e7600ecfa4e63a\"},\"headline\":\"Stanivukovi\u0107 podnio krivi\u010dnu prijavu protiv Vlade \u0110aji\u0107a nakon objave snimka s drogom\",\"datePublished\":\"2025-11-20T12:24:52+00:00\",\"dateModified\":\"2025-11-20T12:24:52+00:00\",\"mainEntityOfPage\":{\"@id\":\"https:\/\/tuzlainfo.ba\/index.php\/bosna-i-hercegovina\/item\/286940-stanivukovic-podnio-krivicnu-prijavu-protiv-vlade-djajica-nakon-objave-snimka-s-drogom\/\"},\"wordCount\":359,\"publisher\":{\"@id\":\"https:\/\/tuzlainfo.ba\/#organization\"},\"image\":{\"@id\":\"https:\/\/tuzlainfo.ba\/index.php\/bosna-i-hercegovina\/item\/286940-stanivukovic-podnio-krivicnu-prijavu-protiv-vlade-djajica-nakon-objave-snimka-s-drogom\/#primaryimage\"},\"thumbnailUrl\":\"https:\/\/tuzlainfo.ba\/wp-content\/uploads\/2025\/01\/2801_opozicija_rs_stanivukovic.jpg\",\"keywords\":[\"dra\u0161ko stanivukovi\u0107\",\"vlado \u0111aji\u0107\"],\"articleSection\":[\"Bosna i Hercegovina\"],\"inLanguage\":\"bs-BA\"},{\"@type\":\"WebPage\",\"@id\":\"https:\/\/tuzlainfo.ba\/index.php\/bosna-i-hercegovina\/item\/286940-stanivukovic-podnio-krivicnu-prijavu-protiv-vlade-djajica-nakon-objave-snimka-s-drogom\/\",\"url\":\"https:\/\/tuzlainfo.ba\/index.php\/bosna-i-hercegovina\/item\/286940-stanivukovic-podnio-krivicnu-prijavu-protiv-vlade-djajica-nakon-objave-snimka-s-drogom\/\",\"name\":\"Stanivukovi\u0107 podnio krivi\u010dnu prijavu protiv Vlade \u0110aji\u0107a nakon objave snimka s drogom - TuzlaInfo.ba\",\"isPartOf\":{\"@id\":\"https:\/\/tuzlainfo.ba\/#website\"},\"primaryImageOfPage\":{\"@id\":\"https:\/\/tuzlainfo.ba\/index.php\/bosna-i-hercegovina\/item\/286940-stanivukovic-podnio-krivicnu-prijavu-protiv-vlade-djajica-nakon-objave-snimka-s-drogom\/#primaryimage\"},\"image\":{\"@id\":\"https:\/\/tuzlainfo.ba\/index.php\/bosna-i-hercegovina\/item\/286940-stanivukovic-podnio-krivicnu-prijavu-protiv-vlade-djajica-nakon-objave-snimka-s-drogom\/#primaryimage\"},\"thumbnailUrl\":\"https:\/\/tuzlainfo.ba\/wp-content\/uploads\/2025\/01\/2801_opozicija_rs_stanivukovic.jpg\",\"datePublished\":\"2025-11-20T12:24:52+00:00\",\"dateModified\":\"2025-11-20T12:24:52+00:00\",\"breadcrumb\":{\"@id\":\"https:\/\/tuzlainfo.ba\/index.php\/bosna-i-hercegovina\/item\/286940-stanivukovic-podnio-krivicnu-prijavu-protiv-vlade-djajica-nakon-objave-snimka-s-drogom\/#breadcrumb\"},\"inLanguage\":\"bs-BA\",\"potentialAction\":[{\"@type\":\"ReadAction\",\"target\":[\"https:\/\/tuzlainfo.ba\/index.php\/bosna-i-hercegovina\/item\/286940-stanivukovic-podnio-krivicnu-prijavu-protiv-vlade-djajica-nakon-objave-snimka-s-drogom\/\"]}]},{\"@type\":\"ImageObject\",\"inLanguage\":\"bs-BA\",\"@id\":\"https:\/\/tuzlainfo.ba\/index.php\/bosna-i-hercegovina\/item\/286940-stanivukovic-podnio-krivicnu-prijavu-protiv-vlade-djajica-nakon-objave-snimka-s-drogom\/#primaryimage\",\"url\":\"https:\/\/tuzlainfo.ba\/wp-content\/uploads\/2025\/01\/2801_opozicija_rs_stanivukovic.jpg\",\"contentUrl\":\"https:\/\/tuzlainfo.ba\/wp-content\/uploads\/2025\/01\/2801_opozicija_rs_stanivukovic.jpg\",\"width\":1000,\"height\":665},{\"@type\":\"BreadcrumbList\",\"@id\":\"https:\/\/tuzlainfo.ba\/index.php\/bosna-i-hercegovina\/item\/286940-stanivukovic-podnio-krivicnu-prijavu-protiv-vlade-djajica-nakon-objave-snimka-s-drogom\/#breadcrumb\",\"itemListElement\":[{\"@type\":\"ListItem\",\"position\":1,\"name\":\"Home\",\"item\":\"https:\/\/tuzlainfo.ba\/\"},{\"@type\":\"ListItem\",\"position\":2,\"name\":\"Stanivukovi\u0107 podnio krivi\u010dnu prijavu protiv Vlade \u0110aji\u0107a nakon objave snimka s drogom\"}]},{\"@type\":\"WebSite\",\"@id\":\"https:\/\/tuzlainfo.ba\/#website\",\"url\":\"https:\/\/tuzlainfo.ba\/\",\"name\":\"TuzlaInfo.ba\",\"description\":\"Tuzla info, gradski informator - Tuzla na dlanu\",\"publisher\":{\"@id\":\"https:\/\/tuzlainfo.ba\/#organization\"},\"potentialAction\":[{\"@type\":\"SearchAction\",\"target\":{\"@type\":\"EntryPoint\",\"urlTemplate\":\"https:\/\/tuzlainfo.ba\/?s={search_term_string}\"},\"query-input\":{\"@type\":\"PropertyValueSpecification\",\"valueRequired\":true,\"valueName\":\"search_term_string\"}}],\"inLanguage\":\"bs-BA\"},{\"@type\":\"Organization\",\"@id\":\"https:\/\/tuzlainfo.ba\/#organization\",\"name\":\"TuzlaInfo.ba\",\"url\":\"https:\/\/tuzlainfo.ba\/\",\"logo\":{\"@type\":\"ImageObject\",\"inLanguage\":\"bs-BA\",\"@id\":\"https:\/\/tuzlainfo.ba\/#\/schema\/logo\/image\/\",\"url\":\"https:\/\/tuzlainfo.ba\/wp-content\/uploads\/2021\/03\/logo-ver-3-1.png\",\"contentUrl\":\"https:\/\/tuzlainfo.ba\/wp-content\/uploads\/2021\/03\/logo-ver-3-1.png\",\"width\":350,\"height\":95,\"caption\":\"TuzlaInfo.ba\"},\"image\":{\"@id\":\"https:\/\/tuzlainfo.ba\/#\/schema\/logo\/image\/\"},\"sameAs\":[\"https:\/\/www.facebook.com\/tuzlainfo.ba\/\"]},{\"@type\":\"Person\",\"@id\":\"https:\/\/tuzlainfo.ba\/#\/schema\/person\/593e78a2f6378c5ba3e7600ecfa4e63a\",\"name\":\"Admin Tri\",\"image\":{\"@type\":\"ImageObject\",\"inLanguage\":\"bs-BA\",\"@id\":\"https:\/\/tuzlainfo.ba\/#\/schema\/person\/image\/\",\"url\":\"https:\/\/tuzlainfo.ba\/wp-content\/litespeed\/avatar\/b7920db4cc34a71ad12497283ad2fe3f.jpg?ver=1777100914\",\"contentUrl\":\"https:\/\/tuzlainfo.ba\/wp-content\/litespeed\/avatar\/b7920db4cc34a71ad12497283ad2fe3f.jpg?ver=1777100914\",\"caption\":\"Admin Tri\"},\"sameAs\":[\"https:\/\/tuzlainfo.ba\"]}]}<\/script>\n<!-- \/ Yoast SEO plugin. -->","yoast_head_json":{"title":"Stanivukovi\u0107 podnio krivi\u010dnu prijavu protiv Vlade \u0110aji\u0107a nakon objave snimka s drogom - TuzlaInfo.ba","robots":{"index":"index","follow":"follow","max-snippet":"max-snippet:-1","max-image-preview":"max-image-preview:large","max-video-preview":"max-video-preview:-1"},"canonical":"https:\/\/tuzlainfo.ba\/index.php\/bosna-i-hercegovina\/item\/286940-stanivukovic-podnio-krivicnu-prijavu-protiv-vlade-djajica-nakon-objave-snimka-s-drogom\/","og_locale":"bs_BA","og_type":"article","og_title":"Stanivukovi\u0107 podnio krivi\u010dnu prijavu protiv Vlade \u0110aji\u0107a nakon objave snimka s drogom - TuzlaInfo.ba","og_description":"Predsjednik Pokreta Sigurna Srpska i gradona\u010delnik Banje Luke Dra\u0161ko Stanivukovi\u0107 predao je danas Okru\u017enom tu\u017eila\u0161tvu&hellip;","og_url":"https:\/\/tuzlainfo.ba\/index.php\/bosna-i-hercegovina\/item\/286940-stanivukovic-podnio-krivicnu-prijavu-protiv-vlade-djajica-nakon-objave-snimka-s-drogom\/","og_site_name":"TuzlaInfo.ba","article_publisher":"https:\/\/www.facebook.com\/tuzlainfo.ba\/","article_published_time":"2025-11-20T12:24:52+00:00","og_image":[{"width":1000,"height":665,"url":"https:\/\/tuzlainfo.ba\/wp-content\/uploads\/2025\/01\/2801_opozicija_rs_stanivukovic.jpg","type":"image\/jpeg"}],"author":"Admin Tri","twitter_card":"summary_large_image","twitter_misc":{"Written by":"Admin Tri","Est. reading time":"2 minute"},"schema":{"@context":"https:\/\/schema.org","@graph":[{"@type":"Article","@id":"https:\/\/tuzlainfo.ba\/index.php\/bosna-i-hercegovina\/item\/286940-stanivukovic-podnio-krivicnu-prijavu-protiv-vlade-djajica-nakon-objave-snimka-s-drogom\/#article","isPartOf":{"@id":"https:\/\/tuzlainfo.ba\/index.php\/bosna-i-hercegovina\/item\/286940-stanivukovic-podnio-krivicnu-prijavu-protiv-vlade-djajica-nakon-objave-snimka-s-drogom\/"},"author":{"name":"Admin Tri","@id":"https:\/\/tuzlainfo.ba\/#\/schema\/person\/593e78a2f6378c5ba3e7600ecfa4e63a"},"headline":"Stanivukovi\u0107 podnio krivi\u010dnu prijavu protiv Vlade \u0110aji\u0107a nakon objave snimka s drogom","datePublished":"2025-11-20T12:24:52+00:00","dateModified":"2025-11-20T12:24:52+00:00","mainEntityOfPage":{"@id":"https:\/\/tuzlainfo.ba\/index.php\/bosna-i-hercegovina\/item\/286940-stanivukovic-podnio-krivicnu-prijavu-protiv-vlade-djajica-nakon-objave-snimka-s-drogom\/"},"wordCount":359,"publisher":{"@id":"https:\/\/tuzlainfo.ba\/#organization"},"image":{"@id":"https:\/\/tuzlainfo.ba\/index.php\/bosna-i-hercegovina\/item\/286940-stanivukovic-podnio-krivicnu-prijavu-protiv-vlade-djajica-nakon-objave-snimka-s-drogom\/#primaryimage"},"thumbnailUrl":"https:\/\/tuzlainfo.ba\/wp-content\/uploads\/2025\/01\/2801_opozicija_rs_stanivukovic.jpg","keywords":["dra\u0161ko stanivukovi\u0107","vlado \u0111aji\u0107"],"articleSection":["Bosna i Hercegovina"],"inLanguage":"bs-BA"},{"@type":"WebPage","@id":"https:\/\/tuzlainfo.ba\/index.php\/bosna-i-hercegovina\/item\/286940-stanivukovic-podnio-krivicnu-prijavu-protiv-vlade-djajica-nakon-objave-snimka-s-drogom\/","url":"https:\/\/tuzlainfo.ba\/index.php\/bosna-i-hercegovina\/item\/286940-stanivukovic-podnio-krivicnu-prijavu-protiv-vlade-djajica-nakon-objave-snimka-s-drogom\/","name":"Stanivukovi\u0107 podnio krivi\u010dnu prijavu protiv Vlade \u0110aji\u0107a nakon objave snimka s drogom - TuzlaInfo.ba","isPartOf":{"@id":"https:\/\/tuzlainfo.ba\/#website"},"primaryImageOfPage":{"@id":"https:\/\/tuzlainfo.ba\/index.php\/bosna-i-hercegovina\/item\/286940-stanivukovic-podnio-krivicnu-prijavu-protiv-vlade-djajica-nakon-objave-snimka-s-drogom\/#primaryimage"},"image":{"@id":"https:\/\/tuzlainfo.ba\/index.php\/bosna-i-hercegovina\/item\/286940-stanivukovic-podnio-krivicnu-prijavu-protiv-vlade-djajica-nakon-objave-snimka-s-drogom\/#primaryimage"},"thumbnailUrl":"https:\/\/tuzlainfo.ba\/wp-content\/uploads\/2025\/01\/2801_opozicija_rs_stanivukovic.jpg","datePublished":"2025-11-20T12:24:52+00:00","dateModified":"2025-11-20T12:24:52+00:00","breadcrumb":{"@id":"https:\/\/tuzlainfo.ba\/index.php\/bosna-i-hercegovina\/item\/286940-stanivukovic-podnio-krivicnu-prijavu-protiv-vlade-djajica-nakon-objave-snimka-s-drogom\/#breadcrumb"},"inLanguage":"bs-BA","potentialAction":[{"@type":"ReadAction","target":["https:\/\/tuzlainfo.ba\/index.php\/bosna-i-hercegovina\/item\/286940-stanivukovic-podnio-krivicnu-prijavu-protiv-vlade-djajica-nakon-objave-snimka-s-drogom\/"]}]},{"@type":"ImageObject","inLanguage":"bs-BA","@id":"https:\/\/tuzlainfo.ba\/index.php\/bosna-i-hercegovina\/item\/286940-stanivukovic-podnio-krivicnu-prijavu-protiv-vlade-djajica-nakon-objave-snimka-s-drogom\/#primaryimage","url":"https:\/\/tuzlainfo.ba\/wp-content\/uploads\/2025\/01\/2801_opozicija_rs_stanivukovic.jpg","contentUrl":"https:\/\/tuzlainfo.ba\/wp-content\/uploads\/2025\/01\/2801_opozicija_rs_stanivukovic.jpg","width":1000,"height":665},{"@type":"BreadcrumbList","@id":"https:\/\/tuzlainfo.ba\/index.php\/bosna-i-hercegovina\/item\/286940-stanivukovic-podnio-krivicnu-prijavu-protiv-vlade-djajica-nakon-objave-snimka-s-drogom\/#breadcrumb","itemListElement":[{"@type":"ListItem","position":1,"name":"Home","item":"https:\/\/tuzlainfo.ba\/"},{"@type":"ListItem","position":2,"name":"Stanivukovi\u0107 podnio krivi\u010dnu prijavu protiv Vlade \u0110aji\u0107a nakon objave snimka s drogom"}]},{"@type":"WebSite","@id":"https:\/\/tuzlainfo.ba\/#website","url":"https:\/\/tuzlainfo.ba\/","name":"TuzlaInfo.ba","description":"Tuzla info, gradski informator - Tuzla na dlanu","publisher":{"@id":"https:\/\/tuzlainfo.ba\/#organization"},"potentialAction":[{"@type":"SearchAction","target":{"@type":"EntryPoint","urlTemplate":"https:\/\/tuzlainfo.ba\/?s={search_term_string}"},"query-input":{"@type":"PropertyValueSpecification","valueRequired":true,"valueName":"search_term_string"}}],"inLanguage":"bs-BA"},{"@type":"Organization","@id":"https:\/\/tuzlainfo.ba\/#organization","name":"TuzlaInfo.ba","url":"https:\/\/tuzlainfo.ba\/","logo":{"@type":"ImageObject","inLanguage":"bs-BA","@id":"https:\/\/tuzlainfo.ba\/#\/schema\/logo\/image\/","url":"https:\/\/tuzlainfo.ba\/wp-content\/uploads\/2021\/03\/logo-ver-3-1.png","contentUrl":"https:\/\/tuzlainfo.ba\/wp-content\/uploads\/2021\/03\/logo-ver-3-1.png","width":350,"height":95,"caption":"TuzlaInfo.ba"},"image":{"@id":"https:\/\/tuzlainfo.ba\/#\/schema\/logo\/image\/"},"sameAs":["https:\/\/www.facebook.com\/tuzlainfo.ba\/"]},{"@type":"Person","@id":"https:\/\/tuzlainfo.ba\/#\/schema\/person\/593e78a2f6378c5ba3e7600ecfa4e63a","name":"Admin Tri","image":{"@type":"ImageObject","inLanguage":"bs-BA","@id":"https:\/\/tuzlainfo.ba\/#\/schema\/person\/image\/","url":"https:\/\/tuzlainfo.ba\/wp-content\/litespeed\/avatar\/b7920db4cc34a71ad12497283ad2fe3f.jpg?ver=1777100914","contentUrl":"https:\/\/tuzlainfo.ba\/wp-content\/litespeed\/avatar\/b7920db4cc34a71ad12497283ad2fe3f.jpg?ver=1777100914","caption":"Admin Tri"},"sameAs":["https:\/\/tuzlainfo.ba"]}]}},"_links":{"self":[{"href":"https:\/\/tuzlainfo.ba\/index.php\/wp-json\/wp\/v2\/posts\/286940"}],"collection":[{"href":"https:\/\/tuzlainfo.ba\/index.php\/wp-json\/wp\/v2\/posts"}],"about":[{"href":"https:\/\/tuzlainfo.ba\/index.php\/wp-json\/wp\/v2\/types\/post"}],"author":[{"embeddable":true,"href":"https:\/\/tuzlainfo.ba\/index.php\/wp-json\/wp\/v2\/users\/8"}],"replies":[{"embeddable":true,"href":"https:\/\/tuzlainfo.ba\/index.php\/wp-json\/wp\/v2\/comments?post=286940"}],"version-history":[{"count":1,"href":"https:\/\/tuzlainfo.ba\/index.php\/wp-json\/wp\/v2\/posts\/286940\/revisions"}],"predecessor-version":[{"id":286941,"href":"https:\/\/tuzlainfo.ba\/index.php\/wp-json\/wp\/v2\/posts\/286940\/revisions\/286941"}],"wp:featuredmedia":[{"embeddable":true,"href":"https:\/\/tuzlainfo.ba\/index.php\/wp-json\/wp\/v2\/media\/261487"}],"wp:attachment":[{"href":"https:\/\/tuzlainfo.ba\/index.php\/wp-json\/wp\/v2\/media?parent=286940"}],"wp:term":[{"taxonomy":"category","embeddable":true,"href":"https:\/\/tuzlainfo.ba\/index.php\/wp-json\/wp\/v2\/categories?post=286940"},{"taxonomy":"post_tag","embeddable":true,"href":"https:\/\/tuzlainfo.ba\/index.php\/wp-json\/wp\/v2\/tags?post=286940"}],"curies":[{"name":"wp","href":"https:\/\/api.w.org\/{rel}","templated":true}]}}