{"id":286839,"date":"2025-11-19T11:48:04","date_gmt":"2025-11-19T10:48:04","guid":{"rendered":"https:\/\/tuzlainfo.ba\/?p=286839"},"modified":"2025-11-19T11:48:04","modified_gmt":"2025-11-19T10:48:04","slug":"na-snimku-koji-kruzi-mrezama-se-vidi-direktor-ukc-a-djajic-uz-kesu-s-drogom","status":"publish","type":"post","link":"https:\/\/tuzlainfo.ba\/index.php\/bosna-i-hercegovina\/item\/286839-na-snimku-koji-kruzi-mrezama-se-vidi-direktor-ukc-a-djajic-uz-kesu-s-drogom\/","title":{"rendered":"Na snimku koji kru\u017ei mre\u017eama se vidi direktor UKC-a \u0110aji\u0107 uz kesu s drogom"},"content":{"rendered":"<p>Snimak na kojem se navodno pojavljuje direktor UKC-a RS i predsjednik banjalu\u010dkog SNSD-a Vlado \u0110aji\u0107 od jutros se ubrzano \u0161iri dru\u0161tvenim mre\u017eama i regionalnim medijima, a me\u0111u prvima ga je objavio gradona\u010delnik Banje Luke Dra\u0161ko Stanivukovi\u0107. Video je izazvao veliku pa\u017enju javnosti, iako njegova autenti\u010dnost u ovom trenutku nije potvr\u0111ena.<\/p>\n<p>Na snimku se vidi \u0110aji\u0107u sli\u010dna osoba u dru\u0161tvu drugog mu\u0161karca koji ispred njega postavlja kesu s bijelom pra\u0161kastom materijom, nakon \u010dega slijedi razgovor u kojem se spominju iznosi od 30.000 i 40.000 eura, \u201cinterventna policija\u201d i izraz \u201cmala\u201d, dok dvojica govore o, kako se sugeri\u0161e, nekom poslu. Sadr\u017eaj videa trenutno je predmet brojnih reakcija, ali i spekulacija, s obzirom na to da nisu utvr\u0111ene ni okolnosti ni vrijeme nastanka snimka.<\/p>\n<p><iframe style=\"border: none; overflow: hidden;\" src=\"https:\/\/www.facebook.com\/plugins\/video.php?height=318&amp;href=https%3A%2F%2Fwww.facebook.com%2Freel%2F25201987692769044%2F&amp;show_text=false&amp;width=560&amp;t=0\" width=\"560\" height=\"318\" frameborder=\"0\" scrolling=\"no\" allowfullscreen=\"allowfullscreen\"><\/iframe><\/p>\n<p>S obzirom na funkciju koju \u0110aji\u0107 obavlja u najve\u0107oj zdravstvenoj ustanovi u Republici Srpskoj, objava videa izazvala je \u0161iroke reakcije i podijeljena mi\u0161ljenja u javnosti. Do ovog trenutka zvani\u010dnih reakcija, potvrda ili demantija iz institucija nema, a vjerovatno se o\u010dekuje da \u0107e nadle\u017eni organi razmotriti daljnje korake tek nakon \u0161to se utvrdi vjerodostojnost snimka i okolnosti pod kojima je nastao.<\/p>\n","protected":false},"excerpt":{"rendered":"<p>Snimak na kojem se navodno pojavljuje direktor UKC-a RS i predsjednik banjalu\u010dkog SNSD-a Vlado \u0110aji\u0107&hellip;<\/p>\n","protected":false},"author":8,"featured_media":286840,"comment_status":"closed","ping_status":"closed","sticky":false,"template":"","format":"standard","meta":{"_acf_changed":false,"footnotes":""},"categories":[291],"tags":[4031,13033],"acf":[],"yoast_head":"<!-- This site is optimized with the Yoast SEO plugin v23.5 - https:\/\/yoast.com\/wordpress\/plugins\/seo\/ -->\n<title>Na snimku koji kru\u017ei mre\u017eama se vidi direktor UKC-a \u0110aji\u0107 uz kesu s drogom - TuzlaInfo.ba<\/title>\n<meta name=\"robots\" content=\"index, follow, max-snippet:-1, max-image-preview:large, max-video-preview:-1\" \/>\n<link rel=\"canonical\" href=\"https:\/\/tuzlainfo.ba\/index.php\/bosna-i-hercegovina\/item\/286839-na-snimku-koji-kruzi-mrezama-se-vidi-direktor-ukc-a-djajic-uz-kesu-s-drogom\/\" \/>\n<meta property=\"og:locale\" content=\"bs_BA\" \/>\n<meta property=\"og:type\" content=\"article\" \/>\n<meta property=\"og:title\" content=\"Na snimku koji kru\u017ei mre\u017eama se vidi direktor UKC-a \u0110aji\u0107 uz kesu s drogom - TuzlaInfo.ba\" \/>\n<meta property=\"og:description\" content=\"Snimak na kojem se navodno pojavljuje direktor UKC-a RS i predsjednik banjalu\u010dkog SNSD-a Vlado \u0110aji\u0107&hellip;\" \/>\n<meta property=\"og:url\" content=\"https:\/\/tuzlainfo.ba\/index.php\/bosna-i-hercegovina\/item\/286839-na-snimku-koji-kruzi-mrezama-se-vidi-direktor-ukc-a-djajic-uz-kesu-s-drogom\/\" \/>\n<meta property=\"og:site_name\" content=\"TuzlaInfo.ba\" \/>\n<meta property=\"article:publisher\" content=\"https:\/\/www.facebook.com\/tuzlainfo.ba\/\" \/>\n<meta property=\"article:published_time\" content=\"2025-11-19T10:48:04+00:00\" \/>\n<meta property=\"og:image\" content=\"https:\/\/tuzlainfo.ba\/wp-content\/uploads\/2025\/11\/Screenshot-2025-11-19-114016.png\" \/>\n\t<meta property=\"og:image:width\" content=\"1349\" \/>\n\t<meta property=\"og:image:height\" content=\"781\" \/>\n\t<meta property=\"og:image:type\" content=\"image\/png\" \/>\n<meta name=\"author\" content=\"Admin Tri\" \/>\n<meta name=\"twitter:card\" content=\"summary_large_image\" \/>\n<meta name=\"twitter:label1\" content=\"Written by\" \/>\n\t<meta name=\"twitter:data1\" content=\"Admin Tri\" \/>\n\t<meta name=\"twitter:label2\" content=\"Est. reading time\" \/>\n\t<meta name=\"twitter:data2\" content=\"2 minute\" \/>\n<script type=\"application\/ld+json\" class=\"yoast-schema-graph\">{\"@context\":\"https:\/\/schema.org\",\"@graph\":[{\"@type\":\"Article\",\"@id\":\"https:\/\/tuzlainfo.ba\/index.php\/bosna-i-hercegovina\/item\/286839-na-snimku-koji-kruzi-mrezama-se-vidi-direktor-ukc-a-djajic-uz-kesu-s-drogom\/#article\",\"isPartOf\":{\"@id\":\"https:\/\/tuzlainfo.ba\/index.php\/bosna-i-hercegovina\/item\/286839-na-snimku-koji-kruzi-mrezama-se-vidi-direktor-ukc-a-djajic-uz-kesu-s-drogom\/\"},\"author\":{\"name\":\"Admin Tri\",\"@id\":\"https:\/\/tuzlainfo.ba\/#\/schema\/person\/593e78a2f6378c5ba3e7600ecfa4e63a\"},\"headline\":\"Na snimku koji kru\u017ei mre\u017eama se vidi direktor UKC-a \u0110aji\u0107 uz kesu s drogom\",\"datePublished\":\"2025-11-19T10:48:04+00:00\",\"dateModified\":\"2025-11-19T10:48:04+00:00\",\"mainEntityOfPage\":{\"@id\":\"https:\/\/tuzlainfo.ba\/index.php\/bosna-i-hercegovina\/item\/286839-na-snimku-koji-kruzi-mrezama-se-vidi-direktor-ukc-a-djajic-uz-kesu-s-drogom\/\"},\"wordCount\":217,\"publisher\":{\"@id\":\"https:\/\/tuzlainfo.ba\/#organization\"},\"image\":{\"@id\":\"https:\/\/tuzlainfo.ba\/index.php\/bosna-i-hercegovina\/item\/286839-na-snimku-koji-kruzi-mrezama-se-vidi-direktor-ukc-a-djajic-uz-kesu-s-drogom\/#primaryimage\"},\"thumbnailUrl\":\"https:\/\/tuzlainfo.ba\/wp-content\/uploads\/2025\/11\/Screenshot-2025-11-19-114016.png\",\"keywords\":[\"Ukc\",\"vlado \u0111aji\u0107\"],\"articleSection\":[\"Bosna i Hercegovina\"],\"inLanguage\":\"bs-BA\"},{\"@type\":\"WebPage\",\"@id\":\"https:\/\/tuzlainfo.ba\/index.php\/bosna-i-hercegovina\/item\/286839-na-snimku-koji-kruzi-mrezama-se-vidi-direktor-ukc-a-djajic-uz-kesu-s-drogom\/\",\"url\":\"https:\/\/tuzlainfo.ba\/index.php\/bosna-i-hercegovina\/item\/286839-na-snimku-koji-kruzi-mrezama-se-vidi-direktor-ukc-a-djajic-uz-kesu-s-drogom\/\",\"name\":\"Na snimku koji kru\u017ei mre\u017eama se vidi direktor UKC-a \u0110aji\u0107 uz kesu s drogom - TuzlaInfo.ba\",\"isPartOf\":{\"@id\":\"https:\/\/tuzlainfo.ba\/#website\"},\"primaryImageOfPage\":{\"@id\":\"https:\/\/tuzlainfo.ba\/index.php\/bosna-i-hercegovina\/item\/286839-na-snimku-koji-kruzi-mrezama-se-vidi-direktor-ukc-a-djajic-uz-kesu-s-drogom\/#primaryimage\"},\"image\":{\"@id\":\"https:\/\/tuzlainfo.ba\/index.php\/bosna-i-hercegovina\/item\/286839-na-snimku-koji-kruzi-mrezama-se-vidi-direktor-ukc-a-djajic-uz-kesu-s-drogom\/#primaryimage\"},\"thumbnailUrl\":\"https:\/\/tuzlainfo.ba\/wp-content\/uploads\/2025\/11\/Screenshot-2025-11-19-114016.png\",\"datePublished\":\"2025-11-19T10:48:04+00:00\",\"dateModified\":\"2025-11-19T10:48:04+00:00\",\"breadcrumb\":{\"@id\":\"https:\/\/tuzlainfo.ba\/index.php\/bosna-i-hercegovina\/item\/286839-na-snimku-koji-kruzi-mrezama-se-vidi-direktor-ukc-a-djajic-uz-kesu-s-drogom\/#breadcrumb\"},\"inLanguage\":\"bs-BA\",\"potentialAction\":[{\"@type\":\"ReadAction\",\"target\":[\"https:\/\/tuzlainfo.ba\/index.php\/bosna-i-hercegovina\/item\/286839-na-snimku-koji-kruzi-mrezama-se-vidi-direktor-ukc-a-djajic-uz-kesu-s-drogom\/\"]}]},{\"@type\":\"ImageObject\",\"inLanguage\":\"bs-BA\",\"@id\":\"https:\/\/tuzlainfo.ba\/index.php\/bosna-i-hercegovina\/item\/286839-na-snimku-koji-kruzi-mrezama-se-vidi-direktor-ukc-a-djajic-uz-kesu-s-drogom\/#primaryimage\",\"url\":\"https:\/\/tuzlainfo.ba\/wp-content\/uploads\/2025\/11\/Screenshot-2025-11-19-114016.png\",\"contentUrl\":\"https:\/\/tuzlainfo.ba\/wp-content\/uploads\/2025\/11\/Screenshot-2025-11-19-114016.png\",\"width\":1349,\"height\":781},{\"@type\":\"BreadcrumbList\",\"@id\":\"https:\/\/tuzlainfo.ba\/index.php\/bosna-i-hercegovina\/item\/286839-na-snimku-koji-kruzi-mrezama-se-vidi-direktor-ukc-a-djajic-uz-kesu-s-drogom\/#breadcrumb\",\"itemListElement\":[{\"@type\":\"ListItem\",\"position\":1,\"name\":\"Home\",\"item\":\"https:\/\/tuzlainfo.ba\/\"},{\"@type\":\"ListItem\",\"position\":2,\"name\":\"Na snimku koji kru\u017ei mre\u017eama se vidi direktor UKC-a \u0110aji\u0107 uz kesu s drogom\"}]},{\"@type\":\"WebSite\",\"@id\":\"https:\/\/tuzlainfo.ba\/#website\",\"url\":\"https:\/\/tuzlainfo.ba\/\",\"name\":\"TuzlaInfo.ba\",\"description\":\"Tuzla info, gradski informator - Tuzla na dlanu\",\"publisher\":{\"@id\":\"https:\/\/tuzlainfo.ba\/#organization\"},\"potentialAction\":[{\"@type\":\"SearchAction\",\"target\":{\"@type\":\"EntryPoint\",\"urlTemplate\":\"https:\/\/tuzlainfo.ba\/?s={search_term_string}\"},\"query-input\":{\"@type\":\"PropertyValueSpecification\",\"valueRequired\":true,\"valueName\":\"search_term_string\"}}],\"inLanguage\":\"bs-BA\"},{\"@type\":\"Organization\",\"@id\":\"https:\/\/tuzlainfo.ba\/#organization\",\"name\":\"TuzlaInfo.ba\",\"url\":\"https:\/\/tuzlainfo.ba\/\",\"logo\":{\"@type\":\"ImageObject\",\"inLanguage\":\"bs-BA\",\"@id\":\"https:\/\/tuzlainfo.ba\/#\/schema\/logo\/image\/\",\"url\":\"https:\/\/tuzlainfo.ba\/wp-content\/uploads\/2021\/03\/logo-ver-3-1.png\",\"contentUrl\":\"https:\/\/tuzlainfo.ba\/wp-content\/uploads\/2021\/03\/logo-ver-3-1.png\",\"width\":350,\"height\":95,\"caption\":\"TuzlaInfo.ba\"},\"image\":{\"@id\":\"https:\/\/tuzlainfo.ba\/#\/schema\/logo\/image\/\"},\"sameAs\":[\"https:\/\/www.facebook.com\/tuzlainfo.ba\/\"]},{\"@type\":\"Person\",\"@id\":\"https:\/\/tuzlainfo.ba\/#\/schema\/person\/593e78a2f6378c5ba3e7600ecfa4e63a\",\"name\":\"Admin Tri\",\"image\":{\"@type\":\"ImageObject\",\"inLanguage\":\"bs-BA\",\"@id\":\"https:\/\/tuzlainfo.ba\/#\/schema\/person\/image\/\",\"url\":\"https:\/\/tuzlainfo.ba\/wp-content\/litespeed\/avatar\/b7920db4cc34a71ad12497283ad2fe3f.jpg?ver=1777100914\",\"contentUrl\":\"https:\/\/tuzlainfo.ba\/wp-content\/litespeed\/avatar\/b7920db4cc34a71ad12497283ad2fe3f.jpg?ver=1777100914\",\"caption\":\"Admin Tri\"},\"sameAs\":[\"https:\/\/tuzlainfo.ba\"]}]}<\/script>\n<!-- \/ Yoast SEO plugin. -->","yoast_head_json":{"title":"Na snimku koji kru\u017ei mre\u017eama se vidi direktor UKC-a \u0110aji\u0107 uz kesu s drogom - TuzlaInfo.ba","robots":{"index":"index","follow":"follow","max-snippet":"max-snippet:-1","max-image-preview":"max-image-preview:large","max-video-preview":"max-video-preview:-1"},"canonical":"https:\/\/tuzlainfo.ba\/index.php\/bosna-i-hercegovina\/item\/286839-na-snimku-koji-kruzi-mrezama-se-vidi-direktor-ukc-a-djajic-uz-kesu-s-drogom\/","og_locale":"bs_BA","og_type":"article","og_title":"Na snimku koji kru\u017ei mre\u017eama se vidi direktor UKC-a \u0110aji\u0107 uz kesu s drogom - TuzlaInfo.ba","og_description":"Snimak na kojem se navodno pojavljuje direktor UKC-a RS i predsjednik banjalu\u010dkog SNSD-a Vlado \u0110aji\u0107&hellip;","og_url":"https:\/\/tuzlainfo.ba\/index.php\/bosna-i-hercegovina\/item\/286839-na-snimku-koji-kruzi-mrezama-se-vidi-direktor-ukc-a-djajic-uz-kesu-s-drogom\/","og_site_name":"TuzlaInfo.ba","article_publisher":"https:\/\/www.facebook.com\/tuzlainfo.ba\/","article_published_time":"2025-11-19T10:48:04+00:00","og_image":[{"width":1349,"height":781,"url":"https:\/\/tuzlainfo.ba\/wp-content\/uploads\/2025\/11\/Screenshot-2025-11-19-114016.png","type":"image\/png"}],"author":"Admin Tri","twitter_card":"summary_large_image","twitter_misc":{"Written by":"Admin Tri","Est. reading time":"2 minute"},"schema":{"@context":"https:\/\/schema.org","@graph":[{"@type":"Article","@id":"https:\/\/tuzlainfo.ba\/index.php\/bosna-i-hercegovina\/item\/286839-na-snimku-koji-kruzi-mrezama-se-vidi-direktor-ukc-a-djajic-uz-kesu-s-drogom\/#article","isPartOf":{"@id":"https:\/\/tuzlainfo.ba\/index.php\/bosna-i-hercegovina\/item\/286839-na-snimku-koji-kruzi-mrezama-se-vidi-direktor-ukc-a-djajic-uz-kesu-s-drogom\/"},"author":{"name":"Admin Tri","@id":"https:\/\/tuzlainfo.ba\/#\/schema\/person\/593e78a2f6378c5ba3e7600ecfa4e63a"},"headline":"Na snimku koji kru\u017ei mre\u017eama se vidi direktor UKC-a \u0110aji\u0107 uz kesu s drogom","datePublished":"2025-11-19T10:48:04+00:00","dateModified":"2025-11-19T10:48:04+00:00","mainEntityOfPage":{"@id":"https:\/\/tuzlainfo.ba\/index.php\/bosna-i-hercegovina\/item\/286839-na-snimku-koji-kruzi-mrezama-se-vidi-direktor-ukc-a-djajic-uz-kesu-s-drogom\/"},"wordCount":217,"publisher":{"@id":"https:\/\/tuzlainfo.ba\/#organization"},"image":{"@id":"https:\/\/tuzlainfo.ba\/index.php\/bosna-i-hercegovina\/item\/286839-na-snimku-koji-kruzi-mrezama-se-vidi-direktor-ukc-a-djajic-uz-kesu-s-drogom\/#primaryimage"},"thumbnailUrl":"https:\/\/tuzlainfo.ba\/wp-content\/uploads\/2025\/11\/Screenshot-2025-11-19-114016.png","keywords":["Ukc","vlado \u0111aji\u0107"],"articleSection":["Bosna i Hercegovina"],"inLanguage":"bs-BA"},{"@type":"WebPage","@id":"https:\/\/tuzlainfo.ba\/index.php\/bosna-i-hercegovina\/item\/286839-na-snimku-koji-kruzi-mrezama-se-vidi-direktor-ukc-a-djajic-uz-kesu-s-drogom\/","url":"https:\/\/tuzlainfo.ba\/index.php\/bosna-i-hercegovina\/item\/286839-na-snimku-koji-kruzi-mrezama-se-vidi-direktor-ukc-a-djajic-uz-kesu-s-drogom\/","name":"Na snimku koji kru\u017ei mre\u017eama se vidi direktor UKC-a \u0110aji\u0107 uz kesu s drogom - TuzlaInfo.ba","isPartOf":{"@id":"https:\/\/tuzlainfo.ba\/#website"},"primaryImageOfPage":{"@id":"https:\/\/tuzlainfo.ba\/index.php\/bosna-i-hercegovina\/item\/286839-na-snimku-koji-kruzi-mrezama-se-vidi-direktor-ukc-a-djajic-uz-kesu-s-drogom\/#primaryimage"},"image":{"@id":"https:\/\/tuzlainfo.ba\/index.php\/bosna-i-hercegovina\/item\/286839-na-snimku-koji-kruzi-mrezama-se-vidi-direktor-ukc-a-djajic-uz-kesu-s-drogom\/#primaryimage"},"thumbnailUrl":"https:\/\/tuzlainfo.ba\/wp-content\/uploads\/2025\/11\/Screenshot-2025-11-19-114016.png","datePublished":"2025-11-19T10:48:04+00:00","dateModified":"2025-11-19T10:48:04+00:00","breadcrumb":{"@id":"https:\/\/tuzlainfo.ba\/index.php\/bosna-i-hercegovina\/item\/286839-na-snimku-koji-kruzi-mrezama-se-vidi-direktor-ukc-a-djajic-uz-kesu-s-drogom\/#breadcrumb"},"inLanguage":"bs-BA","potentialAction":[{"@type":"ReadAction","target":["https:\/\/tuzlainfo.ba\/index.php\/bosna-i-hercegovina\/item\/286839-na-snimku-koji-kruzi-mrezama-se-vidi-direktor-ukc-a-djajic-uz-kesu-s-drogom\/"]}]},{"@type":"ImageObject","inLanguage":"bs-BA","@id":"https:\/\/tuzlainfo.ba\/index.php\/bosna-i-hercegovina\/item\/286839-na-snimku-koji-kruzi-mrezama-se-vidi-direktor-ukc-a-djajic-uz-kesu-s-drogom\/#primaryimage","url":"https:\/\/tuzlainfo.ba\/wp-content\/uploads\/2025\/11\/Screenshot-2025-11-19-114016.png","contentUrl":"https:\/\/tuzlainfo.ba\/wp-content\/uploads\/2025\/11\/Screenshot-2025-11-19-114016.png","width":1349,"height":781},{"@type":"BreadcrumbList","@id":"https:\/\/tuzlainfo.ba\/index.php\/bosna-i-hercegovina\/item\/286839-na-snimku-koji-kruzi-mrezama-se-vidi-direktor-ukc-a-djajic-uz-kesu-s-drogom\/#breadcrumb","itemListElement":[{"@type":"ListItem","position":1,"name":"Home","item":"https:\/\/tuzlainfo.ba\/"},{"@type":"ListItem","position":2,"name":"Na snimku koji kru\u017ei mre\u017eama se vidi direktor UKC-a \u0110aji\u0107 uz kesu s drogom"}]},{"@type":"WebSite","@id":"https:\/\/tuzlainfo.ba\/#website","url":"https:\/\/tuzlainfo.ba\/","name":"TuzlaInfo.ba","description":"Tuzla info, gradski informator - Tuzla na dlanu","publisher":{"@id":"https:\/\/tuzlainfo.ba\/#organization"},"potentialAction":[{"@type":"SearchAction","target":{"@type":"EntryPoint","urlTemplate":"https:\/\/tuzlainfo.ba\/?s={search_term_string}"},"query-input":{"@type":"PropertyValueSpecification","valueRequired":true,"valueName":"search_term_string"}}],"inLanguage":"bs-BA"},{"@type":"Organization","@id":"https:\/\/tuzlainfo.ba\/#organization","name":"TuzlaInfo.ba","url":"https:\/\/tuzlainfo.ba\/","logo":{"@type":"ImageObject","inLanguage":"bs-BA","@id":"https:\/\/tuzlainfo.ba\/#\/schema\/logo\/image\/","url":"https:\/\/tuzlainfo.ba\/wp-content\/uploads\/2021\/03\/logo-ver-3-1.png","contentUrl":"https:\/\/tuzlainfo.ba\/wp-content\/uploads\/2021\/03\/logo-ver-3-1.png","width":350,"height":95,"caption":"TuzlaInfo.ba"},"image":{"@id":"https:\/\/tuzlainfo.ba\/#\/schema\/logo\/image\/"},"sameAs":["https:\/\/www.facebook.com\/tuzlainfo.ba\/"]},{"@type":"Person","@id":"https:\/\/tuzlainfo.ba\/#\/schema\/person\/593e78a2f6378c5ba3e7600ecfa4e63a","name":"Admin Tri","image":{"@type":"ImageObject","inLanguage":"bs-BA","@id":"https:\/\/tuzlainfo.ba\/#\/schema\/person\/image\/","url":"https:\/\/tuzlainfo.ba\/wp-content\/litespeed\/avatar\/b7920db4cc34a71ad12497283ad2fe3f.jpg?ver=1777100914","contentUrl":"https:\/\/tuzlainfo.ba\/wp-content\/litespeed\/avatar\/b7920db4cc34a71ad12497283ad2fe3f.jpg?ver=1777100914","caption":"Admin Tri"},"sameAs":["https:\/\/tuzlainfo.ba"]}]}},"_links":{"self":[{"href":"https:\/\/tuzlainfo.ba\/index.php\/wp-json\/wp\/v2\/posts\/286839"}],"collection":[{"href":"https:\/\/tuzlainfo.ba\/index.php\/wp-json\/wp\/v2\/posts"}],"about":[{"href":"https:\/\/tuzlainfo.ba\/index.php\/wp-json\/wp\/v2\/types\/post"}],"author":[{"embeddable":true,"href":"https:\/\/tuzlainfo.ba\/index.php\/wp-json\/wp\/v2\/users\/8"}],"replies":[{"embeddable":true,"href":"https:\/\/tuzlainfo.ba\/index.php\/wp-json\/wp\/v2\/comments?post=286839"}],"version-history":[{"count":1,"href":"https:\/\/tuzlainfo.ba\/index.php\/wp-json\/wp\/v2\/posts\/286839\/revisions"}],"predecessor-version":[{"id":286841,"href":"https:\/\/tuzlainfo.ba\/index.php\/wp-json\/wp\/v2\/posts\/286839\/revisions\/286841"}],"wp:featuredmedia":[{"embeddable":true,"href":"https:\/\/tuzlainfo.ba\/index.php\/wp-json\/wp\/v2\/media\/286840"}],"wp:attachment":[{"href":"https:\/\/tuzlainfo.ba\/index.php\/wp-json\/wp\/v2\/media?parent=286839"}],"wp:term":[{"taxonomy":"category","embeddable":true,"href":"https:\/\/tuzlainfo.ba\/index.php\/wp-json\/wp\/v2\/categories?post=286839"},{"taxonomy":"post_tag","embeddable":true,"href":"https:\/\/tuzlainfo.ba\/index.php\/wp-json\/wp\/v2\/tags?post=286839"}],"curies":[{"name":"wp","href":"https:\/\/api.w.org\/{rel}","templated":true}]}}