{"id":286835,"date":"2025-11-20T08:22:03","date_gmt":"2025-11-20T07:22:03","guid":{"rendered":"https:\/\/tuzlainfo.ba\/?p=286835"},"modified":"2025-11-19T10:25:53","modified_gmt":"2025-11-19T09:25:53","slug":"dom-naroda-danas-odlucuje-o-budzetu-bih-za-2025","status":"publish","type":"post","link":"https:\/\/tuzlainfo.ba\/index.php\/bosna-i-hercegovina\/item\/286835-dom-naroda-danas-odlucuje-o-budzetu-bih-za-2025\/","title":{"rendered":"Dom naroda danas odlu\u010duje o bud\u017eetu BiH za 2025"},"content":{"rendered":"<p>Dom naroda Parlamentarne skup\u0161tine Bosne i Hercegovine danas \u0107e na hitnoj sjednici razmatrati Prijedlog zakona o Bud\u017eetu institucija BiH i me\u0111unarodnih obaveza za 2025. godinu, a rije\u010d je o jedinoj ta\u010dki dnevnog reda upu\u0107enoj iz Predstavni\u010dkog doma, koji je ovaj dokument ve\u0107 usvojio po hitnom postupku. Bud\u017eet je predlo\u017eilo Predsjedni\u0161tvo BiH, ali je izazvao o\u0161tre reakcije nakon \u0161to su iz njega uklonjene stavke namijenjene saniranju dugovanja BHRT-a i finansiranju institucija kulture od zna\u010daja za Bosnu i Hercegovinu.<\/p>\n<p>U kona\u010dnoj verziji bud\u017eeta vi\u0161e se ne nalazi 22 miliona maraka koji su prvobitno bili predvi\u0111eni za direktne transfere BHRT-u, niti 7,9 miliona maraka za institucije kulture koje djeluju u skladu s nalogom visokog predstavnika. Ova sredstva su trebala biti ispla\u0107ena u roku od petnaest dana od stupanja zakona na snagu, ali su u fazi razmatranja potpuno uklonjena.<\/p>\n<p>Izaslanik Zlatko Mileti\u0107 najavio je da \u0107e glasati protiv ovakvog bud\u017eeta, isti\u010du\u0107i da je, kako ka\u017ee, pora\u017eavaju\u0107e vidjeti da je dokument u ovoj formi dobio podr\u0161ku u Predstavni\u010dkom domu. Poru\u010dio je da ovakav bud\u017eet ne mo\u017ee dobiti njegov glas, posebno zbog izostavljanja finansiranja institucija koje obavljaju poslove od dr\u017eavnog zna\u010daja.<\/p>\n<p>Rad Doma naroda u proteklim sedmicama bio je obilje\u017een neodr\u017eanim sjednicama, jer se delegati HDZ-a, a potom i SNSD-a nisu pojavili na zakazanim terminima, \u0161to je rezultiralo vi\u0161estrukim odga\u0111anjima. Pro\u0161la sjednica tako\u0111er nije odr\u017eana jer se delegati ova dva kluba nisu pojavili zajedno, pa se dana\u0161nja sjednica smatra testom funkcionalnosti gornjeg doma dr\u017eavnog parlamenta.<\/p>\n<p>Ishod glasanja mogao bi odrediti dalji tok bud\u017eetskog procesa, ali i pokazati da li je institucionalna blokada, koja traje ve\u0107 sedmicama, do\u0161la do svog kraja.<\/p>\n","protected":false},"excerpt":{"rendered":"<p>Dom naroda Parlamentarne skup\u0161tine Bosne i Hercegovine danas \u0107e na hitnoj sjednici razmatrati Prijedlog zakona&hellip;<\/p>\n","protected":false},"author":8,"featured_media":270536,"comment_status":"closed","ping_status":"closed","sticky":false,"template":"","format":"standard","meta":{"_acf_changed":false,"footnotes":""},"categories":[291],"tags":[1974,883],"acf":[],"yoast_head":"<!-- This site is optimized with the Yoast SEO plugin v23.5 - https:\/\/yoast.com\/wordpress\/plugins\/seo\/ -->\n<title>Dom naroda danas odlu\u010duje o bud\u017eetu BiH za 2025 - TuzlaInfo.ba<\/title>\n<meta name=\"robots\" content=\"index, follow, max-snippet:-1, max-image-preview:large, max-video-preview:-1\" \/>\n<link rel=\"canonical\" href=\"https:\/\/tuzlainfo.ba\/index.php\/bosna-i-hercegovina\/item\/286835-dom-naroda-danas-odlucuje-o-budzetu-bih-za-2025\/\" \/>\n<meta property=\"og:locale\" content=\"bs_BA\" \/>\n<meta property=\"og:type\" content=\"article\" \/>\n<meta property=\"og:title\" content=\"Dom naroda danas odlu\u010duje o bud\u017eetu BiH za 2025 - TuzlaInfo.ba\" \/>\n<meta property=\"og:description\" content=\"Dom naroda Parlamentarne skup\u0161tine Bosne i Hercegovine danas \u0107e na hitnoj sjednici razmatrati Prijedlog zakona&hellip;\" \/>\n<meta property=\"og:url\" content=\"https:\/\/tuzlainfo.ba\/index.php\/bosna-i-hercegovina\/item\/286835-dom-naroda-danas-odlucuje-o-budzetu-bih-za-2025\/\" \/>\n<meta property=\"og:site_name\" content=\"TuzlaInfo.ba\" \/>\n<meta property=\"article:publisher\" content=\"https:\/\/www.facebook.com\/tuzlainfo.ba\/\" \/>\n<meta property=\"article:published_time\" content=\"2025-11-20T07:22:03+00:00\" \/>\n<meta property=\"article:modified_time\" content=\"2025-11-19T09:25:53+00:00\" \/>\n<meta property=\"og:image\" content=\"https:\/\/tuzlainfo.ba\/wp-content\/uploads\/2025\/05\/2905_dom_naroda_PSBIH.jpg\" \/>\n\t<meta property=\"og:image:width\" content=\"800\" \/>\n\t<meta property=\"og:image:height\" content=\"533\" \/>\n\t<meta property=\"og:image:type\" content=\"image\/jpeg\" \/>\n<meta name=\"author\" content=\"Admin Tri\" \/>\n<meta name=\"twitter:card\" content=\"summary_large_image\" \/>\n<meta name=\"twitter:label1\" content=\"Written by\" \/>\n\t<meta name=\"twitter:data1\" content=\"Admin Tri\" \/>\n\t<meta name=\"twitter:label2\" content=\"Est. reading time\" \/>\n\t<meta name=\"twitter:data2\" content=\"2 minute\" \/>\n<script type=\"application\/ld+json\" class=\"yoast-schema-graph\">{\"@context\":\"https:\/\/schema.org\",\"@graph\":[{\"@type\":\"Article\",\"@id\":\"https:\/\/tuzlainfo.ba\/index.php\/bosna-i-hercegovina\/item\/286835-dom-naroda-danas-odlucuje-o-budzetu-bih-za-2025\/#article\",\"isPartOf\":{\"@id\":\"https:\/\/tuzlainfo.ba\/index.php\/bosna-i-hercegovina\/item\/286835-dom-naroda-danas-odlucuje-o-budzetu-bih-za-2025\/\"},\"author\":{\"name\":\"Admin Tri\",\"@id\":\"https:\/\/tuzlainfo.ba\/#\/schema\/person\/593e78a2f6378c5ba3e7600ecfa4e63a\"},\"headline\":\"Dom naroda danas odlu\u010duje o bud\u017eetu BiH za 2025\",\"datePublished\":\"2025-11-20T07:22:03+00:00\",\"dateModified\":\"2025-11-19T09:25:53+00:00\",\"mainEntityOfPage\":{\"@id\":\"https:\/\/tuzlainfo.ba\/index.php\/bosna-i-hercegovina\/item\/286835-dom-naroda-danas-odlucuje-o-budzetu-bih-za-2025\/\"},\"wordCount\":311,\"publisher\":{\"@id\":\"https:\/\/tuzlainfo.ba\/#organization\"},\"image\":{\"@id\":\"https:\/\/tuzlainfo.ba\/index.php\/bosna-i-hercegovina\/item\/286835-dom-naroda-danas-odlucuje-o-budzetu-bih-za-2025\/#primaryimage\"},\"thumbnailUrl\":\"https:\/\/tuzlainfo.ba\/wp-content\/uploads\/2025\/05\/2905_dom_naroda_PSBIH.jpg\",\"keywords\":[\"bud\u017eet\",\"dom naroda\"],\"articleSection\":[\"Bosna i Hercegovina\"],\"inLanguage\":\"bs-BA\"},{\"@type\":\"WebPage\",\"@id\":\"https:\/\/tuzlainfo.ba\/index.php\/bosna-i-hercegovina\/item\/286835-dom-naroda-danas-odlucuje-o-budzetu-bih-za-2025\/\",\"url\":\"https:\/\/tuzlainfo.ba\/index.php\/bosna-i-hercegovina\/item\/286835-dom-naroda-danas-odlucuje-o-budzetu-bih-za-2025\/\",\"name\":\"Dom naroda danas odlu\u010duje o bud\u017eetu BiH za 2025 - TuzlaInfo.ba\",\"isPartOf\":{\"@id\":\"https:\/\/tuzlainfo.ba\/#website\"},\"primaryImageOfPage\":{\"@id\":\"https:\/\/tuzlainfo.ba\/index.php\/bosna-i-hercegovina\/item\/286835-dom-naroda-danas-odlucuje-o-budzetu-bih-za-2025\/#primaryimage\"},\"image\":{\"@id\":\"https:\/\/tuzlainfo.ba\/index.php\/bosna-i-hercegovina\/item\/286835-dom-naroda-danas-odlucuje-o-budzetu-bih-za-2025\/#primaryimage\"},\"thumbnailUrl\":\"https:\/\/tuzlainfo.ba\/wp-content\/uploads\/2025\/05\/2905_dom_naroda_PSBIH.jpg\",\"datePublished\":\"2025-11-20T07:22:03+00:00\",\"dateModified\":\"2025-11-19T09:25:53+00:00\",\"breadcrumb\":{\"@id\":\"https:\/\/tuzlainfo.ba\/index.php\/bosna-i-hercegovina\/item\/286835-dom-naroda-danas-odlucuje-o-budzetu-bih-za-2025\/#breadcrumb\"},\"inLanguage\":\"bs-BA\",\"potentialAction\":[{\"@type\":\"ReadAction\",\"target\":[\"https:\/\/tuzlainfo.ba\/index.php\/bosna-i-hercegovina\/item\/286835-dom-naroda-danas-odlucuje-o-budzetu-bih-za-2025\/\"]}]},{\"@type\":\"ImageObject\",\"inLanguage\":\"bs-BA\",\"@id\":\"https:\/\/tuzlainfo.ba\/index.php\/bosna-i-hercegovina\/item\/286835-dom-naroda-danas-odlucuje-o-budzetu-bih-za-2025\/#primaryimage\",\"url\":\"https:\/\/tuzlainfo.ba\/wp-content\/uploads\/2025\/05\/2905_dom_naroda_PSBIH.jpg\",\"contentUrl\":\"https:\/\/tuzlainfo.ba\/wp-content\/uploads\/2025\/05\/2905_dom_naroda_PSBIH.jpg\",\"width\":800,\"height\":533},{\"@type\":\"BreadcrumbList\",\"@id\":\"https:\/\/tuzlainfo.ba\/index.php\/bosna-i-hercegovina\/item\/286835-dom-naroda-danas-odlucuje-o-budzetu-bih-za-2025\/#breadcrumb\",\"itemListElement\":[{\"@type\":\"ListItem\",\"position\":1,\"name\":\"Home\",\"item\":\"https:\/\/tuzlainfo.ba\/\"},{\"@type\":\"ListItem\",\"position\":2,\"name\":\"Dom naroda danas odlu\u010duje o bud\u017eetu BiH za 2025\"}]},{\"@type\":\"WebSite\",\"@id\":\"https:\/\/tuzlainfo.ba\/#website\",\"url\":\"https:\/\/tuzlainfo.ba\/\",\"name\":\"TuzlaInfo.ba\",\"description\":\"Tuzla info, gradski informator - Tuzla na dlanu\",\"publisher\":{\"@id\":\"https:\/\/tuzlainfo.ba\/#organization\"},\"potentialAction\":[{\"@type\":\"SearchAction\",\"target\":{\"@type\":\"EntryPoint\",\"urlTemplate\":\"https:\/\/tuzlainfo.ba\/?s={search_term_string}\"},\"query-input\":{\"@type\":\"PropertyValueSpecification\",\"valueRequired\":true,\"valueName\":\"search_term_string\"}}],\"inLanguage\":\"bs-BA\"},{\"@type\":\"Organization\",\"@id\":\"https:\/\/tuzlainfo.ba\/#organization\",\"name\":\"TuzlaInfo.ba\",\"url\":\"https:\/\/tuzlainfo.ba\/\",\"logo\":{\"@type\":\"ImageObject\",\"inLanguage\":\"bs-BA\",\"@id\":\"https:\/\/tuzlainfo.ba\/#\/schema\/logo\/image\/\",\"url\":\"https:\/\/tuzlainfo.ba\/wp-content\/uploads\/2021\/03\/logo-ver-3-1.png\",\"contentUrl\":\"https:\/\/tuzlainfo.ba\/wp-content\/uploads\/2021\/03\/logo-ver-3-1.png\",\"width\":350,\"height\":95,\"caption\":\"TuzlaInfo.ba\"},\"image\":{\"@id\":\"https:\/\/tuzlainfo.ba\/#\/schema\/logo\/image\/\"},\"sameAs\":[\"https:\/\/www.facebook.com\/tuzlainfo.ba\/\"]},{\"@type\":\"Person\",\"@id\":\"https:\/\/tuzlainfo.ba\/#\/schema\/person\/593e78a2f6378c5ba3e7600ecfa4e63a\",\"name\":\"Admin Tri\",\"image\":{\"@type\":\"ImageObject\",\"inLanguage\":\"bs-BA\",\"@id\":\"https:\/\/tuzlainfo.ba\/#\/schema\/person\/image\/\",\"url\":\"https:\/\/tuzlainfo.ba\/wp-content\/litespeed\/avatar\/b7920db4cc34a71ad12497283ad2fe3f.jpg?ver=1777100914\",\"contentUrl\":\"https:\/\/tuzlainfo.ba\/wp-content\/litespeed\/avatar\/b7920db4cc34a71ad12497283ad2fe3f.jpg?ver=1777100914\",\"caption\":\"Admin Tri\"},\"sameAs\":[\"https:\/\/tuzlainfo.ba\"]}]}<\/script>\n<!-- \/ Yoast SEO plugin. -->","yoast_head_json":{"title":"Dom naroda danas odlu\u010duje o bud\u017eetu BiH za 2025 - TuzlaInfo.ba","robots":{"index":"index","follow":"follow","max-snippet":"max-snippet:-1","max-image-preview":"max-image-preview:large","max-video-preview":"max-video-preview:-1"},"canonical":"https:\/\/tuzlainfo.ba\/index.php\/bosna-i-hercegovina\/item\/286835-dom-naroda-danas-odlucuje-o-budzetu-bih-za-2025\/","og_locale":"bs_BA","og_type":"article","og_title":"Dom naroda danas odlu\u010duje o bud\u017eetu BiH za 2025 - TuzlaInfo.ba","og_description":"Dom naroda Parlamentarne skup\u0161tine Bosne i Hercegovine danas \u0107e na hitnoj sjednici razmatrati Prijedlog zakona&hellip;","og_url":"https:\/\/tuzlainfo.ba\/index.php\/bosna-i-hercegovina\/item\/286835-dom-naroda-danas-odlucuje-o-budzetu-bih-za-2025\/","og_site_name":"TuzlaInfo.ba","article_publisher":"https:\/\/www.facebook.com\/tuzlainfo.ba\/","article_published_time":"2025-11-20T07:22:03+00:00","article_modified_time":"2025-11-19T09:25:53+00:00","og_image":[{"width":800,"height":533,"url":"https:\/\/tuzlainfo.ba\/wp-content\/uploads\/2025\/05\/2905_dom_naroda_PSBIH.jpg","type":"image\/jpeg"}],"author":"Admin Tri","twitter_card":"summary_large_image","twitter_misc":{"Written by":"Admin Tri","Est. reading time":"2 minute"},"schema":{"@context":"https:\/\/schema.org","@graph":[{"@type":"Article","@id":"https:\/\/tuzlainfo.ba\/index.php\/bosna-i-hercegovina\/item\/286835-dom-naroda-danas-odlucuje-o-budzetu-bih-za-2025\/#article","isPartOf":{"@id":"https:\/\/tuzlainfo.ba\/index.php\/bosna-i-hercegovina\/item\/286835-dom-naroda-danas-odlucuje-o-budzetu-bih-za-2025\/"},"author":{"name":"Admin Tri","@id":"https:\/\/tuzlainfo.ba\/#\/schema\/person\/593e78a2f6378c5ba3e7600ecfa4e63a"},"headline":"Dom naroda danas odlu\u010duje o bud\u017eetu BiH za 2025","datePublished":"2025-11-20T07:22:03+00:00","dateModified":"2025-11-19T09:25:53+00:00","mainEntityOfPage":{"@id":"https:\/\/tuzlainfo.ba\/index.php\/bosna-i-hercegovina\/item\/286835-dom-naroda-danas-odlucuje-o-budzetu-bih-za-2025\/"},"wordCount":311,"publisher":{"@id":"https:\/\/tuzlainfo.ba\/#organization"},"image":{"@id":"https:\/\/tuzlainfo.ba\/index.php\/bosna-i-hercegovina\/item\/286835-dom-naroda-danas-odlucuje-o-budzetu-bih-za-2025\/#primaryimage"},"thumbnailUrl":"https:\/\/tuzlainfo.ba\/wp-content\/uploads\/2025\/05\/2905_dom_naroda_PSBIH.jpg","keywords":["bud\u017eet","dom naroda"],"articleSection":["Bosna i Hercegovina"],"inLanguage":"bs-BA"},{"@type":"WebPage","@id":"https:\/\/tuzlainfo.ba\/index.php\/bosna-i-hercegovina\/item\/286835-dom-naroda-danas-odlucuje-o-budzetu-bih-za-2025\/","url":"https:\/\/tuzlainfo.ba\/index.php\/bosna-i-hercegovina\/item\/286835-dom-naroda-danas-odlucuje-o-budzetu-bih-za-2025\/","name":"Dom naroda danas odlu\u010duje o bud\u017eetu BiH za 2025 - TuzlaInfo.ba","isPartOf":{"@id":"https:\/\/tuzlainfo.ba\/#website"},"primaryImageOfPage":{"@id":"https:\/\/tuzlainfo.ba\/index.php\/bosna-i-hercegovina\/item\/286835-dom-naroda-danas-odlucuje-o-budzetu-bih-za-2025\/#primaryimage"},"image":{"@id":"https:\/\/tuzlainfo.ba\/index.php\/bosna-i-hercegovina\/item\/286835-dom-naroda-danas-odlucuje-o-budzetu-bih-za-2025\/#primaryimage"},"thumbnailUrl":"https:\/\/tuzlainfo.ba\/wp-content\/uploads\/2025\/05\/2905_dom_naroda_PSBIH.jpg","datePublished":"2025-11-20T07:22:03+00:00","dateModified":"2025-11-19T09:25:53+00:00","breadcrumb":{"@id":"https:\/\/tuzlainfo.ba\/index.php\/bosna-i-hercegovina\/item\/286835-dom-naroda-danas-odlucuje-o-budzetu-bih-za-2025\/#breadcrumb"},"inLanguage":"bs-BA","potentialAction":[{"@type":"ReadAction","target":["https:\/\/tuzlainfo.ba\/index.php\/bosna-i-hercegovina\/item\/286835-dom-naroda-danas-odlucuje-o-budzetu-bih-za-2025\/"]}]},{"@type":"ImageObject","inLanguage":"bs-BA","@id":"https:\/\/tuzlainfo.ba\/index.php\/bosna-i-hercegovina\/item\/286835-dom-naroda-danas-odlucuje-o-budzetu-bih-za-2025\/#primaryimage","url":"https:\/\/tuzlainfo.ba\/wp-content\/uploads\/2025\/05\/2905_dom_naroda_PSBIH.jpg","contentUrl":"https:\/\/tuzlainfo.ba\/wp-content\/uploads\/2025\/05\/2905_dom_naroda_PSBIH.jpg","width":800,"height":533},{"@type":"BreadcrumbList","@id":"https:\/\/tuzlainfo.ba\/index.php\/bosna-i-hercegovina\/item\/286835-dom-naroda-danas-odlucuje-o-budzetu-bih-za-2025\/#breadcrumb","itemListElement":[{"@type":"ListItem","position":1,"name":"Home","item":"https:\/\/tuzlainfo.ba\/"},{"@type":"ListItem","position":2,"name":"Dom naroda danas odlu\u010duje o bud\u017eetu BiH za 2025"}]},{"@type":"WebSite","@id":"https:\/\/tuzlainfo.ba\/#website","url":"https:\/\/tuzlainfo.ba\/","name":"TuzlaInfo.ba","description":"Tuzla info, gradski informator - Tuzla na dlanu","publisher":{"@id":"https:\/\/tuzlainfo.ba\/#organization"},"potentialAction":[{"@type":"SearchAction","target":{"@type":"EntryPoint","urlTemplate":"https:\/\/tuzlainfo.ba\/?s={search_term_string}"},"query-input":{"@type":"PropertyValueSpecification","valueRequired":true,"valueName":"search_term_string"}}],"inLanguage":"bs-BA"},{"@type":"Organization","@id":"https:\/\/tuzlainfo.ba\/#organization","name":"TuzlaInfo.ba","url":"https:\/\/tuzlainfo.ba\/","logo":{"@type":"ImageObject","inLanguage":"bs-BA","@id":"https:\/\/tuzlainfo.ba\/#\/schema\/logo\/image\/","url":"https:\/\/tuzlainfo.ba\/wp-content\/uploads\/2021\/03\/logo-ver-3-1.png","contentUrl":"https:\/\/tuzlainfo.ba\/wp-content\/uploads\/2021\/03\/logo-ver-3-1.png","width":350,"height":95,"caption":"TuzlaInfo.ba"},"image":{"@id":"https:\/\/tuzlainfo.ba\/#\/schema\/logo\/image\/"},"sameAs":["https:\/\/www.facebook.com\/tuzlainfo.ba\/"]},{"@type":"Person","@id":"https:\/\/tuzlainfo.ba\/#\/schema\/person\/593e78a2f6378c5ba3e7600ecfa4e63a","name":"Admin Tri","image":{"@type":"ImageObject","inLanguage":"bs-BA","@id":"https:\/\/tuzlainfo.ba\/#\/schema\/person\/image\/","url":"https:\/\/tuzlainfo.ba\/wp-content\/litespeed\/avatar\/b7920db4cc34a71ad12497283ad2fe3f.jpg?ver=1777100914","contentUrl":"https:\/\/tuzlainfo.ba\/wp-content\/litespeed\/avatar\/b7920db4cc34a71ad12497283ad2fe3f.jpg?ver=1777100914","caption":"Admin Tri"},"sameAs":["https:\/\/tuzlainfo.ba"]}]}},"_links":{"self":[{"href":"https:\/\/tuzlainfo.ba\/index.php\/wp-json\/wp\/v2\/posts\/286835"}],"collection":[{"href":"https:\/\/tuzlainfo.ba\/index.php\/wp-json\/wp\/v2\/posts"}],"about":[{"href":"https:\/\/tuzlainfo.ba\/index.php\/wp-json\/wp\/v2\/types\/post"}],"author":[{"embeddable":true,"href":"https:\/\/tuzlainfo.ba\/index.php\/wp-json\/wp\/v2\/users\/8"}],"replies":[{"embeddable":true,"href":"https:\/\/tuzlainfo.ba\/index.php\/wp-json\/wp\/v2\/comments?post=286835"}],"version-history":[{"count":1,"href":"https:\/\/tuzlainfo.ba\/index.php\/wp-json\/wp\/v2\/posts\/286835\/revisions"}],"predecessor-version":[{"id":286836,"href":"https:\/\/tuzlainfo.ba\/index.php\/wp-json\/wp\/v2\/posts\/286835\/revisions\/286836"}],"wp:featuredmedia":[{"embeddable":true,"href":"https:\/\/tuzlainfo.ba\/index.php\/wp-json\/wp\/v2\/media\/270536"}],"wp:attachment":[{"href":"https:\/\/tuzlainfo.ba\/index.php\/wp-json\/wp\/v2\/media?parent=286835"}],"wp:term":[{"taxonomy":"category","embeddable":true,"href":"https:\/\/tuzlainfo.ba\/index.php\/wp-json\/wp\/v2\/categories?post=286835"},{"taxonomy":"post_tag","embeddable":true,"href":"https:\/\/tuzlainfo.ba\/index.php\/wp-json\/wp\/v2\/tags?post=286835"}],"curies":[{"name":"wp","href":"https:\/\/api.w.org\/{rel}","templated":true}]}}