{"id":286597,"date":"2025-11-17T12:50:30","date_gmt":"2025-11-17T11:50:30","guid":{"rendered":"https:\/\/tuzlainfo.ba\/?p=286597"},"modified":"2025-11-17T12:52:52","modified_gmt":"2025-11-17T11:52:52","slug":"narandzasto-upozorenje-za-tuzlu-zbog-jakih-udara-vjetra","status":"publish","type":"post","link":"https:\/\/tuzlainfo.ba\/index.php\/novosti\/item\/286597-narandzasto-upozorenje-za-tuzlu-zbog-jakih-udara-vjetra\/","title":{"rendered":"Narand\u017easto upozorenje za Tuzlu zbog jakih udara vjetra"},"content":{"rendered":"<p data-start=\"130\" data-end=\"336\">Federalni hidrometeorolo\u0161ki zavod BiH izdao je narand\u017easto upozorenje za podru\u010dje grada Tuzle zbog povremeno jakih do olujnih udara vjetra brzine od 50 do 70 km\/h, koje se o\u010dekuju 17. novembra 2025. godine.<\/p>\n<p data-start=\"338\" data-end=\"516\">Povodom najavljenih vremenskih prilika, Slu\u017eba civilne za\u0161tite Grada Tuzle upozorava gra\u0111ane da preduzmu mjere samoza\u0161tite radi pove\u0107anja sigurnosti. Preporu\u010dene mjere uklju\u010duju:<\/p>\n<ul data-start=\"518\" data-end=\"1442\">\n<li data-start=\"518\" data-end=\"597\">\n<p data-start=\"520\" data-end=\"597\">Boravak u sigurnim objektima i izbjegavanje kretanja na otvorenom prostoru.<\/p>\n<\/li>\n<li data-start=\"598\" data-end=\"691\">\n<p data-start=\"600\" data-end=\"691\">Osiguravanje prozora i vrata, te njihovo pravilno zatvaranje kako bi se sprije\u010dila \u0161teta.<\/p>\n<\/li>\n<li data-start=\"692\" data-end=\"811\">\n<p data-start=\"694\" data-end=\"811\">Izbjegavanje zadr\u017eavanja ispod visokih stabala i parkiranja vozila na takvim mjestima zbog mogu\u0107eg lomljenja grana.<\/p>\n<\/li>\n<li data-start=\"812\" data-end=\"946\">\n<p data-start=\"814\" data-end=\"946\">Izbjegavanje stajanja pored prozora, otvorenih vrata, metalnih stubova i predmeta poput slavina, uti\u010dnica i elektri\u010dnih prekida\u010da.<\/p>\n<\/li>\n<li data-start=\"947\" data-end=\"1004\">\n<p data-start=\"949\" data-end=\"1004\">Nekori\u0161tenje telefona i mobilnih ure\u0111aja tokom oluje.<\/p>\n<\/li>\n<li data-start=\"1005\" data-end=\"1048\">\n<p data-start=\"1007\" data-end=\"1048\">Isklju\u010divanje svih elektri\u010dnih ure\u0111aja.<\/p>\n<\/li>\n<li data-start=\"1049\" data-end=\"1124\">\n<p data-start=\"1051\" data-end=\"1124\">Izbjegavanje osamljenih stabala, ruba \u0161ume i no\u0161enja metalnih predmeta.<\/p>\n<\/li>\n<li data-start=\"1125\" data-end=\"1189\">\n<p data-start=\"1127\" data-end=\"1189\">Izbjegavanje boravka u blizini strujnih vodova i dalekovoda.<\/p>\n<\/li>\n<li data-start=\"1190\" data-end=\"1304\">\n<p data-start=\"1192\" data-end=\"1304\">Dr\u017eanje podalje od ru\u0161evnih i visokih objekata, pri \u010demu sigurno rastojanje treba biti jednako visini objekta.<\/p>\n<\/li>\n<li data-start=\"1305\" data-end=\"1442\">\n<p data-start=\"1307\" data-end=\"1442\">U slu\u010daju nu\u017ede, savjetuje se \u010du\u010danje ili saginjanje bez dodirivanja tla rukama, uz odr\u017eavanje razmaka od pet metara izme\u0111u vi\u0161e osoba.<\/p>\n<\/li>\n<\/ul>\n<p data-start=\"1444\" data-end=\"1554\">U slu\u010daju opasnosti ili ugro\u017eavanja ljudskih \u017eivota, nadle\u017ene slu\u017ebe mogu se kontaktirati na sljede\u0107e brojeve:<\/p>\n<ul data-start=\"1556\" data-end=\"1690\">\n<li data-start=\"1556\" data-end=\"1599\">\n<p data-start=\"1558\" data-end=\"1599\">Operativni centar civilne za\u0161tite \u2013 121<\/p>\n<\/li>\n<li data-start=\"1600\" data-end=\"1636\">\n<p data-start=\"1602\" data-end=\"1636\">Operativni centar MUP-a TK \u2013 122<\/p>\n<\/li>\n<li data-start=\"1637\" data-end=\"1657\">\n<p data-start=\"1639\" data-end=\"1657\">Vatrogasci \u2013 123<\/p>\n<\/li>\n<li data-start=\"1658\" data-end=\"1690\">\n<p data-start=\"1660\" data-end=\"1690\">Hitna medicinska pomo\u0107 \u2013 124<\/p>\n<\/li>\n<\/ul>\n","protected":false},"excerpt":{"rendered":"<p>Federalni hidrometeorolo\u0161ki zavod BiH izdao je narand\u017easto upozorenje za podru\u010dje grada Tuzle zbog povremeno jakih do olujnih udara vjetra brzine od 50 do 70 km\/h, koje se o\u010dekuju 17. novembra 2025. godine. Povodom najavljenih vremenskih prilika, Slu\u017eba civilne za\u0161tite Grada Tuzle upozorava gra\u0111ane da preduzmu mjere samoza\u0161tite radi pove\u0107anja sigurnosti. Preporu\u010dene mjere uklju\u010duju: Boravak u [&hellip;]<\/p>\n","protected":false},"author":4,"featured_media":65056,"comment_status":"closed","ping_status":"closed","sticky":false,"template":"","format":"standard","meta":{"footnotes":""},"categories":[304,12],"tags":[674,331,6926,6214],"class_list":["post-286597","post","type-post","status-publish","format-standard","has-post-thumbnail","hentry","category-istaknuto","category-novosti","tag-fhmz","tag-grad-tuzla","tag-narandzasto-upozorenje","tag-vjetar"],"yoast_head":"<!-- This site is optimized with the Yoast SEO plugin v28.4 - https:\/\/yoast.com\/product\/yoast-seo-wordpress\/ -->\n<title>Narand\u017easto upozorenje za Tuzlu zbog jakih udara vjetra<\/title>\n<meta name=\"robots\" content=\"index, follow, max-snippet:-1, max-image-preview:large, max-video-preview:-1\" \/>\n<link rel=\"canonical\" href=\"https:\/\/tuzlainfo.ba\/index.php\/novosti\/item\/286597-narandzasto-upozorenje-za-tuzlu-zbog-jakih-udara-vjetra\/\" \/>\n<meta property=\"og:locale\" content=\"bs_BA\" \/>\n<meta property=\"og:type\" content=\"article\" \/>\n<meta property=\"og:title\" content=\"Narand\u017easto upozorenje za Tuzlu zbog jakih udara vjetra\" \/>\n<meta property=\"og:description\" content=\"Federalni hidrometeorolo\u0161ki zavod BiH izdao je narand\u017easto upozorenje za podru\u010dje grada Tuzle zbog povremeno jakih do olujnih udara vjetra brzine od 50 do 70 km\/h, koje se o\u010dekuju 17. novembra 2025. godine. Povodom najavljenih vremenskih prilika, Slu\u017eba civilne za\u0161tite Grada Tuzle upozorava gra\u0111ane da preduzmu mjere samoza\u0161tite radi pove\u0107anja sigurnosti. Preporu\u010dene mjere uklju\u010duju: Boravak u [&hellip;]\" \/>\n<meta property=\"og:url\" content=\"https:\/\/tuzlainfo.ba\/index.php\/novosti\/item\/286597-narandzasto-upozorenje-za-tuzlu-zbog-jakih-udara-vjetra\/\" \/>\n<meta property=\"og:site_name\" content=\"TuzlaInfo.ba\" \/>\n<meta property=\"article:publisher\" content=\"https:\/\/www.facebook.com\/tuzlainfo.ba\/\" \/>\n<meta property=\"article:published_time\" content=\"2025-11-17T11:50:30+00:00\" \/>\n<meta property=\"article:modified_time\" content=\"2025-11-17T11:52:52+00:00\" \/>\n<meta property=\"og:image\" content=\"https:\/\/tuzlainfo.ba\/wp-content\/uploads\/2018\/10\/sadrzaj_2018_20181001_2610_vjetar.jpg\" \/>\n\t<meta property=\"og:image:width\" content=\"770\" \/>\n\t<meta property=\"og:image:height\" content=\"433\" \/>\n\t<meta property=\"og:image:type\" content=\"image\/jpeg\" \/>\n<meta name=\"author\" content=\"Tuzla Info\" \/>\n<meta name=\"twitter:card\" content=\"summary_large_image\" \/>\n<meta name=\"twitter:label1\" content=\"Written by\" \/>\n\t<meta name=\"twitter:data1\" content=\"Tuzla Info\" \/>\n\t<meta name=\"twitter:label2\" content=\"Est. reading time\" \/>\n\t<meta name=\"twitter:data2\" content=\"2 minute\" \/>\n<script type=\"application\/ld+json\" class=\"yoast-schema-graph\">{\"@context\":\"https:\\\/\\\/schema.org\",\"@graph\":[{\"@type\":\"Article\",\"@id\":\"https:\\\/\\\/tuzlainfo.ba\\\/index.php\\\/novosti\\\/item\\\/286597-narandzasto-upozorenje-za-tuzlu-zbog-jakih-udara-vjetra\\\/#article\",\"isPartOf\":{\"@id\":\"https:\\\/\\\/tuzlainfo.ba\\\/index.php\\\/novosti\\\/item\\\/286597-narandzasto-upozorenje-za-tuzlu-zbog-jakih-udara-vjetra\\\/\"},\"author\":{\"name\":\"Tuzla Info\",\"@id\":\"https:\\\/\\\/tuzlainfo.ba\\\/#\\\/schema\\\/person\\\/46cad4c57790cbc50781edd14870825a\"},\"headline\":\"Narand\u017easto upozorenje za Tuzlu zbog jakih udara vjetra\",\"datePublished\":\"2025-11-17T11:50:30+00:00\",\"dateModified\":\"2025-11-17T11:52:52+00:00\",\"mainEntityOfPage\":{\"@id\":\"https:\\\/\\\/tuzlainfo.ba\\\/index.php\\\/novosti\\\/item\\\/286597-narandzasto-upozorenje-za-tuzlu-zbog-jakih-udara-vjetra\\\/\"},\"wordCount\":242,\"publisher\":{\"@id\":\"https:\\\/\\\/tuzlainfo.ba\\\/#organization\"},\"image\":{\"@id\":\"https:\\\/\\\/tuzlainfo.ba\\\/index.php\\\/novosti\\\/item\\\/286597-narandzasto-upozorenje-za-tuzlu-zbog-jakih-udara-vjetra\\\/#primaryimage\"},\"thumbnailUrl\":\"https:\\\/\\\/tuzlainfo.ba\\\/wp-content\\\/uploads\\\/2018\\\/10\\\/sadrzaj_2018_20181001_2610_vjetar.jpg\",\"keywords\":[\"FHMZ\",\"grad tuzla\",\"narand\u017easto upozorenje\",\"vjetar\"],\"articleSection\":[\"Istaknuto\",\"Novosti\"],\"inLanguage\":\"bs-BA\",\"copyrightYear\":\"2025\",\"copyrightHolder\":{\"@id\":\"https:\\\/\\\/tuzlainfo.ba\\\/#organization\"}},{\"@type\":\"WebPage\",\"@id\":\"https:\\\/\\\/tuzlainfo.ba\\\/index.php\\\/novosti\\\/item\\\/286597-narandzasto-upozorenje-za-tuzlu-zbog-jakih-udara-vjetra\\\/\",\"url\":\"https:\\\/\\\/tuzlainfo.ba\\\/index.php\\\/novosti\\\/item\\\/286597-narandzasto-upozorenje-za-tuzlu-zbog-jakih-udara-vjetra\\\/\",\"name\":\"Narand\u017easto upozorenje za Tuzlu zbog jakih udara vjetra\",\"isPartOf\":{\"@id\":\"https:\\\/\\\/tuzlainfo.ba\\\/#website\"},\"primaryImageOfPage\":{\"@id\":\"https:\\\/\\\/tuzlainfo.ba\\\/index.php\\\/novosti\\\/item\\\/286597-narandzasto-upozorenje-za-tuzlu-zbog-jakih-udara-vjetra\\\/#primaryimage\"},\"image\":{\"@id\":\"https:\\\/\\\/tuzlainfo.ba\\\/index.php\\\/novosti\\\/item\\\/286597-narandzasto-upozorenje-za-tuzlu-zbog-jakih-udara-vjetra\\\/#primaryimage\"},\"thumbnailUrl\":\"https:\\\/\\\/tuzlainfo.ba\\\/wp-content\\\/uploads\\\/2018\\\/10\\\/sadrzaj_2018_20181001_2610_vjetar.jpg\",\"datePublished\":\"2025-11-17T11:50:30+00:00\",\"dateModified\":\"2025-11-17T11:52:52+00:00\",\"breadcrumb\":{\"@id\":\"https:\\\/\\\/tuzlainfo.ba\\\/index.php\\\/novosti\\\/item\\\/286597-narandzasto-upozorenje-za-tuzlu-zbog-jakih-udara-vjetra\\\/#breadcrumb\"},\"inLanguage\":\"bs-BA\",\"potentialAction\":[{\"@type\":\"ReadAction\",\"target\":[\"https:\\\/\\\/tuzlainfo.ba\\\/index.php\\\/novosti\\\/item\\\/286597-narandzasto-upozorenje-za-tuzlu-zbog-jakih-udara-vjetra\\\/\"]}]},{\"@type\":\"ImageObject\",\"inLanguage\":\"bs-BA\",\"@id\":\"https:\\\/\\\/tuzlainfo.ba\\\/index.php\\\/novosti\\\/item\\\/286597-narandzasto-upozorenje-za-tuzlu-zbog-jakih-udara-vjetra\\\/#primaryimage\",\"url\":\"https:\\\/\\\/tuzlainfo.ba\\\/wp-content\\\/uploads\\\/2018\\\/10\\\/sadrzaj_2018_20181001_2610_vjetar.jpg\",\"contentUrl\":\"https:\\\/\\\/tuzlainfo.ba\\\/wp-content\\\/uploads\\\/2018\\\/10\\\/sadrzaj_2018_20181001_2610_vjetar.jpg\",\"width\":770,\"height\":433,\"caption\":\"2610 vjetar\"},{\"@type\":\"BreadcrumbList\",\"@id\":\"https:\\\/\\\/tuzlainfo.ba\\\/index.php\\\/novosti\\\/item\\\/286597-narandzasto-upozorenje-za-tuzlu-zbog-jakih-udara-vjetra\\\/#breadcrumb\",\"itemListElement\":[{\"@type\":\"ListItem\",\"position\":1,\"name\":\"Home\",\"item\":\"https:\\\/\\\/tuzlainfo.ba\\\/\"},{\"@type\":\"ListItem\",\"position\":2,\"name\":\"Narand\u017easto upozorenje za Tuzlu zbog jakih udara vjetra\"}]},{\"@type\":\"WebSite\",\"@id\":\"https:\\\/\\\/tuzlainfo.ba\\\/#website\",\"url\":\"https:\\\/\\\/tuzlainfo.ba\\\/\",\"name\":\"TuzlaInfo.ba\",\"description\":\"Tuzla info, gradski informator - Tuzla na dlanu\",\"publisher\":{\"@id\":\"https:\\\/\\\/tuzlainfo.ba\\\/#organization\"},\"potentialAction\":[{\"@type\":\"SearchAction\",\"target\":{\"@type\":\"EntryPoint\",\"urlTemplate\":\"https:\\\/\\\/tuzlainfo.ba\\\/?s={search_term_string}\"},\"query-input\":{\"@type\":\"PropertyValueSpecification\",\"valueRequired\":true,\"valueName\":\"search_term_string\"}}],\"inLanguage\":\"bs-BA\"},{\"@type\":\"Organization\",\"@id\":\"https:\\\/\\\/tuzlainfo.ba\\\/#organization\",\"name\":\"TuzlaInfo.ba\",\"url\":\"https:\\\/\\\/tuzlainfo.ba\\\/\",\"logo\":{\"@type\":\"ImageObject\",\"inLanguage\":\"bs-BA\",\"@id\":\"https:\\\/\\\/tuzlainfo.ba\\\/#\\\/schema\\\/logo\\\/image\\\/\",\"url\":\"https:\\\/\\\/tuzlainfo.ba\\\/wp-content\\\/uploads\\\/2021\\\/03\\\/logo-ver-3-1.png\",\"contentUrl\":\"https:\\\/\\\/tuzlainfo.ba\\\/wp-content\\\/uploads\\\/2021\\\/03\\\/logo-ver-3-1.png\",\"width\":350,\"height\":95,\"caption\":\"TuzlaInfo.ba\"},\"image\":{\"@id\":\"https:\\\/\\\/tuzlainfo.ba\\\/#\\\/schema\\\/logo\\\/image\\\/\"},\"sameAs\":[\"https:\\\/\\\/www.facebook.com\\\/tuzlainfo.ba\\\/\"]},{\"@type\":\"Person\",\"@id\":\"https:\\\/\\\/tuzlainfo.ba\\\/#\\\/schema\\\/person\\\/46cad4c57790cbc50781edd14870825a\",\"name\":\"Tuzla Info\",\"image\":{\"@type\":\"ImageObject\",\"inLanguage\":\"bs-BA\",\"@id\":\"https:\\\/\\\/secure.gravatar.com\\\/avatar\\\/e980921b00fa2e552723a2386544734ce6885d2b2304ccca3f45186f9ca4031d?s=96&d=mm&r=g\",\"url\":\"https:\\\/\\\/secure.gravatar.com\\\/avatar\\\/e980921b00fa2e552723a2386544734ce6885d2b2304ccca3f45186f9ca4031d?s=96&d=mm&r=g\",\"contentUrl\":\"https:\\\/\\\/secure.gravatar.com\\\/avatar\\\/e980921b00fa2e552723a2386544734ce6885d2b2304ccca3f45186f9ca4031d?s=96&d=mm&r=g\",\"caption\":\"Tuzla Info\"}}]}<\/script>\n<!-- \/ Yoast SEO plugin. -->","yoast_head_json":{"title":"Narand\u017easto upozorenje za Tuzlu zbog jakih udara vjetra","robots":{"index":"index","follow":"follow","max-snippet":"max-snippet:-1","max-image-preview":"max-image-preview:large","max-video-preview":"max-video-preview:-1"},"canonical":"https:\/\/tuzlainfo.ba\/index.php\/novosti\/item\/286597-narandzasto-upozorenje-za-tuzlu-zbog-jakih-udara-vjetra\/","og_locale":"bs_BA","og_type":"article","og_title":"Narand\u017easto upozorenje za Tuzlu zbog jakih udara vjetra","og_description":"Federalni hidrometeorolo\u0161ki zavod BiH izdao je narand\u017easto upozorenje za podru\u010dje grada Tuzle zbog povremeno jakih do olujnih udara vjetra brzine od 50 do 70 km\/h, koje se o\u010dekuju 17. novembra 2025. godine. Povodom najavljenih vremenskih prilika, Slu\u017eba civilne za\u0161tite Grada Tuzle upozorava gra\u0111ane da preduzmu mjere samoza\u0161tite radi pove\u0107anja sigurnosti. Preporu\u010dene mjere uklju\u010duju: Boravak u [&hellip;]","og_url":"https:\/\/tuzlainfo.ba\/index.php\/novosti\/item\/286597-narandzasto-upozorenje-za-tuzlu-zbog-jakih-udara-vjetra\/","og_site_name":"TuzlaInfo.ba","article_publisher":"https:\/\/www.facebook.com\/tuzlainfo.ba\/","article_published_time":"2025-11-17T11:50:30+00:00","article_modified_time":"2025-11-17T11:52:52+00:00","og_image":[{"width":770,"height":433,"url":"https:\/\/tuzlainfo.ba\/wp-content\/uploads\/2018\/10\/sadrzaj_2018_20181001_2610_vjetar.jpg","type":"image\/jpeg"}],"author":"Tuzla Info","twitter_card":"summary_large_image","twitter_misc":{"Written by":"Tuzla Info","Est. reading time":"2 minute"},"schema":{"@context":"https:\/\/schema.org","@graph":[{"@type":"Article","@id":"https:\/\/tuzlainfo.ba\/index.php\/novosti\/item\/286597-narandzasto-upozorenje-za-tuzlu-zbog-jakih-udara-vjetra\/#article","isPartOf":{"@id":"https:\/\/tuzlainfo.ba\/index.php\/novosti\/item\/286597-narandzasto-upozorenje-za-tuzlu-zbog-jakih-udara-vjetra\/"},"author":{"name":"Tuzla Info","@id":"https:\/\/tuzlainfo.ba\/#\/schema\/person\/46cad4c57790cbc50781edd14870825a"},"headline":"Narand\u017easto upozorenje za Tuzlu zbog jakih udara vjetra","datePublished":"2025-11-17T11:50:30+00:00","dateModified":"2025-11-17T11:52:52+00:00","mainEntityOfPage":{"@id":"https:\/\/tuzlainfo.ba\/index.php\/novosti\/item\/286597-narandzasto-upozorenje-za-tuzlu-zbog-jakih-udara-vjetra\/"},"wordCount":242,"publisher":{"@id":"https:\/\/tuzlainfo.ba\/#organization"},"image":{"@id":"https:\/\/tuzlainfo.ba\/index.php\/novosti\/item\/286597-narandzasto-upozorenje-za-tuzlu-zbog-jakih-udara-vjetra\/#primaryimage"},"thumbnailUrl":"https:\/\/tuzlainfo.ba\/wp-content\/uploads\/2018\/10\/sadrzaj_2018_20181001_2610_vjetar.jpg","keywords":["FHMZ","grad tuzla","narand\u017easto upozorenje","vjetar"],"articleSection":["Istaknuto","Novosti"],"inLanguage":"bs-BA","copyrightYear":"2025","copyrightHolder":{"@id":"https:\/\/tuzlainfo.ba\/#organization"}},{"@type":"WebPage","@id":"https:\/\/tuzlainfo.ba\/index.php\/novosti\/item\/286597-narandzasto-upozorenje-za-tuzlu-zbog-jakih-udara-vjetra\/","url":"https:\/\/tuzlainfo.ba\/index.php\/novosti\/item\/286597-narandzasto-upozorenje-za-tuzlu-zbog-jakih-udara-vjetra\/","name":"Narand\u017easto upozorenje za Tuzlu zbog jakih udara vjetra","isPartOf":{"@id":"https:\/\/tuzlainfo.ba\/#website"},"primaryImageOfPage":{"@id":"https:\/\/tuzlainfo.ba\/index.php\/novosti\/item\/286597-narandzasto-upozorenje-za-tuzlu-zbog-jakih-udara-vjetra\/#primaryimage"},"image":{"@id":"https:\/\/tuzlainfo.ba\/index.php\/novosti\/item\/286597-narandzasto-upozorenje-za-tuzlu-zbog-jakih-udara-vjetra\/#primaryimage"},"thumbnailUrl":"https:\/\/tuzlainfo.ba\/wp-content\/uploads\/2018\/10\/sadrzaj_2018_20181001_2610_vjetar.jpg","datePublished":"2025-11-17T11:50:30+00:00","dateModified":"2025-11-17T11:52:52+00:00","breadcrumb":{"@id":"https:\/\/tuzlainfo.ba\/index.php\/novosti\/item\/286597-narandzasto-upozorenje-za-tuzlu-zbog-jakih-udara-vjetra\/#breadcrumb"},"inLanguage":"bs-BA","potentialAction":[{"@type":"ReadAction","target":["https:\/\/tuzlainfo.ba\/index.php\/novosti\/item\/286597-narandzasto-upozorenje-za-tuzlu-zbog-jakih-udara-vjetra\/"]}]},{"@type":"ImageObject","inLanguage":"bs-BA","@id":"https:\/\/tuzlainfo.ba\/index.php\/novosti\/item\/286597-narandzasto-upozorenje-za-tuzlu-zbog-jakih-udara-vjetra\/#primaryimage","url":"https:\/\/tuzlainfo.ba\/wp-content\/uploads\/2018\/10\/sadrzaj_2018_20181001_2610_vjetar.jpg","contentUrl":"https:\/\/tuzlainfo.ba\/wp-content\/uploads\/2018\/10\/sadrzaj_2018_20181001_2610_vjetar.jpg","width":770,"height":433,"caption":"2610 vjetar"},{"@type":"BreadcrumbList","@id":"https:\/\/tuzlainfo.ba\/index.php\/novosti\/item\/286597-narandzasto-upozorenje-za-tuzlu-zbog-jakih-udara-vjetra\/#breadcrumb","itemListElement":[{"@type":"ListItem","position":1,"name":"Home","item":"https:\/\/tuzlainfo.ba\/"},{"@type":"ListItem","position":2,"name":"Narand\u017easto upozorenje za Tuzlu zbog jakih udara vjetra"}]},{"@type":"WebSite","@id":"https:\/\/tuzlainfo.ba\/#website","url":"https:\/\/tuzlainfo.ba\/","name":"TuzlaInfo.ba","description":"Tuzla info, gradski informator - Tuzla na dlanu","publisher":{"@id":"https:\/\/tuzlainfo.ba\/#organization"},"potentialAction":[{"@type":"SearchAction","target":{"@type":"EntryPoint","urlTemplate":"https:\/\/tuzlainfo.ba\/?s={search_term_string}"},"query-input":{"@type":"PropertyValueSpecification","valueRequired":true,"valueName":"search_term_string"}}],"inLanguage":"bs-BA"},{"@type":"Organization","@id":"https:\/\/tuzlainfo.ba\/#organization","name":"TuzlaInfo.ba","url":"https:\/\/tuzlainfo.ba\/","logo":{"@type":"ImageObject","inLanguage":"bs-BA","@id":"https:\/\/tuzlainfo.ba\/#\/schema\/logo\/image\/","url":"https:\/\/tuzlainfo.ba\/wp-content\/uploads\/2021\/03\/logo-ver-3-1.png","contentUrl":"https:\/\/tuzlainfo.ba\/wp-content\/uploads\/2021\/03\/logo-ver-3-1.png","width":350,"height":95,"caption":"TuzlaInfo.ba"},"image":{"@id":"https:\/\/tuzlainfo.ba\/#\/schema\/logo\/image\/"},"sameAs":["https:\/\/www.facebook.com\/tuzlainfo.ba\/"]},{"@type":"Person","@id":"https:\/\/tuzlainfo.ba\/#\/schema\/person\/46cad4c57790cbc50781edd14870825a","name":"Tuzla Info","image":{"@type":"ImageObject","inLanguage":"bs-BA","@id":"https:\/\/secure.gravatar.com\/avatar\/e980921b00fa2e552723a2386544734ce6885d2b2304ccca3f45186f9ca4031d?s=96&d=mm&r=g","url":"https:\/\/secure.gravatar.com\/avatar\/e980921b00fa2e552723a2386544734ce6885d2b2304ccca3f45186f9ca4031d?s=96&d=mm&r=g","contentUrl":"https:\/\/secure.gravatar.com\/avatar\/e980921b00fa2e552723a2386544734ce6885d2b2304ccca3f45186f9ca4031d?s=96&d=mm&r=g","caption":"Tuzla Info"}}]}},"_links":{"self":[{"href":"https:\/\/tuzlainfo.ba\/index.php\/wp-json\/wp\/v2\/posts\/286597","targetHints":{"allow":["GET"]}}],"collection":[{"href":"https:\/\/tuzlainfo.ba\/index.php\/wp-json\/wp\/v2\/posts"}],"about":[{"href":"https:\/\/tuzlainfo.ba\/index.php\/wp-json\/wp\/v2\/types\/post"}],"author":[{"embeddable":true,"href":"https:\/\/tuzlainfo.ba\/index.php\/wp-json\/wp\/v2\/users\/4"}],"replies":[{"embeddable":true,"href":"https:\/\/tuzlainfo.ba\/index.php\/wp-json\/wp\/v2\/comments?post=286597"}],"version-history":[{"count":1,"href":"https:\/\/tuzlainfo.ba\/index.php\/wp-json\/wp\/v2\/posts\/286597\/revisions"}],"predecessor-version":[{"id":286598,"href":"https:\/\/tuzlainfo.ba\/index.php\/wp-json\/wp\/v2\/posts\/286597\/revisions\/286598"}],"wp:featuredmedia":[{"embeddable":true,"href":"https:\/\/tuzlainfo.ba\/index.php\/wp-json\/wp\/v2\/media\/65056"}],"wp:attachment":[{"href":"https:\/\/tuzlainfo.ba\/index.php\/wp-json\/wp\/v2\/media?parent=286597"}],"wp:term":[{"taxonomy":"category","embeddable":true,"href":"https:\/\/tuzlainfo.ba\/index.php\/wp-json\/wp\/v2\/categories?post=286597"},{"taxonomy":"post_tag","embeddable":true,"href":"https:\/\/tuzlainfo.ba\/index.php\/wp-json\/wp\/v2\/tags?post=286597"}],"curies":[{"name":"wp","href":"https:\/\/api.w.org\/{rel}","templated":true}]}}