{"id":286575,"date":"2025-11-17T09:32:35","date_gmt":"2025-11-17T08:32:35","guid":{"rendered":"https:\/\/tuzlainfo.ba\/?p=286575"},"modified":"2025-11-17T08:49:06","modified_gmt":"2025-11-17T07:49:06","slug":"stojkovic-tvrdi-da-je-vucic-ucestvovao-u-sarajevo-safariju-i-podsjeca-na-njegove-ratne-izjave","status":"publish","type":"post","link":"https:\/\/tuzlainfo.ba\/index.php\/clanci\/sa-svih-strana\/item\/286575-stojkovic-tvrdi-da-je-vucic-ucestvovao-u-sarajevo-safariju-i-podsjeca-na-njegove-ratne-izjave\/","title":{"rendered":"Stojkovi\u0107 tvrdi da je Vu\u010di\u0107 u\u010destvovao u \u201eSarajevo safariju\u201c i podsje\u0107a na njegove ratne izjave"},"content":{"rendered":"<p>Srbijanski advokat \u010cedomir Stojkovi\u0107 javno je optu\u017eio predsjednika Srbije Aleksandra Vu\u010di\u0107a da je tokom rata bio dio onoga \u0161to naziva \u201eSarajevo safari\u201c, organiziranog snajperskog ubijanja civila u opkoljenom gradu. U duga\u010dkoj objavi na Facebooku iznio je vi\u0161e tvrdnji koje, prema njegovim rije\u010dima, \u201evode ka nepobitnom zaklju\u010dku\u201c da je Vu\u010di\u0107 u\u010destvovao u ratnim aktivnostima na jednoj od najpoznatijih snajperskih lokacija.<\/p>\n<p>Kao klju\u010dni dokaz Stojkovi\u0107 navodi tvrdnje Vojislava \u0160e\u0161elja koji je ranije izjavio da je Vu\u010di\u0107 \u201eratovao kao dobrovoljac u jedinici Slavka Aleksi\u0107a na Jevrejskom groblju\u201c. Upravo to mjesto, podsje\u0107a Stojkovi\u0107, godinama se spominjalo kao polo\u017eaj s kojeg su tokom opsade ga\u0111ani civili. \u201eTo se doga\u0111alo dok je Vu\u010di\u0107 po sopstvenom priznanju ratovao upravo tu\u201c, napisao je Stojkovi\u0107, pozivaju\u0107i se i na snimke iz ratnog perioda te film The Human Hunters of Sarajevo.<\/p>\n<p><a href=\"https:\/\/tuzlainfo.ba\/wp-content\/uploads\/2025\/11\/vucic.png\" data-rel=\"penci-gallery-image-content\" ><img fetchpriority=\"high\" decoding=\"async\" class=\"alignnone size-full wp-image-286576\" src=\"https:\/\/tuzlainfo.ba\/wp-content\/uploads\/2025\/11\/vucic.png\" alt=\"\" width=\"800\" height=\"510\" srcset=\"https:\/\/tuzlainfo.ba\/wp-content\/uploads\/2025\/11\/vucic.png 800w, https:\/\/tuzlainfo.ba\/wp-content\/uploads\/2025\/11\/vucic-300x191.png 300w, https:\/\/tuzlainfo.ba\/wp-content\/uploads\/2025\/11\/vucic-768x490.png 768w, https:\/\/tuzlainfo.ba\/wp-content\/uploads\/2025\/11\/vucic-585x373.png 585w, https:\/\/tuzlainfo.ba\/wp-content\/uploads\/2025\/11\/vucic-150x96.png 150w, https:\/\/tuzlainfo.ba\/wp-content\/uploads\/2025\/11\/vucic-500x319.png 500w\" sizes=\"(max-width: 800px) 100vw, 800px\" \/><\/a><\/p>\n<p>Posebno se osvrnuo na snimak iz 1993. godine na kojem se Vu\u010di\u0107 vidi s predmetom koji, po njegovim rije\u010dima, \u201eli\u010di na snajpersku pu\u0161ku\u201c. Vu\u010di\u0107 je ranije govorio: \u201eNosio sam ki\u0161obran\u201c, a kasnije da je \u201eto bio stativ za kameru\u201c, tvrde\u0107i da su napadi na njega poku\u0161aj da se \u201eometu ekonomski uspjesi Srbije\u201c.<\/p>\n<p>Stojkovi\u0107 kao novi element navodi i pojavu Zlatka Novkovi\u0107a, poznatog kao Zack Novak, koji je nedavno ispred Skup\u0161tine Srbije prijetio demonstrantima. Tvrdio je da je Novkovi\u0107 \u201ebio u istoj jedinici na Jevrejskom groblju kao i Vu\u010di\u0107\u201c, vide\u0107i u tome dodatnu potvrdu ratne povezanosti.<\/p>\n<p>Kao jedan od klju\u010dnih citata Stojkovi\u0107 isti\u010de Vu\u010di\u0107ev intervju za Dugu iz 1994. godine u kojem je izjavio: \u201eKao dobrovoljac sam oti\u0161ao u srpsko Sarajevo. Bio sam neko vrijeme na Jevrejskom groblju.\u201c Prema Stojkovi\u0107u, ovaj citat je direktno priznanje boravka na mjestu s kojeg su, prema brojnim svjedo\u010denjima, djelovali snajperi.<\/p>\n<p>U zaklju\u010dku navodi da Vu\u010di\u0107 nije mogao biti dio jedinice, a da ne zna \u0161ta se doga\u0111a oko njega. \u201eKada je neko dobrovoljno dio jedinice koja ubija civile, ne mo\u017ee se pravdati da je odlu\u010dio ubijati samo vojnike\u201c, napisao je Stojkovi\u0107, podsje\u0107aju\u0107i i na Vu\u010di\u0107evu ratnu izjavu iz parlamenta Srbije: \u201eZa jednog ubijenog Srbina ubi\u0107emo 100 Bo\u0161njaka.\u201c<\/p>\n","protected":false},"excerpt":{"rendered":"<p>Srbijanski advokat \u010cedomir Stojkovi\u0107 javno je optu\u017eio predsjednika Srbije Aleksandra Vu\u010di\u0107a da je tokom rata&hellip;<\/p>\n","protected":false},"author":8,"featured_media":181827,"comment_status":"closed","ping_status":"closed","sticky":false,"template":"","format":"standard","meta":{"_acf_changed":false,"footnotes":""},"categories":[16],"tags":[638,13018],"acf":[],"yoast_head":"<!-- This site is optimized with the Yoast SEO plugin v23.5 - https:\/\/yoast.com\/wordpress\/plugins\/seo\/ -->\n<title>Stojkovi\u0107 tvrdi da je Vu\u010di\u0107 u\u010destvovao u \u201eSarajevo safariju\u201c i podsje\u0107a na njegove ratne izjave - TuzlaInfo.ba<\/title>\n<meta name=\"robots\" content=\"index, follow, max-snippet:-1, max-image-preview:large, max-video-preview:-1\" \/>\n<link rel=\"canonical\" href=\"https:\/\/tuzlainfo.ba\/index.php\/clanci\/sa-svih-strana\/item\/286575-stojkovic-tvrdi-da-je-vucic-ucestvovao-u-sarajevo-safariju-i-podsjeca-na-njegove-ratne-izjave\/\" \/>\n<meta property=\"og:locale\" content=\"bs_BA\" \/>\n<meta property=\"og:type\" content=\"article\" \/>\n<meta property=\"og:title\" content=\"Stojkovi\u0107 tvrdi da je Vu\u010di\u0107 u\u010destvovao u \u201eSarajevo safariju\u201c i podsje\u0107a na njegove ratne izjave - TuzlaInfo.ba\" \/>\n<meta property=\"og:description\" content=\"Srbijanski advokat \u010cedomir Stojkovi\u0107 javno je optu\u017eio predsjednika Srbije Aleksandra Vu\u010di\u0107a da je tokom rata&hellip;\" \/>\n<meta property=\"og:url\" content=\"https:\/\/tuzlainfo.ba\/index.php\/clanci\/sa-svih-strana\/item\/286575-stojkovic-tvrdi-da-je-vucic-ucestvovao-u-sarajevo-safariju-i-podsjeca-na-njegove-ratne-izjave\/\" \/>\n<meta property=\"og:site_name\" content=\"TuzlaInfo.ba\" \/>\n<meta property=\"article:publisher\" content=\"https:\/\/www.facebook.com\/tuzlainfo.ba\/\" \/>\n<meta property=\"article:published_time\" content=\"2025-11-17T08:32:35+00:00\" \/>\n<meta property=\"article:modified_time\" content=\"2025-11-17T07:49:06+00:00\" \/>\n<meta property=\"og:image\" content=\"https:\/\/tuzlainfo.ba\/wp-content\/uploads\/2022\/08\/2108_aleksandar_vucic.jpg\" \/>\n\t<meta property=\"og:image:width\" content=\"800\" \/>\n\t<meta property=\"og:image:height\" content=\"532\" \/>\n\t<meta property=\"og:image:type\" content=\"image\/jpeg\" \/>\n<meta name=\"author\" content=\"Admin Tri\" \/>\n<meta name=\"twitter:card\" content=\"summary_large_image\" \/>\n<meta name=\"twitter:label1\" content=\"Written by\" \/>\n\t<meta name=\"twitter:data1\" content=\"Admin Tri\" \/>\n\t<meta name=\"twitter:label2\" content=\"Est. reading time\" \/>\n\t<meta name=\"twitter:data2\" content=\"3 minute\" \/>\n<script type=\"application\/ld+json\" class=\"yoast-schema-graph\">{\"@context\":\"https:\/\/schema.org\",\"@graph\":[{\"@type\":\"Article\",\"@id\":\"https:\/\/tuzlainfo.ba\/index.php\/clanci\/sa-svih-strana\/item\/286575-stojkovic-tvrdi-da-je-vucic-ucestvovao-u-sarajevo-safariju-i-podsjeca-na-njegove-ratne-izjave\/#article\",\"isPartOf\":{\"@id\":\"https:\/\/tuzlainfo.ba\/index.php\/clanci\/sa-svih-strana\/item\/286575-stojkovic-tvrdi-da-je-vucic-ucestvovao-u-sarajevo-safariju-i-podsjeca-na-njegove-ratne-izjave\/\"},\"author\":{\"name\":\"Admin Tri\",\"@id\":\"https:\/\/tuzlainfo.ba\/#\/schema\/person\/593e78a2f6378c5ba3e7600ecfa4e63a\"},\"headline\":\"Stojkovi\u0107 tvrdi da je Vu\u010di\u0107 u\u010destvovao u \u201eSarajevo safariju\u201c i podsje\u0107a na njegove ratne izjave\",\"datePublished\":\"2025-11-17T08:32:35+00:00\",\"dateModified\":\"2025-11-17T07:49:06+00:00\",\"mainEntityOfPage\":{\"@id\":\"https:\/\/tuzlainfo.ba\/index.php\/clanci\/sa-svih-strana\/item\/286575-stojkovic-tvrdi-da-je-vucic-ucestvovao-u-sarajevo-safariju-i-podsjeca-na-njegove-ratne-izjave\/\"},\"wordCount\":397,\"publisher\":{\"@id\":\"https:\/\/tuzlainfo.ba\/#organization\"},\"image\":{\"@id\":\"https:\/\/tuzlainfo.ba\/index.php\/clanci\/sa-svih-strana\/item\/286575-stojkovic-tvrdi-da-je-vucic-ucestvovao-u-sarajevo-safariju-i-podsjeca-na-njegove-ratne-izjave\/#primaryimage\"},\"thumbnailUrl\":\"https:\/\/tuzlainfo.ba\/wp-content\/uploads\/2022\/08\/2108_aleksandar_vucic.jpg\",\"keywords\":[\"aleksandar vu\u010di\u0107\",\"sarajevo safari\"],\"articleSection\":[\"Sa svih strana\"],\"inLanguage\":\"bs-BA\"},{\"@type\":\"WebPage\",\"@id\":\"https:\/\/tuzlainfo.ba\/index.php\/clanci\/sa-svih-strana\/item\/286575-stojkovic-tvrdi-da-je-vucic-ucestvovao-u-sarajevo-safariju-i-podsjeca-na-njegove-ratne-izjave\/\",\"url\":\"https:\/\/tuzlainfo.ba\/index.php\/clanci\/sa-svih-strana\/item\/286575-stojkovic-tvrdi-da-je-vucic-ucestvovao-u-sarajevo-safariju-i-podsjeca-na-njegove-ratne-izjave\/\",\"name\":\"Stojkovi\u0107 tvrdi da je Vu\u010di\u0107 u\u010destvovao u \u201eSarajevo safariju\u201c i podsje\u0107a na njegove ratne izjave - TuzlaInfo.ba\",\"isPartOf\":{\"@id\":\"https:\/\/tuzlainfo.ba\/#website\"},\"primaryImageOfPage\":{\"@id\":\"https:\/\/tuzlainfo.ba\/index.php\/clanci\/sa-svih-strana\/item\/286575-stojkovic-tvrdi-da-je-vucic-ucestvovao-u-sarajevo-safariju-i-podsjeca-na-njegove-ratne-izjave\/#primaryimage\"},\"image\":{\"@id\":\"https:\/\/tuzlainfo.ba\/index.php\/clanci\/sa-svih-strana\/item\/286575-stojkovic-tvrdi-da-je-vucic-ucestvovao-u-sarajevo-safariju-i-podsjeca-na-njegove-ratne-izjave\/#primaryimage\"},\"thumbnailUrl\":\"https:\/\/tuzlainfo.ba\/wp-content\/uploads\/2022\/08\/2108_aleksandar_vucic.jpg\",\"datePublished\":\"2025-11-17T08:32:35+00:00\",\"dateModified\":\"2025-11-17T07:49:06+00:00\",\"breadcrumb\":{\"@id\":\"https:\/\/tuzlainfo.ba\/index.php\/clanci\/sa-svih-strana\/item\/286575-stojkovic-tvrdi-da-je-vucic-ucestvovao-u-sarajevo-safariju-i-podsjeca-na-njegove-ratne-izjave\/#breadcrumb\"},\"inLanguage\":\"bs-BA\",\"potentialAction\":[{\"@type\":\"ReadAction\",\"target\":[\"https:\/\/tuzlainfo.ba\/index.php\/clanci\/sa-svih-strana\/item\/286575-stojkovic-tvrdi-da-je-vucic-ucestvovao-u-sarajevo-safariju-i-podsjeca-na-njegove-ratne-izjave\/\"]}]},{\"@type\":\"ImageObject\",\"inLanguage\":\"bs-BA\",\"@id\":\"https:\/\/tuzlainfo.ba\/index.php\/clanci\/sa-svih-strana\/item\/286575-stojkovic-tvrdi-da-je-vucic-ucestvovao-u-sarajevo-safariju-i-podsjeca-na-njegove-ratne-izjave\/#primaryimage\",\"url\":\"https:\/\/tuzlainfo.ba\/wp-content\/uploads\/2022\/08\/2108_aleksandar_vucic.jpg\",\"contentUrl\":\"https:\/\/tuzlainfo.ba\/wp-content\/uploads\/2022\/08\/2108_aleksandar_vucic.jpg\",\"width\":800,\"height\":532,\"caption\":\"Aleksandar Vu\u010di\u0107 \/ Foto by Facebook stranica Aleksandar Vu\u010di\u0107\"},{\"@type\":\"BreadcrumbList\",\"@id\":\"https:\/\/tuzlainfo.ba\/index.php\/clanci\/sa-svih-strana\/item\/286575-stojkovic-tvrdi-da-je-vucic-ucestvovao-u-sarajevo-safariju-i-podsjeca-na-njegove-ratne-izjave\/#breadcrumb\",\"itemListElement\":[{\"@type\":\"ListItem\",\"position\":1,\"name\":\"Home\",\"item\":\"https:\/\/tuzlainfo.ba\/\"},{\"@type\":\"ListItem\",\"position\":2,\"name\":\"Stojkovi\u0107 tvrdi da je Vu\u010di\u0107 u\u010destvovao u \u201eSarajevo safariju\u201c i podsje\u0107a na njegove ratne izjave\"}]},{\"@type\":\"WebSite\",\"@id\":\"https:\/\/tuzlainfo.ba\/#website\",\"url\":\"https:\/\/tuzlainfo.ba\/\",\"name\":\"TuzlaInfo.ba\",\"description\":\"Tuzla info, gradski informator - Tuzla na dlanu\",\"publisher\":{\"@id\":\"https:\/\/tuzlainfo.ba\/#organization\"},\"potentialAction\":[{\"@type\":\"SearchAction\",\"target\":{\"@type\":\"EntryPoint\",\"urlTemplate\":\"https:\/\/tuzlainfo.ba\/?s={search_term_string}\"},\"query-input\":{\"@type\":\"PropertyValueSpecification\",\"valueRequired\":true,\"valueName\":\"search_term_string\"}}],\"inLanguage\":\"bs-BA\"},{\"@type\":\"Organization\",\"@id\":\"https:\/\/tuzlainfo.ba\/#organization\",\"name\":\"TuzlaInfo.ba\",\"url\":\"https:\/\/tuzlainfo.ba\/\",\"logo\":{\"@type\":\"ImageObject\",\"inLanguage\":\"bs-BA\",\"@id\":\"https:\/\/tuzlainfo.ba\/#\/schema\/logo\/image\/\",\"url\":\"https:\/\/tuzlainfo.ba\/wp-content\/uploads\/2021\/03\/logo-ver-3-1.png\",\"contentUrl\":\"https:\/\/tuzlainfo.ba\/wp-content\/uploads\/2021\/03\/logo-ver-3-1.png\",\"width\":350,\"height\":95,\"caption\":\"TuzlaInfo.ba\"},\"image\":{\"@id\":\"https:\/\/tuzlainfo.ba\/#\/schema\/logo\/image\/\"},\"sameAs\":[\"https:\/\/www.facebook.com\/tuzlainfo.ba\/\"]},{\"@type\":\"Person\",\"@id\":\"https:\/\/tuzlainfo.ba\/#\/schema\/person\/593e78a2f6378c5ba3e7600ecfa4e63a\",\"name\":\"Admin Tri\",\"image\":{\"@type\":\"ImageObject\",\"inLanguage\":\"bs-BA\",\"@id\":\"https:\/\/tuzlainfo.ba\/#\/schema\/person\/image\/\",\"url\":\"https:\/\/tuzlainfo.ba\/wp-content\/litespeed\/avatar\/b7920db4cc34a71ad12497283ad2fe3f.jpg?ver=1777100914\",\"contentUrl\":\"https:\/\/tuzlainfo.ba\/wp-content\/litespeed\/avatar\/b7920db4cc34a71ad12497283ad2fe3f.jpg?ver=1777100914\",\"caption\":\"Admin Tri\"},\"sameAs\":[\"https:\/\/tuzlainfo.ba\"]}]}<\/script>\n<!-- \/ Yoast SEO plugin. -->","yoast_head_json":{"title":"Stojkovi\u0107 tvrdi da je Vu\u010di\u0107 u\u010destvovao u \u201eSarajevo safariju\u201c i podsje\u0107a na njegove ratne izjave - TuzlaInfo.ba","robots":{"index":"index","follow":"follow","max-snippet":"max-snippet:-1","max-image-preview":"max-image-preview:large","max-video-preview":"max-video-preview:-1"},"canonical":"https:\/\/tuzlainfo.ba\/index.php\/clanci\/sa-svih-strana\/item\/286575-stojkovic-tvrdi-da-je-vucic-ucestvovao-u-sarajevo-safariju-i-podsjeca-na-njegove-ratne-izjave\/","og_locale":"bs_BA","og_type":"article","og_title":"Stojkovi\u0107 tvrdi da je Vu\u010di\u0107 u\u010destvovao u \u201eSarajevo safariju\u201c i podsje\u0107a na njegove ratne izjave - TuzlaInfo.ba","og_description":"Srbijanski advokat \u010cedomir Stojkovi\u0107 javno je optu\u017eio predsjednika Srbije Aleksandra Vu\u010di\u0107a da je tokom rata&hellip;","og_url":"https:\/\/tuzlainfo.ba\/index.php\/clanci\/sa-svih-strana\/item\/286575-stojkovic-tvrdi-da-je-vucic-ucestvovao-u-sarajevo-safariju-i-podsjeca-na-njegove-ratne-izjave\/","og_site_name":"TuzlaInfo.ba","article_publisher":"https:\/\/www.facebook.com\/tuzlainfo.ba\/","article_published_time":"2025-11-17T08:32:35+00:00","article_modified_time":"2025-11-17T07:49:06+00:00","og_image":[{"width":800,"height":532,"url":"https:\/\/tuzlainfo.ba\/wp-content\/uploads\/2022\/08\/2108_aleksandar_vucic.jpg","type":"image\/jpeg"}],"author":"Admin Tri","twitter_card":"summary_large_image","twitter_misc":{"Written by":"Admin Tri","Est. reading time":"3 minute"},"schema":{"@context":"https:\/\/schema.org","@graph":[{"@type":"Article","@id":"https:\/\/tuzlainfo.ba\/index.php\/clanci\/sa-svih-strana\/item\/286575-stojkovic-tvrdi-da-je-vucic-ucestvovao-u-sarajevo-safariju-i-podsjeca-na-njegove-ratne-izjave\/#article","isPartOf":{"@id":"https:\/\/tuzlainfo.ba\/index.php\/clanci\/sa-svih-strana\/item\/286575-stojkovic-tvrdi-da-je-vucic-ucestvovao-u-sarajevo-safariju-i-podsjeca-na-njegove-ratne-izjave\/"},"author":{"name":"Admin Tri","@id":"https:\/\/tuzlainfo.ba\/#\/schema\/person\/593e78a2f6378c5ba3e7600ecfa4e63a"},"headline":"Stojkovi\u0107 tvrdi da je Vu\u010di\u0107 u\u010destvovao u \u201eSarajevo safariju\u201c i podsje\u0107a na njegove ratne izjave","datePublished":"2025-11-17T08:32:35+00:00","dateModified":"2025-11-17T07:49:06+00:00","mainEntityOfPage":{"@id":"https:\/\/tuzlainfo.ba\/index.php\/clanci\/sa-svih-strana\/item\/286575-stojkovic-tvrdi-da-je-vucic-ucestvovao-u-sarajevo-safariju-i-podsjeca-na-njegove-ratne-izjave\/"},"wordCount":397,"publisher":{"@id":"https:\/\/tuzlainfo.ba\/#organization"},"image":{"@id":"https:\/\/tuzlainfo.ba\/index.php\/clanci\/sa-svih-strana\/item\/286575-stojkovic-tvrdi-da-je-vucic-ucestvovao-u-sarajevo-safariju-i-podsjeca-na-njegove-ratne-izjave\/#primaryimage"},"thumbnailUrl":"https:\/\/tuzlainfo.ba\/wp-content\/uploads\/2022\/08\/2108_aleksandar_vucic.jpg","keywords":["aleksandar vu\u010di\u0107","sarajevo safari"],"articleSection":["Sa svih strana"],"inLanguage":"bs-BA"},{"@type":"WebPage","@id":"https:\/\/tuzlainfo.ba\/index.php\/clanci\/sa-svih-strana\/item\/286575-stojkovic-tvrdi-da-je-vucic-ucestvovao-u-sarajevo-safariju-i-podsjeca-na-njegove-ratne-izjave\/","url":"https:\/\/tuzlainfo.ba\/index.php\/clanci\/sa-svih-strana\/item\/286575-stojkovic-tvrdi-da-je-vucic-ucestvovao-u-sarajevo-safariju-i-podsjeca-na-njegove-ratne-izjave\/","name":"Stojkovi\u0107 tvrdi da je Vu\u010di\u0107 u\u010destvovao u \u201eSarajevo safariju\u201c i podsje\u0107a na njegove ratne izjave - TuzlaInfo.ba","isPartOf":{"@id":"https:\/\/tuzlainfo.ba\/#website"},"primaryImageOfPage":{"@id":"https:\/\/tuzlainfo.ba\/index.php\/clanci\/sa-svih-strana\/item\/286575-stojkovic-tvrdi-da-je-vucic-ucestvovao-u-sarajevo-safariju-i-podsjeca-na-njegove-ratne-izjave\/#primaryimage"},"image":{"@id":"https:\/\/tuzlainfo.ba\/index.php\/clanci\/sa-svih-strana\/item\/286575-stojkovic-tvrdi-da-je-vucic-ucestvovao-u-sarajevo-safariju-i-podsjeca-na-njegove-ratne-izjave\/#primaryimage"},"thumbnailUrl":"https:\/\/tuzlainfo.ba\/wp-content\/uploads\/2022\/08\/2108_aleksandar_vucic.jpg","datePublished":"2025-11-17T08:32:35+00:00","dateModified":"2025-11-17T07:49:06+00:00","breadcrumb":{"@id":"https:\/\/tuzlainfo.ba\/index.php\/clanci\/sa-svih-strana\/item\/286575-stojkovic-tvrdi-da-je-vucic-ucestvovao-u-sarajevo-safariju-i-podsjeca-na-njegove-ratne-izjave\/#breadcrumb"},"inLanguage":"bs-BA","potentialAction":[{"@type":"ReadAction","target":["https:\/\/tuzlainfo.ba\/index.php\/clanci\/sa-svih-strana\/item\/286575-stojkovic-tvrdi-da-je-vucic-ucestvovao-u-sarajevo-safariju-i-podsjeca-na-njegove-ratne-izjave\/"]}]},{"@type":"ImageObject","inLanguage":"bs-BA","@id":"https:\/\/tuzlainfo.ba\/index.php\/clanci\/sa-svih-strana\/item\/286575-stojkovic-tvrdi-da-je-vucic-ucestvovao-u-sarajevo-safariju-i-podsjeca-na-njegove-ratne-izjave\/#primaryimage","url":"https:\/\/tuzlainfo.ba\/wp-content\/uploads\/2022\/08\/2108_aleksandar_vucic.jpg","contentUrl":"https:\/\/tuzlainfo.ba\/wp-content\/uploads\/2022\/08\/2108_aleksandar_vucic.jpg","width":800,"height":532,"caption":"Aleksandar Vu\u010di\u0107 \/ Foto by Facebook stranica Aleksandar Vu\u010di\u0107"},{"@type":"BreadcrumbList","@id":"https:\/\/tuzlainfo.ba\/index.php\/clanci\/sa-svih-strana\/item\/286575-stojkovic-tvrdi-da-je-vucic-ucestvovao-u-sarajevo-safariju-i-podsjeca-na-njegove-ratne-izjave\/#breadcrumb","itemListElement":[{"@type":"ListItem","position":1,"name":"Home","item":"https:\/\/tuzlainfo.ba\/"},{"@type":"ListItem","position":2,"name":"Stojkovi\u0107 tvrdi da je Vu\u010di\u0107 u\u010destvovao u \u201eSarajevo safariju\u201c i podsje\u0107a na njegove ratne izjave"}]},{"@type":"WebSite","@id":"https:\/\/tuzlainfo.ba\/#website","url":"https:\/\/tuzlainfo.ba\/","name":"TuzlaInfo.ba","description":"Tuzla info, gradski informator - Tuzla na dlanu","publisher":{"@id":"https:\/\/tuzlainfo.ba\/#organization"},"potentialAction":[{"@type":"SearchAction","target":{"@type":"EntryPoint","urlTemplate":"https:\/\/tuzlainfo.ba\/?s={search_term_string}"},"query-input":{"@type":"PropertyValueSpecification","valueRequired":true,"valueName":"search_term_string"}}],"inLanguage":"bs-BA"},{"@type":"Organization","@id":"https:\/\/tuzlainfo.ba\/#organization","name":"TuzlaInfo.ba","url":"https:\/\/tuzlainfo.ba\/","logo":{"@type":"ImageObject","inLanguage":"bs-BA","@id":"https:\/\/tuzlainfo.ba\/#\/schema\/logo\/image\/","url":"https:\/\/tuzlainfo.ba\/wp-content\/uploads\/2021\/03\/logo-ver-3-1.png","contentUrl":"https:\/\/tuzlainfo.ba\/wp-content\/uploads\/2021\/03\/logo-ver-3-1.png","width":350,"height":95,"caption":"TuzlaInfo.ba"},"image":{"@id":"https:\/\/tuzlainfo.ba\/#\/schema\/logo\/image\/"},"sameAs":["https:\/\/www.facebook.com\/tuzlainfo.ba\/"]},{"@type":"Person","@id":"https:\/\/tuzlainfo.ba\/#\/schema\/person\/593e78a2f6378c5ba3e7600ecfa4e63a","name":"Admin Tri","image":{"@type":"ImageObject","inLanguage":"bs-BA","@id":"https:\/\/tuzlainfo.ba\/#\/schema\/person\/image\/","url":"https:\/\/tuzlainfo.ba\/wp-content\/litespeed\/avatar\/b7920db4cc34a71ad12497283ad2fe3f.jpg?ver=1777100914","contentUrl":"https:\/\/tuzlainfo.ba\/wp-content\/litespeed\/avatar\/b7920db4cc34a71ad12497283ad2fe3f.jpg?ver=1777100914","caption":"Admin Tri"},"sameAs":["https:\/\/tuzlainfo.ba"]}]}},"_links":{"self":[{"href":"https:\/\/tuzlainfo.ba\/index.php\/wp-json\/wp\/v2\/posts\/286575"}],"collection":[{"href":"https:\/\/tuzlainfo.ba\/index.php\/wp-json\/wp\/v2\/posts"}],"about":[{"href":"https:\/\/tuzlainfo.ba\/index.php\/wp-json\/wp\/v2\/types\/post"}],"author":[{"embeddable":true,"href":"https:\/\/tuzlainfo.ba\/index.php\/wp-json\/wp\/v2\/users\/8"}],"replies":[{"embeddable":true,"href":"https:\/\/tuzlainfo.ba\/index.php\/wp-json\/wp\/v2\/comments?post=286575"}],"version-history":[{"count":1,"href":"https:\/\/tuzlainfo.ba\/index.php\/wp-json\/wp\/v2\/posts\/286575\/revisions"}],"predecessor-version":[{"id":286577,"href":"https:\/\/tuzlainfo.ba\/index.php\/wp-json\/wp\/v2\/posts\/286575\/revisions\/286577"}],"wp:featuredmedia":[{"embeddable":true,"href":"https:\/\/tuzlainfo.ba\/index.php\/wp-json\/wp\/v2\/media\/181827"}],"wp:attachment":[{"href":"https:\/\/tuzlainfo.ba\/index.php\/wp-json\/wp\/v2\/media?parent=286575"}],"wp:term":[{"taxonomy":"category","embeddable":true,"href":"https:\/\/tuzlainfo.ba\/index.php\/wp-json\/wp\/v2\/categories?post=286575"},{"taxonomy":"post_tag","embeddable":true,"href":"https:\/\/tuzlainfo.ba\/index.php\/wp-json\/wp\/v2\/tags?post=286575"}],"curies":[{"name":"wp","href":"https:\/\/api.w.org\/{rel}","templated":true}]}}