{"id":286551,"date":"2025-11-16T20:37:40","date_gmt":"2025-11-16T19:37:40","guid":{"rendered":"https:\/\/tuzlainfo.ba\/?p=286551"},"modified":"2025-11-17T14:48:27","modified_gmt":"2025-11-17T13:48:27","slug":"rumunski-selektor-govorili-su-da-smo-cigani-daj-boze-da-u-barazu-opet-igramo-sa-njima","status":"publish","type":"post","link":"https:\/\/tuzlainfo.ba\/index.php\/bosna-i-hercegovina\/item\/286551-rumunski-selektor-govorili-su-da-smo-cigani-daj-boze-da-u-barazu-opet-igramo-sa-njima\/","title":{"rendered":"Rumunski selektor: &#8220;Govorili su da smo Cigani, daj Bo\u017ee da u bara\u017eu opet igramo sa njima&#8221;"},"content":{"rendered":"<p data-start=\"103\" data-end=\"490\">Fudbalska reprezentacija Bosne i Hercegovine ostvarila je va\u017enu pobjedu protiv Rumunije rezultatom 3:1 u pretposljednjem kolu kvalifikacija za Svjetsko prvenstvo, \u010dime je zadr\u017eala \u0161ansu da ve\u0107 za dva dana u Be\u010du pobjedom protiv doma\u0107e selekcije osigura direktan plasman na Mundijal.<\/p>\n<p data-start=\"492\" data-end=\"837\">Nakon susreta, selektor Rumunije Mir\u010dea Lu\u010desku opravdanje za porazn terenu je tra\u017eio u organizaciji utakmice i pona\u0161anju dijela publike, tvrde\u0107i da nikada nije vidio lo\u0161ije uslove za gostuju\u0107i tim. Naveo je da je stru\u010dni \u0161tab bio smje\u0161ten u uskom prolazu bez stolica, dok su igra\u010di bili zbijeni u prostoru koji je, kako ka\u017ee, jedva zadovoljavao minimalne potrebe ekipe.<\/p>\n<p data-start=\"839\" data-end=\"1099\">Lu\u010desku je naglasio da njegovi igra\u010di nisu imali adekvatan prostor za zagrijavanje, ocijeniv\u0161i da stadion nije prilago\u0111en za fudbalske utakmice ovog nivoa. Prema njegovim rije\u010dima, sve je to doprinijelo stvaranju utiska da gostuju\u0107a ekipa nije bila dobrodo\u0161la.<\/p>\n<p data-start=\"1101\" data-end=\"1397\">Posebno se osvrnuo na pona\u0161anje dijela publike, tvrde\u0107i da su rumunski fudbaleri vrije\u0111ani tokom \u010ditave utakmice.\u00a0Tvrdi da su im navija\u010di vikali &#8220;Cigani&#8221;.<\/p>\n<p>&#8211; Ako smo mi ono to \u0161to su vikali, \u0161ta su onda oni? Nemogu\u0107e je da se ovaj nivo fudbala igra u ovako neljudskim uslovima. Nikada nisam vidio ne\u0161to sli\u010dno u karijeri. Nedostaje im gostoprimstva. Vri\u0161tali su i zvi\u017edali tokom himne, nisam \u010duo na\u0161u himn &#8211; tvrdi Lu\u010desku, o\u010digledno zaboravljaju\u0107i da se i himni Bosne i Hercegovine zvi\u017edalo u Rumuniji.<\/p>\n<p data-start=\"1399\" data-end=\"1670\">Rekao je bosanskohercegova\u010dka reprezentacija u Bukure\u0161tu do\u010dekana, kako ka\u017ee, \u201cna pravom stadionu i uz puno po\u0161tovanje\u201d, te je izrazio \u017eelju da se eventualni bara\u017e duel ponovo igra u Rumuniji.<\/p>\n<p data-start=\"1399\" data-end=\"1670\">&#8211; Daj Bo\u017ee da opet igramo sa njima u bara\u017eu. Bilo bi kao u Bukure\u0161tu, igralo bi se 10 minuta&#8221;, rekao je Lu\u010desku, koji ni jednom rje\u010dju nije osudio skandaloznu fotografiju rumusnkih navija\u010da sa trasparentom koji veli\u010da ratnog zlo\u010dinca Ratka Mladi\u0107a i antimuslimasnkim porukama, \u0161to je izazvalo bijes doma\u0107ih navija\u010da.<\/p>\n","protected":false},"excerpt":{"rendered":"<p>Fudbalska reprezentacija Bosne i Hercegovine ostvarila je va\u017enu pobjedu protiv Rumunije rezultatom 3:1 u pretposljednjem&hellip;<\/p>\n","protected":false},"author":2,"featured_media":286552,"comment_status":"closed","ping_status":"closed","sticky":false,"template":"","format":"standard","meta":{"_acf_changed":false,"footnotes":""},"categories":[291,306],"tags":[4899,915],"acf":[],"yoast_head":"<!-- This site is optimized with the Yoast SEO plugin v23.5 - https:\/\/yoast.com\/wordpress\/plugins\/seo\/ -->\n<title>Rumunski selektor: &quot;Govorili su da smo Cigani, daj Bo\u017ee da u bara\u017eu opet igramo sa njima&quot; - TuzlaInfo.ba<\/title>\n<meta name=\"robots\" content=\"index, follow, max-snippet:-1, max-image-preview:large, max-video-preview:-1\" \/>\n<link rel=\"canonical\" href=\"https:\/\/tuzlainfo.ba\/index.php\/bosna-i-hercegovina\/item\/286551-rumunski-selektor-govorili-su-da-smo-cigani-daj-boze-da-u-barazu-opet-igramo-sa-njima\/\" \/>\n<meta property=\"og:locale\" content=\"bs_BA\" \/>\n<meta property=\"og:type\" content=\"article\" \/>\n<meta property=\"og:title\" content=\"Rumunski selektor: &quot;Govorili su da smo Cigani, daj Bo\u017ee da u bara\u017eu opet igramo sa njima&quot; - TuzlaInfo.ba\" \/>\n<meta property=\"og:description\" content=\"Fudbalska reprezentacija Bosne i Hercegovine ostvarila je va\u017enu pobjedu protiv Rumunije rezultatom 3:1 u pretposljednjem&hellip;\" \/>\n<meta property=\"og:url\" content=\"https:\/\/tuzlainfo.ba\/index.php\/bosna-i-hercegovina\/item\/286551-rumunski-selektor-govorili-su-da-smo-cigani-daj-boze-da-u-barazu-opet-igramo-sa-njima\/\" \/>\n<meta property=\"og:site_name\" content=\"TuzlaInfo.ba\" \/>\n<meta property=\"article:publisher\" content=\"https:\/\/www.facebook.com\/tuzlainfo.ba\/\" \/>\n<meta property=\"article:published_time\" content=\"2025-11-16T19:37:40+00:00\" \/>\n<meta property=\"article:modified_time\" content=\"2025-11-17T13:48:27+00:00\" \/>\n<meta property=\"og:image\" content=\"https:\/\/tuzlainfo.ba\/wp-content\/uploads\/2025\/11\/1611_lucesku.jpg\" \/>\n\t<meta property=\"og:image:width\" content=\"1024\" \/>\n\t<meta property=\"og:image:height\" content=\"635\" \/>\n\t<meta property=\"og:image:type\" content=\"image\/jpeg\" \/>\n<meta name=\"author\" content=\"nedim\" \/>\n<meta name=\"twitter:card\" content=\"summary_large_image\" \/>\n<meta name=\"twitter:label1\" content=\"Written by\" \/>\n\t<meta name=\"twitter:data1\" content=\"nedim\" \/>\n\t<meta name=\"twitter:label2\" content=\"Est. reading time\" \/>\n\t<meta name=\"twitter:data2\" content=\"2 minute\" \/>\n<script type=\"application\/ld+json\" class=\"yoast-schema-graph\">{\"@context\":\"https:\/\/schema.org\",\"@graph\":[{\"@type\":\"Article\",\"@id\":\"https:\/\/tuzlainfo.ba\/index.php\/bosna-i-hercegovina\/item\/286551-rumunski-selektor-govorili-su-da-smo-cigani-daj-boze-da-u-barazu-opet-igramo-sa-njima\/#article\",\"isPartOf\":{\"@id\":\"https:\/\/tuzlainfo.ba\/index.php\/bosna-i-hercegovina\/item\/286551-rumunski-selektor-govorili-su-da-smo-cigani-daj-boze-da-u-barazu-opet-igramo-sa-njima\/\"},\"author\":{\"name\":\"nedim\",\"@id\":\"https:\/\/tuzlainfo.ba\/#\/schema\/person\/f434e20dc27ea133923aab08451b7f7f\"},\"headline\":\"Rumunski selektor: &#8220;Govorili su da smo Cigani, daj Bo\u017ee da u bara\u017eu opet igramo sa njima&#8221;\",\"datePublished\":\"2025-11-16T19:37:40+00:00\",\"dateModified\":\"2025-11-17T13:48:27+00:00\",\"mainEntityOfPage\":{\"@id\":\"https:\/\/tuzlainfo.ba\/index.php\/bosna-i-hercegovina\/item\/286551-rumunski-selektor-govorili-su-da-smo-cigani-daj-boze-da-u-barazu-opet-igramo-sa-njima\/\"},\"wordCount\":365,\"publisher\":{\"@id\":\"https:\/\/tuzlainfo.ba\/#organization\"},\"image\":{\"@id\":\"https:\/\/tuzlainfo.ba\/index.php\/bosna-i-hercegovina\/item\/286551-rumunski-selektor-govorili-su-da-smo-cigani-daj-boze-da-u-barazu-opet-igramo-sa-njima\/#primaryimage\"},\"thumbnailUrl\":\"https:\/\/tuzlainfo.ba\/wp-content\/uploads\/2025\/11\/1611_lucesku.jpg\",\"keywords\":[\"Rumunija\",\"sport\"],\"articleSection\":[\"Bosna i Hercegovina\",\"Preporu\u010dujemo\"],\"inLanguage\":\"bs-BA\"},{\"@type\":\"WebPage\",\"@id\":\"https:\/\/tuzlainfo.ba\/index.php\/bosna-i-hercegovina\/item\/286551-rumunski-selektor-govorili-su-da-smo-cigani-daj-boze-da-u-barazu-opet-igramo-sa-njima\/\",\"url\":\"https:\/\/tuzlainfo.ba\/index.php\/bosna-i-hercegovina\/item\/286551-rumunski-selektor-govorili-su-da-smo-cigani-daj-boze-da-u-barazu-opet-igramo-sa-njima\/\",\"name\":\"Rumunski selektor: \\\"Govorili su da smo Cigani, daj Bo\u017ee da u bara\u017eu opet igramo sa njima\\\" - TuzlaInfo.ba\",\"isPartOf\":{\"@id\":\"https:\/\/tuzlainfo.ba\/#website\"},\"primaryImageOfPage\":{\"@id\":\"https:\/\/tuzlainfo.ba\/index.php\/bosna-i-hercegovina\/item\/286551-rumunski-selektor-govorili-su-da-smo-cigani-daj-boze-da-u-barazu-opet-igramo-sa-njima\/#primaryimage\"},\"image\":{\"@id\":\"https:\/\/tuzlainfo.ba\/index.php\/bosna-i-hercegovina\/item\/286551-rumunski-selektor-govorili-su-da-smo-cigani-daj-boze-da-u-barazu-opet-igramo-sa-njima\/#primaryimage\"},\"thumbnailUrl\":\"https:\/\/tuzlainfo.ba\/wp-content\/uploads\/2025\/11\/1611_lucesku.jpg\",\"datePublished\":\"2025-11-16T19:37:40+00:00\",\"dateModified\":\"2025-11-17T13:48:27+00:00\",\"breadcrumb\":{\"@id\":\"https:\/\/tuzlainfo.ba\/index.php\/bosna-i-hercegovina\/item\/286551-rumunski-selektor-govorili-su-da-smo-cigani-daj-boze-da-u-barazu-opet-igramo-sa-njima\/#breadcrumb\"},\"inLanguage\":\"bs-BA\",\"potentialAction\":[{\"@type\":\"ReadAction\",\"target\":[\"https:\/\/tuzlainfo.ba\/index.php\/bosna-i-hercegovina\/item\/286551-rumunski-selektor-govorili-su-da-smo-cigani-daj-boze-da-u-barazu-opet-igramo-sa-njima\/\"]}]},{\"@type\":\"ImageObject\",\"inLanguage\":\"bs-BA\",\"@id\":\"https:\/\/tuzlainfo.ba\/index.php\/bosna-i-hercegovina\/item\/286551-rumunski-selektor-govorili-su-da-smo-cigani-daj-boze-da-u-barazu-opet-igramo-sa-njima\/#primaryimage\",\"url\":\"https:\/\/tuzlainfo.ba\/wp-content\/uploads\/2025\/11\/1611_lucesku.jpg\",\"contentUrl\":\"https:\/\/tuzlainfo.ba\/wp-content\/uploads\/2025\/11\/1611_lucesku.jpg\",\"width\":1024,\"height\":635},{\"@type\":\"BreadcrumbList\",\"@id\":\"https:\/\/tuzlainfo.ba\/index.php\/bosna-i-hercegovina\/item\/286551-rumunski-selektor-govorili-su-da-smo-cigani-daj-boze-da-u-barazu-opet-igramo-sa-njima\/#breadcrumb\",\"itemListElement\":[{\"@type\":\"ListItem\",\"position\":1,\"name\":\"Home\",\"item\":\"https:\/\/tuzlainfo.ba\/\"},{\"@type\":\"ListItem\",\"position\":2,\"name\":\"Rumunski selektor: &#8220;Govorili su da smo Cigani, daj Bo\u017ee da u bara\u017eu opet igramo sa njima&#8221;\"}]},{\"@type\":\"WebSite\",\"@id\":\"https:\/\/tuzlainfo.ba\/#website\",\"url\":\"https:\/\/tuzlainfo.ba\/\",\"name\":\"TuzlaInfo.ba\",\"description\":\"Tuzla info, gradski informator - Tuzla na dlanu\",\"publisher\":{\"@id\":\"https:\/\/tuzlainfo.ba\/#organization\"},\"potentialAction\":[{\"@type\":\"SearchAction\",\"target\":{\"@type\":\"EntryPoint\",\"urlTemplate\":\"https:\/\/tuzlainfo.ba\/?s={search_term_string}\"},\"query-input\":{\"@type\":\"PropertyValueSpecification\",\"valueRequired\":true,\"valueName\":\"search_term_string\"}}],\"inLanguage\":\"bs-BA\"},{\"@type\":\"Organization\",\"@id\":\"https:\/\/tuzlainfo.ba\/#organization\",\"name\":\"TuzlaInfo.ba\",\"url\":\"https:\/\/tuzlainfo.ba\/\",\"logo\":{\"@type\":\"ImageObject\",\"inLanguage\":\"bs-BA\",\"@id\":\"https:\/\/tuzlainfo.ba\/#\/schema\/logo\/image\/\",\"url\":\"https:\/\/tuzlainfo.ba\/wp-content\/uploads\/2021\/03\/logo-ver-3-1.png\",\"contentUrl\":\"https:\/\/tuzlainfo.ba\/wp-content\/uploads\/2021\/03\/logo-ver-3-1.png\",\"width\":350,\"height\":95,\"caption\":\"TuzlaInfo.ba\"},\"image\":{\"@id\":\"https:\/\/tuzlainfo.ba\/#\/schema\/logo\/image\/\"},\"sameAs\":[\"https:\/\/www.facebook.com\/tuzlainfo.ba\/\"]},{\"@type\":\"Person\",\"@id\":\"https:\/\/tuzlainfo.ba\/#\/schema\/person\/f434e20dc27ea133923aab08451b7f7f\",\"name\":\"nedim\",\"image\":{\"@type\":\"ImageObject\",\"inLanguage\":\"bs-BA\",\"@id\":\"https:\/\/tuzlainfo.ba\/#\/schema\/person\/image\/\",\"url\":\"https:\/\/tuzlainfo.ba\/wp-content\/litespeed\/avatar\/aabad687af24844af817603ac1cbdc4f.jpg?ver=1777306975\",\"contentUrl\":\"https:\/\/tuzlainfo.ba\/wp-content\/litespeed\/avatar\/aabad687af24844af817603ac1cbdc4f.jpg?ver=1777306975\",\"caption\":\"nedim\"},\"description\":\"Tuzlainfo.ba pratite na dru\u0161tvenim mre\u017eama: Facebook, Instagram i Youtube. Svoje pri\u010de, upite i fotografije \u0161aljite na na\u0161u e-mail adresu.\"}]}<\/script>\n<!-- \/ Yoast SEO plugin. -->","yoast_head_json":{"title":"Rumunski selektor: \"Govorili su da smo Cigani, daj Bo\u017ee da u bara\u017eu opet igramo sa njima\" - TuzlaInfo.ba","robots":{"index":"index","follow":"follow","max-snippet":"max-snippet:-1","max-image-preview":"max-image-preview:large","max-video-preview":"max-video-preview:-1"},"canonical":"https:\/\/tuzlainfo.ba\/index.php\/bosna-i-hercegovina\/item\/286551-rumunski-selektor-govorili-su-da-smo-cigani-daj-boze-da-u-barazu-opet-igramo-sa-njima\/","og_locale":"bs_BA","og_type":"article","og_title":"Rumunski selektor: \"Govorili su da smo Cigani, daj Bo\u017ee da u bara\u017eu opet igramo sa njima\" - TuzlaInfo.ba","og_description":"Fudbalska reprezentacija Bosne i Hercegovine ostvarila je va\u017enu pobjedu protiv Rumunije rezultatom 3:1 u pretposljednjem&hellip;","og_url":"https:\/\/tuzlainfo.ba\/index.php\/bosna-i-hercegovina\/item\/286551-rumunski-selektor-govorili-su-da-smo-cigani-daj-boze-da-u-barazu-opet-igramo-sa-njima\/","og_site_name":"TuzlaInfo.ba","article_publisher":"https:\/\/www.facebook.com\/tuzlainfo.ba\/","article_published_time":"2025-11-16T19:37:40+00:00","article_modified_time":"2025-11-17T13:48:27+00:00","og_image":[{"width":1024,"height":635,"url":"https:\/\/tuzlainfo.ba\/wp-content\/uploads\/2025\/11\/1611_lucesku.jpg","type":"image\/jpeg"}],"author":"nedim","twitter_card":"summary_large_image","twitter_misc":{"Written by":"nedim","Est. reading time":"2 minute"},"schema":{"@context":"https:\/\/schema.org","@graph":[{"@type":"Article","@id":"https:\/\/tuzlainfo.ba\/index.php\/bosna-i-hercegovina\/item\/286551-rumunski-selektor-govorili-su-da-smo-cigani-daj-boze-da-u-barazu-opet-igramo-sa-njima\/#article","isPartOf":{"@id":"https:\/\/tuzlainfo.ba\/index.php\/bosna-i-hercegovina\/item\/286551-rumunski-selektor-govorili-su-da-smo-cigani-daj-boze-da-u-barazu-opet-igramo-sa-njima\/"},"author":{"name":"nedim","@id":"https:\/\/tuzlainfo.ba\/#\/schema\/person\/f434e20dc27ea133923aab08451b7f7f"},"headline":"Rumunski selektor: &#8220;Govorili su da smo Cigani, daj Bo\u017ee da u bara\u017eu opet igramo sa njima&#8221;","datePublished":"2025-11-16T19:37:40+00:00","dateModified":"2025-11-17T13:48:27+00:00","mainEntityOfPage":{"@id":"https:\/\/tuzlainfo.ba\/index.php\/bosna-i-hercegovina\/item\/286551-rumunski-selektor-govorili-su-da-smo-cigani-daj-boze-da-u-barazu-opet-igramo-sa-njima\/"},"wordCount":365,"publisher":{"@id":"https:\/\/tuzlainfo.ba\/#organization"},"image":{"@id":"https:\/\/tuzlainfo.ba\/index.php\/bosna-i-hercegovina\/item\/286551-rumunski-selektor-govorili-su-da-smo-cigani-daj-boze-da-u-barazu-opet-igramo-sa-njima\/#primaryimage"},"thumbnailUrl":"https:\/\/tuzlainfo.ba\/wp-content\/uploads\/2025\/11\/1611_lucesku.jpg","keywords":["Rumunija","sport"],"articleSection":["Bosna i Hercegovina","Preporu\u010dujemo"],"inLanguage":"bs-BA"},{"@type":"WebPage","@id":"https:\/\/tuzlainfo.ba\/index.php\/bosna-i-hercegovina\/item\/286551-rumunski-selektor-govorili-su-da-smo-cigani-daj-boze-da-u-barazu-opet-igramo-sa-njima\/","url":"https:\/\/tuzlainfo.ba\/index.php\/bosna-i-hercegovina\/item\/286551-rumunski-selektor-govorili-su-da-smo-cigani-daj-boze-da-u-barazu-opet-igramo-sa-njima\/","name":"Rumunski selektor: \"Govorili su da smo Cigani, daj Bo\u017ee da u bara\u017eu opet igramo sa njima\" - TuzlaInfo.ba","isPartOf":{"@id":"https:\/\/tuzlainfo.ba\/#website"},"primaryImageOfPage":{"@id":"https:\/\/tuzlainfo.ba\/index.php\/bosna-i-hercegovina\/item\/286551-rumunski-selektor-govorili-su-da-smo-cigani-daj-boze-da-u-barazu-opet-igramo-sa-njima\/#primaryimage"},"image":{"@id":"https:\/\/tuzlainfo.ba\/index.php\/bosna-i-hercegovina\/item\/286551-rumunski-selektor-govorili-su-da-smo-cigani-daj-boze-da-u-barazu-opet-igramo-sa-njima\/#primaryimage"},"thumbnailUrl":"https:\/\/tuzlainfo.ba\/wp-content\/uploads\/2025\/11\/1611_lucesku.jpg","datePublished":"2025-11-16T19:37:40+00:00","dateModified":"2025-11-17T13:48:27+00:00","breadcrumb":{"@id":"https:\/\/tuzlainfo.ba\/index.php\/bosna-i-hercegovina\/item\/286551-rumunski-selektor-govorili-su-da-smo-cigani-daj-boze-da-u-barazu-opet-igramo-sa-njima\/#breadcrumb"},"inLanguage":"bs-BA","potentialAction":[{"@type":"ReadAction","target":["https:\/\/tuzlainfo.ba\/index.php\/bosna-i-hercegovina\/item\/286551-rumunski-selektor-govorili-su-da-smo-cigani-daj-boze-da-u-barazu-opet-igramo-sa-njima\/"]}]},{"@type":"ImageObject","inLanguage":"bs-BA","@id":"https:\/\/tuzlainfo.ba\/index.php\/bosna-i-hercegovina\/item\/286551-rumunski-selektor-govorili-su-da-smo-cigani-daj-boze-da-u-barazu-opet-igramo-sa-njima\/#primaryimage","url":"https:\/\/tuzlainfo.ba\/wp-content\/uploads\/2025\/11\/1611_lucesku.jpg","contentUrl":"https:\/\/tuzlainfo.ba\/wp-content\/uploads\/2025\/11\/1611_lucesku.jpg","width":1024,"height":635},{"@type":"BreadcrumbList","@id":"https:\/\/tuzlainfo.ba\/index.php\/bosna-i-hercegovina\/item\/286551-rumunski-selektor-govorili-su-da-smo-cigani-daj-boze-da-u-barazu-opet-igramo-sa-njima\/#breadcrumb","itemListElement":[{"@type":"ListItem","position":1,"name":"Home","item":"https:\/\/tuzlainfo.ba\/"},{"@type":"ListItem","position":2,"name":"Rumunski selektor: &#8220;Govorili su da smo Cigani, daj Bo\u017ee da u bara\u017eu opet igramo sa njima&#8221;"}]},{"@type":"WebSite","@id":"https:\/\/tuzlainfo.ba\/#website","url":"https:\/\/tuzlainfo.ba\/","name":"TuzlaInfo.ba","description":"Tuzla info, gradski informator - Tuzla na dlanu","publisher":{"@id":"https:\/\/tuzlainfo.ba\/#organization"},"potentialAction":[{"@type":"SearchAction","target":{"@type":"EntryPoint","urlTemplate":"https:\/\/tuzlainfo.ba\/?s={search_term_string}"},"query-input":{"@type":"PropertyValueSpecification","valueRequired":true,"valueName":"search_term_string"}}],"inLanguage":"bs-BA"},{"@type":"Organization","@id":"https:\/\/tuzlainfo.ba\/#organization","name":"TuzlaInfo.ba","url":"https:\/\/tuzlainfo.ba\/","logo":{"@type":"ImageObject","inLanguage":"bs-BA","@id":"https:\/\/tuzlainfo.ba\/#\/schema\/logo\/image\/","url":"https:\/\/tuzlainfo.ba\/wp-content\/uploads\/2021\/03\/logo-ver-3-1.png","contentUrl":"https:\/\/tuzlainfo.ba\/wp-content\/uploads\/2021\/03\/logo-ver-3-1.png","width":350,"height":95,"caption":"TuzlaInfo.ba"},"image":{"@id":"https:\/\/tuzlainfo.ba\/#\/schema\/logo\/image\/"},"sameAs":["https:\/\/www.facebook.com\/tuzlainfo.ba\/"]},{"@type":"Person","@id":"https:\/\/tuzlainfo.ba\/#\/schema\/person\/f434e20dc27ea133923aab08451b7f7f","name":"nedim","image":{"@type":"ImageObject","inLanguage":"bs-BA","@id":"https:\/\/tuzlainfo.ba\/#\/schema\/person\/image\/","url":"https:\/\/tuzlainfo.ba\/wp-content\/litespeed\/avatar\/aabad687af24844af817603ac1cbdc4f.jpg?ver=1777306975","contentUrl":"https:\/\/tuzlainfo.ba\/wp-content\/litespeed\/avatar\/aabad687af24844af817603ac1cbdc4f.jpg?ver=1777306975","caption":"nedim"},"description":"Tuzlainfo.ba pratite na dru\u0161tvenim mre\u017eama: Facebook, Instagram i Youtube. Svoje pri\u010de, upite i fotografije \u0161aljite na na\u0161u e-mail adresu."}]}},"_links":{"self":[{"href":"https:\/\/tuzlainfo.ba\/index.php\/wp-json\/wp\/v2\/posts\/286551"}],"collection":[{"href":"https:\/\/tuzlainfo.ba\/index.php\/wp-json\/wp\/v2\/posts"}],"about":[{"href":"https:\/\/tuzlainfo.ba\/index.php\/wp-json\/wp\/v2\/types\/post"}],"author":[{"embeddable":true,"href":"https:\/\/tuzlainfo.ba\/index.php\/wp-json\/wp\/v2\/users\/2"}],"replies":[{"embeddable":true,"href":"https:\/\/tuzlainfo.ba\/index.php\/wp-json\/wp\/v2\/comments?post=286551"}],"version-history":[{"count":3,"href":"https:\/\/tuzlainfo.ba\/index.php\/wp-json\/wp\/v2\/posts\/286551\/revisions"}],"predecessor-version":[{"id":286555,"href":"https:\/\/tuzlainfo.ba\/index.php\/wp-json\/wp\/v2\/posts\/286551\/revisions\/286555"}],"wp:featuredmedia":[{"embeddable":true,"href":"https:\/\/tuzlainfo.ba\/index.php\/wp-json\/wp\/v2\/media\/286552"}],"wp:attachment":[{"href":"https:\/\/tuzlainfo.ba\/index.php\/wp-json\/wp\/v2\/media?parent=286551"}],"wp:term":[{"taxonomy":"category","embeddable":true,"href":"https:\/\/tuzlainfo.ba\/index.php\/wp-json\/wp\/v2\/categories?post=286551"},{"taxonomy":"post_tag","embeddable":true,"href":"https:\/\/tuzlainfo.ba\/index.php\/wp-json\/wp\/v2\/tags?post=286551"}],"curies":[{"name":"wp","href":"https:\/\/api.w.org\/{rel}","templated":true}]}}