{"id":286449,"date":"2025-11-15T10:11:01","date_gmt":"2025-11-15T09:11:01","guid":{"rendered":"https:\/\/tuzlainfo.ba\/?p=286449"},"modified":"2025-11-15T10:28:07","modified_gmt":"2025-11-15T09:28:07","slug":"policija-o-nesreci-na-putu-zivinice-banovici-vozac-udario-u-drvo-i-poginuo","status":"publish","type":"post","link":"https:\/\/tuzlainfo.ba\/index.php\/istaknuto\/item\/286449-policija-o-nesreci-na-putu-zivinice-banovici-vozac-udario-u-drvo-i-poginuo\/","title":{"rendered":"Policija o nesre\u0107i na putu \u017divinice &#8211; Banovi\u0107i: Voza\u010d udario u drvo i poginuo"},"content":{"rendered":"<p data-start=\"112\" data-end=\"422\">Uprava policije MUP-a Tuzlanskog kantona potvrdila je nove informacije o te\u0161koj saobra\u0107ajnoj nesre\u0107i koja se jutros dogodila na magistralnom putu M1.7 \u017divinice\u2013Banovi\u0107i, u blizini Rabi\u0107a groblja. Nesre\u0107a je prijavljena u 7:10, a tragi\u010dan ishod potvrdili su policijski slu\u017ebenici na terenu.<\/p>\n<p data-start=\"424\" data-end=\"744\">Prema prvim rezultatima istrage, u nesre\u0107i je u\u010destvovalo jedno putni\u010dko motorno vozilo \u010diji je voza\u010d, pod jo\u0161 neutvr\u0111enim okolnostima, izgubio kontrolu, sletio s kolovoza i udario u drvo.<\/p>\n<p data-start=\"424\" data-end=\"744\">Voza\u010d je poginuo na mjestu doga\u0111aja, dok je druga osoba zadobila povrede i prevezena je u JZU UKC Tuzla radi daljnjeg zbrinjavanja.<\/p>\n<p data-start=\"746\" data-end=\"957\">Uvi\u0111aj je u toku, a njime rukovodi de\u017eurni tu\u017eilac Kantonalnog tu\u017eila\u0161tva Tuzlanskog kantona, uz prisustvo istra\u017eitelja OKP PU \u017divinice koji provode sve potrebne radnje radi utvr\u0111ivanja ta\u010dnih okolnosti nesre\u0107e.<\/p>\n<p data-start=\"959\" data-end=\"1165\" data-is-last-node=\"\" data-is-only-node=\"\">Zbog obavljanja uvi\u0111aja saobra\u0107aj na ovoj dionici puta je u potpunosti obustavljen. Voza\u010di se mole da koriste alternativne pravce dok nadle\u017ene slu\u017ebe ne zavr\u0161e svoj posao i omogu\u0107e normalizaciju saobra\u0107aja.<\/p>\n","protected":false},"excerpt":{"rendered":"<p>Uprava policije MUP-a Tuzlanskog kantona potvrdila je nove informacije o te\u0161koj saobra\u0107ajnoj nesre\u0107i koja se&hellip;<\/p>\n","protected":false},"author":4,"featured_media":286458,"comment_status":"closed","ping_status":"closed","sticky":false,"template":"","format":"standard","meta":{"_acf_changed":false,"footnotes":""},"categories":[304,12],"tags":[417,4157],"acf":[],"yoast_head":"<!-- This site is optimized with the Yoast SEO plugin v23.5 - https:\/\/yoast.com\/wordpress\/plugins\/seo\/ -->\n<title>Policija o nesre\u0107i na putu \u017divinice - Banovi\u0107i: Voza\u010d udario u drvo i poginuo - TuzlaInfo.ba<\/title>\n<meta name=\"robots\" content=\"index, follow, max-snippet:-1, max-image-preview:large, max-video-preview:-1\" \/>\n<link rel=\"canonical\" href=\"https:\/\/tuzlainfo.ba\/index.php\/novosti\/item\/286449-policija-o-nesreci-na-putu-zivinice-banovici-vozac-udario-u-drvo-i-poginuo\/\" \/>\n<meta property=\"og:locale\" content=\"bs_BA\" \/>\n<meta property=\"og:type\" content=\"article\" \/>\n<meta property=\"og:title\" content=\"Policija o nesre\u0107i na putu \u017divinice - Banovi\u0107i: Voza\u010d udario u drvo i poginuo - TuzlaInfo.ba\" \/>\n<meta property=\"og:description\" content=\"Uprava policije MUP-a Tuzlanskog kantona potvrdila je nove informacije o te\u0161koj saobra\u0107ajnoj nesre\u0107i koja se&hellip;\" \/>\n<meta property=\"og:url\" content=\"https:\/\/tuzlainfo.ba\/index.php\/novosti\/item\/286449-policija-o-nesreci-na-putu-zivinice-banovici-vozac-udario-u-drvo-i-poginuo\/\" \/>\n<meta property=\"og:site_name\" content=\"TuzlaInfo.ba\" \/>\n<meta property=\"article:publisher\" content=\"https:\/\/www.facebook.com\/tuzlainfo.ba\/\" \/>\n<meta property=\"article:published_time\" content=\"2025-11-15T09:11:01+00:00\" \/>\n<meta property=\"article:modified_time\" content=\"2025-11-15T09:28:07+00:00\" \/>\n<meta property=\"og:image\" content=\"https:\/\/tuzlainfo.ba\/wp-content\/uploads\/2025\/11\/1511_nesreca2.jpg\" \/>\n\t<meta property=\"og:image:width\" content=\"902\" \/>\n\t<meta property=\"og:image:height\" content=\"599\" \/>\n\t<meta property=\"og:image:type\" content=\"image\/jpeg\" \/>\n<meta name=\"author\" content=\"Tuzla Info\" \/>\n<meta name=\"twitter:card\" content=\"summary_large_image\" \/>\n<meta name=\"twitter:label1\" content=\"Written by\" \/>\n\t<meta name=\"twitter:data1\" content=\"Tuzla Info\" \/>\n\t<meta name=\"twitter:label2\" content=\"Est. reading time\" \/>\n\t<meta name=\"twitter:data2\" content=\"2 minute\" \/>\n<script type=\"application\/ld+json\" class=\"yoast-schema-graph\">{\"@context\":\"https:\/\/schema.org\",\"@graph\":[{\"@type\":\"Article\",\"@id\":\"https:\/\/tuzlainfo.ba\/index.php\/novosti\/item\/286449-policija-o-nesreci-na-putu-zivinice-banovici-vozac-udario-u-drvo-i-poginuo\/#article\",\"isPartOf\":{\"@id\":\"https:\/\/tuzlainfo.ba\/index.php\/novosti\/item\/286449-policija-o-nesreci-na-putu-zivinice-banovici-vozac-udario-u-drvo-i-poginuo\/\"},\"author\":{\"name\":\"Tuzla Info\",\"@id\":\"https:\/\/tuzlainfo.ba\/#\/schema\/person\/46cad4c57790cbc50781edd14870825a\"},\"headline\":\"Policija o nesre\u0107i na putu \u017divinice &#8211; Banovi\u0107i: Voza\u010d udario u drvo i poginuo\",\"datePublished\":\"2025-11-15T09:11:01+00:00\",\"dateModified\":\"2025-11-15T09:28:07+00:00\",\"mainEntityOfPage\":{\"@id\":\"https:\/\/tuzlainfo.ba\/index.php\/novosti\/item\/286449-policija-o-nesreci-na-putu-zivinice-banovici-vozac-udario-u-drvo-i-poginuo\/\"},\"wordCount\":195,\"publisher\":{\"@id\":\"https:\/\/tuzlainfo.ba\/#organization\"},\"image\":{\"@id\":\"https:\/\/tuzlainfo.ba\/index.php\/novosti\/item\/286449-policija-o-nesreci-na-putu-zivinice-banovici-vozac-udario-u-drvo-i-poginuo\/#primaryimage\"},\"thumbnailUrl\":\"https:\/\/tuzlainfo.ba\/wp-content\/uploads\/2025\/11\/1511_nesreca2.jpg\",\"keywords\":[\"crna hronika\",\"Uprava policije MUP TK\"],\"articleSection\":[\"Istaknuto\",\"Novosti\"],\"inLanguage\":\"bs-BA\"},{\"@type\":\"WebPage\",\"@id\":\"https:\/\/tuzlainfo.ba\/index.php\/novosti\/item\/286449-policija-o-nesreci-na-putu-zivinice-banovici-vozac-udario-u-drvo-i-poginuo\/\",\"url\":\"https:\/\/tuzlainfo.ba\/index.php\/novosti\/item\/286449-policija-o-nesreci-na-putu-zivinice-banovici-vozac-udario-u-drvo-i-poginuo\/\",\"name\":\"Policija o nesre\u0107i na putu \u017divinice - Banovi\u0107i: Voza\u010d udario u drvo i poginuo - TuzlaInfo.ba\",\"isPartOf\":{\"@id\":\"https:\/\/tuzlainfo.ba\/#website\"},\"primaryImageOfPage\":{\"@id\":\"https:\/\/tuzlainfo.ba\/index.php\/novosti\/item\/286449-policija-o-nesreci-na-putu-zivinice-banovici-vozac-udario-u-drvo-i-poginuo\/#primaryimage\"},\"image\":{\"@id\":\"https:\/\/tuzlainfo.ba\/index.php\/novosti\/item\/286449-policija-o-nesreci-na-putu-zivinice-banovici-vozac-udario-u-drvo-i-poginuo\/#primaryimage\"},\"thumbnailUrl\":\"https:\/\/tuzlainfo.ba\/wp-content\/uploads\/2025\/11\/1511_nesreca2.jpg\",\"datePublished\":\"2025-11-15T09:11:01+00:00\",\"dateModified\":\"2025-11-15T09:28:07+00:00\",\"breadcrumb\":{\"@id\":\"https:\/\/tuzlainfo.ba\/index.php\/novosti\/item\/286449-policija-o-nesreci-na-putu-zivinice-banovici-vozac-udario-u-drvo-i-poginuo\/#breadcrumb\"},\"inLanguage\":\"bs-BA\",\"potentialAction\":[{\"@type\":\"ReadAction\",\"target\":[\"https:\/\/tuzlainfo.ba\/index.php\/novosti\/item\/286449-policija-o-nesreci-na-putu-zivinice-banovici-vozac-udario-u-drvo-i-poginuo\/\"]}]},{\"@type\":\"ImageObject\",\"inLanguage\":\"bs-BA\",\"@id\":\"https:\/\/tuzlainfo.ba\/index.php\/novosti\/item\/286449-policija-o-nesreci-na-putu-zivinice-banovici-vozac-udario-u-drvo-i-poginuo\/#primaryimage\",\"url\":\"https:\/\/tuzlainfo.ba\/wp-content\/uploads\/2025\/11\/1511_nesreca2.jpg\",\"contentUrl\":\"https:\/\/tuzlainfo.ba\/wp-content\/uploads\/2025\/11\/1511_nesreca2.jpg\",\"width\":902,\"height\":599},{\"@type\":\"BreadcrumbList\",\"@id\":\"https:\/\/tuzlainfo.ba\/index.php\/novosti\/item\/286449-policija-o-nesreci-na-putu-zivinice-banovici-vozac-udario-u-drvo-i-poginuo\/#breadcrumb\",\"itemListElement\":[{\"@type\":\"ListItem\",\"position\":1,\"name\":\"Home\",\"item\":\"https:\/\/tuzlainfo.ba\/\"},{\"@type\":\"ListItem\",\"position\":2,\"name\":\"Policija o nesre\u0107i na putu \u017divinice &#8211; Banovi\u0107i: Voza\u010d udario u drvo i poginuo\"}]},{\"@type\":\"WebSite\",\"@id\":\"https:\/\/tuzlainfo.ba\/#website\",\"url\":\"https:\/\/tuzlainfo.ba\/\",\"name\":\"TuzlaInfo.ba\",\"description\":\"Tuzla info, gradski informator - Tuzla na dlanu\",\"publisher\":{\"@id\":\"https:\/\/tuzlainfo.ba\/#organization\"},\"potentialAction\":[{\"@type\":\"SearchAction\",\"target\":{\"@type\":\"EntryPoint\",\"urlTemplate\":\"https:\/\/tuzlainfo.ba\/?s={search_term_string}\"},\"query-input\":{\"@type\":\"PropertyValueSpecification\",\"valueRequired\":true,\"valueName\":\"search_term_string\"}}],\"inLanguage\":\"bs-BA\"},{\"@type\":\"Organization\",\"@id\":\"https:\/\/tuzlainfo.ba\/#organization\",\"name\":\"TuzlaInfo.ba\",\"url\":\"https:\/\/tuzlainfo.ba\/\",\"logo\":{\"@type\":\"ImageObject\",\"inLanguage\":\"bs-BA\",\"@id\":\"https:\/\/tuzlainfo.ba\/#\/schema\/logo\/image\/\",\"url\":\"https:\/\/tuzlainfo.ba\/wp-content\/uploads\/2021\/03\/logo-ver-3-1.png\",\"contentUrl\":\"https:\/\/tuzlainfo.ba\/wp-content\/uploads\/2021\/03\/logo-ver-3-1.png\",\"width\":350,\"height\":95,\"caption\":\"TuzlaInfo.ba\"},\"image\":{\"@id\":\"https:\/\/tuzlainfo.ba\/#\/schema\/logo\/image\/\"},\"sameAs\":[\"https:\/\/www.facebook.com\/tuzlainfo.ba\/\"]},{\"@type\":\"Person\",\"@id\":\"https:\/\/tuzlainfo.ba\/#\/schema\/person\/46cad4c57790cbc50781edd14870825a\",\"name\":\"Tuzla Info\",\"image\":{\"@type\":\"ImageObject\",\"inLanguage\":\"bs-BA\",\"@id\":\"https:\/\/tuzlainfo.ba\/#\/schema\/person\/image\/\",\"url\":\"https:\/\/tuzlainfo.ba\/wp-content\/litespeed\/avatar\/b6c453a6c38e3654f2e4416c643fc25c.jpg?ver=1777051911\",\"contentUrl\":\"https:\/\/tuzlainfo.ba\/wp-content\/litespeed\/avatar\/b6c453a6c38e3654f2e4416c643fc25c.jpg?ver=1777051911\",\"caption\":\"Tuzla Info\"}}]}<\/script>\n<!-- \/ Yoast SEO plugin. -->","yoast_head_json":{"title":"Policija o nesre\u0107i na putu \u017divinice - Banovi\u0107i: Voza\u010d udario u drvo i poginuo - TuzlaInfo.ba","robots":{"index":"index","follow":"follow","max-snippet":"max-snippet:-1","max-image-preview":"max-image-preview:large","max-video-preview":"max-video-preview:-1"},"canonical":"https:\/\/tuzlainfo.ba\/index.php\/novosti\/item\/286449-policija-o-nesreci-na-putu-zivinice-banovici-vozac-udario-u-drvo-i-poginuo\/","og_locale":"bs_BA","og_type":"article","og_title":"Policija o nesre\u0107i na putu \u017divinice - Banovi\u0107i: Voza\u010d udario u drvo i poginuo - TuzlaInfo.ba","og_description":"Uprava policije MUP-a Tuzlanskog kantona potvrdila je nove informacije o te\u0161koj saobra\u0107ajnoj nesre\u0107i koja se&hellip;","og_url":"https:\/\/tuzlainfo.ba\/index.php\/novosti\/item\/286449-policija-o-nesreci-na-putu-zivinice-banovici-vozac-udario-u-drvo-i-poginuo\/","og_site_name":"TuzlaInfo.ba","article_publisher":"https:\/\/www.facebook.com\/tuzlainfo.ba\/","article_published_time":"2025-11-15T09:11:01+00:00","article_modified_time":"2025-11-15T09:28:07+00:00","og_image":[{"width":902,"height":599,"url":"https:\/\/tuzlainfo.ba\/wp-content\/uploads\/2025\/11\/1511_nesreca2.jpg","type":"image\/jpeg"}],"author":"Tuzla Info","twitter_card":"summary_large_image","twitter_misc":{"Written by":"Tuzla Info","Est. reading time":"2 minute"},"schema":{"@context":"https:\/\/schema.org","@graph":[{"@type":"Article","@id":"https:\/\/tuzlainfo.ba\/index.php\/novosti\/item\/286449-policija-o-nesreci-na-putu-zivinice-banovici-vozac-udario-u-drvo-i-poginuo\/#article","isPartOf":{"@id":"https:\/\/tuzlainfo.ba\/index.php\/novosti\/item\/286449-policija-o-nesreci-na-putu-zivinice-banovici-vozac-udario-u-drvo-i-poginuo\/"},"author":{"name":"Tuzla Info","@id":"https:\/\/tuzlainfo.ba\/#\/schema\/person\/46cad4c57790cbc50781edd14870825a"},"headline":"Policija o nesre\u0107i na putu \u017divinice &#8211; Banovi\u0107i: Voza\u010d udario u drvo i poginuo","datePublished":"2025-11-15T09:11:01+00:00","dateModified":"2025-11-15T09:28:07+00:00","mainEntityOfPage":{"@id":"https:\/\/tuzlainfo.ba\/index.php\/novosti\/item\/286449-policija-o-nesreci-na-putu-zivinice-banovici-vozac-udario-u-drvo-i-poginuo\/"},"wordCount":195,"publisher":{"@id":"https:\/\/tuzlainfo.ba\/#organization"},"image":{"@id":"https:\/\/tuzlainfo.ba\/index.php\/novosti\/item\/286449-policija-o-nesreci-na-putu-zivinice-banovici-vozac-udario-u-drvo-i-poginuo\/#primaryimage"},"thumbnailUrl":"https:\/\/tuzlainfo.ba\/wp-content\/uploads\/2025\/11\/1511_nesreca2.jpg","keywords":["crna hronika","Uprava policije MUP TK"],"articleSection":["Istaknuto","Novosti"],"inLanguage":"bs-BA"},{"@type":"WebPage","@id":"https:\/\/tuzlainfo.ba\/index.php\/novosti\/item\/286449-policija-o-nesreci-na-putu-zivinice-banovici-vozac-udario-u-drvo-i-poginuo\/","url":"https:\/\/tuzlainfo.ba\/index.php\/novosti\/item\/286449-policija-o-nesreci-na-putu-zivinice-banovici-vozac-udario-u-drvo-i-poginuo\/","name":"Policija o nesre\u0107i na putu \u017divinice - Banovi\u0107i: Voza\u010d udario u drvo i poginuo - TuzlaInfo.ba","isPartOf":{"@id":"https:\/\/tuzlainfo.ba\/#website"},"primaryImageOfPage":{"@id":"https:\/\/tuzlainfo.ba\/index.php\/novosti\/item\/286449-policija-o-nesreci-na-putu-zivinice-banovici-vozac-udario-u-drvo-i-poginuo\/#primaryimage"},"image":{"@id":"https:\/\/tuzlainfo.ba\/index.php\/novosti\/item\/286449-policija-o-nesreci-na-putu-zivinice-banovici-vozac-udario-u-drvo-i-poginuo\/#primaryimage"},"thumbnailUrl":"https:\/\/tuzlainfo.ba\/wp-content\/uploads\/2025\/11\/1511_nesreca2.jpg","datePublished":"2025-11-15T09:11:01+00:00","dateModified":"2025-11-15T09:28:07+00:00","breadcrumb":{"@id":"https:\/\/tuzlainfo.ba\/index.php\/novosti\/item\/286449-policija-o-nesreci-na-putu-zivinice-banovici-vozac-udario-u-drvo-i-poginuo\/#breadcrumb"},"inLanguage":"bs-BA","potentialAction":[{"@type":"ReadAction","target":["https:\/\/tuzlainfo.ba\/index.php\/novosti\/item\/286449-policija-o-nesreci-na-putu-zivinice-banovici-vozac-udario-u-drvo-i-poginuo\/"]}]},{"@type":"ImageObject","inLanguage":"bs-BA","@id":"https:\/\/tuzlainfo.ba\/index.php\/novosti\/item\/286449-policija-o-nesreci-na-putu-zivinice-banovici-vozac-udario-u-drvo-i-poginuo\/#primaryimage","url":"https:\/\/tuzlainfo.ba\/wp-content\/uploads\/2025\/11\/1511_nesreca2.jpg","contentUrl":"https:\/\/tuzlainfo.ba\/wp-content\/uploads\/2025\/11\/1511_nesreca2.jpg","width":902,"height":599},{"@type":"BreadcrumbList","@id":"https:\/\/tuzlainfo.ba\/index.php\/novosti\/item\/286449-policija-o-nesreci-na-putu-zivinice-banovici-vozac-udario-u-drvo-i-poginuo\/#breadcrumb","itemListElement":[{"@type":"ListItem","position":1,"name":"Home","item":"https:\/\/tuzlainfo.ba\/"},{"@type":"ListItem","position":2,"name":"Policija o nesre\u0107i na putu \u017divinice &#8211; Banovi\u0107i: Voza\u010d udario u drvo i poginuo"}]},{"@type":"WebSite","@id":"https:\/\/tuzlainfo.ba\/#website","url":"https:\/\/tuzlainfo.ba\/","name":"TuzlaInfo.ba","description":"Tuzla info, gradski informator - Tuzla na dlanu","publisher":{"@id":"https:\/\/tuzlainfo.ba\/#organization"},"potentialAction":[{"@type":"SearchAction","target":{"@type":"EntryPoint","urlTemplate":"https:\/\/tuzlainfo.ba\/?s={search_term_string}"},"query-input":{"@type":"PropertyValueSpecification","valueRequired":true,"valueName":"search_term_string"}}],"inLanguage":"bs-BA"},{"@type":"Organization","@id":"https:\/\/tuzlainfo.ba\/#organization","name":"TuzlaInfo.ba","url":"https:\/\/tuzlainfo.ba\/","logo":{"@type":"ImageObject","inLanguage":"bs-BA","@id":"https:\/\/tuzlainfo.ba\/#\/schema\/logo\/image\/","url":"https:\/\/tuzlainfo.ba\/wp-content\/uploads\/2021\/03\/logo-ver-3-1.png","contentUrl":"https:\/\/tuzlainfo.ba\/wp-content\/uploads\/2021\/03\/logo-ver-3-1.png","width":350,"height":95,"caption":"TuzlaInfo.ba"},"image":{"@id":"https:\/\/tuzlainfo.ba\/#\/schema\/logo\/image\/"},"sameAs":["https:\/\/www.facebook.com\/tuzlainfo.ba\/"]},{"@type":"Person","@id":"https:\/\/tuzlainfo.ba\/#\/schema\/person\/46cad4c57790cbc50781edd14870825a","name":"Tuzla Info","image":{"@type":"ImageObject","inLanguage":"bs-BA","@id":"https:\/\/tuzlainfo.ba\/#\/schema\/person\/image\/","url":"https:\/\/tuzlainfo.ba\/wp-content\/litespeed\/avatar\/b6c453a6c38e3654f2e4416c643fc25c.jpg?ver=1777051911","contentUrl":"https:\/\/tuzlainfo.ba\/wp-content\/litespeed\/avatar\/b6c453a6c38e3654f2e4416c643fc25c.jpg?ver=1777051911","caption":"Tuzla Info"}}]}},"_links":{"self":[{"href":"https:\/\/tuzlainfo.ba\/index.php\/wp-json\/wp\/v2\/posts\/286449"}],"collection":[{"href":"https:\/\/tuzlainfo.ba\/index.php\/wp-json\/wp\/v2\/posts"}],"about":[{"href":"https:\/\/tuzlainfo.ba\/index.php\/wp-json\/wp\/v2\/types\/post"}],"author":[{"embeddable":true,"href":"https:\/\/tuzlainfo.ba\/index.php\/wp-json\/wp\/v2\/users\/4"}],"replies":[{"embeddable":true,"href":"https:\/\/tuzlainfo.ba\/index.php\/wp-json\/wp\/v2\/comments?post=286449"}],"version-history":[{"count":3,"href":"https:\/\/tuzlainfo.ba\/index.php\/wp-json\/wp\/v2\/posts\/286449\/revisions"}],"predecessor-version":[{"id":286459,"href":"https:\/\/tuzlainfo.ba\/index.php\/wp-json\/wp\/v2\/posts\/286449\/revisions\/286459"}],"wp:featuredmedia":[{"embeddable":true,"href":"https:\/\/tuzlainfo.ba\/index.php\/wp-json\/wp\/v2\/media\/286458"}],"wp:attachment":[{"href":"https:\/\/tuzlainfo.ba\/index.php\/wp-json\/wp\/v2\/media?parent=286449"}],"wp:term":[{"taxonomy":"category","embeddable":true,"href":"https:\/\/tuzlainfo.ba\/index.php\/wp-json\/wp\/v2\/categories?post=286449"},{"taxonomy":"post_tag","embeddable":true,"href":"https:\/\/tuzlainfo.ba\/index.php\/wp-json\/wp\/v2\/tags?post=286449"}],"curies":[{"name":"wp","href":"https:\/\/api.w.org\/{rel}","templated":true}]}}