{"id":286428,"date":"2025-11-14T22:35:12","date_gmt":"2025-11-14T21:35:12","guid":{"rendered":"https:\/\/tuzlainfo.ba\/?p=286428"},"modified":"2025-11-14T22:35:12","modified_gmt":"2025-11-14T21:35:12","slug":"potvrda-crnih-slutnji-strani-trgovacki-lanac-zatvara-prodavnice-u-srbiji","status":"publish","type":"post","link":"https:\/\/tuzlainfo.ba\/index.php\/clanci\/sa-svih-strana\/item\/286428-potvrda-crnih-slutnji-strani-trgovacki-lanac-zatvara-prodavnice-u-srbiji\/","title":{"rendered":"Potvrda crnih slutnji: Strani trgova\u010dki lanac zatvara prodavnice u Srbiji"},"content":{"rendered":"<p>\u201eDo kraja ove godine \u0107emo zatvoriti ukupno 25 prodavnica. U mnogim slu\u010dajevima smo uspjeli da prona\u0111emo nova radna mjesta za zaposlene unutar na\u0161eg sistema, ali na \u017ealost, za dio koleginica i kolega to \u0107e zna\u010diti odlazak iz kompanije&#8230;<\/p>\n<p class=\"mb-4\n                              lg:mb-5\n                              text-textPrimary\n                              font-exo2\n                              text-xl\n                              leading-8\n                              font-semibold\" data-testid=\"article-lead-text\">\u201eDo kraja ove godine \u0107emo zatvoriti ukupno 25 prodavnica. U mnogim slu\u010dajevima smo uspjeli da prona\u0111emo nova radna mjesta za zaposlene unutar na\u0161eg sistema, ali na \u017ealost, za dio koleginica i kolega to \u0107e zna\u010diti odlazak iz kompanije&#8230;<\/p>\n<div class=\"article-content-wrapper w-full \" data-selector=\"article-content-wrapper\" data-testid=\"article-content-wrapper-0\">\n<div class=\"rich-text-block break-words\">\n<p data-ad-valid=\"true\" data-block-key=\"e07df\"><b>\u017delimo da znate da \u0107e onima koji odlaze biti obezbje\u0111ena odgovaraju\u0107a otpremnina i puna podr\u0161ka u prijelaznom periodu\u201c,<\/b>\u00a0stoji u internom dopisu uprave nizozemsko-belgijske kompanije Delez (Ahold Delhaize) koji je objavilo\u00a0<a href=\"https:\/\/vreme.com\/ekonomija\/vreme-otkriva-interni-dokument-najavljuje-otkaze-u-maksiju\/?fbclid=IwY2xjawOEPq1leHRuA2FlbQIxMABicmlkETFZU0VFeWJtRXhRTmhiSXJnc3J0YwZhcHBfaWQQMjIyMDM5MTc4ODIwMDg5MgABHmxpumaxq9GpbGBmqH7BRlL5E8KZ_wtCfhX_n9pp0RYRqHpidcwKp7odHOWG_aem_IvE7ShF0IDvppUmCosmcuA\">Vreme.<\/a><\/p>\n<div class=\"article-content-wrapper w-full \" data-selector=\"article-content-wrapper\" data-testid=\"article-content-wrapper-3\">\n<div class=\"rich-text-block break-words\">\n<p data-ad-valid=\"true\" data-block-key=\"57j22\">Vreme je objavilo interni dokument o otkazima koji je izvr\u0161ni odbor Delez Srbija poslao zaposlenima.<\/p>\n<\/div>\n<\/div>\n<div class=\"article-content-wrapper w-full \" data-selector=\"article-content-wrapper\" data-testid=\"article-content-wrapper-4\">\n<div class=\"rich-text-block break-words\">\n<p data-ad-valid=\"true\" data-block-key=\"fl7cd\"><b>&#8220;Usljed uticaja Uredbe o ograni\u010denju trgovinskih mar\u017ei, primorani smo da, na \u017ealost, donesemo te\u0161ke odluke i sada \u017eelimo da vas obavijestimo da na\u0161a kompanija ulazi u fazu izmjene poslovnog modela\u201c,<\/b>\u00a0pi\u0161e, izme\u0111u ostalog, u ovom dokumentu.<\/p>\n<div class=\"article-content-wrapper w-full \" data-selector=\"article-content-wrapper\" data-testid=\"article-content-wrapper-7\">\n<div class=\"rich-text-block break-words\">\n<p data-ad-valid=\"true\" data-block-key=\"8floo\">Cijeli tekst je dostupan na stranici <a href=\"https:\/\/vreme.com\/ekonomija\/vreme-otkriva-interni-dokument-najavljuje-otkaze-u-maksiju\/?fbclid=IwY2xjawOEPq1leHRuA2FlbQIxMABicmlkETFZU0VFeWJtRXhRTmhiSXJnc3J0YwZhcHBfaWQQMjIyMDM5MTc4ODIwMDg5MgABHmxpumaxq9GpbGBmqH7BRlL5E8KZ_wtCfhX_n9pp0RYRqHpidcwKp7odHOWG_aem_IvE7ShF0IDvppUmCosmcuA\">Vremena.<\/a><\/p>\n<\/div>\n<\/div>\n<div class=\"article-content-wrapper w-full \" data-selector=\"article-content-wrapper\" data-testid=\"article-content-wrapper-8\">\n<div class=\"rich-text-block break-words\"><\/div>\n<\/div>\n<\/div>\n<\/div>\n<\/div>\n<\/div>\n","protected":false},"excerpt":{"rendered":"<p>\u201eDo kraja ove godine \u0107emo zatvoriti ukupno 25 prodavnica. U mnogim slu\u010dajevima smo uspjeli da&hellip;<\/p>\n","protected":false},"author":2,"featured_media":85964,"comment_status":"closed","ping_status":"closed","sticky":false,"template":"","format":"standard","meta":{"_acf_changed":false,"footnotes":""},"categories":[16],"tags":[309],"acf":[],"yoast_head":"<!-- This site is optimized with the Yoast SEO plugin v23.5 - https:\/\/yoast.com\/wordpress\/plugins\/seo\/ -->\n<title>Potvrda crnih slutnji: Strani trgova\u010dki lanac zatvara prodavnice u Srbiji - TuzlaInfo.ba<\/title>\n<meta name=\"robots\" content=\"index, follow, max-snippet:-1, max-image-preview:large, max-video-preview:-1\" \/>\n<link rel=\"canonical\" href=\"https:\/\/tuzlainfo.ba\/index.php\/clanci\/sa-svih-strana\/item\/286428-potvrda-crnih-slutnji-strani-trgovacki-lanac-zatvara-prodavnice-u-srbiji\/\" \/>\n<meta property=\"og:locale\" content=\"bs_BA\" \/>\n<meta property=\"og:type\" content=\"article\" \/>\n<meta property=\"og:title\" content=\"Potvrda crnih slutnji: Strani trgova\u010dki lanac zatvara prodavnice u Srbiji - TuzlaInfo.ba\" \/>\n<meta property=\"og:description\" content=\"\u201eDo kraja ove godine \u0107emo zatvoriti ukupno 25 prodavnica. U mnogim slu\u010dajevima smo uspjeli da&hellip;\" \/>\n<meta property=\"og:url\" content=\"https:\/\/tuzlainfo.ba\/index.php\/clanci\/sa-svih-strana\/item\/286428-potvrda-crnih-slutnji-strani-trgovacki-lanac-zatvara-prodavnice-u-srbiji\/\" \/>\n<meta property=\"og:site_name\" content=\"TuzlaInfo.ba\" \/>\n<meta property=\"article:publisher\" content=\"https:\/\/www.facebook.com\/tuzlainfo.ba\/\" \/>\n<meta property=\"article:published_time\" content=\"2025-11-14T21:35:12+00:00\" \/>\n<meta property=\"og:image\" content=\"https:\/\/tuzlainfo.ba\/wp-content\/uploads\/2021\/01\/sadrzaj_2021_20210102_2701_korpa.jpg\" \/>\n\t<meta property=\"og:image:width\" content=\"770\" \/>\n\t<meta property=\"og:image:height\" content=\"513\" \/>\n\t<meta property=\"og:image:type\" content=\"image\/jpeg\" \/>\n<meta name=\"author\" content=\"nedim\" \/>\n<meta name=\"twitter:card\" content=\"summary_large_image\" \/>\n<meta name=\"twitter:label1\" content=\"Written by\" \/>\n\t<meta name=\"twitter:data1\" content=\"nedim\" \/>\n\t<meta name=\"twitter:label2\" content=\"Est. reading time\" \/>\n\t<meta name=\"twitter:data2\" content=\"2 minute\" \/>\n<script type=\"application\/ld+json\" class=\"yoast-schema-graph\">{\"@context\":\"https:\/\/schema.org\",\"@graph\":[{\"@type\":\"Article\",\"@id\":\"https:\/\/tuzlainfo.ba\/index.php\/clanci\/sa-svih-strana\/item\/286428-potvrda-crnih-slutnji-strani-trgovacki-lanac-zatvara-prodavnice-u-srbiji\/#article\",\"isPartOf\":{\"@id\":\"https:\/\/tuzlainfo.ba\/index.php\/clanci\/sa-svih-strana\/item\/286428-potvrda-crnih-slutnji-strani-trgovacki-lanac-zatvara-prodavnice-u-srbiji\/\"},\"author\":{\"name\":\"nedim\",\"@id\":\"https:\/\/tuzlainfo.ba\/#\/schema\/person\/f434e20dc27ea133923aab08451b7f7f\"},\"headline\":\"Potvrda crnih slutnji: Strani trgova\u010dki lanac zatvara prodavnice u Srbiji\",\"datePublished\":\"2025-11-14T21:35:12+00:00\",\"dateModified\":\"2025-11-14T21:35:12+00:00\",\"mainEntityOfPage\":{\"@id\":\"https:\/\/tuzlainfo.ba\/index.php\/clanci\/sa-svih-strana\/item\/286428-potvrda-crnih-slutnji-strani-trgovacki-lanac-zatvara-prodavnice-u-srbiji\/\"},\"wordCount\":193,\"publisher\":{\"@id\":\"https:\/\/tuzlainfo.ba\/#organization\"},\"image\":{\"@id\":\"https:\/\/tuzlainfo.ba\/index.php\/clanci\/sa-svih-strana\/item\/286428-potvrda-crnih-slutnji-strani-trgovacki-lanac-zatvara-prodavnice-u-srbiji\/#primaryimage\"},\"thumbnailUrl\":\"https:\/\/tuzlainfo.ba\/wp-content\/uploads\/2021\/01\/sadrzaj_2021_20210102_2701_korpa.jpg\",\"keywords\":[\"srbija\"],\"articleSection\":[\"Sa svih strana\"],\"inLanguage\":\"bs-BA\"},{\"@type\":\"WebPage\",\"@id\":\"https:\/\/tuzlainfo.ba\/index.php\/clanci\/sa-svih-strana\/item\/286428-potvrda-crnih-slutnji-strani-trgovacki-lanac-zatvara-prodavnice-u-srbiji\/\",\"url\":\"https:\/\/tuzlainfo.ba\/index.php\/clanci\/sa-svih-strana\/item\/286428-potvrda-crnih-slutnji-strani-trgovacki-lanac-zatvara-prodavnice-u-srbiji\/\",\"name\":\"Potvrda crnih slutnji: Strani trgova\u010dki lanac zatvara prodavnice u Srbiji - TuzlaInfo.ba\",\"isPartOf\":{\"@id\":\"https:\/\/tuzlainfo.ba\/#website\"},\"primaryImageOfPage\":{\"@id\":\"https:\/\/tuzlainfo.ba\/index.php\/clanci\/sa-svih-strana\/item\/286428-potvrda-crnih-slutnji-strani-trgovacki-lanac-zatvara-prodavnice-u-srbiji\/#primaryimage\"},\"image\":{\"@id\":\"https:\/\/tuzlainfo.ba\/index.php\/clanci\/sa-svih-strana\/item\/286428-potvrda-crnih-slutnji-strani-trgovacki-lanac-zatvara-prodavnice-u-srbiji\/#primaryimage\"},\"thumbnailUrl\":\"https:\/\/tuzlainfo.ba\/wp-content\/uploads\/2021\/01\/sadrzaj_2021_20210102_2701_korpa.jpg\",\"datePublished\":\"2025-11-14T21:35:12+00:00\",\"dateModified\":\"2025-11-14T21:35:12+00:00\",\"breadcrumb\":{\"@id\":\"https:\/\/tuzlainfo.ba\/index.php\/clanci\/sa-svih-strana\/item\/286428-potvrda-crnih-slutnji-strani-trgovacki-lanac-zatvara-prodavnice-u-srbiji\/#breadcrumb\"},\"inLanguage\":\"bs-BA\",\"potentialAction\":[{\"@type\":\"ReadAction\",\"target\":[\"https:\/\/tuzlainfo.ba\/index.php\/clanci\/sa-svih-strana\/item\/286428-potvrda-crnih-slutnji-strani-trgovacki-lanac-zatvara-prodavnice-u-srbiji\/\"]}]},{\"@type\":\"ImageObject\",\"inLanguage\":\"bs-BA\",\"@id\":\"https:\/\/tuzlainfo.ba\/index.php\/clanci\/sa-svih-strana\/item\/286428-potvrda-crnih-slutnji-strani-trgovacki-lanac-zatvara-prodavnice-u-srbiji\/#primaryimage\",\"url\":\"https:\/\/tuzlainfo.ba\/wp-content\/uploads\/2021\/01\/sadrzaj_2021_20210102_2701_korpa.jpg\",\"contentUrl\":\"https:\/\/tuzlainfo.ba\/wp-content\/uploads\/2021\/01\/sadrzaj_2021_20210102_2701_korpa.jpg\",\"width\":770,\"height\":513},{\"@type\":\"BreadcrumbList\",\"@id\":\"https:\/\/tuzlainfo.ba\/index.php\/clanci\/sa-svih-strana\/item\/286428-potvrda-crnih-slutnji-strani-trgovacki-lanac-zatvara-prodavnice-u-srbiji\/#breadcrumb\",\"itemListElement\":[{\"@type\":\"ListItem\",\"position\":1,\"name\":\"Home\",\"item\":\"https:\/\/tuzlainfo.ba\/\"},{\"@type\":\"ListItem\",\"position\":2,\"name\":\"Potvrda crnih slutnji: Strani trgova\u010dki lanac zatvara prodavnice u Srbiji\"}]},{\"@type\":\"WebSite\",\"@id\":\"https:\/\/tuzlainfo.ba\/#website\",\"url\":\"https:\/\/tuzlainfo.ba\/\",\"name\":\"TuzlaInfo.ba\",\"description\":\"Tuzla info, gradski informator - Tuzla na dlanu\",\"publisher\":{\"@id\":\"https:\/\/tuzlainfo.ba\/#organization\"},\"potentialAction\":[{\"@type\":\"SearchAction\",\"target\":{\"@type\":\"EntryPoint\",\"urlTemplate\":\"https:\/\/tuzlainfo.ba\/?s={search_term_string}\"},\"query-input\":{\"@type\":\"PropertyValueSpecification\",\"valueRequired\":true,\"valueName\":\"search_term_string\"}}],\"inLanguage\":\"bs-BA\"},{\"@type\":\"Organization\",\"@id\":\"https:\/\/tuzlainfo.ba\/#organization\",\"name\":\"TuzlaInfo.ba\",\"url\":\"https:\/\/tuzlainfo.ba\/\",\"logo\":{\"@type\":\"ImageObject\",\"inLanguage\":\"bs-BA\",\"@id\":\"https:\/\/tuzlainfo.ba\/#\/schema\/logo\/image\/\",\"url\":\"https:\/\/tuzlainfo.ba\/wp-content\/uploads\/2021\/03\/logo-ver-3-1.png\",\"contentUrl\":\"https:\/\/tuzlainfo.ba\/wp-content\/uploads\/2021\/03\/logo-ver-3-1.png\",\"width\":350,\"height\":95,\"caption\":\"TuzlaInfo.ba\"},\"image\":{\"@id\":\"https:\/\/tuzlainfo.ba\/#\/schema\/logo\/image\/\"},\"sameAs\":[\"https:\/\/www.facebook.com\/tuzlainfo.ba\/\"]},{\"@type\":\"Person\",\"@id\":\"https:\/\/tuzlainfo.ba\/#\/schema\/person\/f434e20dc27ea133923aab08451b7f7f\",\"name\":\"nedim\",\"image\":{\"@type\":\"ImageObject\",\"inLanguage\":\"bs-BA\",\"@id\":\"https:\/\/tuzlainfo.ba\/#\/schema\/person\/image\/\",\"url\":\"https:\/\/tuzlainfo.ba\/wp-content\/litespeed\/avatar\/aabad687af24844af817603ac1cbdc4f.jpg?ver=1776702173\",\"contentUrl\":\"https:\/\/tuzlainfo.ba\/wp-content\/litespeed\/avatar\/aabad687af24844af817603ac1cbdc4f.jpg?ver=1776702173\",\"caption\":\"nedim\"},\"description\":\"Tuzlainfo.ba pratite na dru\u0161tvenim mre\u017eama: Facebook, Instagram i Youtube. Svoje pri\u010de, upite i fotografije \u0161aljite na na\u0161u e-mail adresu.\"}]}<\/script>\n<!-- \/ Yoast SEO plugin. -->","yoast_head_json":{"title":"Potvrda crnih slutnji: Strani trgova\u010dki lanac zatvara prodavnice u Srbiji - TuzlaInfo.ba","robots":{"index":"index","follow":"follow","max-snippet":"max-snippet:-1","max-image-preview":"max-image-preview:large","max-video-preview":"max-video-preview:-1"},"canonical":"https:\/\/tuzlainfo.ba\/index.php\/clanci\/sa-svih-strana\/item\/286428-potvrda-crnih-slutnji-strani-trgovacki-lanac-zatvara-prodavnice-u-srbiji\/","og_locale":"bs_BA","og_type":"article","og_title":"Potvrda crnih slutnji: Strani trgova\u010dki lanac zatvara prodavnice u Srbiji - TuzlaInfo.ba","og_description":"\u201eDo kraja ove godine \u0107emo zatvoriti ukupno 25 prodavnica. U mnogim slu\u010dajevima smo uspjeli da&hellip;","og_url":"https:\/\/tuzlainfo.ba\/index.php\/clanci\/sa-svih-strana\/item\/286428-potvrda-crnih-slutnji-strani-trgovacki-lanac-zatvara-prodavnice-u-srbiji\/","og_site_name":"TuzlaInfo.ba","article_publisher":"https:\/\/www.facebook.com\/tuzlainfo.ba\/","article_published_time":"2025-11-14T21:35:12+00:00","og_image":[{"width":770,"height":513,"url":"https:\/\/tuzlainfo.ba\/wp-content\/uploads\/2021\/01\/sadrzaj_2021_20210102_2701_korpa.jpg","type":"image\/jpeg"}],"author":"nedim","twitter_card":"summary_large_image","twitter_misc":{"Written by":"nedim","Est. reading time":"2 minute"},"schema":{"@context":"https:\/\/schema.org","@graph":[{"@type":"Article","@id":"https:\/\/tuzlainfo.ba\/index.php\/clanci\/sa-svih-strana\/item\/286428-potvrda-crnih-slutnji-strani-trgovacki-lanac-zatvara-prodavnice-u-srbiji\/#article","isPartOf":{"@id":"https:\/\/tuzlainfo.ba\/index.php\/clanci\/sa-svih-strana\/item\/286428-potvrda-crnih-slutnji-strani-trgovacki-lanac-zatvara-prodavnice-u-srbiji\/"},"author":{"name":"nedim","@id":"https:\/\/tuzlainfo.ba\/#\/schema\/person\/f434e20dc27ea133923aab08451b7f7f"},"headline":"Potvrda crnih slutnji: Strani trgova\u010dki lanac zatvara prodavnice u Srbiji","datePublished":"2025-11-14T21:35:12+00:00","dateModified":"2025-11-14T21:35:12+00:00","mainEntityOfPage":{"@id":"https:\/\/tuzlainfo.ba\/index.php\/clanci\/sa-svih-strana\/item\/286428-potvrda-crnih-slutnji-strani-trgovacki-lanac-zatvara-prodavnice-u-srbiji\/"},"wordCount":193,"publisher":{"@id":"https:\/\/tuzlainfo.ba\/#organization"},"image":{"@id":"https:\/\/tuzlainfo.ba\/index.php\/clanci\/sa-svih-strana\/item\/286428-potvrda-crnih-slutnji-strani-trgovacki-lanac-zatvara-prodavnice-u-srbiji\/#primaryimage"},"thumbnailUrl":"https:\/\/tuzlainfo.ba\/wp-content\/uploads\/2021\/01\/sadrzaj_2021_20210102_2701_korpa.jpg","keywords":["srbija"],"articleSection":["Sa svih strana"],"inLanguage":"bs-BA"},{"@type":"WebPage","@id":"https:\/\/tuzlainfo.ba\/index.php\/clanci\/sa-svih-strana\/item\/286428-potvrda-crnih-slutnji-strani-trgovacki-lanac-zatvara-prodavnice-u-srbiji\/","url":"https:\/\/tuzlainfo.ba\/index.php\/clanci\/sa-svih-strana\/item\/286428-potvrda-crnih-slutnji-strani-trgovacki-lanac-zatvara-prodavnice-u-srbiji\/","name":"Potvrda crnih slutnji: Strani trgova\u010dki lanac zatvara prodavnice u Srbiji - TuzlaInfo.ba","isPartOf":{"@id":"https:\/\/tuzlainfo.ba\/#website"},"primaryImageOfPage":{"@id":"https:\/\/tuzlainfo.ba\/index.php\/clanci\/sa-svih-strana\/item\/286428-potvrda-crnih-slutnji-strani-trgovacki-lanac-zatvara-prodavnice-u-srbiji\/#primaryimage"},"image":{"@id":"https:\/\/tuzlainfo.ba\/index.php\/clanci\/sa-svih-strana\/item\/286428-potvrda-crnih-slutnji-strani-trgovacki-lanac-zatvara-prodavnice-u-srbiji\/#primaryimage"},"thumbnailUrl":"https:\/\/tuzlainfo.ba\/wp-content\/uploads\/2021\/01\/sadrzaj_2021_20210102_2701_korpa.jpg","datePublished":"2025-11-14T21:35:12+00:00","dateModified":"2025-11-14T21:35:12+00:00","breadcrumb":{"@id":"https:\/\/tuzlainfo.ba\/index.php\/clanci\/sa-svih-strana\/item\/286428-potvrda-crnih-slutnji-strani-trgovacki-lanac-zatvara-prodavnice-u-srbiji\/#breadcrumb"},"inLanguage":"bs-BA","potentialAction":[{"@type":"ReadAction","target":["https:\/\/tuzlainfo.ba\/index.php\/clanci\/sa-svih-strana\/item\/286428-potvrda-crnih-slutnji-strani-trgovacki-lanac-zatvara-prodavnice-u-srbiji\/"]}]},{"@type":"ImageObject","inLanguage":"bs-BA","@id":"https:\/\/tuzlainfo.ba\/index.php\/clanci\/sa-svih-strana\/item\/286428-potvrda-crnih-slutnji-strani-trgovacki-lanac-zatvara-prodavnice-u-srbiji\/#primaryimage","url":"https:\/\/tuzlainfo.ba\/wp-content\/uploads\/2021\/01\/sadrzaj_2021_20210102_2701_korpa.jpg","contentUrl":"https:\/\/tuzlainfo.ba\/wp-content\/uploads\/2021\/01\/sadrzaj_2021_20210102_2701_korpa.jpg","width":770,"height":513},{"@type":"BreadcrumbList","@id":"https:\/\/tuzlainfo.ba\/index.php\/clanci\/sa-svih-strana\/item\/286428-potvrda-crnih-slutnji-strani-trgovacki-lanac-zatvara-prodavnice-u-srbiji\/#breadcrumb","itemListElement":[{"@type":"ListItem","position":1,"name":"Home","item":"https:\/\/tuzlainfo.ba\/"},{"@type":"ListItem","position":2,"name":"Potvrda crnih slutnji: Strani trgova\u010dki lanac zatvara prodavnice u Srbiji"}]},{"@type":"WebSite","@id":"https:\/\/tuzlainfo.ba\/#website","url":"https:\/\/tuzlainfo.ba\/","name":"TuzlaInfo.ba","description":"Tuzla info, gradski informator - Tuzla na dlanu","publisher":{"@id":"https:\/\/tuzlainfo.ba\/#organization"},"potentialAction":[{"@type":"SearchAction","target":{"@type":"EntryPoint","urlTemplate":"https:\/\/tuzlainfo.ba\/?s={search_term_string}"},"query-input":{"@type":"PropertyValueSpecification","valueRequired":true,"valueName":"search_term_string"}}],"inLanguage":"bs-BA"},{"@type":"Organization","@id":"https:\/\/tuzlainfo.ba\/#organization","name":"TuzlaInfo.ba","url":"https:\/\/tuzlainfo.ba\/","logo":{"@type":"ImageObject","inLanguage":"bs-BA","@id":"https:\/\/tuzlainfo.ba\/#\/schema\/logo\/image\/","url":"https:\/\/tuzlainfo.ba\/wp-content\/uploads\/2021\/03\/logo-ver-3-1.png","contentUrl":"https:\/\/tuzlainfo.ba\/wp-content\/uploads\/2021\/03\/logo-ver-3-1.png","width":350,"height":95,"caption":"TuzlaInfo.ba"},"image":{"@id":"https:\/\/tuzlainfo.ba\/#\/schema\/logo\/image\/"},"sameAs":["https:\/\/www.facebook.com\/tuzlainfo.ba\/"]},{"@type":"Person","@id":"https:\/\/tuzlainfo.ba\/#\/schema\/person\/f434e20dc27ea133923aab08451b7f7f","name":"nedim","image":{"@type":"ImageObject","inLanguage":"bs-BA","@id":"https:\/\/tuzlainfo.ba\/#\/schema\/person\/image\/","url":"https:\/\/tuzlainfo.ba\/wp-content\/litespeed\/avatar\/aabad687af24844af817603ac1cbdc4f.jpg?ver=1776702173","contentUrl":"https:\/\/tuzlainfo.ba\/wp-content\/litespeed\/avatar\/aabad687af24844af817603ac1cbdc4f.jpg?ver=1776702173","caption":"nedim"},"description":"Tuzlainfo.ba pratite na dru\u0161tvenim mre\u017eama: Facebook, Instagram i Youtube. Svoje pri\u010de, upite i fotografije \u0161aljite na na\u0161u e-mail adresu."}]}},"_links":{"self":[{"href":"https:\/\/tuzlainfo.ba\/index.php\/wp-json\/wp\/v2\/posts\/286428"}],"collection":[{"href":"https:\/\/tuzlainfo.ba\/index.php\/wp-json\/wp\/v2\/posts"}],"about":[{"href":"https:\/\/tuzlainfo.ba\/index.php\/wp-json\/wp\/v2\/types\/post"}],"author":[{"embeddable":true,"href":"https:\/\/tuzlainfo.ba\/index.php\/wp-json\/wp\/v2\/users\/2"}],"replies":[{"embeddable":true,"href":"https:\/\/tuzlainfo.ba\/index.php\/wp-json\/wp\/v2\/comments?post=286428"}],"version-history":[{"count":1,"href":"https:\/\/tuzlainfo.ba\/index.php\/wp-json\/wp\/v2\/posts\/286428\/revisions"}],"predecessor-version":[{"id":286429,"href":"https:\/\/tuzlainfo.ba\/index.php\/wp-json\/wp\/v2\/posts\/286428\/revisions\/286429"}],"wp:featuredmedia":[{"embeddable":true,"href":"https:\/\/tuzlainfo.ba\/index.php\/wp-json\/wp\/v2\/media\/85964"}],"wp:attachment":[{"href":"https:\/\/tuzlainfo.ba\/index.php\/wp-json\/wp\/v2\/media?parent=286428"}],"wp:term":[{"taxonomy":"category","embeddable":true,"href":"https:\/\/tuzlainfo.ba\/index.php\/wp-json\/wp\/v2\/categories?post=286428"},{"taxonomy":"post_tag","embeddable":true,"href":"https:\/\/tuzlainfo.ba\/index.php\/wp-json\/wp\/v2\/tags?post=286428"}],"curies":[{"name":"wp","href":"https:\/\/api.w.org\/{rel}","templated":true}]}}