{"id":286414,"date":"2025-11-14T21:25:19","date_gmt":"2025-11-14T20:25:19","guid":{"rendered":"https:\/\/tuzlainfo.ba\/?p=286414"},"modified":"2025-11-14T21:25:19","modified_gmt":"2025-11-14T20:25:19","slug":"rusi-poslali-poruku-crnoj-gori-ucvrstili-ste-status-neprijateljske-drzave","status":"publish","type":"post","link":"https:\/\/tuzlainfo.ba\/index.php\/clanci\/sa-svih-strana\/item\/286414-rusi-poslali-poruku-crnoj-gori-ucvrstili-ste-status-neprijateljske-drzave\/","title":{"rendered":"Rusi poslali poruku Crnoj Gori: &#8220;U\u010dvrstili ste status neprijateljske dr\u017eave&#8221;"},"content":{"rendered":"<p data-start=\"91\" data-end=\"450\">Ambasador Rusije u Crnoj Gori Aleksandr Petrovi\u010d Luka\u0161ik o\u0161tro je reagirao na odluku Skup\u0161tine Crne Gore da se Vojska Crne Gore pridru\u017ei NATO misiji bezbjednosne pomo\u0107i i obuke za Ukrajinu (NSATU). On je poru\u010dio da se crnogorski parlament \u201eisti\u010de antiruskim djelovanjem\u201c te da ovakve odluke potvr\u0111uju, kako navodi, neprijateljski odnos Podgorice prema Moskvi.<\/p>\n<p data-start=\"452\" data-end=\"684\">&#8220;Crnogorsko rukovodstvo nastavlja tvrdoglavo da prati liniju Zapada o pove\u0107anju tenzija sa Rusijom \u010dime u\u010dvr\u0161\u0107uje svoj status neprijateljske dr\u017eave prema Moskvi&#8221;, saop\u0161tio je Luka\u0161ik.<\/p>\n<p data-start=\"452\" data-end=\"684\">Tako\u0111er je naveo da su zakonodavna i izvr\u0161na vlast u Crnoj Gori u potpunom saglasju \u201eu naporima da demonizuju Rusiju\u201c.<\/p>\n<p data-start=\"686\" data-end=\"953\">U svom reagiranju podsjetio je da je Crna Gora ranije donijela odluku o slanju predstavnika u misiju vojne pomo\u0107i Evropske unije za Ukrajinu (EUMAM UA), \u0161to tuma\u010di kao doprinos produ\u017eavanju rata i \u201ekori\u0161\u0107enju Ukrajine kao oru\u0111a za nano\u0161enje strate\u0161kog poraza Rusiji\u201c.<\/p>\n<p data-start=\"955\" data-end=\"1212\">Ruski ambasador smatra da najnovija odluka Podgorice slu\u017ei potvr\u0111ivanju lojalnosti zapadnim partnerima, posebno NATO savezu, ali i ubrzavanju procesa pristupanja Evropskoj uniji. Takvu politiku nazvao je kratkovidnom i \u0161tetnom za interese gra\u0111ana Crne Gore.<\/p>\n<p data-start=\"1214\" data-end=\"1397\">Luka\u0161ik je zaklju\u010dio da Crna Gora \u201ejo\u0161 jednom pokazuje posve\u0107enost NATO solidarosti\u201c, dok Rusija, kako je istakao, ovakve poteze smatra nastavkom neprijateljske politike prema Moskvi.<\/p>\n","protected":false},"excerpt":{"rendered":"<p>Ambasador Rusije u Crnoj Gori Aleksandr Petrovi\u010d Luka\u0161ik o\u0161tro je reagirao na odluku Skup\u0161tine Crne Gore da se Vojska Crne Gore pridru\u017ei NATO misiji bezbjednosne pomo\u0107i i obuke za Ukrajinu (NSATU). On je poru\u010dio da se crnogorski parlament \u201eisti\u010de antiruskim djelovanjem\u201c te da ovakve odluke potvr\u0111uju, kako navodi, neprijateljski odnos Podgorice prema Moskvi. &#8220;Crnogorsko rukovodstvo [&hellip;]<\/p>\n","protected":false},"author":2,"featured_media":286415,"comment_status":"closed","ping_status":"closed","sticky":false,"template":"","format":"standard","meta":{"footnotes":""},"categories":[16],"tags":[456,1057],"class_list":["post-286414","post","type-post","status-publish","format-standard","has-post-thumbnail","hentry","category-sa-svih-strana","tag-crna-gora","tag-rusija"],"yoast_head":"<!-- This site is optimized with the Yoast SEO plugin v28.3 - https:\/\/yoast.com\/product\/yoast-seo-wordpress\/ -->\n<title>Rusi poslali poruku Crnoj Gori: &quot;U\u010dvrstili ste status neprijateljske dr\u017eave&quot;<\/title>\n<meta name=\"robots\" content=\"index, follow, max-snippet:-1, max-image-preview:large, max-video-preview:-1\" \/>\n<link rel=\"canonical\" href=\"https:\/\/tuzlainfo.ba\/index.php\/clanci\/sa-svih-strana\/item\/286414-rusi-poslali-poruku-crnoj-gori-ucvrstili-ste-status-neprijateljske-drzave\/\" \/>\n<meta property=\"og:locale\" content=\"bs_BA\" \/>\n<meta property=\"og:type\" content=\"article\" \/>\n<meta property=\"og:title\" content=\"Rusi poslali poruku Crnoj Gori: &quot;U\u010dvrstili ste status neprijateljske dr\u017eave&quot;\" \/>\n<meta property=\"og:description\" content=\"Ambasador Rusije u Crnoj Gori Aleksandr Petrovi\u010d Luka\u0161ik o\u0161tro je reagirao na odluku Skup\u0161tine Crne Gore da se Vojska Crne Gore pridru\u017ei NATO misiji bezbjednosne pomo\u0107i i obuke za Ukrajinu (NSATU). On je poru\u010dio da se crnogorski parlament \u201eisti\u010de antiruskim djelovanjem\u201c te da ovakve odluke potvr\u0111uju, kako navodi, neprijateljski odnos Podgorice prema Moskvi. &#8220;Crnogorsko rukovodstvo [&hellip;]\" \/>\n<meta property=\"og:url\" content=\"https:\/\/tuzlainfo.ba\/index.php\/clanci\/sa-svih-strana\/item\/286414-rusi-poslali-poruku-crnoj-gori-ucvrstili-ste-status-neprijateljske-drzave\/\" \/>\n<meta property=\"og:site_name\" content=\"TuzlaInfo.ba\" \/>\n<meta property=\"article:publisher\" content=\"https:\/\/www.facebook.com\/tuzlainfo.ba\/\" \/>\n<meta property=\"article:published_time\" content=\"2025-11-14T20:25:19+00:00\" \/>\n<meta property=\"og:image\" content=\"https:\/\/tuzlainfo.ba\/wp-content\/uploads\/2025\/11\/1411_lukasik.jpg\" \/>\n\t<meta property=\"og:image:width\" content=\"800\" \/>\n\t<meta property=\"og:image:height\" content=\"534\" \/>\n\t<meta property=\"og:image:type\" content=\"image\/jpeg\" \/>\n<meta name=\"author\" content=\"nedim\" \/>\n<meta name=\"twitter:card\" content=\"summary_large_image\" \/>\n<meta name=\"twitter:label1\" content=\"Written by\" \/>\n\t<meta name=\"twitter:data1\" content=\"nedim\" \/>\n\t<meta name=\"twitter:label2\" content=\"Est. reading time\" \/>\n\t<meta name=\"twitter:data2\" content=\"2 minute\" \/>\n<script type=\"application\/ld+json\" class=\"yoast-schema-graph\">{\"@context\":\"https:\\\/\\\/schema.org\",\"@graph\":[{\"@type\":\"Article\",\"@id\":\"https:\\\/\\\/tuzlainfo.ba\\\/index.php\\\/clanci\\\/sa-svih-strana\\\/item\\\/286414-rusi-poslali-poruku-crnoj-gori-ucvrstili-ste-status-neprijateljske-drzave\\\/#article\",\"isPartOf\":{\"@id\":\"https:\\\/\\\/tuzlainfo.ba\\\/index.php\\\/clanci\\\/sa-svih-strana\\\/item\\\/286414-rusi-poslali-poruku-crnoj-gori-ucvrstili-ste-status-neprijateljske-drzave\\\/\"},\"author\":{\"name\":\"nedim\",\"@id\":\"https:\\\/\\\/tuzlainfo.ba\\\/#\\\/schema\\\/person\\\/f434e20dc27ea133923aab08451b7f7f\"},\"headline\":\"Rusi poslali poruku Crnoj Gori: &#8220;U\u010dvrstili ste status neprijateljske dr\u017eave&#8221;\",\"datePublished\":\"2025-11-14T20:25:19+00:00\",\"mainEntityOfPage\":{\"@id\":\"https:\\\/\\\/tuzlainfo.ba\\\/index.php\\\/clanci\\\/sa-svih-strana\\\/item\\\/286414-rusi-poslali-poruku-crnoj-gori-ucvrstili-ste-status-neprijateljske-drzave\\\/\"},\"wordCount\":238,\"publisher\":{\"@id\":\"https:\\\/\\\/tuzlainfo.ba\\\/#organization\"},\"image\":{\"@id\":\"https:\\\/\\\/tuzlainfo.ba\\\/index.php\\\/clanci\\\/sa-svih-strana\\\/item\\\/286414-rusi-poslali-poruku-crnoj-gori-ucvrstili-ste-status-neprijateljske-drzave\\\/#primaryimage\"},\"thumbnailUrl\":\"https:\\\/\\\/tuzlainfo.ba\\\/wp-content\\\/uploads\\\/2025\\\/11\\\/1411_lukasik.jpg\",\"keywords\":[\"crna gora\",\"rusija\"],\"articleSection\":[\"Sa svih strana\"],\"inLanguage\":\"bs-BA\",\"copyrightYear\":\"2025\",\"copyrightHolder\":{\"@id\":\"https:\\\/\\\/tuzlainfo.ba\\\/#organization\"}},{\"@type\":\"WebPage\",\"@id\":\"https:\\\/\\\/tuzlainfo.ba\\\/index.php\\\/clanci\\\/sa-svih-strana\\\/item\\\/286414-rusi-poslali-poruku-crnoj-gori-ucvrstili-ste-status-neprijateljske-drzave\\\/\",\"url\":\"https:\\\/\\\/tuzlainfo.ba\\\/index.php\\\/clanci\\\/sa-svih-strana\\\/item\\\/286414-rusi-poslali-poruku-crnoj-gori-ucvrstili-ste-status-neprijateljske-drzave\\\/\",\"name\":\"Rusi poslali poruku Crnoj Gori: \\\"U\u010dvrstili ste status neprijateljske dr\u017eave\\\"\",\"isPartOf\":{\"@id\":\"https:\\\/\\\/tuzlainfo.ba\\\/#website\"},\"primaryImageOfPage\":{\"@id\":\"https:\\\/\\\/tuzlainfo.ba\\\/index.php\\\/clanci\\\/sa-svih-strana\\\/item\\\/286414-rusi-poslali-poruku-crnoj-gori-ucvrstili-ste-status-neprijateljske-drzave\\\/#primaryimage\"},\"image\":{\"@id\":\"https:\\\/\\\/tuzlainfo.ba\\\/index.php\\\/clanci\\\/sa-svih-strana\\\/item\\\/286414-rusi-poslali-poruku-crnoj-gori-ucvrstili-ste-status-neprijateljske-drzave\\\/#primaryimage\"},\"thumbnailUrl\":\"https:\\\/\\\/tuzlainfo.ba\\\/wp-content\\\/uploads\\\/2025\\\/11\\\/1411_lukasik.jpg\",\"datePublished\":\"2025-11-14T20:25:19+00:00\",\"breadcrumb\":{\"@id\":\"https:\\\/\\\/tuzlainfo.ba\\\/index.php\\\/clanci\\\/sa-svih-strana\\\/item\\\/286414-rusi-poslali-poruku-crnoj-gori-ucvrstili-ste-status-neprijateljske-drzave\\\/#breadcrumb\"},\"inLanguage\":\"bs-BA\",\"potentialAction\":[{\"@type\":\"ReadAction\",\"target\":[\"https:\\\/\\\/tuzlainfo.ba\\\/index.php\\\/clanci\\\/sa-svih-strana\\\/item\\\/286414-rusi-poslali-poruku-crnoj-gori-ucvrstili-ste-status-neprijateljske-drzave\\\/\"]}]},{\"@type\":\"ImageObject\",\"inLanguage\":\"bs-BA\",\"@id\":\"https:\\\/\\\/tuzlainfo.ba\\\/index.php\\\/clanci\\\/sa-svih-strana\\\/item\\\/286414-rusi-poslali-poruku-crnoj-gori-ucvrstili-ste-status-neprijateljske-drzave\\\/#primaryimage\",\"url\":\"https:\\\/\\\/tuzlainfo.ba\\\/wp-content\\\/uploads\\\/2025\\\/11\\\/1411_lukasik.jpg\",\"contentUrl\":\"https:\\\/\\\/tuzlainfo.ba\\\/wp-content\\\/uploads\\\/2025\\\/11\\\/1411_lukasik.jpg\",\"width\":800,\"height\":534},{\"@type\":\"BreadcrumbList\",\"@id\":\"https:\\\/\\\/tuzlainfo.ba\\\/index.php\\\/clanci\\\/sa-svih-strana\\\/item\\\/286414-rusi-poslali-poruku-crnoj-gori-ucvrstili-ste-status-neprijateljske-drzave\\\/#breadcrumb\",\"itemListElement\":[{\"@type\":\"ListItem\",\"position\":1,\"name\":\"Home\",\"item\":\"https:\\\/\\\/tuzlainfo.ba\\\/\"},{\"@type\":\"ListItem\",\"position\":2,\"name\":\"Rusi poslali poruku Crnoj Gori: &#8220;U\u010dvrstili ste status neprijateljske dr\u017eave&#8221;\"}]},{\"@type\":\"WebSite\",\"@id\":\"https:\\\/\\\/tuzlainfo.ba\\\/#website\",\"url\":\"https:\\\/\\\/tuzlainfo.ba\\\/\",\"name\":\"TuzlaInfo.ba\",\"description\":\"Tuzla info, gradski informator - Tuzla na dlanu\",\"publisher\":{\"@id\":\"https:\\\/\\\/tuzlainfo.ba\\\/#organization\"},\"potentialAction\":[{\"@type\":\"SearchAction\",\"target\":{\"@type\":\"EntryPoint\",\"urlTemplate\":\"https:\\\/\\\/tuzlainfo.ba\\\/?s={search_term_string}\"},\"query-input\":{\"@type\":\"PropertyValueSpecification\",\"valueRequired\":true,\"valueName\":\"search_term_string\"}}],\"inLanguage\":\"bs-BA\"},{\"@type\":\"Organization\",\"@id\":\"https:\\\/\\\/tuzlainfo.ba\\\/#organization\",\"name\":\"TuzlaInfo.ba\",\"url\":\"https:\\\/\\\/tuzlainfo.ba\\\/\",\"logo\":{\"@type\":\"ImageObject\",\"inLanguage\":\"bs-BA\",\"@id\":\"https:\\\/\\\/tuzlainfo.ba\\\/#\\\/schema\\\/logo\\\/image\\\/\",\"url\":\"https:\\\/\\\/tuzlainfo.ba\\\/wp-content\\\/uploads\\\/2021\\\/03\\\/logo-ver-3-1.png\",\"contentUrl\":\"https:\\\/\\\/tuzlainfo.ba\\\/wp-content\\\/uploads\\\/2021\\\/03\\\/logo-ver-3-1.png\",\"width\":350,\"height\":95,\"caption\":\"TuzlaInfo.ba\"},\"image\":{\"@id\":\"https:\\\/\\\/tuzlainfo.ba\\\/#\\\/schema\\\/logo\\\/image\\\/\"},\"sameAs\":[\"https:\\\/\\\/www.facebook.com\\\/tuzlainfo.ba\\\/\"]},{\"@type\":\"Person\",\"@id\":\"https:\\\/\\\/tuzlainfo.ba\\\/#\\\/schema\\\/person\\\/f434e20dc27ea133923aab08451b7f7f\",\"name\":\"nedim\",\"image\":{\"@type\":\"ImageObject\",\"inLanguage\":\"bs-BA\",\"@id\":\"https:\\\/\\\/secure.gravatar.com\\\/avatar\\\/5b928a2e7e70a54208d2eb6c1edcb75a5350d6ae97d5f0a701203d456823f6f3?s=96&d=mm&r=g\",\"url\":\"https:\\\/\\\/secure.gravatar.com\\\/avatar\\\/5b928a2e7e70a54208d2eb6c1edcb75a5350d6ae97d5f0a701203d456823f6f3?s=96&d=mm&r=g\",\"contentUrl\":\"https:\\\/\\\/secure.gravatar.com\\\/avatar\\\/5b928a2e7e70a54208d2eb6c1edcb75a5350d6ae97d5f0a701203d456823f6f3?s=96&d=mm&r=g\",\"caption\":\"nedim\"},\"description\":\"Tuzlainfo.ba pratite na dru\u0161tvenim mre\u017eama: Facebook, Instagram i Youtube. Svoje pri\u010de, upite i fotografije \u0161aljite na na\u0161u e-mail adresu.\"}]}<\/script>\n<!-- \/ Yoast SEO plugin. -->","yoast_head_json":{"title":"Rusi poslali poruku Crnoj Gori: \"U\u010dvrstili ste status neprijateljske dr\u017eave\"","robots":{"index":"index","follow":"follow","max-snippet":"max-snippet:-1","max-image-preview":"max-image-preview:large","max-video-preview":"max-video-preview:-1"},"canonical":"https:\/\/tuzlainfo.ba\/index.php\/clanci\/sa-svih-strana\/item\/286414-rusi-poslali-poruku-crnoj-gori-ucvrstili-ste-status-neprijateljske-drzave\/","og_locale":"bs_BA","og_type":"article","og_title":"Rusi poslali poruku Crnoj Gori: \"U\u010dvrstili ste status neprijateljske dr\u017eave\"","og_description":"Ambasador Rusije u Crnoj Gori Aleksandr Petrovi\u010d Luka\u0161ik o\u0161tro je reagirao na odluku Skup\u0161tine Crne Gore da se Vojska Crne Gore pridru\u017ei NATO misiji bezbjednosne pomo\u0107i i obuke za Ukrajinu (NSATU). On je poru\u010dio da se crnogorski parlament \u201eisti\u010de antiruskim djelovanjem\u201c te da ovakve odluke potvr\u0111uju, kako navodi, neprijateljski odnos Podgorice prema Moskvi. &#8220;Crnogorsko rukovodstvo [&hellip;]","og_url":"https:\/\/tuzlainfo.ba\/index.php\/clanci\/sa-svih-strana\/item\/286414-rusi-poslali-poruku-crnoj-gori-ucvrstili-ste-status-neprijateljske-drzave\/","og_site_name":"TuzlaInfo.ba","article_publisher":"https:\/\/www.facebook.com\/tuzlainfo.ba\/","article_published_time":"2025-11-14T20:25:19+00:00","og_image":[{"width":800,"height":534,"url":"https:\/\/tuzlainfo.ba\/wp-content\/uploads\/2025\/11\/1411_lukasik.jpg","type":"image\/jpeg"}],"author":"nedim","twitter_card":"summary_large_image","twitter_misc":{"Written by":"nedim","Est. reading time":"2 minute"},"schema":{"@context":"https:\/\/schema.org","@graph":[{"@type":"Article","@id":"https:\/\/tuzlainfo.ba\/index.php\/clanci\/sa-svih-strana\/item\/286414-rusi-poslali-poruku-crnoj-gori-ucvrstili-ste-status-neprijateljske-drzave\/#article","isPartOf":{"@id":"https:\/\/tuzlainfo.ba\/index.php\/clanci\/sa-svih-strana\/item\/286414-rusi-poslali-poruku-crnoj-gori-ucvrstili-ste-status-neprijateljske-drzave\/"},"author":{"name":"nedim","@id":"https:\/\/tuzlainfo.ba\/#\/schema\/person\/f434e20dc27ea133923aab08451b7f7f"},"headline":"Rusi poslali poruku Crnoj Gori: &#8220;U\u010dvrstili ste status neprijateljske dr\u017eave&#8221;","datePublished":"2025-11-14T20:25:19+00:00","mainEntityOfPage":{"@id":"https:\/\/tuzlainfo.ba\/index.php\/clanci\/sa-svih-strana\/item\/286414-rusi-poslali-poruku-crnoj-gori-ucvrstili-ste-status-neprijateljske-drzave\/"},"wordCount":238,"publisher":{"@id":"https:\/\/tuzlainfo.ba\/#organization"},"image":{"@id":"https:\/\/tuzlainfo.ba\/index.php\/clanci\/sa-svih-strana\/item\/286414-rusi-poslali-poruku-crnoj-gori-ucvrstili-ste-status-neprijateljske-drzave\/#primaryimage"},"thumbnailUrl":"https:\/\/tuzlainfo.ba\/wp-content\/uploads\/2025\/11\/1411_lukasik.jpg","keywords":["crna gora","rusija"],"articleSection":["Sa svih strana"],"inLanguage":"bs-BA","copyrightYear":"2025","copyrightHolder":{"@id":"https:\/\/tuzlainfo.ba\/#organization"}},{"@type":"WebPage","@id":"https:\/\/tuzlainfo.ba\/index.php\/clanci\/sa-svih-strana\/item\/286414-rusi-poslali-poruku-crnoj-gori-ucvrstili-ste-status-neprijateljske-drzave\/","url":"https:\/\/tuzlainfo.ba\/index.php\/clanci\/sa-svih-strana\/item\/286414-rusi-poslali-poruku-crnoj-gori-ucvrstili-ste-status-neprijateljske-drzave\/","name":"Rusi poslali poruku Crnoj Gori: \"U\u010dvrstili ste status neprijateljske dr\u017eave\"","isPartOf":{"@id":"https:\/\/tuzlainfo.ba\/#website"},"primaryImageOfPage":{"@id":"https:\/\/tuzlainfo.ba\/index.php\/clanci\/sa-svih-strana\/item\/286414-rusi-poslali-poruku-crnoj-gori-ucvrstili-ste-status-neprijateljske-drzave\/#primaryimage"},"image":{"@id":"https:\/\/tuzlainfo.ba\/index.php\/clanci\/sa-svih-strana\/item\/286414-rusi-poslali-poruku-crnoj-gori-ucvrstili-ste-status-neprijateljske-drzave\/#primaryimage"},"thumbnailUrl":"https:\/\/tuzlainfo.ba\/wp-content\/uploads\/2025\/11\/1411_lukasik.jpg","datePublished":"2025-11-14T20:25:19+00:00","breadcrumb":{"@id":"https:\/\/tuzlainfo.ba\/index.php\/clanci\/sa-svih-strana\/item\/286414-rusi-poslali-poruku-crnoj-gori-ucvrstili-ste-status-neprijateljske-drzave\/#breadcrumb"},"inLanguage":"bs-BA","potentialAction":[{"@type":"ReadAction","target":["https:\/\/tuzlainfo.ba\/index.php\/clanci\/sa-svih-strana\/item\/286414-rusi-poslali-poruku-crnoj-gori-ucvrstili-ste-status-neprijateljske-drzave\/"]}]},{"@type":"ImageObject","inLanguage":"bs-BA","@id":"https:\/\/tuzlainfo.ba\/index.php\/clanci\/sa-svih-strana\/item\/286414-rusi-poslali-poruku-crnoj-gori-ucvrstili-ste-status-neprijateljske-drzave\/#primaryimage","url":"https:\/\/tuzlainfo.ba\/wp-content\/uploads\/2025\/11\/1411_lukasik.jpg","contentUrl":"https:\/\/tuzlainfo.ba\/wp-content\/uploads\/2025\/11\/1411_lukasik.jpg","width":800,"height":534},{"@type":"BreadcrumbList","@id":"https:\/\/tuzlainfo.ba\/index.php\/clanci\/sa-svih-strana\/item\/286414-rusi-poslali-poruku-crnoj-gori-ucvrstili-ste-status-neprijateljske-drzave\/#breadcrumb","itemListElement":[{"@type":"ListItem","position":1,"name":"Home","item":"https:\/\/tuzlainfo.ba\/"},{"@type":"ListItem","position":2,"name":"Rusi poslali poruku Crnoj Gori: &#8220;U\u010dvrstili ste status neprijateljske dr\u017eave&#8221;"}]},{"@type":"WebSite","@id":"https:\/\/tuzlainfo.ba\/#website","url":"https:\/\/tuzlainfo.ba\/","name":"TuzlaInfo.ba","description":"Tuzla info, gradski informator - Tuzla na dlanu","publisher":{"@id":"https:\/\/tuzlainfo.ba\/#organization"},"potentialAction":[{"@type":"SearchAction","target":{"@type":"EntryPoint","urlTemplate":"https:\/\/tuzlainfo.ba\/?s={search_term_string}"},"query-input":{"@type":"PropertyValueSpecification","valueRequired":true,"valueName":"search_term_string"}}],"inLanguage":"bs-BA"},{"@type":"Organization","@id":"https:\/\/tuzlainfo.ba\/#organization","name":"TuzlaInfo.ba","url":"https:\/\/tuzlainfo.ba\/","logo":{"@type":"ImageObject","inLanguage":"bs-BA","@id":"https:\/\/tuzlainfo.ba\/#\/schema\/logo\/image\/","url":"https:\/\/tuzlainfo.ba\/wp-content\/uploads\/2021\/03\/logo-ver-3-1.png","contentUrl":"https:\/\/tuzlainfo.ba\/wp-content\/uploads\/2021\/03\/logo-ver-3-1.png","width":350,"height":95,"caption":"TuzlaInfo.ba"},"image":{"@id":"https:\/\/tuzlainfo.ba\/#\/schema\/logo\/image\/"},"sameAs":["https:\/\/www.facebook.com\/tuzlainfo.ba\/"]},{"@type":"Person","@id":"https:\/\/tuzlainfo.ba\/#\/schema\/person\/f434e20dc27ea133923aab08451b7f7f","name":"nedim","image":{"@type":"ImageObject","inLanguage":"bs-BA","@id":"https:\/\/secure.gravatar.com\/avatar\/5b928a2e7e70a54208d2eb6c1edcb75a5350d6ae97d5f0a701203d456823f6f3?s=96&d=mm&r=g","url":"https:\/\/secure.gravatar.com\/avatar\/5b928a2e7e70a54208d2eb6c1edcb75a5350d6ae97d5f0a701203d456823f6f3?s=96&d=mm&r=g","contentUrl":"https:\/\/secure.gravatar.com\/avatar\/5b928a2e7e70a54208d2eb6c1edcb75a5350d6ae97d5f0a701203d456823f6f3?s=96&d=mm&r=g","caption":"nedim"},"description":"Tuzlainfo.ba pratite na dru\u0161tvenim mre\u017eama: Facebook, Instagram i Youtube. Svoje pri\u010de, upite i fotografije \u0161aljite na na\u0161u e-mail adresu."}]}},"_links":{"self":[{"href":"https:\/\/tuzlainfo.ba\/index.php\/wp-json\/wp\/v2\/posts\/286414","targetHints":{"allow":["GET"]}}],"collection":[{"href":"https:\/\/tuzlainfo.ba\/index.php\/wp-json\/wp\/v2\/posts"}],"about":[{"href":"https:\/\/tuzlainfo.ba\/index.php\/wp-json\/wp\/v2\/types\/post"}],"author":[{"embeddable":true,"href":"https:\/\/tuzlainfo.ba\/index.php\/wp-json\/wp\/v2\/users\/2"}],"replies":[{"embeddable":true,"href":"https:\/\/tuzlainfo.ba\/index.php\/wp-json\/wp\/v2\/comments?post=286414"}],"version-history":[{"count":1,"href":"https:\/\/tuzlainfo.ba\/index.php\/wp-json\/wp\/v2\/posts\/286414\/revisions"}],"predecessor-version":[{"id":286416,"href":"https:\/\/tuzlainfo.ba\/index.php\/wp-json\/wp\/v2\/posts\/286414\/revisions\/286416"}],"wp:featuredmedia":[{"embeddable":true,"href":"https:\/\/tuzlainfo.ba\/index.php\/wp-json\/wp\/v2\/media\/286415"}],"wp:attachment":[{"href":"https:\/\/tuzlainfo.ba\/index.php\/wp-json\/wp\/v2\/media?parent=286414"}],"wp:term":[{"taxonomy":"category","embeddable":true,"href":"https:\/\/tuzlainfo.ba\/index.php\/wp-json\/wp\/v2\/categories?post=286414"},{"taxonomy":"post_tag","embeddable":true,"href":"https:\/\/tuzlainfo.ba\/index.php\/wp-json\/wp\/v2\/tags?post=286414"}],"curies":[{"name":"wp","href":"https:\/\/api.w.org\/{rel}","templated":true}]}}