{"id":286242,"date":"2025-11-13T17:10:14","date_gmt":"2025-11-13T16:10:14","guid":{"rendered":"https:\/\/tuzlainfo.ba\/?p=286242"},"modified":"2025-11-13T15:16:23","modified_gmt":"2025-11-13T14:16:23","slug":"tuzlanski-kanton-primjer-dobre-prakse-u-strucnom-obrazovanju","status":"publish","type":"post","link":"https:\/\/tuzlainfo.ba\/index.php\/istaknuto\/item\/286242-tuzlanski-kanton-primjer-dobre-prakse-u-strucnom-obrazovanju\/","title":{"rendered":"Tuzlanski kanton primjer dobre prakse u stru\u010dnom obrazovanju"},"content":{"rendered":"<p>Kako bi razmijenili iskustva kada je u pitanju unapre\u0111enje srednjeg stru\u010dnog obrazovanja danas se ministar obrazovanja i nauke Tuzlanskog kantona Ahmed Omerovi\u0107 sastao sa ministrom nauke, obrazovanja, kulture i sporta Kantona 10 Antom Tadi\u0107em i delegacijom Austrijske agencije za obrazovanje i internacionalizaciju (OeAD-GmbH).<\/p>\n<p>Prema rije\u010dima ministra Omerovi\u0107a, \u00a0stru\u010dno obrazovanje predstavlja investiciju u budu\u0107nost mladih.<\/p>\n<p>\u201eMi smo mnogo radili na dono\u0161enju novih propisa iz oblasti stru\u010dnog obrazovanja. Dobra je ovo prilika da sa kolegama iz drugih dijelova Bosne i Hercegovine ali i na\u0161im me\u0111unarodnim partnerima razmijenimo odre\u0111ena iskustva. Da oni vide dokle smo mi do\u0161li u ovom procesu a isto tako da mi vidimo kako se ovaj proces kod njih provodi. Sve u cilju da imamo \u0161to kvalitetnije stru\u010dno obrazovanje i da ono bude dobro sinhronizirano sa tr\u017ei\u0161tem rada kako bi to bila dobra baza za dalji ekonomski razvoj na\u0161eg zemlje\u201c, kazao je ministar Omerovi\u0107.<\/p>\n<p>Jedna od go\u0161\u0107i bila je i austrijska izaslanica za obrazovanje i voditeljica Ureda austrijske agencije za obrazovanje i internacionalizaciju (OeAD-GmbH) u Sarajevu \u00a0Viktoria Kuzmits.<\/p>\n<p>\u201eMi smo uspje\u0161no zavr\u0161ili projekat ja\u010danja uloge koordinatora prakti\u010dne nastave gdje je Tuzla bila jedna od prvih pilot regija i gdje smo obu\u010dili sto koordinatora prakti\u010dne nastave. Ispostavila se super zakonska regulativa u TK i\u00a0 drago nam je da mo\u017eemo da organiziramo ovu studijsku posjetu u koju smo uklju\u010dili vi\u0161e kantona. Trenutno smo pokrenuli novi projekat gdje je Tuzla tako\u0111er pilot regija. Priprema za stru\u010dno obrazovanje kroz ja\u010danje karijernog vo\u0111enja savjetovanja u osnovnim \u0161kolama\u201c, kazala je Kuzmits.<\/p>\n<p>Veliki interes za iskustva koje Tuzlanski kanton i resorno ministarstvo imaju u namjeri da uspostave \u0161to kvalitetnije stru\u010dno obrazovanje pokazao je i prvi \u010dovjek kada je u pitanju obrazovanje Kantona 10, ministar Tadi\u0107.<\/p>\n<p>\u201eTuzlanski kanton je puno odmakao \u0161to se ti\u010de samog strukovnog obrazovanja, primjene zakonskih propisa, pravilnika. Tako\u0111er, zahvaljujem organizaciji OeAD koja nas je okupila ovdje da na primjeru Tuzlanskog kantona i nekih koji su ispred nas vidimo i razmijenimo iskustva kako bismo mogli to bolje implementirati u na\u0161 obrazovni sustav\u201c, rekao je ministar Tadi\u0107.<\/p>\n<p>Tokom boravka na podru\u010dju Tuzlanskog kantona gosti su odr\u017eali i niz sastanaka sa predstavnicima Pedago\u0161kog zavoda TK, Kantonalne privredne komore Tuzla, te srednjih \u0161kola i kompanija u Tuzli, \u017divinicama i Srebreniku.<\/p>\n","protected":false},"excerpt":{"rendered":"<p>Kako bi razmijenili iskustva kada je u pitanju unapre\u0111enje srednjeg stru\u010dnog obrazovanja danas se ministar&hellip;<\/p>\n","protected":false},"author":4,"featured_media":286243,"comment_status":"closed","ping_status":"closed","sticky":false,"template":"","format":"standard","meta":{"_acf_changed":false,"footnotes":""},"categories":[304,12],"tags":[1634,360],"acf":[],"yoast_head":"<!-- This site is optimized with the Yoast SEO plugin v23.5 - https:\/\/yoast.com\/wordpress\/plugins\/seo\/ -->\n<title>Tuzlanski kanton primjer dobre prakse u stru\u010dnom obrazovanju - TuzlaInfo.ba<\/title>\n<meta name=\"robots\" content=\"index, follow, max-snippet:-1, max-image-preview:large, max-video-preview:-1\" \/>\n<link rel=\"canonical\" href=\"https:\/\/tuzlainfo.ba\/index.php\/istaknuto\/item\/286242-tuzlanski-kanton-primjer-dobre-prakse-u-strucnom-obrazovanju\/\" \/>\n<meta property=\"og:locale\" content=\"bs_BA\" \/>\n<meta property=\"og:type\" content=\"article\" \/>\n<meta property=\"og:title\" content=\"Tuzlanski kanton primjer dobre prakse u stru\u010dnom obrazovanju - TuzlaInfo.ba\" \/>\n<meta property=\"og:description\" content=\"Kako bi razmijenili iskustva kada je u pitanju unapre\u0111enje srednjeg stru\u010dnog obrazovanja danas se ministar&hellip;\" \/>\n<meta property=\"og:url\" content=\"https:\/\/tuzlainfo.ba\/index.php\/istaknuto\/item\/286242-tuzlanski-kanton-primjer-dobre-prakse-u-strucnom-obrazovanju\/\" \/>\n<meta property=\"og:site_name\" content=\"TuzlaInfo.ba\" \/>\n<meta property=\"article:publisher\" content=\"https:\/\/www.facebook.com\/tuzlainfo.ba\/\" \/>\n<meta property=\"article:published_time\" content=\"2025-11-13T16:10:14+00:00\" \/>\n<meta property=\"article:modified_time\" content=\"2025-11-13T14:16:23+00:00\" \/>\n<meta property=\"og:image\" content=\"https:\/\/tuzlainfo.ba\/wp-content\/uploads\/2025\/11\/IMG_0651.webp\" \/>\n\t<meta property=\"og:image:width\" content=\"1024\" \/>\n\t<meta property=\"og:image:height\" content=\"683\" \/>\n\t<meta property=\"og:image:type\" content=\"image\/webp\" \/>\n<meta name=\"author\" content=\"Tuzla Info\" \/>\n<meta name=\"twitter:card\" content=\"summary_large_image\" \/>\n<meta name=\"twitter:label1\" content=\"Written by\" \/>\n\t<meta name=\"twitter:data1\" content=\"Tuzla Info\" \/>\n\t<meta name=\"twitter:label2\" content=\"Est. reading time\" \/>\n\t<meta name=\"twitter:data2\" content=\"3 minute\" \/>\n<script type=\"application\/ld+json\" class=\"yoast-schema-graph\">{\"@context\":\"https:\/\/schema.org\",\"@graph\":[{\"@type\":\"Article\",\"@id\":\"https:\/\/tuzlainfo.ba\/index.php\/istaknuto\/item\/286242-tuzlanski-kanton-primjer-dobre-prakse-u-strucnom-obrazovanju\/#article\",\"isPartOf\":{\"@id\":\"https:\/\/tuzlainfo.ba\/index.php\/istaknuto\/item\/286242-tuzlanski-kanton-primjer-dobre-prakse-u-strucnom-obrazovanju\/\"},\"author\":{\"name\":\"Tuzla Info\",\"@id\":\"https:\/\/tuzlainfo.ba\/#\/schema\/person\/46cad4c57790cbc50781edd14870825a\"},\"headline\":\"Tuzlanski kanton primjer dobre prakse u stru\u010dnom obrazovanju\",\"datePublished\":\"2025-11-13T16:10:14+00:00\",\"dateModified\":\"2025-11-13T14:16:23+00:00\",\"mainEntityOfPage\":{\"@id\":\"https:\/\/tuzlainfo.ba\/index.php\/istaknuto\/item\/286242-tuzlanski-kanton-primjer-dobre-prakse-u-strucnom-obrazovanju\/\"},\"wordCount\":406,\"publisher\":{\"@id\":\"https:\/\/tuzlainfo.ba\/#organization\"},\"image\":{\"@id\":\"https:\/\/tuzlainfo.ba\/index.php\/istaknuto\/item\/286242-tuzlanski-kanton-primjer-dobre-prakse-u-strucnom-obrazovanju\/#primaryimage\"},\"thumbnailUrl\":\"https:\/\/tuzlainfo.ba\/wp-content\/uploads\/2025\/11\/IMG_0651.webp\",\"keywords\":[\"obrazovanje\",\"tuzlanski kanton\"],\"articleSection\":[\"Istaknuto\",\"Novosti\"],\"inLanguage\":\"bs-BA\"},{\"@type\":\"WebPage\",\"@id\":\"https:\/\/tuzlainfo.ba\/index.php\/istaknuto\/item\/286242-tuzlanski-kanton-primjer-dobre-prakse-u-strucnom-obrazovanju\/\",\"url\":\"https:\/\/tuzlainfo.ba\/index.php\/istaknuto\/item\/286242-tuzlanski-kanton-primjer-dobre-prakse-u-strucnom-obrazovanju\/\",\"name\":\"Tuzlanski kanton primjer dobre prakse u stru\u010dnom obrazovanju - TuzlaInfo.ba\",\"isPartOf\":{\"@id\":\"https:\/\/tuzlainfo.ba\/#website\"},\"primaryImageOfPage\":{\"@id\":\"https:\/\/tuzlainfo.ba\/index.php\/istaknuto\/item\/286242-tuzlanski-kanton-primjer-dobre-prakse-u-strucnom-obrazovanju\/#primaryimage\"},\"image\":{\"@id\":\"https:\/\/tuzlainfo.ba\/index.php\/istaknuto\/item\/286242-tuzlanski-kanton-primjer-dobre-prakse-u-strucnom-obrazovanju\/#primaryimage\"},\"thumbnailUrl\":\"https:\/\/tuzlainfo.ba\/wp-content\/uploads\/2025\/11\/IMG_0651.webp\",\"datePublished\":\"2025-11-13T16:10:14+00:00\",\"dateModified\":\"2025-11-13T14:16:23+00:00\",\"breadcrumb\":{\"@id\":\"https:\/\/tuzlainfo.ba\/index.php\/istaknuto\/item\/286242-tuzlanski-kanton-primjer-dobre-prakse-u-strucnom-obrazovanju\/#breadcrumb\"},\"inLanguage\":\"bs-BA\",\"potentialAction\":[{\"@type\":\"ReadAction\",\"target\":[\"https:\/\/tuzlainfo.ba\/index.php\/istaknuto\/item\/286242-tuzlanski-kanton-primjer-dobre-prakse-u-strucnom-obrazovanju\/\"]}]},{\"@type\":\"ImageObject\",\"inLanguage\":\"bs-BA\",\"@id\":\"https:\/\/tuzlainfo.ba\/index.php\/istaknuto\/item\/286242-tuzlanski-kanton-primjer-dobre-prakse-u-strucnom-obrazovanju\/#primaryimage\",\"url\":\"https:\/\/tuzlainfo.ba\/wp-content\/uploads\/2025\/11\/IMG_0651.webp\",\"contentUrl\":\"https:\/\/tuzlainfo.ba\/wp-content\/uploads\/2025\/11\/IMG_0651.webp\",\"width\":1024,\"height\":683},{\"@type\":\"BreadcrumbList\",\"@id\":\"https:\/\/tuzlainfo.ba\/index.php\/istaknuto\/item\/286242-tuzlanski-kanton-primjer-dobre-prakse-u-strucnom-obrazovanju\/#breadcrumb\",\"itemListElement\":[{\"@type\":\"ListItem\",\"position\":1,\"name\":\"Home\",\"item\":\"https:\/\/tuzlainfo.ba\/\"},{\"@type\":\"ListItem\",\"position\":2,\"name\":\"Tuzlanski kanton primjer dobre prakse u stru\u010dnom obrazovanju\"}]},{\"@type\":\"WebSite\",\"@id\":\"https:\/\/tuzlainfo.ba\/#website\",\"url\":\"https:\/\/tuzlainfo.ba\/\",\"name\":\"TuzlaInfo.ba\",\"description\":\"Tuzla info, gradski informator - Tuzla na dlanu\",\"publisher\":{\"@id\":\"https:\/\/tuzlainfo.ba\/#organization\"},\"potentialAction\":[{\"@type\":\"SearchAction\",\"target\":{\"@type\":\"EntryPoint\",\"urlTemplate\":\"https:\/\/tuzlainfo.ba\/?s={search_term_string}\"},\"query-input\":{\"@type\":\"PropertyValueSpecification\",\"valueRequired\":true,\"valueName\":\"search_term_string\"}}],\"inLanguage\":\"bs-BA\"},{\"@type\":\"Organization\",\"@id\":\"https:\/\/tuzlainfo.ba\/#organization\",\"name\":\"TuzlaInfo.ba\",\"url\":\"https:\/\/tuzlainfo.ba\/\",\"logo\":{\"@type\":\"ImageObject\",\"inLanguage\":\"bs-BA\",\"@id\":\"https:\/\/tuzlainfo.ba\/#\/schema\/logo\/image\/\",\"url\":\"https:\/\/tuzlainfo.ba\/wp-content\/uploads\/2021\/03\/logo-ver-3-1.png\",\"contentUrl\":\"https:\/\/tuzlainfo.ba\/wp-content\/uploads\/2021\/03\/logo-ver-3-1.png\",\"width\":350,\"height\":95,\"caption\":\"TuzlaInfo.ba\"},\"image\":{\"@id\":\"https:\/\/tuzlainfo.ba\/#\/schema\/logo\/image\/\"},\"sameAs\":[\"https:\/\/www.facebook.com\/tuzlainfo.ba\/\"]},{\"@type\":\"Person\",\"@id\":\"https:\/\/tuzlainfo.ba\/#\/schema\/person\/46cad4c57790cbc50781edd14870825a\",\"name\":\"Tuzla Info\",\"image\":{\"@type\":\"ImageObject\",\"inLanguage\":\"bs-BA\",\"@id\":\"https:\/\/tuzlainfo.ba\/#\/schema\/person\/image\/\",\"url\":\"https:\/\/tuzlainfo.ba\/wp-content\/litespeed\/avatar\/b6c453a6c38e3654f2e4416c643fc25c.jpg?ver=1777051911\",\"contentUrl\":\"https:\/\/tuzlainfo.ba\/wp-content\/litespeed\/avatar\/b6c453a6c38e3654f2e4416c643fc25c.jpg?ver=1777051911\",\"caption\":\"Tuzla Info\"}}]}<\/script>\n<!-- \/ Yoast SEO plugin. -->","yoast_head_json":{"title":"Tuzlanski kanton primjer dobre prakse u stru\u010dnom obrazovanju - TuzlaInfo.ba","robots":{"index":"index","follow":"follow","max-snippet":"max-snippet:-1","max-image-preview":"max-image-preview:large","max-video-preview":"max-video-preview:-1"},"canonical":"https:\/\/tuzlainfo.ba\/index.php\/istaknuto\/item\/286242-tuzlanski-kanton-primjer-dobre-prakse-u-strucnom-obrazovanju\/","og_locale":"bs_BA","og_type":"article","og_title":"Tuzlanski kanton primjer dobre prakse u stru\u010dnom obrazovanju - TuzlaInfo.ba","og_description":"Kako bi razmijenili iskustva kada je u pitanju unapre\u0111enje srednjeg stru\u010dnog obrazovanja danas se ministar&hellip;","og_url":"https:\/\/tuzlainfo.ba\/index.php\/istaknuto\/item\/286242-tuzlanski-kanton-primjer-dobre-prakse-u-strucnom-obrazovanju\/","og_site_name":"TuzlaInfo.ba","article_publisher":"https:\/\/www.facebook.com\/tuzlainfo.ba\/","article_published_time":"2025-11-13T16:10:14+00:00","article_modified_time":"2025-11-13T14:16:23+00:00","og_image":[{"width":1024,"height":683,"url":"https:\/\/tuzlainfo.ba\/wp-content\/uploads\/2025\/11\/IMG_0651.webp","type":"image\/webp"}],"author":"Tuzla Info","twitter_card":"summary_large_image","twitter_misc":{"Written by":"Tuzla Info","Est. reading time":"3 minute"},"schema":{"@context":"https:\/\/schema.org","@graph":[{"@type":"Article","@id":"https:\/\/tuzlainfo.ba\/index.php\/istaknuto\/item\/286242-tuzlanski-kanton-primjer-dobre-prakse-u-strucnom-obrazovanju\/#article","isPartOf":{"@id":"https:\/\/tuzlainfo.ba\/index.php\/istaknuto\/item\/286242-tuzlanski-kanton-primjer-dobre-prakse-u-strucnom-obrazovanju\/"},"author":{"name":"Tuzla Info","@id":"https:\/\/tuzlainfo.ba\/#\/schema\/person\/46cad4c57790cbc50781edd14870825a"},"headline":"Tuzlanski kanton primjer dobre prakse u stru\u010dnom obrazovanju","datePublished":"2025-11-13T16:10:14+00:00","dateModified":"2025-11-13T14:16:23+00:00","mainEntityOfPage":{"@id":"https:\/\/tuzlainfo.ba\/index.php\/istaknuto\/item\/286242-tuzlanski-kanton-primjer-dobre-prakse-u-strucnom-obrazovanju\/"},"wordCount":406,"publisher":{"@id":"https:\/\/tuzlainfo.ba\/#organization"},"image":{"@id":"https:\/\/tuzlainfo.ba\/index.php\/istaknuto\/item\/286242-tuzlanski-kanton-primjer-dobre-prakse-u-strucnom-obrazovanju\/#primaryimage"},"thumbnailUrl":"https:\/\/tuzlainfo.ba\/wp-content\/uploads\/2025\/11\/IMG_0651.webp","keywords":["obrazovanje","tuzlanski kanton"],"articleSection":["Istaknuto","Novosti"],"inLanguage":"bs-BA"},{"@type":"WebPage","@id":"https:\/\/tuzlainfo.ba\/index.php\/istaknuto\/item\/286242-tuzlanski-kanton-primjer-dobre-prakse-u-strucnom-obrazovanju\/","url":"https:\/\/tuzlainfo.ba\/index.php\/istaknuto\/item\/286242-tuzlanski-kanton-primjer-dobre-prakse-u-strucnom-obrazovanju\/","name":"Tuzlanski kanton primjer dobre prakse u stru\u010dnom obrazovanju - TuzlaInfo.ba","isPartOf":{"@id":"https:\/\/tuzlainfo.ba\/#website"},"primaryImageOfPage":{"@id":"https:\/\/tuzlainfo.ba\/index.php\/istaknuto\/item\/286242-tuzlanski-kanton-primjer-dobre-prakse-u-strucnom-obrazovanju\/#primaryimage"},"image":{"@id":"https:\/\/tuzlainfo.ba\/index.php\/istaknuto\/item\/286242-tuzlanski-kanton-primjer-dobre-prakse-u-strucnom-obrazovanju\/#primaryimage"},"thumbnailUrl":"https:\/\/tuzlainfo.ba\/wp-content\/uploads\/2025\/11\/IMG_0651.webp","datePublished":"2025-11-13T16:10:14+00:00","dateModified":"2025-11-13T14:16:23+00:00","breadcrumb":{"@id":"https:\/\/tuzlainfo.ba\/index.php\/istaknuto\/item\/286242-tuzlanski-kanton-primjer-dobre-prakse-u-strucnom-obrazovanju\/#breadcrumb"},"inLanguage":"bs-BA","potentialAction":[{"@type":"ReadAction","target":["https:\/\/tuzlainfo.ba\/index.php\/istaknuto\/item\/286242-tuzlanski-kanton-primjer-dobre-prakse-u-strucnom-obrazovanju\/"]}]},{"@type":"ImageObject","inLanguage":"bs-BA","@id":"https:\/\/tuzlainfo.ba\/index.php\/istaknuto\/item\/286242-tuzlanski-kanton-primjer-dobre-prakse-u-strucnom-obrazovanju\/#primaryimage","url":"https:\/\/tuzlainfo.ba\/wp-content\/uploads\/2025\/11\/IMG_0651.webp","contentUrl":"https:\/\/tuzlainfo.ba\/wp-content\/uploads\/2025\/11\/IMG_0651.webp","width":1024,"height":683},{"@type":"BreadcrumbList","@id":"https:\/\/tuzlainfo.ba\/index.php\/istaknuto\/item\/286242-tuzlanski-kanton-primjer-dobre-prakse-u-strucnom-obrazovanju\/#breadcrumb","itemListElement":[{"@type":"ListItem","position":1,"name":"Home","item":"https:\/\/tuzlainfo.ba\/"},{"@type":"ListItem","position":2,"name":"Tuzlanski kanton primjer dobre prakse u stru\u010dnom obrazovanju"}]},{"@type":"WebSite","@id":"https:\/\/tuzlainfo.ba\/#website","url":"https:\/\/tuzlainfo.ba\/","name":"TuzlaInfo.ba","description":"Tuzla info, gradski informator - Tuzla na dlanu","publisher":{"@id":"https:\/\/tuzlainfo.ba\/#organization"},"potentialAction":[{"@type":"SearchAction","target":{"@type":"EntryPoint","urlTemplate":"https:\/\/tuzlainfo.ba\/?s={search_term_string}"},"query-input":{"@type":"PropertyValueSpecification","valueRequired":true,"valueName":"search_term_string"}}],"inLanguage":"bs-BA"},{"@type":"Organization","@id":"https:\/\/tuzlainfo.ba\/#organization","name":"TuzlaInfo.ba","url":"https:\/\/tuzlainfo.ba\/","logo":{"@type":"ImageObject","inLanguage":"bs-BA","@id":"https:\/\/tuzlainfo.ba\/#\/schema\/logo\/image\/","url":"https:\/\/tuzlainfo.ba\/wp-content\/uploads\/2021\/03\/logo-ver-3-1.png","contentUrl":"https:\/\/tuzlainfo.ba\/wp-content\/uploads\/2021\/03\/logo-ver-3-1.png","width":350,"height":95,"caption":"TuzlaInfo.ba"},"image":{"@id":"https:\/\/tuzlainfo.ba\/#\/schema\/logo\/image\/"},"sameAs":["https:\/\/www.facebook.com\/tuzlainfo.ba\/"]},{"@type":"Person","@id":"https:\/\/tuzlainfo.ba\/#\/schema\/person\/46cad4c57790cbc50781edd14870825a","name":"Tuzla Info","image":{"@type":"ImageObject","inLanguage":"bs-BA","@id":"https:\/\/tuzlainfo.ba\/#\/schema\/person\/image\/","url":"https:\/\/tuzlainfo.ba\/wp-content\/litespeed\/avatar\/b6c453a6c38e3654f2e4416c643fc25c.jpg?ver=1777051911","contentUrl":"https:\/\/tuzlainfo.ba\/wp-content\/litespeed\/avatar\/b6c453a6c38e3654f2e4416c643fc25c.jpg?ver=1777051911","caption":"Tuzla Info"}}]}},"_links":{"self":[{"href":"https:\/\/tuzlainfo.ba\/index.php\/wp-json\/wp\/v2\/posts\/286242"}],"collection":[{"href":"https:\/\/tuzlainfo.ba\/index.php\/wp-json\/wp\/v2\/posts"}],"about":[{"href":"https:\/\/tuzlainfo.ba\/index.php\/wp-json\/wp\/v2\/types\/post"}],"author":[{"embeddable":true,"href":"https:\/\/tuzlainfo.ba\/index.php\/wp-json\/wp\/v2\/users\/4"}],"replies":[{"embeddable":true,"href":"https:\/\/tuzlainfo.ba\/index.php\/wp-json\/wp\/v2\/comments?post=286242"}],"version-history":[{"count":1,"href":"https:\/\/tuzlainfo.ba\/index.php\/wp-json\/wp\/v2\/posts\/286242\/revisions"}],"predecessor-version":[{"id":286244,"href":"https:\/\/tuzlainfo.ba\/index.php\/wp-json\/wp\/v2\/posts\/286242\/revisions\/286244"}],"wp:featuredmedia":[{"embeddable":true,"href":"https:\/\/tuzlainfo.ba\/index.php\/wp-json\/wp\/v2\/media\/286243"}],"wp:attachment":[{"href":"https:\/\/tuzlainfo.ba\/index.php\/wp-json\/wp\/v2\/media?parent=286242"}],"wp:term":[{"taxonomy":"category","embeddable":true,"href":"https:\/\/tuzlainfo.ba\/index.php\/wp-json\/wp\/v2\/categories?post=286242"},{"taxonomy":"post_tag","embeddable":true,"href":"https:\/\/tuzlainfo.ba\/index.php\/wp-json\/wp\/v2\/tags?post=286242"}],"curies":[{"name":"wp","href":"https:\/\/api.w.org\/{rel}","templated":true}]}}