{"id":286202,"date":"2025-11-13T11:02:04","date_gmt":"2025-11-13T10:02:04","guid":{"rendered":"https:\/\/tuzlainfo.ba\/?p=286202"},"modified":"2025-11-13T11:29:20","modified_gmt":"2025-11-13T10:29:20","slug":"novi-zakon-o-radu-u-fbih-donosi-vise-slobodnih-dana-i-fleksibilno-radno-vrijeme","status":"publish","type":"post","link":"https:\/\/tuzlainfo.ba\/index.php\/bosna-i-hercegovina\/item\/286202-novi-zakon-o-radu-u-fbih-donosi-vise-slobodnih-dana-i-fleksibilno-radno-vrijeme\/","title":{"rendered":"Novi zakon o radu u FBiH donosi vi\u0161e slobodnih dana i fleksibilno radno vrijeme"},"content":{"rendered":"<p data-start=\"117\" data-end=\"501\">Novi zakon o radu u Federaciji Bosne i Hercegovine mogao bi do kraja godine biti upu\u0107en u parlamentarnu proceduru, nakon \u0161to se Prednacrt na\u0111e pred Vladom FBiH.<\/p>\n<p data-start=\"117\" data-end=\"501\">Rije\u010d je o jednom od najva\u017enijih zakonskih dokumenata u okviru \u0161ire reforme tr\u017ei\u0161ta rada i socijalne politike, \u010diji je cilj modernizacija radnih odnosa i uskla\u0111ivanje s propisima Evropske unije.<\/p>\n<h3 data-start=\"503\" data-end=\"551\">Uskla\u0111ivanje sa standardima Evropske unije<\/h3>\n<p data-start=\"553\" data-end=\"1030\">Prednacrt zakona, koji je pripremilo Federalno ministarstvo rada i socijalne politike uz podr\u0161ku brojnih institucija i organizacija, donosi niz novina u pogledu za\u0161tite radnika i sigurnosti na radu. Novi propisi uklju\u010duju jasniju regulaciju rada na daljinu, rada putem digitalnih platformi, kao i fleksibilnih oblika radnog vremena.<\/p>\n<p data-start=\"553\" data-end=\"1030\">U tekst zakona ugra\u0111ene su i odredbe o ja\u010doj za\u0161titi dostojanstva i prava radnika, te o stvaranju sigurnijeg i pravednijeg radnog okru\u017eenja.<\/p>\n<p data-start=\"1032\" data-end=\"1197\">Tako\u0111er, zakon predvi\u0111a stro\u017ee kazne za rad \u201cna crno\u201d, koje \u0107e se primjenjivati na poslodavce, odgovorne osobe i same radnike, u skladu s nalazima inspekcija rada.<\/p>\n<h3 data-start=\"1199\" data-end=\"1247\">Novi oblici rada i vjerske potrebe radnika<\/h3>\n<p data-start=\"1249\" data-end=\"1541\">Jedna od novina odnosi se na uva\u017eavanje vjerskih potreba zaposlenih. Poslodavci \u0107e, prema novom zakonu, biti obavezni omogu\u0107iti do 60 minuta odmora jednom sedmi\u010dno radi obavljanja vjerskih du\u017enosti, kao i \u010detiri dana godi\u0161njeg odsustva za vjerske i tradicijske praznike, na zahtjev radnika.<\/p>\n<p data-start=\"1543\" data-end=\"1864\">Zakon ne uvodi obavezno fleksibilno radno vrijeme, ali poslodavcima daje mogu\u0107nost da ga uvedu u dogovoru sa sindikatima ili zaposlenima. Tako\u0111er, ne odre\u0111uje konkretne neradne dane, ve\u0107 propisuje minimalno 24 sata sedmi\u010dnog odmora, dok se raspored rada i slobodnih dana ure\u0111uje internim aktima i kolektivnim ugovorima.<\/p>\n<p data-start=\"1866\" data-end=\"2100\">Novi zakon o radu, koji bi uskoro trebao biti u parlamentarnoj proceduri, predstavlja korak ka modernijem i uskla\u0111enijem sistemu rada u Federaciji BiH, u kojem se nastoji posti\u0107i ravnote\u017ea izme\u0111u prava radnika i potreba poslodavaca.<\/p>\n","protected":false},"excerpt":{"rendered":"<p>Novi zakon o radu u Federaciji Bosne i Hercegovine mogao bi do kraja godine biti upu\u0107en u parlamentarnu proceduru, nakon \u0161to se Prednacrt na\u0111e pred Vladom FBiH. Rije\u010d je o jednom od najva\u017enijih zakonskih dokumenata u okviru \u0161ire reforme tr\u017ei\u0161ta rada i socijalne politike, \u010diji je cilj modernizacija radnih odnosa i uskla\u0111ivanje s propisima Evropske [&hellip;]<\/p>\n","protected":false},"author":2,"featured_media":184189,"comment_status":"closed","ping_status":"closed","sticky":false,"template":"","format":"standard","meta":{"footnotes":""},"categories":[291,304,306],"tags":[11833],"class_list":["post-286202","post","type-post","status-publish","format-standard","has-post-thumbnail","hentry","category-bosna-i-hercegovina","category-istaknuto","category-preporucujemo","tag-zakon-o-radu-fbih"],"yoast_head":"<!-- This site is optimized with the Yoast SEO plugin v28.4 - https:\/\/yoast.com\/product\/yoast-seo-wordpress\/ -->\n<title>Novi zakon o radu u FBiH donosi vi\u0161e slobodnih dana i fleksibilno radno vrijeme<\/title>\n<meta name=\"description\" content=\"ovi zakon o radu u Federaciji BiH donosi ve\u0107a prava za radnike, uskla\u0111uje propise s EU standardima i uvodi fleksibilne oblike rada te za\u0161titu vjerskih potreba zaposlenih.\" \/>\n<meta name=\"robots\" content=\"index, follow, max-snippet:-1, max-image-preview:large, max-video-preview:-1\" \/>\n<link rel=\"canonical\" href=\"https:\/\/tuzlainfo.ba\/index.php\/bosna-i-hercegovina\/item\/286202-novi-zakon-o-radu-u-fbih-donosi-vise-slobodnih-dana-i-fleksibilno-radno-vrijeme\/\" \/>\n<meta property=\"og:locale\" content=\"bs_BA\" \/>\n<meta property=\"og:type\" content=\"article\" \/>\n<meta property=\"og:title\" content=\"Novi zakon o radu u FBiH donosi vi\u0161e slobodnih dana i fleksibilno radno vrijeme\" \/>\n<meta property=\"og:description\" content=\"ovi zakon o radu u Federaciji BiH donosi ve\u0107a prava za radnike, uskla\u0111uje propise s EU standardima i uvodi fleksibilne oblike rada te za\u0161titu vjerskih potreba zaposlenih.\" \/>\n<meta property=\"og:url\" content=\"https:\/\/tuzlainfo.ba\/index.php\/bosna-i-hercegovina\/item\/286202-novi-zakon-o-radu-u-fbih-donosi-vise-slobodnih-dana-i-fleksibilno-radno-vrijeme\/\" \/>\n<meta property=\"og:site_name\" content=\"TuzlaInfo.ba\" \/>\n<meta property=\"article:publisher\" content=\"https:\/\/www.facebook.com\/tuzlainfo.ba\/\" \/>\n<meta property=\"article:published_time\" content=\"2025-11-13T10:02:04+00:00\" \/>\n<meta property=\"article:modified_time\" content=\"2025-11-13T10:29:20+00:00\" \/>\n<meta property=\"og:image\" content=\"https:\/\/tuzlainfo.ba\/wp-content\/uploads\/2022\/09\/1609_pecat_notar.jpg\" \/>\n\t<meta property=\"og:image:width\" content=\"1000\" \/>\n\t<meta property=\"og:image:height\" content=\"672\" \/>\n\t<meta property=\"og:image:type\" content=\"image\/jpeg\" \/>\n<meta name=\"author\" content=\"nedim\" \/>\n<meta name=\"twitter:card\" content=\"summary_large_image\" \/>\n<meta name=\"twitter:label1\" content=\"Written by\" \/>\n\t<meta name=\"twitter:data1\" content=\"nedim\" \/>\n\t<meta name=\"twitter:label2\" content=\"Est. reading time\" \/>\n\t<meta name=\"twitter:data2\" content=\"2 minute\" \/>\n<script type=\"application\/ld+json\" class=\"yoast-schema-graph\">{\"@context\":\"https:\\\/\\\/schema.org\",\"@graph\":[{\"@type\":\"Article\",\"@id\":\"https:\\\/\\\/tuzlainfo.ba\\\/index.php\\\/bosna-i-hercegovina\\\/item\\\/286202-novi-zakon-o-radu-u-fbih-donosi-vise-slobodnih-dana-i-fleksibilno-radno-vrijeme\\\/#article\",\"isPartOf\":{\"@id\":\"https:\\\/\\\/tuzlainfo.ba\\\/index.php\\\/bosna-i-hercegovina\\\/item\\\/286202-novi-zakon-o-radu-u-fbih-donosi-vise-slobodnih-dana-i-fleksibilno-radno-vrijeme\\\/\"},\"author\":{\"name\":\"nedim\",\"@id\":\"https:\\\/\\\/tuzlainfo.ba\\\/#\\\/schema\\\/person\\\/f434e20dc27ea133923aab08451b7f7f\"},\"headline\":\"Novi zakon o radu u FBiH donosi vi\u0161e slobodnih dana i fleksibilno radno vrijeme\",\"datePublished\":\"2025-11-13T10:02:04+00:00\",\"dateModified\":\"2025-11-13T10:29:20+00:00\",\"mainEntityOfPage\":{\"@id\":\"https:\\\/\\\/tuzlainfo.ba\\\/index.php\\\/bosna-i-hercegovina\\\/item\\\/286202-novi-zakon-o-radu-u-fbih-donosi-vise-slobodnih-dana-i-fleksibilno-radno-vrijeme\\\/\"},\"wordCount\":329,\"publisher\":{\"@id\":\"https:\\\/\\\/tuzlainfo.ba\\\/#organization\"},\"image\":{\"@id\":\"https:\\\/\\\/tuzlainfo.ba\\\/index.php\\\/bosna-i-hercegovina\\\/item\\\/286202-novi-zakon-o-radu-u-fbih-donosi-vise-slobodnih-dana-i-fleksibilno-radno-vrijeme\\\/#primaryimage\"},\"thumbnailUrl\":\"https:\\\/\\\/tuzlainfo.ba\\\/wp-content\\\/uploads\\\/2022\\\/09\\\/1609_pecat_notar.jpg\",\"keywords\":[\"zakon o radu fbih\"],\"articleSection\":[\"Bosna i Hercegovina\",\"Istaknuto\",\"Preporu\u010dujemo\"],\"inLanguage\":\"bs-BA\",\"copyrightYear\":\"2025\",\"copyrightHolder\":{\"@id\":\"https:\\\/\\\/tuzlainfo.ba\\\/#organization\"}},{\"@type\":\"WebPage\",\"@id\":\"https:\\\/\\\/tuzlainfo.ba\\\/index.php\\\/bosna-i-hercegovina\\\/item\\\/286202-novi-zakon-o-radu-u-fbih-donosi-vise-slobodnih-dana-i-fleksibilno-radno-vrijeme\\\/\",\"url\":\"https:\\\/\\\/tuzlainfo.ba\\\/index.php\\\/bosna-i-hercegovina\\\/item\\\/286202-novi-zakon-o-radu-u-fbih-donosi-vise-slobodnih-dana-i-fleksibilno-radno-vrijeme\\\/\",\"name\":\"Novi zakon o radu u FBiH donosi vi\u0161e slobodnih dana i fleksibilno radno vrijeme\",\"isPartOf\":{\"@id\":\"https:\\\/\\\/tuzlainfo.ba\\\/#website\"},\"primaryImageOfPage\":{\"@id\":\"https:\\\/\\\/tuzlainfo.ba\\\/index.php\\\/bosna-i-hercegovina\\\/item\\\/286202-novi-zakon-o-radu-u-fbih-donosi-vise-slobodnih-dana-i-fleksibilno-radno-vrijeme\\\/#primaryimage\"},\"image\":{\"@id\":\"https:\\\/\\\/tuzlainfo.ba\\\/index.php\\\/bosna-i-hercegovina\\\/item\\\/286202-novi-zakon-o-radu-u-fbih-donosi-vise-slobodnih-dana-i-fleksibilno-radno-vrijeme\\\/#primaryimage\"},\"thumbnailUrl\":\"https:\\\/\\\/tuzlainfo.ba\\\/wp-content\\\/uploads\\\/2022\\\/09\\\/1609_pecat_notar.jpg\",\"datePublished\":\"2025-11-13T10:02:04+00:00\",\"dateModified\":\"2025-11-13T10:29:20+00:00\",\"description\":\"ovi zakon o radu u Federaciji BiH donosi ve\u0107a prava za radnike, uskla\u0111uje propise s EU standardima i uvodi fleksibilne oblike rada te za\u0161titu vjerskih potreba zaposlenih.\",\"breadcrumb\":{\"@id\":\"https:\\\/\\\/tuzlainfo.ba\\\/index.php\\\/bosna-i-hercegovina\\\/item\\\/286202-novi-zakon-o-radu-u-fbih-donosi-vise-slobodnih-dana-i-fleksibilno-radno-vrijeme\\\/#breadcrumb\"},\"inLanguage\":\"bs-BA\",\"potentialAction\":[{\"@type\":\"ReadAction\",\"target\":[\"https:\\\/\\\/tuzlainfo.ba\\\/index.php\\\/bosna-i-hercegovina\\\/item\\\/286202-novi-zakon-o-radu-u-fbih-donosi-vise-slobodnih-dana-i-fleksibilno-radno-vrijeme\\\/\"]}]},{\"@type\":\"ImageObject\",\"inLanguage\":\"bs-BA\",\"@id\":\"https:\\\/\\\/tuzlainfo.ba\\\/index.php\\\/bosna-i-hercegovina\\\/item\\\/286202-novi-zakon-o-radu-u-fbih-donosi-vise-slobodnih-dana-i-fleksibilno-radno-vrijeme\\\/#primaryimage\",\"url\":\"https:\\\/\\\/tuzlainfo.ba\\\/wp-content\\\/uploads\\\/2022\\\/09\\\/1609_pecat_notar.jpg\",\"contentUrl\":\"https:\\\/\\\/tuzlainfo.ba\\\/wp-content\\\/uploads\\\/2022\\\/09\\\/1609_pecat_notar.jpg\",\"width\":1000,\"height\":672,\"caption\":\"Foto: Tuzlainfo.ba\"},{\"@type\":\"BreadcrumbList\",\"@id\":\"https:\\\/\\\/tuzlainfo.ba\\\/index.php\\\/bosna-i-hercegovina\\\/item\\\/286202-novi-zakon-o-radu-u-fbih-donosi-vise-slobodnih-dana-i-fleksibilno-radno-vrijeme\\\/#breadcrumb\",\"itemListElement\":[{\"@type\":\"ListItem\",\"position\":1,\"name\":\"Home\",\"item\":\"https:\\\/\\\/tuzlainfo.ba\\\/\"},{\"@type\":\"ListItem\",\"position\":2,\"name\":\"Novi zakon o radu u FBiH donosi vi\u0161e slobodnih dana i fleksibilno radno vrijeme\"}]},{\"@type\":\"WebSite\",\"@id\":\"https:\\\/\\\/tuzlainfo.ba\\\/#website\",\"url\":\"https:\\\/\\\/tuzlainfo.ba\\\/\",\"name\":\"TuzlaInfo.ba\",\"description\":\"Tuzla info, gradski informator - Tuzla na dlanu\",\"publisher\":{\"@id\":\"https:\\\/\\\/tuzlainfo.ba\\\/#organization\"},\"potentialAction\":[{\"@type\":\"SearchAction\",\"target\":{\"@type\":\"EntryPoint\",\"urlTemplate\":\"https:\\\/\\\/tuzlainfo.ba\\\/?s={search_term_string}\"},\"query-input\":{\"@type\":\"PropertyValueSpecification\",\"valueRequired\":true,\"valueName\":\"search_term_string\"}}],\"inLanguage\":\"bs-BA\"},{\"@type\":\"Organization\",\"@id\":\"https:\\\/\\\/tuzlainfo.ba\\\/#organization\",\"name\":\"TuzlaInfo.ba\",\"url\":\"https:\\\/\\\/tuzlainfo.ba\\\/\",\"logo\":{\"@type\":\"ImageObject\",\"inLanguage\":\"bs-BA\",\"@id\":\"https:\\\/\\\/tuzlainfo.ba\\\/#\\\/schema\\\/logo\\\/image\\\/\",\"url\":\"https:\\\/\\\/tuzlainfo.ba\\\/wp-content\\\/uploads\\\/2021\\\/03\\\/logo-ver-3-1.png\",\"contentUrl\":\"https:\\\/\\\/tuzlainfo.ba\\\/wp-content\\\/uploads\\\/2021\\\/03\\\/logo-ver-3-1.png\",\"width\":350,\"height\":95,\"caption\":\"TuzlaInfo.ba\"},\"image\":{\"@id\":\"https:\\\/\\\/tuzlainfo.ba\\\/#\\\/schema\\\/logo\\\/image\\\/\"},\"sameAs\":[\"https:\\\/\\\/www.facebook.com\\\/tuzlainfo.ba\\\/\"]},{\"@type\":\"Person\",\"@id\":\"https:\\\/\\\/tuzlainfo.ba\\\/#\\\/schema\\\/person\\\/f434e20dc27ea133923aab08451b7f7f\",\"name\":\"nedim\",\"image\":{\"@type\":\"ImageObject\",\"inLanguage\":\"bs-BA\",\"@id\":\"https:\\\/\\\/secure.gravatar.com\\\/avatar\\\/5b928a2e7e70a54208d2eb6c1edcb75a5350d6ae97d5f0a701203d456823f6f3?s=96&d=mm&r=g\",\"url\":\"https:\\\/\\\/secure.gravatar.com\\\/avatar\\\/5b928a2e7e70a54208d2eb6c1edcb75a5350d6ae97d5f0a701203d456823f6f3?s=96&d=mm&r=g\",\"contentUrl\":\"https:\\\/\\\/secure.gravatar.com\\\/avatar\\\/5b928a2e7e70a54208d2eb6c1edcb75a5350d6ae97d5f0a701203d456823f6f3?s=96&d=mm&r=g\",\"caption\":\"nedim\"},\"description\":\"Tuzlainfo.ba pratite na dru\u0161tvenim mre\u017eama: Facebook, Instagram i Youtube. Svoje pri\u010de, upite i fotografije \u0161aljite na na\u0161u e-mail adresu.\"}]}<\/script>\n<!-- \/ Yoast SEO plugin. -->","yoast_head_json":{"title":"Novi zakon o radu u FBiH donosi vi\u0161e slobodnih dana i fleksibilno radno vrijeme","description":"ovi zakon o radu u Federaciji BiH donosi ve\u0107a prava za radnike, uskla\u0111uje propise s EU standardima i uvodi fleksibilne oblike rada te za\u0161titu vjerskih potreba zaposlenih.","robots":{"index":"index","follow":"follow","max-snippet":"max-snippet:-1","max-image-preview":"max-image-preview:large","max-video-preview":"max-video-preview:-1"},"canonical":"https:\/\/tuzlainfo.ba\/index.php\/bosna-i-hercegovina\/item\/286202-novi-zakon-o-radu-u-fbih-donosi-vise-slobodnih-dana-i-fleksibilno-radno-vrijeme\/","og_locale":"bs_BA","og_type":"article","og_title":"Novi zakon o radu u FBiH donosi vi\u0161e slobodnih dana i fleksibilno radno vrijeme","og_description":"ovi zakon o radu u Federaciji BiH donosi ve\u0107a prava za radnike, uskla\u0111uje propise s EU standardima i uvodi fleksibilne oblike rada te za\u0161titu vjerskih potreba zaposlenih.","og_url":"https:\/\/tuzlainfo.ba\/index.php\/bosna-i-hercegovina\/item\/286202-novi-zakon-o-radu-u-fbih-donosi-vise-slobodnih-dana-i-fleksibilno-radno-vrijeme\/","og_site_name":"TuzlaInfo.ba","article_publisher":"https:\/\/www.facebook.com\/tuzlainfo.ba\/","article_published_time":"2025-11-13T10:02:04+00:00","article_modified_time":"2025-11-13T10:29:20+00:00","og_image":[{"width":1000,"height":672,"url":"https:\/\/tuzlainfo.ba\/wp-content\/uploads\/2022\/09\/1609_pecat_notar.jpg","type":"image\/jpeg"}],"author":"nedim","twitter_card":"summary_large_image","twitter_misc":{"Written by":"nedim","Est. reading time":"2 minute"},"schema":{"@context":"https:\/\/schema.org","@graph":[{"@type":"Article","@id":"https:\/\/tuzlainfo.ba\/index.php\/bosna-i-hercegovina\/item\/286202-novi-zakon-o-radu-u-fbih-donosi-vise-slobodnih-dana-i-fleksibilno-radno-vrijeme\/#article","isPartOf":{"@id":"https:\/\/tuzlainfo.ba\/index.php\/bosna-i-hercegovina\/item\/286202-novi-zakon-o-radu-u-fbih-donosi-vise-slobodnih-dana-i-fleksibilno-radno-vrijeme\/"},"author":{"name":"nedim","@id":"https:\/\/tuzlainfo.ba\/#\/schema\/person\/f434e20dc27ea133923aab08451b7f7f"},"headline":"Novi zakon o radu u FBiH donosi vi\u0161e slobodnih dana i fleksibilno radno vrijeme","datePublished":"2025-11-13T10:02:04+00:00","dateModified":"2025-11-13T10:29:20+00:00","mainEntityOfPage":{"@id":"https:\/\/tuzlainfo.ba\/index.php\/bosna-i-hercegovina\/item\/286202-novi-zakon-o-radu-u-fbih-donosi-vise-slobodnih-dana-i-fleksibilno-radno-vrijeme\/"},"wordCount":329,"publisher":{"@id":"https:\/\/tuzlainfo.ba\/#organization"},"image":{"@id":"https:\/\/tuzlainfo.ba\/index.php\/bosna-i-hercegovina\/item\/286202-novi-zakon-o-radu-u-fbih-donosi-vise-slobodnih-dana-i-fleksibilno-radno-vrijeme\/#primaryimage"},"thumbnailUrl":"https:\/\/tuzlainfo.ba\/wp-content\/uploads\/2022\/09\/1609_pecat_notar.jpg","keywords":["zakon o radu fbih"],"articleSection":["Bosna i Hercegovina","Istaknuto","Preporu\u010dujemo"],"inLanguage":"bs-BA","copyrightYear":"2025","copyrightHolder":{"@id":"https:\/\/tuzlainfo.ba\/#organization"}},{"@type":"WebPage","@id":"https:\/\/tuzlainfo.ba\/index.php\/bosna-i-hercegovina\/item\/286202-novi-zakon-o-radu-u-fbih-donosi-vise-slobodnih-dana-i-fleksibilno-radno-vrijeme\/","url":"https:\/\/tuzlainfo.ba\/index.php\/bosna-i-hercegovina\/item\/286202-novi-zakon-o-radu-u-fbih-donosi-vise-slobodnih-dana-i-fleksibilno-radno-vrijeme\/","name":"Novi zakon o radu u FBiH donosi vi\u0161e slobodnih dana i fleksibilno radno vrijeme","isPartOf":{"@id":"https:\/\/tuzlainfo.ba\/#website"},"primaryImageOfPage":{"@id":"https:\/\/tuzlainfo.ba\/index.php\/bosna-i-hercegovina\/item\/286202-novi-zakon-o-radu-u-fbih-donosi-vise-slobodnih-dana-i-fleksibilno-radno-vrijeme\/#primaryimage"},"image":{"@id":"https:\/\/tuzlainfo.ba\/index.php\/bosna-i-hercegovina\/item\/286202-novi-zakon-o-radu-u-fbih-donosi-vise-slobodnih-dana-i-fleksibilno-radno-vrijeme\/#primaryimage"},"thumbnailUrl":"https:\/\/tuzlainfo.ba\/wp-content\/uploads\/2022\/09\/1609_pecat_notar.jpg","datePublished":"2025-11-13T10:02:04+00:00","dateModified":"2025-11-13T10:29:20+00:00","description":"ovi zakon o radu u Federaciji BiH donosi ve\u0107a prava za radnike, uskla\u0111uje propise s EU standardima i uvodi fleksibilne oblike rada te za\u0161titu vjerskih potreba zaposlenih.","breadcrumb":{"@id":"https:\/\/tuzlainfo.ba\/index.php\/bosna-i-hercegovina\/item\/286202-novi-zakon-o-radu-u-fbih-donosi-vise-slobodnih-dana-i-fleksibilno-radno-vrijeme\/#breadcrumb"},"inLanguage":"bs-BA","potentialAction":[{"@type":"ReadAction","target":["https:\/\/tuzlainfo.ba\/index.php\/bosna-i-hercegovina\/item\/286202-novi-zakon-o-radu-u-fbih-donosi-vise-slobodnih-dana-i-fleksibilno-radno-vrijeme\/"]}]},{"@type":"ImageObject","inLanguage":"bs-BA","@id":"https:\/\/tuzlainfo.ba\/index.php\/bosna-i-hercegovina\/item\/286202-novi-zakon-o-radu-u-fbih-donosi-vise-slobodnih-dana-i-fleksibilno-radno-vrijeme\/#primaryimage","url":"https:\/\/tuzlainfo.ba\/wp-content\/uploads\/2022\/09\/1609_pecat_notar.jpg","contentUrl":"https:\/\/tuzlainfo.ba\/wp-content\/uploads\/2022\/09\/1609_pecat_notar.jpg","width":1000,"height":672,"caption":"Foto: Tuzlainfo.ba"},{"@type":"BreadcrumbList","@id":"https:\/\/tuzlainfo.ba\/index.php\/bosna-i-hercegovina\/item\/286202-novi-zakon-o-radu-u-fbih-donosi-vise-slobodnih-dana-i-fleksibilno-radno-vrijeme\/#breadcrumb","itemListElement":[{"@type":"ListItem","position":1,"name":"Home","item":"https:\/\/tuzlainfo.ba\/"},{"@type":"ListItem","position":2,"name":"Novi zakon o radu u FBiH donosi vi\u0161e slobodnih dana i fleksibilno radno vrijeme"}]},{"@type":"WebSite","@id":"https:\/\/tuzlainfo.ba\/#website","url":"https:\/\/tuzlainfo.ba\/","name":"TuzlaInfo.ba","description":"Tuzla info, gradski informator - Tuzla na dlanu","publisher":{"@id":"https:\/\/tuzlainfo.ba\/#organization"},"potentialAction":[{"@type":"SearchAction","target":{"@type":"EntryPoint","urlTemplate":"https:\/\/tuzlainfo.ba\/?s={search_term_string}"},"query-input":{"@type":"PropertyValueSpecification","valueRequired":true,"valueName":"search_term_string"}}],"inLanguage":"bs-BA"},{"@type":"Organization","@id":"https:\/\/tuzlainfo.ba\/#organization","name":"TuzlaInfo.ba","url":"https:\/\/tuzlainfo.ba\/","logo":{"@type":"ImageObject","inLanguage":"bs-BA","@id":"https:\/\/tuzlainfo.ba\/#\/schema\/logo\/image\/","url":"https:\/\/tuzlainfo.ba\/wp-content\/uploads\/2021\/03\/logo-ver-3-1.png","contentUrl":"https:\/\/tuzlainfo.ba\/wp-content\/uploads\/2021\/03\/logo-ver-3-1.png","width":350,"height":95,"caption":"TuzlaInfo.ba"},"image":{"@id":"https:\/\/tuzlainfo.ba\/#\/schema\/logo\/image\/"},"sameAs":["https:\/\/www.facebook.com\/tuzlainfo.ba\/"]},{"@type":"Person","@id":"https:\/\/tuzlainfo.ba\/#\/schema\/person\/f434e20dc27ea133923aab08451b7f7f","name":"nedim","image":{"@type":"ImageObject","inLanguage":"bs-BA","@id":"https:\/\/secure.gravatar.com\/avatar\/5b928a2e7e70a54208d2eb6c1edcb75a5350d6ae97d5f0a701203d456823f6f3?s=96&d=mm&r=g","url":"https:\/\/secure.gravatar.com\/avatar\/5b928a2e7e70a54208d2eb6c1edcb75a5350d6ae97d5f0a701203d456823f6f3?s=96&d=mm&r=g","contentUrl":"https:\/\/secure.gravatar.com\/avatar\/5b928a2e7e70a54208d2eb6c1edcb75a5350d6ae97d5f0a701203d456823f6f3?s=96&d=mm&r=g","caption":"nedim"},"description":"Tuzlainfo.ba pratite na dru\u0161tvenim mre\u017eama: Facebook, Instagram i Youtube. Svoje pri\u010de, upite i fotografije \u0161aljite na na\u0161u e-mail adresu."}]}},"_links":{"self":[{"href":"https:\/\/tuzlainfo.ba\/index.php\/wp-json\/wp\/v2\/posts\/286202","targetHints":{"allow":["GET"]}}],"collection":[{"href":"https:\/\/tuzlainfo.ba\/index.php\/wp-json\/wp\/v2\/posts"}],"about":[{"href":"https:\/\/tuzlainfo.ba\/index.php\/wp-json\/wp\/v2\/types\/post"}],"author":[{"embeddable":true,"href":"https:\/\/tuzlainfo.ba\/index.php\/wp-json\/wp\/v2\/users\/2"}],"replies":[{"embeddable":true,"href":"https:\/\/tuzlainfo.ba\/index.php\/wp-json\/wp\/v2\/comments?post=286202"}],"version-history":[{"count":1,"href":"https:\/\/tuzlainfo.ba\/index.php\/wp-json\/wp\/v2\/posts\/286202\/revisions"}],"predecessor-version":[{"id":286203,"href":"https:\/\/tuzlainfo.ba\/index.php\/wp-json\/wp\/v2\/posts\/286202\/revisions\/286203"}],"wp:featuredmedia":[{"embeddable":true,"href":"https:\/\/tuzlainfo.ba\/index.php\/wp-json\/wp\/v2\/media\/184189"}],"wp:attachment":[{"href":"https:\/\/tuzlainfo.ba\/index.php\/wp-json\/wp\/v2\/media?parent=286202"}],"wp:term":[{"taxonomy":"category","embeddable":true,"href":"https:\/\/tuzlainfo.ba\/index.php\/wp-json\/wp\/v2\/categories?post=286202"},{"taxonomy":"post_tag","embeddable":true,"href":"https:\/\/tuzlainfo.ba\/index.php\/wp-json\/wp\/v2\/tags?post=286202"}],"curies":[{"name":"wp","href":"https:\/\/api.w.org\/{rel}","templated":true}]}}