{"id":286109,"date":"2025-11-12T10:20:54","date_gmt":"2025-11-12T09:20:54","guid":{"rendered":"https:\/\/tuzlainfo.ba\/?p=286109"},"modified":"2025-11-12T10:20:54","modified_gmt":"2025-11-12T09:20:54","slug":"sipa-u-buzimu-uhapsila-jednu-osobu-zbog-izazivanja-vjerske-i-nacionalne-mrznje","status":"publish","type":"post","link":"https:\/\/tuzlainfo.ba\/index.php\/bosna-i-hercegovina\/item\/286109-sipa-u-buzimu-uhapsila-jednu-osobu-zbog-izazivanja-vjerske-i-nacionalne-mrznje\/","title":{"rendered":"SIPA u Bu\u017eimu uhapsila jednu osobu zbog izazivanja vjerske i nacionalne mr\u017enje"},"content":{"rendered":"<p>Policijski slu\u017ebenici Dr\u017eavne agencije za istrage i za\u0161titu danas su (12.11.2025.godine), po nalogu Suda Bosne i Hercegovine i pod nadzorom Tu\u017eila\u0161tva Bosne i Hercegovine, na podru\u010dju Bu\u017eima, izvr\u0161ili pretres na jednoj lokaciji, kojom prilikom su otkriveni i privremeno oduzeti predmeti koji mogu poslu\u017eiti kao dokaz u daljem postupku.<\/p>\n<p>Slobode je li\u0161eno jedno lice, zbog postojanja osnova sumnje da je po\u010dinilo krivi\u010dno djelo \u201eIzazivanja narodnosne, rasne i vjerske mr\u017enje, razdora ili netrpeljivosti\u201c propisano Krivi\u010dnim zakonom Bosne i Hercegovine.<\/p>\n<p>Lice li\u0161eno slobode \u0107e po okon\u010danju rada na terenu biti sprovedeno u slu\u017ebene prostorije, gdje \u0107e \u00a0nad njim biti\u00a0 izvr\u0161ena kriminalisti\u010dka obrada i ispitivanja u svojstvu osumnji\u010denog.<\/p>\n<p>O daljem statusu lica odluku \u0107e donijeti postupaju\u0107i tu\u017eilac Tu\u017eila\u0161tva Bosne i Hercegovine.<\/p>\n<p>Ova operativna akcija provedena je u saradnji sa policijskim slu\u017ebenicima Ministarstva unutra\u0161njih poslova Unsko-sanskog kantona.<\/p>\n<p>Podsjetimo, Dodik je prije samo nekoliko dana, na skupu u Isto\u010dnom Sarajevu, odr\u017eao govor u kojem je poru\u010dio da \u201egrad ne smije dozvoliti dodatnu islamizaciju\u201c i da \u201eniko ne la\u017ee gore i vi\u0161e od Tur\u010dina\u201c, jasno aludiraju\u0107i na Bo\u0161njake. Njegove izjave izazvale su brojne reakcije i osude kao govor mr\u017enje na vjerskoj i nacionalnoj osnovi, ali institucije do danas nisu preduzele nikakve konkretne mjere.<\/p>\n","protected":false},"excerpt":{"rendered":"<p>Policijski slu\u017ebenici Dr\u017eavne agencije za istrage i za\u0161titu danas su (12.11.2025.godine), po nalogu Suda Bosne&hellip;<\/p>\n","protected":false},"author":8,"featured_media":134123,"comment_status":"closed","ping_status":"closed","sticky":false,"template":"","format":"standard","meta":{"_acf_changed":false,"footnotes":""},"categories":[291],"tags":[12997,535,438],"acf":[],"yoast_head":"<!-- This site is optimized with the Yoast SEO plugin v23.5 - https:\/\/yoast.com\/wordpress\/plugins\/seo\/ -->\n<title>SIPA u Bu\u017eimu uhapsila jednu osobu zbog izazivanja vjerske i nacionalne mr\u017enje - TuzlaInfo.ba<\/title>\n<meta name=\"robots\" content=\"index, follow, max-snippet:-1, max-image-preview:large, max-video-preview:-1\" \/>\n<link rel=\"canonical\" href=\"https:\/\/tuzlainfo.ba\/index.php\/bosna-i-hercegovina\/item\/286109-sipa-u-buzimu-uhapsila-jednu-osobu-zbog-izazivanja-vjerske-i-nacionalne-mrznje\/\" \/>\n<meta property=\"og:locale\" content=\"bs_BA\" \/>\n<meta property=\"og:type\" content=\"article\" \/>\n<meta property=\"og:title\" content=\"SIPA u Bu\u017eimu uhapsila jednu osobu zbog izazivanja vjerske i nacionalne mr\u017enje - TuzlaInfo.ba\" \/>\n<meta property=\"og:description\" content=\"Policijski slu\u017ebenici Dr\u017eavne agencije za istrage i za\u0161titu danas su (12.11.2025.godine), po nalogu Suda Bosne&hellip;\" \/>\n<meta property=\"og:url\" content=\"https:\/\/tuzlainfo.ba\/index.php\/bosna-i-hercegovina\/item\/286109-sipa-u-buzimu-uhapsila-jednu-osobu-zbog-izazivanja-vjerske-i-nacionalne-mrznje\/\" \/>\n<meta property=\"og:site_name\" content=\"TuzlaInfo.ba\" \/>\n<meta property=\"article:publisher\" content=\"https:\/\/www.facebook.com\/tuzlainfo.ba\/\" \/>\n<meta property=\"article:published_time\" content=\"2025-11-12T09:20:54+00:00\" \/>\n<meta property=\"og:image\" content=\"https:\/\/tuzlainfo.ba\/wp-content\/uploads\/2021\/03\/sadrzaj_2016_2016-crna_0101_sipa.jpg\" \/>\n\t<meta property=\"og:image:width\" content=\"770\" \/>\n\t<meta property=\"og:image:height\" content=\"513\" \/>\n\t<meta property=\"og:image:type\" content=\"image\/jpeg\" \/>\n<meta name=\"author\" content=\"Admin Tri\" \/>\n<meta name=\"twitter:card\" content=\"summary_large_image\" \/>\n<meta name=\"twitter:label1\" content=\"Written by\" \/>\n\t<meta name=\"twitter:data1\" content=\"Admin Tri\" \/>\n\t<meta name=\"twitter:label2\" content=\"Est. reading time\" \/>\n\t<meta name=\"twitter:data2\" content=\"2 minute\" \/>\n<script type=\"application\/ld+json\" class=\"yoast-schema-graph\">{\"@context\":\"https:\/\/schema.org\",\"@graph\":[{\"@type\":\"Article\",\"@id\":\"https:\/\/tuzlainfo.ba\/index.php\/bosna-i-hercegovina\/item\/286109-sipa-u-buzimu-uhapsila-jednu-osobu-zbog-izazivanja-vjerske-i-nacionalne-mrznje\/#article\",\"isPartOf\":{\"@id\":\"https:\/\/tuzlainfo.ba\/index.php\/bosna-i-hercegovina\/item\/286109-sipa-u-buzimu-uhapsila-jednu-osobu-zbog-izazivanja-vjerske-i-nacionalne-mrznje\/\"},\"author\":{\"name\":\"Admin Tri\",\"@id\":\"https:\/\/tuzlainfo.ba\/#\/schema\/person\/593e78a2f6378c5ba3e7600ecfa4e63a\"},\"headline\":\"SIPA u Bu\u017eimu uhapsila jednu osobu zbog izazivanja vjerske i nacionalne mr\u017enje\",\"datePublished\":\"2025-11-12T09:20:54+00:00\",\"dateModified\":\"2025-11-12T09:20:54+00:00\",\"mainEntityOfPage\":{\"@id\":\"https:\/\/tuzlainfo.ba\/index.php\/bosna-i-hercegovina\/item\/286109-sipa-u-buzimu-uhapsila-jednu-osobu-zbog-izazivanja-vjerske-i-nacionalne-mrznje\/\"},\"wordCount\":245,\"publisher\":{\"@id\":\"https:\/\/tuzlainfo.ba\/#organization\"},\"image\":{\"@id\":\"https:\/\/tuzlainfo.ba\/index.php\/bosna-i-hercegovina\/item\/286109-sipa-u-buzimu-uhapsila-jednu-osobu-zbog-izazivanja-vjerske-i-nacionalne-mrznje\/#primaryimage\"},\"thumbnailUrl\":\"https:\/\/tuzlainfo.ba\/wp-content\/uploads\/2021\/03\/sadrzaj_2016_2016-crna_0101_sipa.jpg\",\"keywords\":[\"govor mr\u017enje\",\"milorad dodik\",\"sipa\"],\"articleSection\":[\"Bosna i Hercegovina\"],\"inLanguage\":\"bs-BA\"},{\"@type\":\"WebPage\",\"@id\":\"https:\/\/tuzlainfo.ba\/index.php\/bosna-i-hercegovina\/item\/286109-sipa-u-buzimu-uhapsila-jednu-osobu-zbog-izazivanja-vjerske-i-nacionalne-mrznje\/\",\"url\":\"https:\/\/tuzlainfo.ba\/index.php\/bosna-i-hercegovina\/item\/286109-sipa-u-buzimu-uhapsila-jednu-osobu-zbog-izazivanja-vjerske-i-nacionalne-mrznje\/\",\"name\":\"SIPA u Bu\u017eimu uhapsila jednu osobu zbog izazivanja vjerske i nacionalne mr\u017enje - TuzlaInfo.ba\",\"isPartOf\":{\"@id\":\"https:\/\/tuzlainfo.ba\/#website\"},\"primaryImageOfPage\":{\"@id\":\"https:\/\/tuzlainfo.ba\/index.php\/bosna-i-hercegovina\/item\/286109-sipa-u-buzimu-uhapsila-jednu-osobu-zbog-izazivanja-vjerske-i-nacionalne-mrznje\/#primaryimage\"},\"image\":{\"@id\":\"https:\/\/tuzlainfo.ba\/index.php\/bosna-i-hercegovina\/item\/286109-sipa-u-buzimu-uhapsila-jednu-osobu-zbog-izazivanja-vjerske-i-nacionalne-mrznje\/#primaryimage\"},\"thumbnailUrl\":\"https:\/\/tuzlainfo.ba\/wp-content\/uploads\/2021\/03\/sadrzaj_2016_2016-crna_0101_sipa.jpg\",\"datePublished\":\"2025-11-12T09:20:54+00:00\",\"dateModified\":\"2025-11-12T09:20:54+00:00\",\"breadcrumb\":{\"@id\":\"https:\/\/tuzlainfo.ba\/index.php\/bosna-i-hercegovina\/item\/286109-sipa-u-buzimu-uhapsila-jednu-osobu-zbog-izazivanja-vjerske-i-nacionalne-mrznje\/#breadcrumb\"},\"inLanguage\":\"bs-BA\",\"potentialAction\":[{\"@type\":\"ReadAction\",\"target\":[\"https:\/\/tuzlainfo.ba\/index.php\/bosna-i-hercegovina\/item\/286109-sipa-u-buzimu-uhapsila-jednu-osobu-zbog-izazivanja-vjerske-i-nacionalne-mrznje\/\"]}]},{\"@type\":\"ImageObject\",\"inLanguage\":\"bs-BA\",\"@id\":\"https:\/\/tuzlainfo.ba\/index.php\/bosna-i-hercegovina\/item\/286109-sipa-u-buzimu-uhapsila-jednu-osobu-zbog-izazivanja-vjerske-i-nacionalne-mrznje\/#primaryimage\",\"url\":\"https:\/\/tuzlainfo.ba\/wp-content\/uploads\/2021\/03\/sadrzaj_2016_2016-crna_0101_sipa.jpg\",\"contentUrl\":\"https:\/\/tuzlainfo.ba\/wp-content\/uploads\/2021\/03\/sadrzaj_2016_2016-crna_0101_sipa.jpg\",\"width\":770,\"height\":513,\"caption\":\"Foto: Ilustracija\"},{\"@type\":\"BreadcrumbList\",\"@id\":\"https:\/\/tuzlainfo.ba\/index.php\/bosna-i-hercegovina\/item\/286109-sipa-u-buzimu-uhapsila-jednu-osobu-zbog-izazivanja-vjerske-i-nacionalne-mrznje\/#breadcrumb\",\"itemListElement\":[{\"@type\":\"ListItem\",\"position\":1,\"name\":\"Home\",\"item\":\"https:\/\/tuzlainfo.ba\/\"},{\"@type\":\"ListItem\",\"position\":2,\"name\":\"SIPA u Bu\u017eimu uhapsila jednu osobu zbog izazivanja vjerske i nacionalne mr\u017enje\"}]},{\"@type\":\"WebSite\",\"@id\":\"https:\/\/tuzlainfo.ba\/#website\",\"url\":\"https:\/\/tuzlainfo.ba\/\",\"name\":\"TuzlaInfo.ba\",\"description\":\"Tuzla info, gradski informator - Tuzla na dlanu\",\"publisher\":{\"@id\":\"https:\/\/tuzlainfo.ba\/#organization\"},\"potentialAction\":[{\"@type\":\"SearchAction\",\"target\":{\"@type\":\"EntryPoint\",\"urlTemplate\":\"https:\/\/tuzlainfo.ba\/?s={search_term_string}\"},\"query-input\":{\"@type\":\"PropertyValueSpecification\",\"valueRequired\":true,\"valueName\":\"search_term_string\"}}],\"inLanguage\":\"bs-BA\"},{\"@type\":\"Organization\",\"@id\":\"https:\/\/tuzlainfo.ba\/#organization\",\"name\":\"TuzlaInfo.ba\",\"url\":\"https:\/\/tuzlainfo.ba\/\",\"logo\":{\"@type\":\"ImageObject\",\"inLanguage\":\"bs-BA\",\"@id\":\"https:\/\/tuzlainfo.ba\/#\/schema\/logo\/image\/\",\"url\":\"https:\/\/tuzlainfo.ba\/wp-content\/uploads\/2021\/03\/logo-ver-3-1.png\",\"contentUrl\":\"https:\/\/tuzlainfo.ba\/wp-content\/uploads\/2021\/03\/logo-ver-3-1.png\",\"width\":350,\"height\":95,\"caption\":\"TuzlaInfo.ba\"},\"image\":{\"@id\":\"https:\/\/tuzlainfo.ba\/#\/schema\/logo\/image\/\"},\"sameAs\":[\"https:\/\/www.facebook.com\/tuzlainfo.ba\/\"]},{\"@type\":\"Person\",\"@id\":\"https:\/\/tuzlainfo.ba\/#\/schema\/person\/593e78a2f6378c5ba3e7600ecfa4e63a\",\"name\":\"Admin Tri\",\"image\":{\"@type\":\"ImageObject\",\"inLanguage\":\"bs-BA\",\"@id\":\"https:\/\/tuzlainfo.ba\/#\/schema\/person\/image\/\",\"url\":\"https:\/\/tuzlainfo.ba\/wp-content\/litespeed\/avatar\/b7920db4cc34a71ad12497283ad2fe3f.jpg?ver=1777100914\",\"contentUrl\":\"https:\/\/tuzlainfo.ba\/wp-content\/litespeed\/avatar\/b7920db4cc34a71ad12497283ad2fe3f.jpg?ver=1777100914\",\"caption\":\"Admin Tri\"},\"sameAs\":[\"https:\/\/tuzlainfo.ba\"]}]}<\/script>\n<!-- \/ Yoast SEO plugin. -->","yoast_head_json":{"title":"SIPA u Bu\u017eimu uhapsila jednu osobu zbog izazivanja vjerske i nacionalne mr\u017enje - TuzlaInfo.ba","robots":{"index":"index","follow":"follow","max-snippet":"max-snippet:-1","max-image-preview":"max-image-preview:large","max-video-preview":"max-video-preview:-1"},"canonical":"https:\/\/tuzlainfo.ba\/index.php\/bosna-i-hercegovina\/item\/286109-sipa-u-buzimu-uhapsila-jednu-osobu-zbog-izazivanja-vjerske-i-nacionalne-mrznje\/","og_locale":"bs_BA","og_type":"article","og_title":"SIPA u Bu\u017eimu uhapsila jednu osobu zbog izazivanja vjerske i nacionalne mr\u017enje - TuzlaInfo.ba","og_description":"Policijski slu\u017ebenici Dr\u017eavne agencije za istrage i za\u0161titu danas su (12.11.2025.godine), po nalogu Suda Bosne&hellip;","og_url":"https:\/\/tuzlainfo.ba\/index.php\/bosna-i-hercegovina\/item\/286109-sipa-u-buzimu-uhapsila-jednu-osobu-zbog-izazivanja-vjerske-i-nacionalne-mrznje\/","og_site_name":"TuzlaInfo.ba","article_publisher":"https:\/\/www.facebook.com\/tuzlainfo.ba\/","article_published_time":"2025-11-12T09:20:54+00:00","og_image":[{"width":770,"height":513,"url":"https:\/\/tuzlainfo.ba\/wp-content\/uploads\/2021\/03\/sadrzaj_2016_2016-crna_0101_sipa.jpg","type":"image\/jpeg"}],"author":"Admin Tri","twitter_card":"summary_large_image","twitter_misc":{"Written by":"Admin Tri","Est. reading time":"2 minute"},"schema":{"@context":"https:\/\/schema.org","@graph":[{"@type":"Article","@id":"https:\/\/tuzlainfo.ba\/index.php\/bosna-i-hercegovina\/item\/286109-sipa-u-buzimu-uhapsila-jednu-osobu-zbog-izazivanja-vjerske-i-nacionalne-mrznje\/#article","isPartOf":{"@id":"https:\/\/tuzlainfo.ba\/index.php\/bosna-i-hercegovina\/item\/286109-sipa-u-buzimu-uhapsila-jednu-osobu-zbog-izazivanja-vjerske-i-nacionalne-mrznje\/"},"author":{"name":"Admin Tri","@id":"https:\/\/tuzlainfo.ba\/#\/schema\/person\/593e78a2f6378c5ba3e7600ecfa4e63a"},"headline":"SIPA u Bu\u017eimu uhapsila jednu osobu zbog izazivanja vjerske i nacionalne mr\u017enje","datePublished":"2025-11-12T09:20:54+00:00","dateModified":"2025-11-12T09:20:54+00:00","mainEntityOfPage":{"@id":"https:\/\/tuzlainfo.ba\/index.php\/bosna-i-hercegovina\/item\/286109-sipa-u-buzimu-uhapsila-jednu-osobu-zbog-izazivanja-vjerske-i-nacionalne-mrznje\/"},"wordCount":245,"publisher":{"@id":"https:\/\/tuzlainfo.ba\/#organization"},"image":{"@id":"https:\/\/tuzlainfo.ba\/index.php\/bosna-i-hercegovina\/item\/286109-sipa-u-buzimu-uhapsila-jednu-osobu-zbog-izazivanja-vjerske-i-nacionalne-mrznje\/#primaryimage"},"thumbnailUrl":"https:\/\/tuzlainfo.ba\/wp-content\/uploads\/2021\/03\/sadrzaj_2016_2016-crna_0101_sipa.jpg","keywords":["govor mr\u017enje","milorad dodik","sipa"],"articleSection":["Bosna i Hercegovina"],"inLanguage":"bs-BA"},{"@type":"WebPage","@id":"https:\/\/tuzlainfo.ba\/index.php\/bosna-i-hercegovina\/item\/286109-sipa-u-buzimu-uhapsila-jednu-osobu-zbog-izazivanja-vjerske-i-nacionalne-mrznje\/","url":"https:\/\/tuzlainfo.ba\/index.php\/bosna-i-hercegovina\/item\/286109-sipa-u-buzimu-uhapsila-jednu-osobu-zbog-izazivanja-vjerske-i-nacionalne-mrznje\/","name":"SIPA u Bu\u017eimu uhapsila jednu osobu zbog izazivanja vjerske i nacionalne mr\u017enje - TuzlaInfo.ba","isPartOf":{"@id":"https:\/\/tuzlainfo.ba\/#website"},"primaryImageOfPage":{"@id":"https:\/\/tuzlainfo.ba\/index.php\/bosna-i-hercegovina\/item\/286109-sipa-u-buzimu-uhapsila-jednu-osobu-zbog-izazivanja-vjerske-i-nacionalne-mrznje\/#primaryimage"},"image":{"@id":"https:\/\/tuzlainfo.ba\/index.php\/bosna-i-hercegovina\/item\/286109-sipa-u-buzimu-uhapsila-jednu-osobu-zbog-izazivanja-vjerske-i-nacionalne-mrznje\/#primaryimage"},"thumbnailUrl":"https:\/\/tuzlainfo.ba\/wp-content\/uploads\/2021\/03\/sadrzaj_2016_2016-crna_0101_sipa.jpg","datePublished":"2025-11-12T09:20:54+00:00","dateModified":"2025-11-12T09:20:54+00:00","breadcrumb":{"@id":"https:\/\/tuzlainfo.ba\/index.php\/bosna-i-hercegovina\/item\/286109-sipa-u-buzimu-uhapsila-jednu-osobu-zbog-izazivanja-vjerske-i-nacionalne-mrznje\/#breadcrumb"},"inLanguage":"bs-BA","potentialAction":[{"@type":"ReadAction","target":["https:\/\/tuzlainfo.ba\/index.php\/bosna-i-hercegovina\/item\/286109-sipa-u-buzimu-uhapsila-jednu-osobu-zbog-izazivanja-vjerske-i-nacionalne-mrznje\/"]}]},{"@type":"ImageObject","inLanguage":"bs-BA","@id":"https:\/\/tuzlainfo.ba\/index.php\/bosna-i-hercegovina\/item\/286109-sipa-u-buzimu-uhapsila-jednu-osobu-zbog-izazivanja-vjerske-i-nacionalne-mrznje\/#primaryimage","url":"https:\/\/tuzlainfo.ba\/wp-content\/uploads\/2021\/03\/sadrzaj_2016_2016-crna_0101_sipa.jpg","contentUrl":"https:\/\/tuzlainfo.ba\/wp-content\/uploads\/2021\/03\/sadrzaj_2016_2016-crna_0101_sipa.jpg","width":770,"height":513,"caption":"Foto: Ilustracija"},{"@type":"BreadcrumbList","@id":"https:\/\/tuzlainfo.ba\/index.php\/bosna-i-hercegovina\/item\/286109-sipa-u-buzimu-uhapsila-jednu-osobu-zbog-izazivanja-vjerske-i-nacionalne-mrznje\/#breadcrumb","itemListElement":[{"@type":"ListItem","position":1,"name":"Home","item":"https:\/\/tuzlainfo.ba\/"},{"@type":"ListItem","position":2,"name":"SIPA u Bu\u017eimu uhapsila jednu osobu zbog izazivanja vjerske i nacionalne mr\u017enje"}]},{"@type":"WebSite","@id":"https:\/\/tuzlainfo.ba\/#website","url":"https:\/\/tuzlainfo.ba\/","name":"TuzlaInfo.ba","description":"Tuzla info, gradski informator - Tuzla na dlanu","publisher":{"@id":"https:\/\/tuzlainfo.ba\/#organization"},"potentialAction":[{"@type":"SearchAction","target":{"@type":"EntryPoint","urlTemplate":"https:\/\/tuzlainfo.ba\/?s={search_term_string}"},"query-input":{"@type":"PropertyValueSpecification","valueRequired":true,"valueName":"search_term_string"}}],"inLanguage":"bs-BA"},{"@type":"Organization","@id":"https:\/\/tuzlainfo.ba\/#organization","name":"TuzlaInfo.ba","url":"https:\/\/tuzlainfo.ba\/","logo":{"@type":"ImageObject","inLanguage":"bs-BA","@id":"https:\/\/tuzlainfo.ba\/#\/schema\/logo\/image\/","url":"https:\/\/tuzlainfo.ba\/wp-content\/uploads\/2021\/03\/logo-ver-3-1.png","contentUrl":"https:\/\/tuzlainfo.ba\/wp-content\/uploads\/2021\/03\/logo-ver-3-1.png","width":350,"height":95,"caption":"TuzlaInfo.ba"},"image":{"@id":"https:\/\/tuzlainfo.ba\/#\/schema\/logo\/image\/"},"sameAs":["https:\/\/www.facebook.com\/tuzlainfo.ba\/"]},{"@type":"Person","@id":"https:\/\/tuzlainfo.ba\/#\/schema\/person\/593e78a2f6378c5ba3e7600ecfa4e63a","name":"Admin Tri","image":{"@type":"ImageObject","inLanguage":"bs-BA","@id":"https:\/\/tuzlainfo.ba\/#\/schema\/person\/image\/","url":"https:\/\/tuzlainfo.ba\/wp-content\/litespeed\/avatar\/b7920db4cc34a71ad12497283ad2fe3f.jpg?ver=1777100914","contentUrl":"https:\/\/tuzlainfo.ba\/wp-content\/litespeed\/avatar\/b7920db4cc34a71ad12497283ad2fe3f.jpg?ver=1777100914","caption":"Admin Tri"},"sameAs":["https:\/\/tuzlainfo.ba"]}]}},"_links":{"self":[{"href":"https:\/\/tuzlainfo.ba\/index.php\/wp-json\/wp\/v2\/posts\/286109"}],"collection":[{"href":"https:\/\/tuzlainfo.ba\/index.php\/wp-json\/wp\/v2\/posts"}],"about":[{"href":"https:\/\/tuzlainfo.ba\/index.php\/wp-json\/wp\/v2\/types\/post"}],"author":[{"embeddable":true,"href":"https:\/\/tuzlainfo.ba\/index.php\/wp-json\/wp\/v2\/users\/8"}],"replies":[{"embeddable":true,"href":"https:\/\/tuzlainfo.ba\/index.php\/wp-json\/wp\/v2\/comments?post=286109"}],"version-history":[{"count":1,"href":"https:\/\/tuzlainfo.ba\/index.php\/wp-json\/wp\/v2\/posts\/286109\/revisions"}],"predecessor-version":[{"id":286110,"href":"https:\/\/tuzlainfo.ba\/index.php\/wp-json\/wp\/v2\/posts\/286109\/revisions\/286110"}],"wp:featuredmedia":[{"embeddable":true,"href":"https:\/\/tuzlainfo.ba\/index.php\/wp-json\/wp\/v2\/media\/134123"}],"wp:attachment":[{"href":"https:\/\/tuzlainfo.ba\/index.php\/wp-json\/wp\/v2\/media?parent=286109"}],"wp:term":[{"taxonomy":"category","embeddable":true,"href":"https:\/\/tuzlainfo.ba\/index.php\/wp-json\/wp\/v2\/categories?post=286109"},{"taxonomy":"post_tag","embeddable":true,"href":"https:\/\/tuzlainfo.ba\/index.php\/wp-json\/wp\/v2\/tags?post=286109"}],"curies":[{"name":"wp","href":"https:\/\/api.w.org\/{rel}","templated":true}]}}