{"id":286090,"date":"2025-11-12T09:28:36","date_gmt":"2025-11-12T08:28:36","guid":{"rendered":"https:\/\/tuzlainfo.ba\/?p=286090"},"modified":"2025-11-12T08:30:46","modified_gmt":"2025-11-12T07:30:46","slug":"vijece-ministara-odlucuje-o-reformama-koje-bi-mogle-promijeniti-rad-drzavnih-institucija-i-polozaj-zaposlenih","status":"publish","type":"post","link":"https:\/\/tuzlainfo.ba\/index.php\/bosna-i-hercegovina\/item\/286090-vijece-ministara-odlucuje-o-reformama-koje-bi-mogle-promijeniti-rad-drzavnih-institucija-i-polozaj-zaposlenih\/","title":{"rendered":"Vije\u0107e ministara odlu\u010duje o reformama koje bi mogle promijeniti rad dr\u017eavnih institucija i polo\u017eaj zaposlenih"},"content":{"rendered":"<p>Vije\u0107e ministara Bosne i Hercegovine danas razmatra niz odluka koje bi mogle dugoro\u010dno uticati na rad dr\u017eavnih institucija i status zaposlenih. Me\u0111u klju\u010dnim ta\u010dkama dnevnog reda nalazi se Nacrt zakona o izmjenama i dopunama Zakona o radu u institucijama BiH, koji je predlo\u017eilo Ministarstvo pravde BiH. Ovim izmjenama planira se modernizacija radno-pravnih odnosa i uskla\u0111ivanje sa evropskim standardima u cilju efikasnijeg funkcionisanja dr\u017eavne administracije.<\/p>\n<p>Na sjednici \u0107e se razmatrati i novi tekst Prijedloga srednjoro\u010dnog programa rada Vije\u0107a ministara za period 2026\u20132028. godine, koji defini\u0161e prioritete i ciljeve dr\u017eavnih institucija u naredne tri godine.<\/p>\n<p>Vije\u0107e ministara razmatra i Nacrt odluke o ratifikaciji Sporazuma izme\u0111u Evropske unije i Bosne i Hercegovine o u\u010de\u0161\u0107u u programu za zapo\u0161ljavanje i socijalne inovacije (EaSI), \u010dime bi BiH postala dio Evropskog socijalnog fonda plus i evropskih inicijativa za zapo\u0161ljavanje, socijalnu inkluziju i reforme.<\/p>\n<p>Na dnevnom redu su i prijedlog programa javnih investicija te plan izrade Programa ekonomskih reformi BiH za period 2026\u20132028. godine, koji bi trebao doprinijeti stabilnijem ekonomskom razvoju i boljoj povezanosti s evropskim fondovima.<\/p>\n","protected":false},"excerpt":{"rendered":"<p>Vije\u0107e ministara Bosne i Hercegovine danas razmatra niz odluka koje bi mogle dugoro\u010dno uticati na&hellip;<\/p>\n","protected":false},"author":8,"featured_media":263659,"comment_status":"closed","ping_status":"closed","sticky":false,"template":"","format":"standard","meta":{"_acf_changed":false,"footnotes":""},"categories":[291],"tags":[7443,1357],"acf":[],"yoast_head":"<!-- This site is optimized with the Yoast SEO plugin v23.5 - https:\/\/yoast.com\/wordpress\/plugins\/seo\/ -->\n<title>Vije\u0107e ministara odlu\u010duje o reformama koje bi mogle promijeniti rad dr\u017eavnih institucija i polo\u017eaj zaposlenih - TuzlaInfo.ba<\/title>\n<meta name=\"robots\" content=\"index, follow, max-snippet:-1, max-image-preview:large, max-video-preview:-1\" \/>\n<link rel=\"canonical\" href=\"https:\/\/tuzlainfo.ba\/index.php\/bosna-i-hercegovina\/item\/286090-vijece-ministara-odlucuje-o-reformama-koje-bi-mogle-promijeniti-rad-drzavnih-institucija-i-polozaj-zaposlenih\/\" \/>\n<meta property=\"og:locale\" content=\"bs_BA\" \/>\n<meta property=\"og:type\" content=\"article\" \/>\n<meta property=\"og:title\" content=\"Vije\u0107e ministara odlu\u010duje o reformama koje bi mogle promijeniti rad dr\u017eavnih institucija i polo\u017eaj zaposlenih - TuzlaInfo.ba\" \/>\n<meta property=\"og:description\" content=\"Vije\u0107e ministara Bosne i Hercegovine danas razmatra niz odluka koje bi mogle dugoro\u010dno uticati na&hellip;\" \/>\n<meta property=\"og:url\" content=\"https:\/\/tuzlainfo.ba\/index.php\/bosna-i-hercegovina\/item\/286090-vijece-ministara-odlucuje-o-reformama-koje-bi-mogle-promijeniti-rad-drzavnih-institucija-i-polozaj-zaposlenih\/\" \/>\n<meta property=\"og:site_name\" content=\"TuzlaInfo.ba\" \/>\n<meta property=\"article:publisher\" content=\"https:\/\/www.facebook.com\/tuzlainfo.ba\/\" \/>\n<meta property=\"article:published_time\" content=\"2025-11-12T08:28:36+00:00\" \/>\n<meta property=\"article:modified_time\" content=\"2025-11-12T07:30:46+00:00\" \/>\n<meta property=\"og:image\" content=\"https:\/\/tuzlainfo.ba\/wp-content\/uploads\/2025\/02\/2502_vijece_ministara.jpg\" \/>\n\t<meta property=\"og:image:width\" content=\"800\" \/>\n\t<meta property=\"og:image:height\" content=\"413\" \/>\n\t<meta property=\"og:image:type\" content=\"image\/jpeg\" \/>\n<meta name=\"author\" content=\"Admin Tri\" \/>\n<meta name=\"twitter:card\" content=\"summary_large_image\" \/>\n<meta name=\"twitter:label1\" content=\"Written by\" \/>\n\t<meta name=\"twitter:data1\" content=\"Admin Tri\" \/>\n\t<meta name=\"twitter:label2\" content=\"Est. reading time\" \/>\n\t<meta name=\"twitter:data2\" content=\"2 minute\" \/>\n<script type=\"application\/ld+json\" class=\"yoast-schema-graph\">{\"@context\":\"https:\/\/schema.org\",\"@graph\":[{\"@type\":\"Article\",\"@id\":\"https:\/\/tuzlainfo.ba\/index.php\/bosna-i-hercegovina\/item\/286090-vijece-ministara-odlucuje-o-reformama-koje-bi-mogle-promijeniti-rad-drzavnih-institucija-i-polozaj-zaposlenih\/#article\",\"isPartOf\":{\"@id\":\"https:\/\/tuzlainfo.ba\/index.php\/bosna-i-hercegovina\/item\/286090-vijece-ministara-odlucuje-o-reformama-koje-bi-mogle-promijeniti-rad-drzavnih-institucija-i-polozaj-zaposlenih\/\"},\"author\":{\"name\":\"Admin Tri\",\"@id\":\"https:\/\/tuzlainfo.ba\/#\/schema\/person\/593e78a2f6378c5ba3e7600ecfa4e63a\"},\"headline\":\"Vije\u0107e ministara odlu\u010duje o reformama koje bi mogle promijeniti rad dr\u017eavnih institucija i polo\u017eaj zaposlenih\",\"datePublished\":\"2025-11-12T08:28:36+00:00\",\"dateModified\":\"2025-11-12T07:30:46+00:00\",\"mainEntityOfPage\":{\"@id\":\"https:\/\/tuzlainfo.ba\/index.php\/bosna-i-hercegovina\/item\/286090-vijece-ministara-odlucuje-o-reformama-koje-bi-mogle-promijeniti-rad-drzavnih-institucija-i-polozaj-zaposlenih\/\"},\"wordCount\":206,\"publisher\":{\"@id\":\"https:\/\/tuzlainfo.ba\/#organization\"},\"image\":{\"@id\":\"https:\/\/tuzlainfo.ba\/index.php\/bosna-i-hercegovina\/item\/286090-vijece-ministara-odlucuje-o-reformama-koje-bi-mogle-promijeniti-rad-drzavnih-institucija-i-polozaj-zaposlenih\/#primaryimage\"},\"thumbnailUrl\":\"https:\/\/tuzlainfo.ba\/wp-content\/uploads\/2025\/02\/2502_vijece_ministara.jpg\",\"keywords\":[\"reforme\",\"vije\u0107e ministara\"],\"articleSection\":[\"Bosna i Hercegovina\"],\"inLanguage\":\"bs-BA\"},{\"@type\":\"WebPage\",\"@id\":\"https:\/\/tuzlainfo.ba\/index.php\/bosna-i-hercegovina\/item\/286090-vijece-ministara-odlucuje-o-reformama-koje-bi-mogle-promijeniti-rad-drzavnih-institucija-i-polozaj-zaposlenih\/\",\"url\":\"https:\/\/tuzlainfo.ba\/index.php\/bosna-i-hercegovina\/item\/286090-vijece-ministara-odlucuje-o-reformama-koje-bi-mogle-promijeniti-rad-drzavnih-institucija-i-polozaj-zaposlenih\/\",\"name\":\"Vije\u0107e ministara odlu\u010duje o reformama koje bi mogle promijeniti rad dr\u017eavnih institucija i polo\u017eaj zaposlenih - TuzlaInfo.ba\",\"isPartOf\":{\"@id\":\"https:\/\/tuzlainfo.ba\/#website\"},\"primaryImageOfPage\":{\"@id\":\"https:\/\/tuzlainfo.ba\/index.php\/bosna-i-hercegovina\/item\/286090-vijece-ministara-odlucuje-o-reformama-koje-bi-mogle-promijeniti-rad-drzavnih-institucija-i-polozaj-zaposlenih\/#primaryimage\"},\"image\":{\"@id\":\"https:\/\/tuzlainfo.ba\/index.php\/bosna-i-hercegovina\/item\/286090-vijece-ministara-odlucuje-o-reformama-koje-bi-mogle-promijeniti-rad-drzavnih-institucija-i-polozaj-zaposlenih\/#primaryimage\"},\"thumbnailUrl\":\"https:\/\/tuzlainfo.ba\/wp-content\/uploads\/2025\/02\/2502_vijece_ministara.jpg\",\"datePublished\":\"2025-11-12T08:28:36+00:00\",\"dateModified\":\"2025-11-12T07:30:46+00:00\",\"breadcrumb\":{\"@id\":\"https:\/\/tuzlainfo.ba\/index.php\/bosna-i-hercegovina\/item\/286090-vijece-ministara-odlucuje-o-reformama-koje-bi-mogle-promijeniti-rad-drzavnih-institucija-i-polozaj-zaposlenih\/#breadcrumb\"},\"inLanguage\":\"bs-BA\",\"potentialAction\":[{\"@type\":\"ReadAction\",\"target\":[\"https:\/\/tuzlainfo.ba\/index.php\/bosna-i-hercegovina\/item\/286090-vijece-ministara-odlucuje-o-reformama-koje-bi-mogle-promijeniti-rad-drzavnih-institucija-i-polozaj-zaposlenih\/\"]}]},{\"@type\":\"ImageObject\",\"inLanguage\":\"bs-BA\",\"@id\":\"https:\/\/tuzlainfo.ba\/index.php\/bosna-i-hercegovina\/item\/286090-vijece-ministara-odlucuje-o-reformama-koje-bi-mogle-promijeniti-rad-drzavnih-institucija-i-polozaj-zaposlenih\/#primaryimage\",\"url\":\"https:\/\/tuzlainfo.ba\/wp-content\/uploads\/2025\/02\/2502_vijece_ministara.jpg\",\"contentUrl\":\"https:\/\/tuzlainfo.ba\/wp-content\/uploads\/2025\/02\/2502_vijece_ministara.jpg\",\"width\":800,\"height\":413},{\"@type\":\"BreadcrumbList\",\"@id\":\"https:\/\/tuzlainfo.ba\/index.php\/bosna-i-hercegovina\/item\/286090-vijece-ministara-odlucuje-o-reformama-koje-bi-mogle-promijeniti-rad-drzavnih-institucija-i-polozaj-zaposlenih\/#breadcrumb\",\"itemListElement\":[{\"@type\":\"ListItem\",\"position\":1,\"name\":\"Home\",\"item\":\"https:\/\/tuzlainfo.ba\/\"},{\"@type\":\"ListItem\",\"position\":2,\"name\":\"Vije\u0107e ministara odlu\u010duje o reformama koje bi mogle promijeniti rad dr\u017eavnih institucija i polo\u017eaj zaposlenih\"}]},{\"@type\":\"WebSite\",\"@id\":\"https:\/\/tuzlainfo.ba\/#website\",\"url\":\"https:\/\/tuzlainfo.ba\/\",\"name\":\"TuzlaInfo.ba\",\"description\":\"Tuzla info, gradski informator - Tuzla na dlanu\",\"publisher\":{\"@id\":\"https:\/\/tuzlainfo.ba\/#organization\"},\"potentialAction\":[{\"@type\":\"SearchAction\",\"target\":{\"@type\":\"EntryPoint\",\"urlTemplate\":\"https:\/\/tuzlainfo.ba\/?s={search_term_string}\"},\"query-input\":{\"@type\":\"PropertyValueSpecification\",\"valueRequired\":true,\"valueName\":\"search_term_string\"}}],\"inLanguage\":\"bs-BA\"},{\"@type\":\"Organization\",\"@id\":\"https:\/\/tuzlainfo.ba\/#organization\",\"name\":\"TuzlaInfo.ba\",\"url\":\"https:\/\/tuzlainfo.ba\/\",\"logo\":{\"@type\":\"ImageObject\",\"inLanguage\":\"bs-BA\",\"@id\":\"https:\/\/tuzlainfo.ba\/#\/schema\/logo\/image\/\",\"url\":\"https:\/\/tuzlainfo.ba\/wp-content\/uploads\/2021\/03\/logo-ver-3-1.png\",\"contentUrl\":\"https:\/\/tuzlainfo.ba\/wp-content\/uploads\/2021\/03\/logo-ver-3-1.png\",\"width\":350,\"height\":95,\"caption\":\"TuzlaInfo.ba\"},\"image\":{\"@id\":\"https:\/\/tuzlainfo.ba\/#\/schema\/logo\/image\/\"},\"sameAs\":[\"https:\/\/www.facebook.com\/tuzlainfo.ba\/\"]},{\"@type\":\"Person\",\"@id\":\"https:\/\/tuzlainfo.ba\/#\/schema\/person\/593e78a2f6378c5ba3e7600ecfa4e63a\",\"name\":\"Admin Tri\",\"image\":{\"@type\":\"ImageObject\",\"inLanguage\":\"bs-BA\",\"@id\":\"https:\/\/tuzlainfo.ba\/#\/schema\/person\/image\/\",\"url\":\"https:\/\/tuzlainfo.ba\/wp-content\/litespeed\/avatar\/b7920db4cc34a71ad12497283ad2fe3f.jpg?ver=1777100914\",\"contentUrl\":\"https:\/\/tuzlainfo.ba\/wp-content\/litespeed\/avatar\/b7920db4cc34a71ad12497283ad2fe3f.jpg?ver=1777100914\",\"caption\":\"Admin Tri\"},\"sameAs\":[\"https:\/\/tuzlainfo.ba\"]}]}<\/script>\n<!-- \/ Yoast SEO plugin. -->","yoast_head_json":{"title":"Vije\u0107e ministara odlu\u010duje o reformama koje bi mogle promijeniti rad dr\u017eavnih institucija i polo\u017eaj zaposlenih - TuzlaInfo.ba","robots":{"index":"index","follow":"follow","max-snippet":"max-snippet:-1","max-image-preview":"max-image-preview:large","max-video-preview":"max-video-preview:-1"},"canonical":"https:\/\/tuzlainfo.ba\/index.php\/bosna-i-hercegovina\/item\/286090-vijece-ministara-odlucuje-o-reformama-koje-bi-mogle-promijeniti-rad-drzavnih-institucija-i-polozaj-zaposlenih\/","og_locale":"bs_BA","og_type":"article","og_title":"Vije\u0107e ministara odlu\u010duje o reformama koje bi mogle promijeniti rad dr\u017eavnih institucija i polo\u017eaj zaposlenih - TuzlaInfo.ba","og_description":"Vije\u0107e ministara Bosne i Hercegovine danas razmatra niz odluka koje bi mogle dugoro\u010dno uticati na&hellip;","og_url":"https:\/\/tuzlainfo.ba\/index.php\/bosna-i-hercegovina\/item\/286090-vijece-ministara-odlucuje-o-reformama-koje-bi-mogle-promijeniti-rad-drzavnih-institucija-i-polozaj-zaposlenih\/","og_site_name":"TuzlaInfo.ba","article_publisher":"https:\/\/www.facebook.com\/tuzlainfo.ba\/","article_published_time":"2025-11-12T08:28:36+00:00","article_modified_time":"2025-11-12T07:30:46+00:00","og_image":[{"width":800,"height":413,"url":"https:\/\/tuzlainfo.ba\/wp-content\/uploads\/2025\/02\/2502_vijece_ministara.jpg","type":"image\/jpeg"}],"author":"Admin Tri","twitter_card":"summary_large_image","twitter_misc":{"Written by":"Admin Tri","Est. reading time":"2 minute"},"schema":{"@context":"https:\/\/schema.org","@graph":[{"@type":"Article","@id":"https:\/\/tuzlainfo.ba\/index.php\/bosna-i-hercegovina\/item\/286090-vijece-ministara-odlucuje-o-reformama-koje-bi-mogle-promijeniti-rad-drzavnih-institucija-i-polozaj-zaposlenih\/#article","isPartOf":{"@id":"https:\/\/tuzlainfo.ba\/index.php\/bosna-i-hercegovina\/item\/286090-vijece-ministara-odlucuje-o-reformama-koje-bi-mogle-promijeniti-rad-drzavnih-institucija-i-polozaj-zaposlenih\/"},"author":{"name":"Admin Tri","@id":"https:\/\/tuzlainfo.ba\/#\/schema\/person\/593e78a2f6378c5ba3e7600ecfa4e63a"},"headline":"Vije\u0107e ministara odlu\u010duje o reformama koje bi mogle promijeniti rad dr\u017eavnih institucija i polo\u017eaj zaposlenih","datePublished":"2025-11-12T08:28:36+00:00","dateModified":"2025-11-12T07:30:46+00:00","mainEntityOfPage":{"@id":"https:\/\/tuzlainfo.ba\/index.php\/bosna-i-hercegovina\/item\/286090-vijece-ministara-odlucuje-o-reformama-koje-bi-mogle-promijeniti-rad-drzavnih-institucija-i-polozaj-zaposlenih\/"},"wordCount":206,"publisher":{"@id":"https:\/\/tuzlainfo.ba\/#organization"},"image":{"@id":"https:\/\/tuzlainfo.ba\/index.php\/bosna-i-hercegovina\/item\/286090-vijece-ministara-odlucuje-o-reformama-koje-bi-mogle-promijeniti-rad-drzavnih-institucija-i-polozaj-zaposlenih\/#primaryimage"},"thumbnailUrl":"https:\/\/tuzlainfo.ba\/wp-content\/uploads\/2025\/02\/2502_vijece_ministara.jpg","keywords":["reforme","vije\u0107e ministara"],"articleSection":["Bosna i Hercegovina"],"inLanguage":"bs-BA"},{"@type":"WebPage","@id":"https:\/\/tuzlainfo.ba\/index.php\/bosna-i-hercegovina\/item\/286090-vijece-ministara-odlucuje-o-reformama-koje-bi-mogle-promijeniti-rad-drzavnih-institucija-i-polozaj-zaposlenih\/","url":"https:\/\/tuzlainfo.ba\/index.php\/bosna-i-hercegovina\/item\/286090-vijece-ministara-odlucuje-o-reformama-koje-bi-mogle-promijeniti-rad-drzavnih-institucija-i-polozaj-zaposlenih\/","name":"Vije\u0107e ministara odlu\u010duje o reformama koje bi mogle promijeniti rad dr\u017eavnih institucija i polo\u017eaj zaposlenih - TuzlaInfo.ba","isPartOf":{"@id":"https:\/\/tuzlainfo.ba\/#website"},"primaryImageOfPage":{"@id":"https:\/\/tuzlainfo.ba\/index.php\/bosna-i-hercegovina\/item\/286090-vijece-ministara-odlucuje-o-reformama-koje-bi-mogle-promijeniti-rad-drzavnih-institucija-i-polozaj-zaposlenih\/#primaryimage"},"image":{"@id":"https:\/\/tuzlainfo.ba\/index.php\/bosna-i-hercegovina\/item\/286090-vijece-ministara-odlucuje-o-reformama-koje-bi-mogle-promijeniti-rad-drzavnih-institucija-i-polozaj-zaposlenih\/#primaryimage"},"thumbnailUrl":"https:\/\/tuzlainfo.ba\/wp-content\/uploads\/2025\/02\/2502_vijece_ministara.jpg","datePublished":"2025-11-12T08:28:36+00:00","dateModified":"2025-11-12T07:30:46+00:00","breadcrumb":{"@id":"https:\/\/tuzlainfo.ba\/index.php\/bosna-i-hercegovina\/item\/286090-vijece-ministara-odlucuje-o-reformama-koje-bi-mogle-promijeniti-rad-drzavnih-institucija-i-polozaj-zaposlenih\/#breadcrumb"},"inLanguage":"bs-BA","potentialAction":[{"@type":"ReadAction","target":["https:\/\/tuzlainfo.ba\/index.php\/bosna-i-hercegovina\/item\/286090-vijece-ministara-odlucuje-o-reformama-koje-bi-mogle-promijeniti-rad-drzavnih-institucija-i-polozaj-zaposlenih\/"]}]},{"@type":"ImageObject","inLanguage":"bs-BA","@id":"https:\/\/tuzlainfo.ba\/index.php\/bosna-i-hercegovina\/item\/286090-vijece-ministara-odlucuje-o-reformama-koje-bi-mogle-promijeniti-rad-drzavnih-institucija-i-polozaj-zaposlenih\/#primaryimage","url":"https:\/\/tuzlainfo.ba\/wp-content\/uploads\/2025\/02\/2502_vijece_ministara.jpg","contentUrl":"https:\/\/tuzlainfo.ba\/wp-content\/uploads\/2025\/02\/2502_vijece_ministara.jpg","width":800,"height":413},{"@type":"BreadcrumbList","@id":"https:\/\/tuzlainfo.ba\/index.php\/bosna-i-hercegovina\/item\/286090-vijece-ministara-odlucuje-o-reformama-koje-bi-mogle-promijeniti-rad-drzavnih-institucija-i-polozaj-zaposlenih\/#breadcrumb","itemListElement":[{"@type":"ListItem","position":1,"name":"Home","item":"https:\/\/tuzlainfo.ba\/"},{"@type":"ListItem","position":2,"name":"Vije\u0107e ministara odlu\u010duje o reformama koje bi mogle promijeniti rad dr\u017eavnih institucija i polo\u017eaj zaposlenih"}]},{"@type":"WebSite","@id":"https:\/\/tuzlainfo.ba\/#website","url":"https:\/\/tuzlainfo.ba\/","name":"TuzlaInfo.ba","description":"Tuzla info, gradski informator - Tuzla na dlanu","publisher":{"@id":"https:\/\/tuzlainfo.ba\/#organization"},"potentialAction":[{"@type":"SearchAction","target":{"@type":"EntryPoint","urlTemplate":"https:\/\/tuzlainfo.ba\/?s={search_term_string}"},"query-input":{"@type":"PropertyValueSpecification","valueRequired":true,"valueName":"search_term_string"}}],"inLanguage":"bs-BA"},{"@type":"Organization","@id":"https:\/\/tuzlainfo.ba\/#organization","name":"TuzlaInfo.ba","url":"https:\/\/tuzlainfo.ba\/","logo":{"@type":"ImageObject","inLanguage":"bs-BA","@id":"https:\/\/tuzlainfo.ba\/#\/schema\/logo\/image\/","url":"https:\/\/tuzlainfo.ba\/wp-content\/uploads\/2021\/03\/logo-ver-3-1.png","contentUrl":"https:\/\/tuzlainfo.ba\/wp-content\/uploads\/2021\/03\/logo-ver-3-1.png","width":350,"height":95,"caption":"TuzlaInfo.ba"},"image":{"@id":"https:\/\/tuzlainfo.ba\/#\/schema\/logo\/image\/"},"sameAs":["https:\/\/www.facebook.com\/tuzlainfo.ba\/"]},{"@type":"Person","@id":"https:\/\/tuzlainfo.ba\/#\/schema\/person\/593e78a2f6378c5ba3e7600ecfa4e63a","name":"Admin Tri","image":{"@type":"ImageObject","inLanguage":"bs-BA","@id":"https:\/\/tuzlainfo.ba\/#\/schema\/person\/image\/","url":"https:\/\/tuzlainfo.ba\/wp-content\/litespeed\/avatar\/b7920db4cc34a71ad12497283ad2fe3f.jpg?ver=1777100914","contentUrl":"https:\/\/tuzlainfo.ba\/wp-content\/litespeed\/avatar\/b7920db4cc34a71ad12497283ad2fe3f.jpg?ver=1777100914","caption":"Admin Tri"},"sameAs":["https:\/\/tuzlainfo.ba"]}]}},"_links":{"self":[{"href":"https:\/\/tuzlainfo.ba\/index.php\/wp-json\/wp\/v2\/posts\/286090"}],"collection":[{"href":"https:\/\/tuzlainfo.ba\/index.php\/wp-json\/wp\/v2\/posts"}],"about":[{"href":"https:\/\/tuzlainfo.ba\/index.php\/wp-json\/wp\/v2\/types\/post"}],"author":[{"embeddable":true,"href":"https:\/\/tuzlainfo.ba\/index.php\/wp-json\/wp\/v2\/users\/8"}],"replies":[{"embeddable":true,"href":"https:\/\/tuzlainfo.ba\/index.php\/wp-json\/wp\/v2\/comments?post=286090"}],"version-history":[{"count":1,"href":"https:\/\/tuzlainfo.ba\/index.php\/wp-json\/wp\/v2\/posts\/286090\/revisions"}],"predecessor-version":[{"id":286091,"href":"https:\/\/tuzlainfo.ba\/index.php\/wp-json\/wp\/v2\/posts\/286090\/revisions\/286091"}],"wp:featuredmedia":[{"embeddable":true,"href":"https:\/\/tuzlainfo.ba\/index.php\/wp-json\/wp\/v2\/media\/263659"}],"wp:attachment":[{"href":"https:\/\/tuzlainfo.ba\/index.php\/wp-json\/wp\/v2\/media?parent=286090"}],"wp:term":[{"taxonomy":"category","embeddable":true,"href":"https:\/\/tuzlainfo.ba\/index.php\/wp-json\/wp\/v2\/categories?post=286090"},{"taxonomy":"post_tag","embeddable":true,"href":"https:\/\/tuzlainfo.ba\/index.php\/wp-json\/wp\/v2\/tags?post=286090"}],"curies":[{"name":"wp","href":"https:\/\/api.w.org\/{rel}","templated":true}]}}