{"id":286066,"date":"2025-11-11T18:05:51","date_gmt":"2025-11-11T17:05:51","guid":{"rendered":"https:\/\/tuzlainfo.ba\/?p=286066"},"modified":"2025-11-11T17:37:08","modified_gmt":"2025-11-11T16:37:08","slug":"kalesija-policija-identifikovala-pocinioca-visestrukih-kradja","status":"publish","type":"post","link":"https:\/\/tuzlainfo.ba\/index.php\/novosti\/item\/286066-kalesija-policija-identifikovala-pocinioca-visestrukih-kradja\/","title":{"rendered":"Kalesija: Policija identifikovala po\u010dinioca vi\u0161estrukih kra\u0111a"},"content":{"rendered":"<p>Policijski slu\u017ebenici Uprave policije MUP TK-a\/Odjeljenja kriminalisti\u010dke policije Policijske uprave Kalesija i Policijske stanice Kalesija su rade\u0107i na rasvjetljavanju i dokumentovanju krivi\u010dnih djela iz oblasti imovinskih delikata &#8211; te\u0161kih kra\u0111a po\u010dinjenih na podru\u010dju op\u0107ine Kalesija na \u0161tetu fizi\u010dkih lica (provale u dvije porodi\u010dne ku\u0107e i tri vikendice koje su prijavljene u mjesecu novembru 2025. godine), operativnim radom do\u0161li do saznanja o mogu\u0107em po\u010diniocu istih, a radi se o licu D\u017e.I., ro\u0111en 2000. godine nastanjen na podru\u010dju Kalesije.<\/p>\n<p>Dana, 8.11.2025. godine postupaju\u0107i po naredbi Op\u0107inskog suda u Kalesiji i uz saglasnost kantonalnog tu\u017eioca, izvr\u0161eno je pretresanje ku\u0107e koju koristi D\u017e.I., kojom prilikom su prona\u0111eni i oduzeti predmeti koji se dovode u vezu sa predmetnim krivi\u010dnim djelima.<\/p>\n<p>Nad D\u017e.I. je izvr\u0161ena kriminalisti\u010dka obrada zbog postojanja osnova sumnje da je po\u010dinio krivi\u010dno djelo Te\u0161ka kra\u0111a iz \u010dlana 287. Krivi\u010dnog zakona Federacije Bosne i Hercegovine, a nakon dokumentovanja i kompletiranja predmeta Kantonalnom tu\u017eila\u0161tvu Tuzlanskog kantona bi\u0107e dostavljen odgovaraju\u0107i izvje\u0161taj.<\/p>\n","protected":false},"excerpt":{"rendered":"<p>Policijski slu\u017ebenici Uprave policije MUP TK-a\/Odjeljenja kriminalisti\u010dke policije Policijske uprave Kalesija i Policijske stanice Kalesija&hellip;<\/p>\n","protected":false},"author":4,"featured_media":212902,"comment_status":"closed","ping_status":"closed","sticky":false,"template":"","format":"standard","meta":{"_acf_changed":false,"footnotes":""},"categories":[304,12],"tags":[4157],"acf":[],"yoast_head":"<!-- This site is optimized with the Yoast SEO plugin v23.5 - https:\/\/yoast.com\/wordpress\/plugins\/seo\/ -->\n<title>Kalesija: Policija identifikovala po\u010dinioca vi\u0161estrukih kra\u0111a - TuzlaInfo.ba<\/title>\n<meta name=\"robots\" content=\"index, follow, max-snippet:-1, max-image-preview:large, max-video-preview:-1\" \/>\n<link rel=\"canonical\" href=\"https:\/\/tuzlainfo.ba\/index.php\/novosti\/item\/286066-kalesija-policija-identifikovala-pocinioca-visestrukih-kradja\/\" \/>\n<meta property=\"og:locale\" content=\"bs_BA\" \/>\n<meta property=\"og:type\" content=\"article\" \/>\n<meta property=\"og:title\" content=\"Kalesija: Policija identifikovala po\u010dinioca vi\u0161estrukih kra\u0111a - TuzlaInfo.ba\" \/>\n<meta property=\"og:description\" content=\"Policijski slu\u017ebenici Uprave policije MUP TK-a\/Odjeljenja kriminalisti\u010dke policije Policijske uprave Kalesija i Policijske stanice Kalesija&hellip;\" \/>\n<meta property=\"og:url\" content=\"https:\/\/tuzlainfo.ba\/index.php\/novosti\/item\/286066-kalesija-policija-identifikovala-pocinioca-visestrukih-kradja\/\" \/>\n<meta property=\"og:site_name\" content=\"TuzlaInfo.ba\" \/>\n<meta property=\"article:publisher\" content=\"https:\/\/www.facebook.com\/tuzlainfo.ba\/\" \/>\n<meta property=\"article:published_time\" content=\"2025-11-11T17:05:51+00:00\" \/>\n<meta property=\"article:modified_time\" content=\"2025-11-11T16:37:08+00:00\" \/>\n<meta property=\"og:image\" content=\"https:\/\/tuzlainfo.ba\/wp-content\/uploads\/2023\/08\/0508_hapsenje.jpg\" \/>\n\t<meta property=\"og:image:width\" content=\"1000\" \/>\n\t<meta property=\"og:image:height\" content=\"647\" \/>\n\t<meta property=\"og:image:type\" content=\"image\/jpeg\" \/>\n<meta name=\"author\" content=\"Tuzla Info\" \/>\n<meta name=\"twitter:card\" content=\"summary_large_image\" \/>\n<meta name=\"twitter:label1\" content=\"Written by\" \/>\n\t<meta name=\"twitter:data1\" content=\"Tuzla Info\" \/>\n\t<meta name=\"twitter:label2\" content=\"Est. reading time\" \/>\n\t<meta name=\"twitter:data2\" content=\"2 minute\" \/>\n<script type=\"application\/ld+json\" class=\"yoast-schema-graph\">{\"@context\":\"https:\/\/schema.org\",\"@graph\":[{\"@type\":\"Article\",\"@id\":\"https:\/\/tuzlainfo.ba\/index.php\/novosti\/item\/286066-kalesija-policija-identifikovala-pocinioca-visestrukih-kradja\/#article\",\"isPartOf\":{\"@id\":\"https:\/\/tuzlainfo.ba\/index.php\/novosti\/item\/286066-kalesija-policija-identifikovala-pocinioca-visestrukih-kradja\/\"},\"author\":{\"name\":\"Tuzla Info\",\"@id\":\"https:\/\/tuzlainfo.ba\/#\/schema\/person\/46cad4c57790cbc50781edd14870825a\"},\"headline\":\"Kalesija: Policija identifikovala po\u010dinioca vi\u0161estrukih kra\u0111a\",\"datePublished\":\"2025-11-11T17:05:51+00:00\",\"dateModified\":\"2025-11-11T16:37:08+00:00\",\"mainEntityOfPage\":{\"@id\":\"https:\/\/tuzlainfo.ba\/index.php\/novosti\/item\/286066-kalesija-policija-identifikovala-pocinioca-visestrukih-kradja\/\"},\"wordCount\":200,\"publisher\":{\"@id\":\"https:\/\/tuzlainfo.ba\/#organization\"},\"image\":{\"@id\":\"https:\/\/tuzlainfo.ba\/index.php\/novosti\/item\/286066-kalesija-policija-identifikovala-pocinioca-visestrukih-kradja\/#primaryimage\"},\"thumbnailUrl\":\"https:\/\/tuzlainfo.ba\/wp-content\/uploads\/2023\/08\/0508_hapsenje.jpg\",\"keywords\":[\"Uprava policije MUP TK\"],\"articleSection\":[\"Istaknuto\",\"Novosti\"],\"inLanguage\":\"bs-BA\"},{\"@type\":\"WebPage\",\"@id\":\"https:\/\/tuzlainfo.ba\/index.php\/novosti\/item\/286066-kalesija-policija-identifikovala-pocinioca-visestrukih-kradja\/\",\"url\":\"https:\/\/tuzlainfo.ba\/index.php\/novosti\/item\/286066-kalesija-policija-identifikovala-pocinioca-visestrukih-kradja\/\",\"name\":\"Kalesija: Policija identifikovala po\u010dinioca vi\u0161estrukih kra\u0111a - TuzlaInfo.ba\",\"isPartOf\":{\"@id\":\"https:\/\/tuzlainfo.ba\/#website\"},\"primaryImageOfPage\":{\"@id\":\"https:\/\/tuzlainfo.ba\/index.php\/novosti\/item\/286066-kalesija-policija-identifikovala-pocinioca-visestrukih-kradja\/#primaryimage\"},\"image\":{\"@id\":\"https:\/\/tuzlainfo.ba\/index.php\/novosti\/item\/286066-kalesija-policija-identifikovala-pocinioca-visestrukih-kradja\/#primaryimage\"},\"thumbnailUrl\":\"https:\/\/tuzlainfo.ba\/wp-content\/uploads\/2023\/08\/0508_hapsenje.jpg\",\"datePublished\":\"2025-11-11T17:05:51+00:00\",\"dateModified\":\"2025-11-11T16:37:08+00:00\",\"breadcrumb\":{\"@id\":\"https:\/\/tuzlainfo.ba\/index.php\/novosti\/item\/286066-kalesija-policija-identifikovala-pocinioca-visestrukih-kradja\/#breadcrumb\"},\"inLanguage\":\"bs-BA\",\"potentialAction\":[{\"@type\":\"ReadAction\",\"target\":[\"https:\/\/tuzlainfo.ba\/index.php\/novosti\/item\/286066-kalesija-policija-identifikovala-pocinioca-visestrukih-kradja\/\"]}]},{\"@type\":\"ImageObject\",\"inLanguage\":\"bs-BA\",\"@id\":\"https:\/\/tuzlainfo.ba\/index.php\/novosti\/item\/286066-kalesija-policija-identifikovala-pocinioca-visestrukih-kradja\/#primaryimage\",\"url\":\"https:\/\/tuzlainfo.ba\/wp-content\/uploads\/2023\/08\/0508_hapsenje.jpg\",\"contentUrl\":\"https:\/\/tuzlainfo.ba\/wp-content\/uploads\/2023\/08\/0508_hapsenje.jpg\",\"width\":1000,\"height\":647},{\"@type\":\"BreadcrumbList\",\"@id\":\"https:\/\/tuzlainfo.ba\/index.php\/novosti\/item\/286066-kalesija-policija-identifikovala-pocinioca-visestrukih-kradja\/#breadcrumb\",\"itemListElement\":[{\"@type\":\"ListItem\",\"position\":1,\"name\":\"Home\",\"item\":\"https:\/\/tuzlainfo.ba\/\"},{\"@type\":\"ListItem\",\"position\":2,\"name\":\"Kalesija: Policija identifikovala po\u010dinioca vi\u0161estrukih kra\u0111a\"}]},{\"@type\":\"WebSite\",\"@id\":\"https:\/\/tuzlainfo.ba\/#website\",\"url\":\"https:\/\/tuzlainfo.ba\/\",\"name\":\"TuzlaInfo.ba\",\"description\":\"Tuzla info, gradski informator - Tuzla na dlanu\",\"publisher\":{\"@id\":\"https:\/\/tuzlainfo.ba\/#organization\"},\"potentialAction\":[{\"@type\":\"SearchAction\",\"target\":{\"@type\":\"EntryPoint\",\"urlTemplate\":\"https:\/\/tuzlainfo.ba\/?s={search_term_string}\"},\"query-input\":{\"@type\":\"PropertyValueSpecification\",\"valueRequired\":true,\"valueName\":\"search_term_string\"}}],\"inLanguage\":\"bs-BA\"},{\"@type\":\"Organization\",\"@id\":\"https:\/\/tuzlainfo.ba\/#organization\",\"name\":\"TuzlaInfo.ba\",\"url\":\"https:\/\/tuzlainfo.ba\/\",\"logo\":{\"@type\":\"ImageObject\",\"inLanguage\":\"bs-BA\",\"@id\":\"https:\/\/tuzlainfo.ba\/#\/schema\/logo\/image\/\",\"url\":\"https:\/\/tuzlainfo.ba\/wp-content\/uploads\/2021\/03\/logo-ver-3-1.png\",\"contentUrl\":\"https:\/\/tuzlainfo.ba\/wp-content\/uploads\/2021\/03\/logo-ver-3-1.png\",\"width\":350,\"height\":95,\"caption\":\"TuzlaInfo.ba\"},\"image\":{\"@id\":\"https:\/\/tuzlainfo.ba\/#\/schema\/logo\/image\/\"},\"sameAs\":[\"https:\/\/www.facebook.com\/tuzlainfo.ba\/\"]},{\"@type\":\"Person\",\"@id\":\"https:\/\/tuzlainfo.ba\/#\/schema\/person\/46cad4c57790cbc50781edd14870825a\",\"name\":\"Tuzla Info\",\"image\":{\"@type\":\"ImageObject\",\"inLanguage\":\"bs-BA\",\"@id\":\"https:\/\/tuzlainfo.ba\/#\/schema\/person\/image\/\",\"url\":\"https:\/\/tuzlainfo.ba\/wp-content\/litespeed\/avatar\/b6c453a6c38e3654f2e4416c643fc25c.jpg?ver=1777051911\",\"contentUrl\":\"https:\/\/tuzlainfo.ba\/wp-content\/litespeed\/avatar\/b6c453a6c38e3654f2e4416c643fc25c.jpg?ver=1777051911\",\"caption\":\"Tuzla Info\"}}]}<\/script>\n<!-- \/ Yoast SEO plugin. -->","yoast_head_json":{"title":"Kalesija: Policija identifikovala po\u010dinioca vi\u0161estrukih kra\u0111a - TuzlaInfo.ba","robots":{"index":"index","follow":"follow","max-snippet":"max-snippet:-1","max-image-preview":"max-image-preview:large","max-video-preview":"max-video-preview:-1"},"canonical":"https:\/\/tuzlainfo.ba\/index.php\/novosti\/item\/286066-kalesija-policija-identifikovala-pocinioca-visestrukih-kradja\/","og_locale":"bs_BA","og_type":"article","og_title":"Kalesija: Policija identifikovala po\u010dinioca vi\u0161estrukih kra\u0111a - TuzlaInfo.ba","og_description":"Policijski slu\u017ebenici Uprave policije MUP TK-a\/Odjeljenja kriminalisti\u010dke policije Policijske uprave Kalesija i Policijske stanice Kalesija&hellip;","og_url":"https:\/\/tuzlainfo.ba\/index.php\/novosti\/item\/286066-kalesija-policija-identifikovala-pocinioca-visestrukih-kradja\/","og_site_name":"TuzlaInfo.ba","article_publisher":"https:\/\/www.facebook.com\/tuzlainfo.ba\/","article_published_time":"2025-11-11T17:05:51+00:00","article_modified_time":"2025-11-11T16:37:08+00:00","og_image":[{"width":1000,"height":647,"url":"https:\/\/tuzlainfo.ba\/wp-content\/uploads\/2023\/08\/0508_hapsenje.jpg","type":"image\/jpeg"}],"author":"Tuzla Info","twitter_card":"summary_large_image","twitter_misc":{"Written by":"Tuzla Info","Est. reading time":"2 minute"},"schema":{"@context":"https:\/\/schema.org","@graph":[{"@type":"Article","@id":"https:\/\/tuzlainfo.ba\/index.php\/novosti\/item\/286066-kalesija-policija-identifikovala-pocinioca-visestrukih-kradja\/#article","isPartOf":{"@id":"https:\/\/tuzlainfo.ba\/index.php\/novosti\/item\/286066-kalesija-policija-identifikovala-pocinioca-visestrukih-kradja\/"},"author":{"name":"Tuzla Info","@id":"https:\/\/tuzlainfo.ba\/#\/schema\/person\/46cad4c57790cbc50781edd14870825a"},"headline":"Kalesija: Policija identifikovala po\u010dinioca vi\u0161estrukih kra\u0111a","datePublished":"2025-11-11T17:05:51+00:00","dateModified":"2025-11-11T16:37:08+00:00","mainEntityOfPage":{"@id":"https:\/\/tuzlainfo.ba\/index.php\/novosti\/item\/286066-kalesija-policija-identifikovala-pocinioca-visestrukih-kradja\/"},"wordCount":200,"publisher":{"@id":"https:\/\/tuzlainfo.ba\/#organization"},"image":{"@id":"https:\/\/tuzlainfo.ba\/index.php\/novosti\/item\/286066-kalesija-policija-identifikovala-pocinioca-visestrukih-kradja\/#primaryimage"},"thumbnailUrl":"https:\/\/tuzlainfo.ba\/wp-content\/uploads\/2023\/08\/0508_hapsenje.jpg","keywords":["Uprava policije MUP TK"],"articleSection":["Istaknuto","Novosti"],"inLanguage":"bs-BA"},{"@type":"WebPage","@id":"https:\/\/tuzlainfo.ba\/index.php\/novosti\/item\/286066-kalesija-policija-identifikovala-pocinioca-visestrukih-kradja\/","url":"https:\/\/tuzlainfo.ba\/index.php\/novosti\/item\/286066-kalesija-policija-identifikovala-pocinioca-visestrukih-kradja\/","name":"Kalesija: Policija identifikovala po\u010dinioca vi\u0161estrukih kra\u0111a - TuzlaInfo.ba","isPartOf":{"@id":"https:\/\/tuzlainfo.ba\/#website"},"primaryImageOfPage":{"@id":"https:\/\/tuzlainfo.ba\/index.php\/novosti\/item\/286066-kalesija-policija-identifikovala-pocinioca-visestrukih-kradja\/#primaryimage"},"image":{"@id":"https:\/\/tuzlainfo.ba\/index.php\/novosti\/item\/286066-kalesija-policija-identifikovala-pocinioca-visestrukih-kradja\/#primaryimage"},"thumbnailUrl":"https:\/\/tuzlainfo.ba\/wp-content\/uploads\/2023\/08\/0508_hapsenje.jpg","datePublished":"2025-11-11T17:05:51+00:00","dateModified":"2025-11-11T16:37:08+00:00","breadcrumb":{"@id":"https:\/\/tuzlainfo.ba\/index.php\/novosti\/item\/286066-kalesija-policija-identifikovala-pocinioca-visestrukih-kradja\/#breadcrumb"},"inLanguage":"bs-BA","potentialAction":[{"@type":"ReadAction","target":["https:\/\/tuzlainfo.ba\/index.php\/novosti\/item\/286066-kalesija-policija-identifikovala-pocinioca-visestrukih-kradja\/"]}]},{"@type":"ImageObject","inLanguage":"bs-BA","@id":"https:\/\/tuzlainfo.ba\/index.php\/novosti\/item\/286066-kalesija-policija-identifikovala-pocinioca-visestrukih-kradja\/#primaryimage","url":"https:\/\/tuzlainfo.ba\/wp-content\/uploads\/2023\/08\/0508_hapsenje.jpg","contentUrl":"https:\/\/tuzlainfo.ba\/wp-content\/uploads\/2023\/08\/0508_hapsenje.jpg","width":1000,"height":647},{"@type":"BreadcrumbList","@id":"https:\/\/tuzlainfo.ba\/index.php\/novosti\/item\/286066-kalesija-policija-identifikovala-pocinioca-visestrukih-kradja\/#breadcrumb","itemListElement":[{"@type":"ListItem","position":1,"name":"Home","item":"https:\/\/tuzlainfo.ba\/"},{"@type":"ListItem","position":2,"name":"Kalesija: Policija identifikovala po\u010dinioca vi\u0161estrukih kra\u0111a"}]},{"@type":"WebSite","@id":"https:\/\/tuzlainfo.ba\/#website","url":"https:\/\/tuzlainfo.ba\/","name":"TuzlaInfo.ba","description":"Tuzla info, gradski informator - Tuzla na dlanu","publisher":{"@id":"https:\/\/tuzlainfo.ba\/#organization"},"potentialAction":[{"@type":"SearchAction","target":{"@type":"EntryPoint","urlTemplate":"https:\/\/tuzlainfo.ba\/?s={search_term_string}"},"query-input":{"@type":"PropertyValueSpecification","valueRequired":true,"valueName":"search_term_string"}}],"inLanguage":"bs-BA"},{"@type":"Organization","@id":"https:\/\/tuzlainfo.ba\/#organization","name":"TuzlaInfo.ba","url":"https:\/\/tuzlainfo.ba\/","logo":{"@type":"ImageObject","inLanguage":"bs-BA","@id":"https:\/\/tuzlainfo.ba\/#\/schema\/logo\/image\/","url":"https:\/\/tuzlainfo.ba\/wp-content\/uploads\/2021\/03\/logo-ver-3-1.png","contentUrl":"https:\/\/tuzlainfo.ba\/wp-content\/uploads\/2021\/03\/logo-ver-3-1.png","width":350,"height":95,"caption":"TuzlaInfo.ba"},"image":{"@id":"https:\/\/tuzlainfo.ba\/#\/schema\/logo\/image\/"},"sameAs":["https:\/\/www.facebook.com\/tuzlainfo.ba\/"]},{"@type":"Person","@id":"https:\/\/tuzlainfo.ba\/#\/schema\/person\/46cad4c57790cbc50781edd14870825a","name":"Tuzla Info","image":{"@type":"ImageObject","inLanguage":"bs-BA","@id":"https:\/\/tuzlainfo.ba\/#\/schema\/person\/image\/","url":"https:\/\/tuzlainfo.ba\/wp-content\/litespeed\/avatar\/b6c453a6c38e3654f2e4416c643fc25c.jpg?ver=1777051911","contentUrl":"https:\/\/tuzlainfo.ba\/wp-content\/litespeed\/avatar\/b6c453a6c38e3654f2e4416c643fc25c.jpg?ver=1777051911","caption":"Tuzla Info"}}]}},"_links":{"self":[{"href":"https:\/\/tuzlainfo.ba\/index.php\/wp-json\/wp\/v2\/posts\/286066"}],"collection":[{"href":"https:\/\/tuzlainfo.ba\/index.php\/wp-json\/wp\/v2\/posts"}],"about":[{"href":"https:\/\/tuzlainfo.ba\/index.php\/wp-json\/wp\/v2\/types\/post"}],"author":[{"embeddable":true,"href":"https:\/\/tuzlainfo.ba\/index.php\/wp-json\/wp\/v2\/users\/4"}],"replies":[{"embeddable":true,"href":"https:\/\/tuzlainfo.ba\/index.php\/wp-json\/wp\/v2\/comments?post=286066"}],"version-history":[{"count":1,"href":"https:\/\/tuzlainfo.ba\/index.php\/wp-json\/wp\/v2\/posts\/286066\/revisions"}],"predecessor-version":[{"id":286067,"href":"https:\/\/tuzlainfo.ba\/index.php\/wp-json\/wp\/v2\/posts\/286066\/revisions\/286067"}],"wp:featuredmedia":[{"embeddable":true,"href":"https:\/\/tuzlainfo.ba\/index.php\/wp-json\/wp\/v2\/media\/212902"}],"wp:attachment":[{"href":"https:\/\/tuzlainfo.ba\/index.php\/wp-json\/wp\/v2\/media?parent=286066"}],"wp:term":[{"taxonomy":"category","embeddable":true,"href":"https:\/\/tuzlainfo.ba\/index.php\/wp-json\/wp\/v2\/categories?post=286066"},{"taxonomy":"post_tag","embeddable":true,"href":"https:\/\/tuzlainfo.ba\/index.php\/wp-json\/wp\/v2\/tags?post=286066"}],"curies":[{"name":"wp","href":"https:\/\/api.w.org\/{rel}","templated":true}]}}