{"id":286033,"date":"2025-11-11T15:03:04","date_gmt":"2025-11-11T14:03:04","guid":{"rendered":"https:\/\/tuzlainfo.ba\/?p=286033"},"modified":"2025-11-11T14:49:55","modified_gmt":"2025-11-11T13:49:55","slug":"ko-placa-i-koliko-sada-iznosi-vlada-tk-utvrdila-novu-visinu-boravisne-takse-za-turiste","status":"publish","type":"post","link":"https:\/\/tuzlainfo.ba\/index.php\/novosti\/item\/286033-ko-placa-i-koliko-sada-iznosi-vlada-tk-utvrdila-novu-visinu-boravisne-takse-za-turiste\/","title":{"rendered":"Ko pla\u0107a i koliko sada iznosi: Vlada TK utvrdila novu visinu boravi\u0161ne takse za turiste"},"content":{"rendered":"<p data-start=\"100\" data-end=\"330\">Vlada Tuzlanskog kantona danas je donijela odluku kojom se visina boravi\u0161ne takse, koju pla\u0107aju osobe koje koriste usluge smje\u0161taja izvan mjesta svog prebivali\u0161ta, utvr\u0111uje na tri konvertibilne marke po ostvarenom no\u0107enju.<\/p>\n<p data-start=\"100\" data-end=\"330\">Ranije je ova taksa iznosila dvije konvertibilne marke po ostvarenom no\u0107enju.<\/p>\n<p data-start=\"332\" data-end=\"800\">Boravi\u0161nu taksu pla\u0107aju doma\u0107i i strani turisti koji borave u smje\u0161tajnim objektima registrovanim za turisti\u010dku ili ugostiteljsku djelatnost, poput hotela, motela, pansiona, apartmana, planinarskih domova i soba za iznajmljivanje.<\/p>\n<p data-start=\"332\" data-end=\"800\">Ova naknada predstavlja doprinos za kori\u0161tenje turisti\u010dke, komunalne i saobra\u0107ajne infrastrukture, a prihod od nje pripada Turisti\u010dkoj zajednici Tuzlanskog kantona, koja sredstva vra\u0107a lokalnim zajednicama radi razvoja turizma.<\/p>\n<p data-start=\"802\" data-end=\"1190\">Kontrolu naplate boravi\u0161ne takse na podru\u010dju Tuzlanskog kantona dijele kantonalne i lokalne institucije \u2013 Kanton nadzire hotele i motele, dok su lokalne zajednice odgovorne za pansione i privatne iznajmljiva\u010de. Naplatu takse vr\u0161i sam davalac usluge istovremeno s naplatom smje\u0161taja, a du\u017ean je iznos boravi\u0161ne takse posebno iskazati u ra\u010dunu i voditi evidenciju o njenoj uplati.<\/p>\n<p data-start=\"1192\" data-end=\"1526\">Od pla\u0107anja boravi\u0161ne takse oslobo\u0111ene su odre\u0111ene kategorije, me\u0111u kojima su djeca do 12 godina, osobe s invaliditetom, lica upu\u0107ena na lije\u010denje, kao i u\u010desnici \u0161kolskih ekskurzija. Mladi od 12 do 18 godina pla\u0107aju 50 posto iznosa takse, dok se za sve ostale boravke obra\u010dunava puna cijena od tri marke po no\u0107enju.<\/p>\n<p data-start=\"1528\" data-end=\"1741\">Izbjegavanje naplate ili prijave boravi\u0161ne takse povla\u010di zakonske sankcije.<strong>\/Tuzlainfo.ba\/<\/strong><\/p>\n","protected":false},"excerpt":{"rendered":"<p>Vlada Tuzlanskog kantona danas je donijela odluku kojom se visina boravi\u0161ne takse, koju pla\u0107aju osobe&hellip;<\/p>\n","protected":false},"author":2,"featured_media":286037,"comment_status":"closed","ping_status":"closed","sticky":false,"template":"","format":"standard","meta":{"_acf_changed":false,"footnotes":""},"categories":[304,12],"tags":[12994,360,336],"acf":[],"yoast_head":"<!-- This site is optimized with the Yoast SEO plugin v23.5 - https:\/\/yoast.com\/wordpress\/plugins\/seo\/ -->\n<title>Ko pla\u0107a i koliko sada iznosi: Vlada TK utvrdila novu visinu boravi\u0161ne takse za turiste - TuzlaInfo.ba<\/title>\n<meta name=\"robots\" content=\"index, follow, max-snippet:-1, max-image-preview:large, max-video-preview:-1\" \/>\n<link rel=\"canonical\" href=\"https:\/\/tuzlainfo.ba\/index.php\/novosti\/item\/286033-ko-placa-i-koliko-sada-iznosi-vlada-tk-utvrdila-novu-visinu-boravisne-takse-za-turiste\/\" \/>\n<meta property=\"og:locale\" content=\"bs_BA\" \/>\n<meta property=\"og:type\" content=\"article\" \/>\n<meta property=\"og:title\" content=\"Ko pla\u0107a i koliko sada iznosi: Vlada TK utvrdila novu visinu boravi\u0161ne takse za turiste - TuzlaInfo.ba\" \/>\n<meta property=\"og:description\" content=\"Vlada Tuzlanskog kantona danas je donijela odluku kojom se visina boravi\u0161ne takse, koju pla\u0107aju osobe&hellip;\" \/>\n<meta property=\"og:url\" content=\"https:\/\/tuzlainfo.ba\/index.php\/novosti\/item\/286033-ko-placa-i-koliko-sada-iznosi-vlada-tk-utvrdila-novu-visinu-boravisne-takse-za-turiste\/\" \/>\n<meta property=\"og:site_name\" content=\"TuzlaInfo.ba\" \/>\n<meta property=\"article:publisher\" content=\"https:\/\/www.facebook.com\/tuzlainfo.ba\/\" \/>\n<meta property=\"article:published_time\" content=\"2025-11-11T14:03:04+00:00\" \/>\n<meta property=\"article:modified_time\" content=\"2025-11-11T13:49:55+00:00\" \/>\n<meta property=\"og:image\" content=\"https:\/\/tuzlainfo.ba\/wp-content\/uploads\/2025\/11\/1111_recepcija.jpg\" \/>\n\t<meta property=\"og:image:width\" content=\"770\" \/>\n\t<meta property=\"og:image:height\" content=\"478\" \/>\n\t<meta property=\"og:image:type\" content=\"image\/jpeg\" \/>\n<meta name=\"author\" content=\"nedim\" \/>\n<meta name=\"twitter:card\" content=\"summary_large_image\" \/>\n<meta name=\"twitter:label1\" content=\"Written by\" \/>\n\t<meta name=\"twitter:data1\" content=\"nedim\" \/>\n\t<meta name=\"twitter:label2\" content=\"Est. reading time\" \/>\n\t<meta name=\"twitter:data2\" content=\"2 minute\" \/>\n<script type=\"application\/ld+json\" class=\"yoast-schema-graph\">{\"@context\":\"https:\/\/schema.org\",\"@graph\":[{\"@type\":\"Article\",\"@id\":\"https:\/\/tuzlainfo.ba\/index.php\/novosti\/item\/286033-ko-placa-i-koliko-sada-iznosi-vlada-tk-utvrdila-novu-visinu-boravisne-takse-za-turiste\/#article\",\"isPartOf\":{\"@id\":\"https:\/\/tuzlainfo.ba\/index.php\/novosti\/item\/286033-ko-placa-i-koliko-sada-iznosi-vlada-tk-utvrdila-novu-visinu-boravisne-takse-za-turiste\/\"},\"author\":{\"name\":\"nedim\",\"@id\":\"https:\/\/tuzlainfo.ba\/#\/schema\/person\/f434e20dc27ea133923aab08451b7f7f\"},\"headline\":\"Ko pla\u0107a i koliko sada iznosi: Vlada TK utvrdila novu visinu boravi\u0161ne takse za turiste\",\"datePublished\":\"2025-11-11T14:03:04+00:00\",\"dateModified\":\"2025-11-11T13:49:55+00:00\",\"mainEntityOfPage\":{\"@id\":\"https:\/\/tuzlainfo.ba\/index.php\/novosti\/item\/286033-ko-placa-i-koliko-sada-iznosi-vlada-tk-utvrdila-novu-visinu-boravisne-takse-za-turiste\/\"},\"wordCount\":267,\"publisher\":{\"@id\":\"https:\/\/tuzlainfo.ba\/#organization\"},\"image\":{\"@id\":\"https:\/\/tuzlainfo.ba\/index.php\/novosti\/item\/286033-ko-placa-i-koliko-sada-iznosi-vlada-tk-utvrdila-novu-visinu-boravisne-takse-za-turiste\/#primaryimage\"},\"thumbnailUrl\":\"https:\/\/tuzlainfo.ba\/wp-content\/uploads\/2025\/11\/1111_recepcija.jpg\",\"keywords\":[\"boravi\u0161na taksa\",\"tuzlanski kanton\",\"vlada tk\"],\"articleSection\":[\"Istaknuto\",\"Novosti\"],\"inLanguage\":\"bs-BA\"},{\"@type\":\"WebPage\",\"@id\":\"https:\/\/tuzlainfo.ba\/index.php\/novosti\/item\/286033-ko-placa-i-koliko-sada-iznosi-vlada-tk-utvrdila-novu-visinu-boravisne-takse-za-turiste\/\",\"url\":\"https:\/\/tuzlainfo.ba\/index.php\/novosti\/item\/286033-ko-placa-i-koliko-sada-iznosi-vlada-tk-utvrdila-novu-visinu-boravisne-takse-za-turiste\/\",\"name\":\"Ko pla\u0107a i koliko sada iznosi: Vlada TK utvrdila novu visinu boravi\u0161ne takse za turiste - TuzlaInfo.ba\",\"isPartOf\":{\"@id\":\"https:\/\/tuzlainfo.ba\/#website\"},\"primaryImageOfPage\":{\"@id\":\"https:\/\/tuzlainfo.ba\/index.php\/novosti\/item\/286033-ko-placa-i-koliko-sada-iznosi-vlada-tk-utvrdila-novu-visinu-boravisne-takse-za-turiste\/#primaryimage\"},\"image\":{\"@id\":\"https:\/\/tuzlainfo.ba\/index.php\/novosti\/item\/286033-ko-placa-i-koliko-sada-iznosi-vlada-tk-utvrdila-novu-visinu-boravisne-takse-za-turiste\/#primaryimage\"},\"thumbnailUrl\":\"https:\/\/tuzlainfo.ba\/wp-content\/uploads\/2025\/11\/1111_recepcija.jpg\",\"datePublished\":\"2025-11-11T14:03:04+00:00\",\"dateModified\":\"2025-11-11T13:49:55+00:00\",\"breadcrumb\":{\"@id\":\"https:\/\/tuzlainfo.ba\/index.php\/novosti\/item\/286033-ko-placa-i-koliko-sada-iznosi-vlada-tk-utvrdila-novu-visinu-boravisne-takse-za-turiste\/#breadcrumb\"},\"inLanguage\":\"bs-BA\",\"potentialAction\":[{\"@type\":\"ReadAction\",\"target\":[\"https:\/\/tuzlainfo.ba\/index.php\/novosti\/item\/286033-ko-placa-i-koliko-sada-iznosi-vlada-tk-utvrdila-novu-visinu-boravisne-takse-za-turiste\/\"]}]},{\"@type\":\"ImageObject\",\"inLanguage\":\"bs-BA\",\"@id\":\"https:\/\/tuzlainfo.ba\/index.php\/novosti\/item\/286033-ko-placa-i-koliko-sada-iznosi-vlada-tk-utvrdila-novu-visinu-boravisne-takse-za-turiste\/#primaryimage\",\"url\":\"https:\/\/tuzlainfo.ba\/wp-content\/uploads\/2025\/11\/1111_recepcija.jpg\",\"contentUrl\":\"https:\/\/tuzlainfo.ba\/wp-content\/uploads\/2025\/11\/1111_recepcija.jpg\",\"width\":770,\"height\":478},{\"@type\":\"BreadcrumbList\",\"@id\":\"https:\/\/tuzlainfo.ba\/index.php\/novosti\/item\/286033-ko-placa-i-koliko-sada-iznosi-vlada-tk-utvrdila-novu-visinu-boravisne-takse-za-turiste\/#breadcrumb\",\"itemListElement\":[{\"@type\":\"ListItem\",\"position\":1,\"name\":\"Home\",\"item\":\"https:\/\/tuzlainfo.ba\/\"},{\"@type\":\"ListItem\",\"position\":2,\"name\":\"Ko pla\u0107a i koliko sada iznosi: Vlada TK utvrdila novu visinu boravi\u0161ne takse za turiste\"}]},{\"@type\":\"WebSite\",\"@id\":\"https:\/\/tuzlainfo.ba\/#website\",\"url\":\"https:\/\/tuzlainfo.ba\/\",\"name\":\"TuzlaInfo.ba\",\"description\":\"Tuzla info, gradski informator - Tuzla na dlanu\",\"publisher\":{\"@id\":\"https:\/\/tuzlainfo.ba\/#organization\"},\"potentialAction\":[{\"@type\":\"SearchAction\",\"target\":{\"@type\":\"EntryPoint\",\"urlTemplate\":\"https:\/\/tuzlainfo.ba\/?s={search_term_string}\"},\"query-input\":{\"@type\":\"PropertyValueSpecification\",\"valueRequired\":true,\"valueName\":\"search_term_string\"}}],\"inLanguage\":\"bs-BA\"},{\"@type\":\"Organization\",\"@id\":\"https:\/\/tuzlainfo.ba\/#organization\",\"name\":\"TuzlaInfo.ba\",\"url\":\"https:\/\/tuzlainfo.ba\/\",\"logo\":{\"@type\":\"ImageObject\",\"inLanguage\":\"bs-BA\",\"@id\":\"https:\/\/tuzlainfo.ba\/#\/schema\/logo\/image\/\",\"url\":\"https:\/\/tuzlainfo.ba\/wp-content\/uploads\/2021\/03\/logo-ver-3-1.png\",\"contentUrl\":\"https:\/\/tuzlainfo.ba\/wp-content\/uploads\/2021\/03\/logo-ver-3-1.png\",\"width\":350,\"height\":95,\"caption\":\"TuzlaInfo.ba\"},\"image\":{\"@id\":\"https:\/\/tuzlainfo.ba\/#\/schema\/logo\/image\/\"},\"sameAs\":[\"https:\/\/www.facebook.com\/tuzlainfo.ba\/\"]},{\"@type\":\"Person\",\"@id\":\"https:\/\/tuzlainfo.ba\/#\/schema\/person\/f434e20dc27ea133923aab08451b7f7f\",\"name\":\"nedim\",\"image\":{\"@type\":\"ImageObject\",\"inLanguage\":\"bs-BA\",\"@id\":\"https:\/\/tuzlainfo.ba\/#\/schema\/person\/image\/\",\"url\":\"https:\/\/tuzlainfo.ba\/wp-content\/litespeed\/avatar\/aabad687af24844af817603ac1cbdc4f.jpg?ver=1776702173\",\"contentUrl\":\"https:\/\/tuzlainfo.ba\/wp-content\/litespeed\/avatar\/aabad687af24844af817603ac1cbdc4f.jpg?ver=1776702173\",\"caption\":\"nedim\"},\"description\":\"Tuzlainfo.ba pratite na dru\u0161tvenim mre\u017eama: Facebook, Instagram i Youtube. Svoje pri\u010de, upite i fotografije \u0161aljite na na\u0161u e-mail adresu.\"}]}<\/script>\n<!-- \/ Yoast SEO plugin. -->","yoast_head_json":{"title":"Ko pla\u0107a i koliko sada iznosi: Vlada TK utvrdila novu visinu boravi\u0161ne takse za turiste - TuzlaInfo.ba","robots":{"index":"index","follow":"follow","max-snippet":"max-snippet:-1","max-image-preview":"max-image-preview:large","max-video-preview":"max-video-preview:-1"},"canonical":"https:\/\/tuzlainfo.ba\/index.php\/novosti\/item\/286033-ko-placa-i-koliko-sada-iznosi-vlada-tk-utvrdila-novu-visinu-boravisne-takse-za-turiste\/","og_locale":"bs_BA","og_type":"article","og_title":"Ko pla\u0107a i koliko sada iznosi: Vlada TK utvrdila novu visinu boravi\u0161ne takse za turiste - TuzlaInfo.ba","og_description":"Vlada Tuzlanskog kantona danas je donijela odluku kojom se visina boravi\u0161ne takse, koju pla\u0107aju osobe&hellip;","og_url":"https:\/\/tuzlainfo.ba\/index.php\/novosti\/item\/286033-ko-placa-i-koliko-sada-iznosi-vlada-tk-utvrdila-novu-visinu-boravisne-takse-za-turiste\/","og_site_name":"TuzlaInfo.ba","article_publisher":"https:\/\/www.facebook.com\/tuzlainfo.ba\/","article_published_time":"2025-11-11T14:03:04+00:00","article_modified_time":"2025-11-11T13:49:55+00:00","og_image":[{"width":770,"height":478,"url":"https:\/\/tuzlainfo.ba\/wp-content\/uploads\/2025\/11\/1111_recepcija.jpg","type":"image\/jpeg"}],"author":"nedim","twitter_card":"summary_large_image","twitter_misc":{"Written by":"nedim","Est. reading time":"2 minute"},"schema":{"@context":"https:\/\/schema.org","@graph":[{"@type":"Article","@id":"https:\/\/tuzlainfo.ba\/index.php\/novosti\/item\/286033-ko-placa-i-koliko-sada-iznosi-vlada-tk-utvrdila-novu-visinu-boravisne-takse-za-turiste\/#article","isPartOf":{"@id":"https:\/\/tuzlainfo.ba\/index.php\/novosti\/item\/286033-ko-placa-i-koliko-sada-iznosi-vlada-tk-utvrdila-novu-visinu-boravisne-takse-za-turiste\/"},"author":{"name":"nedim","@id":"https:\/\/tuzlainfo.ba\/#\/schema\/person\/f434e20dc27ea133923aab08451b7f7f"},"headline":"Ko pla\u0107a i koliko sada iznosi: Vlada TK utvrdila novu visinu boravi\u0161ne takse za turiste","datePublished":"2025-11-11T14:03:04+00:00","dateModified":"2025-11-11T13:49:55+00:00","mainEntityOfPage":{"@id":"https:\/\/tuzlainfo.ba\/index.php\/novosti\/item\/286033-ko-placa-i-koliko-sada-iznosi-vlada-tk-utvrdila-novu-visinu-boravisne-takse-za-turiste\/"},"wordCount":267,"publisher":{"@id":"https:\/\/tuzlainfo.ba\/#organization"},"image":{"@id":"https:\/\/tuzlainfo.ba\/index.php\/novosti\/item\/286033-ko-placa-i-koliko-sada-iznosi-vlada-tk-utvrdila-novu-visinu-boravisne-takse-za-turiste\/#primaryimage"},"thumbnailUrl":"https:\/\/tuzlainfo.ba\/wp-content\/uploads\/2025\/11\/1111_recepcija.jpg","keywords":["boravi\u0161na taksa","tuzlanski kanton","vlada tk"],"articleSection":["Istaknuto","Novosti"],"inLanguage":"bs-BA"},{"@type":"WebPage","@id":"https:\/\/tuzlainfo.ba\/index.php\/novosti\/item\/286033-ko-placa-i-koliko-sada-iznosi-vlada-tk-utvrdila-novu-visinu-boravisne-takse-za-turiste\/","url":"https:\/\/tuzlainfo.ba\/index.php\/novosti\/item\/286033-ko-placa-i-koliko-sada-iznosi-vlada-tk-utvrdila-novu-visinu-boravisne-takse-za-turiste\/","name":"Ko pla\u0107a i koliko sada iznosi: Vlada TK utvrdila novu visinu boravi\u0161ne takse za turiste - TuzlaInfo.ba","isPartOf":{"@id":"https:\/\/tuzlainfo.ba\/#website"},"primaryImageOfPage":{"@id":"https:\/\/tuzlainfo.ba\/index.php\/novosti\/item\/286033-ko-placa-i-koliko-sada-iznosi-vlada-tk-utvrdila-novu-visinu-boravisne-takse-za-turiste\/#primaryimage"},"image":{"@id":"https:\/\/tuzlainfo.ba\/index.php\/novosti\/item\/286033-ko-placa-i-koliko-sada-iznosi-vlada-tk-utvrdila-novu-visinu-boravisne-takse-za-turiste\/#primaryimage"},"thumbnailUrl":"https:\/\/tuzlainfo.ba\/wp-content\/uploads\/2025\/11\/1111_recepcija.jpg","datePublished":"2025-11-11T14:03:04+00:00","dateModified":"2025-11-11T13:49:55+00:00","breadcrumb":{"@id":"https:\/\/tuzlainfo.ba\/index.php\/novosti\/item\/286033-ko-placa-i-koliko-sada-iznosi-vlada-tk-utvrdila-novu-visinu-boravisne-takse-za-turiste\/#breadcrumb"},"inLanguage":"bs-BA","potentialAction":[{"@type":"ReadAction","target":["https:\/\/tuzlainfo.ba\/index.php\/novosti\/item\/286033-ko-placa-i-koliko-sada-iznosi-vlada-tk-utvrdila-novu-visinu-boravisne-takse-za-turiste\/"]}]},{"@type":"ImageObject","inLanguage":"bs-BA","@id":"https:\/\/tuzlainfo.ba\/index.php\/novosti\/item\/286033-ko-placa-i-koliko-sada-iznosi-vlada-tk-utvrdila-novu-visinu-boravisne-takse-za-turiste\/#primaryimage","url":"https:\/\/tuzlainfo.ba\/wp-content\/uploads\/2025\/11\/1111_recepcija.jpg","contentUrl":"https:\/\/tuzlainfo.ba\/wp-content\/uploads\/2025\/11\/1111_recepcija.jpg","width":770,"height":478},{"@type":"BreadcrumbList","@id":"https:\/\/tuzlainfo.ba\/index.php\/novosti\/item\/286033-ko-placa-i-koliko-sada-iznosi-vlada-tk-utvrdila-novu-visinu-boravisne-takse-za-turiste\/#breadcrumb","itemListElement":[{"@type":"ListItem","position":1,"name":"Home","item":"https:\/\/tuzlainfo.ba\/"},{"@type":"ListItem","position":2,"name":"Ko pla\u0107a i koliko sada iznosi: Vlada TK utvrdila novu visinu boravi\u0161ne takse za turiste"}]},{"@type":"WebSite","@id":"https:\/\/tuzlainfo.ba\/#website","url":"https:\/\/tuzlainfo.ba\/","name":"TuzlaInfo.ba","description":"Tuzla info, gradski informator - Tuzla na dlanu","publisher":{"@id":"https:\/\/tuzlainfo.ba\/#organization"},"potentialAction":[{"@type":"SearchAction","target":{"@type":"EntryPoint","urlTemplate":"https:\/\/tuzlainfo.ba\/?s={search_term_string}"},"query-input":{"@type":"PropertyValueSpecification","valueRequired":true,"valueName":"search_term_string"}}],"inLanguage":"bs-BA"},{"@type":"Organization","@id":"https:\/\/tuzlainfo.ba\/#organization","name":"TuzlaInfo.ba","url":"https:\/\/tuzlainfo.ba\/","logo":{"@type":"ImageObject","inLanguage":"bs-BA","@id":"https:\/\/tuzlainfo.ba\/#\/schema\/logo\/image\/","url":"https:\/\/tuzlainfo.ba\/wp-content\/uploads\/2021\/03\/logo-ver-3-1.png","contentUrl":"https:\/\/tuzlainfo.ba\/wp-content\/uploads\/2021\/03\/logo-ver-3-1.png","width":350,"height":95,"caption":"TuzlaInfo.ba"},"image":{"@id":"https:\/\/tuzlainfo.ba\/#\/schema\/logo\/image\/"},"sameAs":["https:\/\/www.facebook.com\/tuzlainfo.ba\/"]},{"@type":"Person","@id":"https:\/\/tuzlainfo.ba\/#\/schema\/person\/f434e20dc27ea133923aab08451b7f7f","name":"nedim","image":{"@type":"ImageObject","inLanguage":"bs-BA","@id":"https:\/\/tuzlainfo.ba\/#\/schema\/person\/image\/","url":"https:\/\/tuzlainfo.ba\/wp-content\/litespeed\/avatar\/aabad687af24844af817603ac1cbdc4f.jpg?ver=1776702173","contentUrl":"https:\/\/tuzlainfo.ba\/wp-content\/litespeed\/avatar\/aabad687af24844af817603ac1cbdc4f.jpg?ver=1776702173","caption":"nedim"},"description":"Tuzlainfo.ba pratite na dru\u0161tvenim mre\u017eama: Facebook, Instagram i Youtube. Svoje pri\u010de, upite i fotografije \u0161aljite na na\u0161u e-mail adresu."}]}},"_links":{"self":[{"href":"https:\/\/tuzlainfo.ba\/index.php\/wp-json\/wp\/v2\/posts\/286033"}],"collection":[{"href":"https:\/\/tuzlainfo.ba\/index.php\/wp-json\/wp\/v2\/posts"}],"about":[{"href":"https:\/\/tuzlainfo.ba\/index.php\/wp-json\/wp\/v2\/types\/post"}],"author":[{"embeddable":true,"href":"https:\/\/tuzlainfo.ba\/index.php\/wp-json\/wp\/v2\/users\/2"}],"replies":[{"embeddable":true,"href":"https:\/\/tuzlainfo.ba\/index.php\/wp-json\/wp\/v2\/comments?post=286033"}],"version-history":[{"count":2,"href":"https:\/\/tuzlainfo.ba\/index.php\/wp-json\/wp\/v2\/posts\/286033\/revisions"}],"predecessor-version":[{"id":286038,"href":"https:\/\/tuzlainfo.ba\/index.php\/wp-json\/wp\/v2\/posts\/286033\/revisions\/286038"}],"wp:featuredmedia":[{"embeddable":true,"href":"https:\/\/tuzlainfo.ba\/index.php\/wp-json\/wp\/v2\/media\/286037"}],"wp:attachment":[{"href":"https:\/\/tuzlainfo.ba\/index.php\/wp-json\/wp\/v2\/media?parent=286033"}],"wp:term":[{"taxonomy":"category","embeddable":true,"href":"https:\/\/tuzlainfo.ba\/index.php\/wp-json\/wp\/v2\/categories?post=286033"},{"taxonomy":"post_tag","embeddable":true,"href":"https:\/\/tuzlainfo.ba\/index.php\/wp-json\/wp\/v2\/tags?post=286033"}],"curies":[{"name":"wp","href":"https:\/\/api.w.org\/{rel}","templated":true}]}}