{"id":285959,"date":"2025-11-10T19:01:29","date_gmt":"2025-11-10T18:01:29","guid":{"rendered":"https:\/\/tuzlainfo.ba\/?p=285959"},"modified":"2025-11-10T19:01:29","modified_gmt":"2025-11-10T18:01:29","slug":"vukanovic-dodik-pristao-na-sve-amerikancima-vucic-misli-da-ga-je-izdao","status":"publish","type":"post","link":"https:\/\/tuzlainfo.ba\/index.php\/bosna-i-hercegovina\/item\/285959-vukanovic-dodik-pristao-na-sve-amerikancima-vucic-misli-da-ga-je-izdao\/","title":{"rendered":"Vukanovi\u0107: Dodik pristao na sve Amerikancima, Vu\u010di\u0107 misli da ga je izdao"},"content":{"rendered":"<p data-start=\"100\" data-end=\"320\">Poslanik u Narodnoj skup\u0161tini Republike Srpske i lider Liste za pravdu i red, Neboj\u0161a Vukanovi\u0107, <a href=\"https:\/\/n1info.ba\/vijesti\/necasna-uloga-srpskog-patrijarha-porfirija-zeljka-cvijanovic-se-ispovijedila-avdi-avdicu\/\"><strong>u razgovoru za N1<\/strong><\/a> o\u0161tro je kritikovao ulogu Srpske pravoslavne crkve i odnose izme\u0111u Milorada Dodika i Aleksandra Vu\u010di\u0107a.<\/p>\n<p data-start=\"322\" data-end=\"673\">\u201eNe\u010dasna je uloga srpskog patrijarha Porfirija koji se pona\u0161a kao portparol svih vlasti. On kao kurir poku\u0161ava pomiriti Vu\u010di\u0107a i Dodika i to je krajnje zabrinjavaju\u0107e. Crkva je sada pod uticajem politike i vlasti vi\u0161e nego za vrijeme komunizma i Josipa Broza. Dodik i Vu\u010di\u0107 se nikada nisu voljeli, ali ih je interes povezivao\u201c, izjavio je Vukanovi\u0107.<\/p>\n<p data-start=\"675\" data-end=\"1001\">Govore\u0107i o promjenama politi\u010dkih stavova u regionu, Vukanovi\u0107 je komentarisao i izjave \u010dlanice Predsjedni\u0161tva BiH \u017deljke Cvijanovi\u0107, koja je, kako je rekao, pokazala \u201eda su joj NATO, Evropska unija i Zapad bli\u017ei nego BRICS\u201c. Smatra da su najnoviji potezi vlasti u Republici Srpskoj rezultat \u201etajnog dogovora s Amerikancima\u201c.<\/p>\n<p data-start=\"1003\" data-end=\"1334\">\u201eO\u010dito je da je Dodik pristao na sve \u2013 i ulazak u NATO, i rje\u0161avanje pitanja imovine, samo da njega i njegovu mre\u017eu ostave da nas i dalje plja\u010dkaju. Pona\u0161anje me\u0111unarodne zajednice, prije svega Amerike, je nekorektno. Vidimo da nagra\u0111uju blokade i korupciju, dok istovremeno tvrde da podr\u017eavaju evropski put\u201c, rekao je Vukanovi\u0107.<\/p>\n<p data-start=\"1336\" data-end=\"1631\">Osvrnuo se i na aferu \u201eViaduct\u201c, upozoriv\u0161i da \u0107e ona dodatno opteretiti bud\u017eet entiteta. \u201eIzgubili smo 500 miliona maraka, a prema procjenama Kinezima \u0107e se dati jo\u0161 400 miliona. Sve se rje\u0161ava unutar nekoliko porodica, koje se ga\u0111aju stotinama miliona kao da su kru\u0161ke i jabuke\u201c, poru\u010dio je.<\/p>\n<p data-start=\"1633\" data-end=\"1956\">Na kraju je dodao da su odnosi Vu\u010di\u0107a i Dodika zahladili, iako \u0107e, prema njegovim rije\u010dima, \u201evjerovatno ponovo prona\u0107i zajedni\u010dki interes\u201c. \u201eVu\u010di\u0107 misli da ga je Dodik izdao s Amerikancima, zato je poslao Vulina da ga javno vrije\u0111a. Ipak, oni \u0107e preko svega pre\u0107i kad do\u0111e do novog velikog posla\u201c, zaklju\u010dio je Vukanovi\u0107.<\/p>\n","protected":false},"excerpt":{"rendered":"<p>Poslanik u Narodnoj skup\u0161tini Republike Srpske i lider Liste za pravdu i red, Neboj\u0161a Vukanovi\u0107,&hellip;<\/p>\n","protected":false},"author":2,"featured_media":273614,"comment_status":"closed","ping_status":"closed","sticky":false,"template":"","format":"standard","meta":{"_acf_changed":false,"footnotes":""},"categories":[291],"tags":[1341],"acf":[],"yoast_head":"<!-- This site is optimized with the Yoast SEO plugin v23.5 - https:\/\/yoast.com\/wordpress\/plugins\/seo\/ -->\n<title>Vukanovi\u0107: Dodik pristao na sve Amerikancima, Vu\u010di\u0107 misli da ga je izdao - TuzlaInfo.ba<\/title>\n<meta name=\"robots\" content=\"index, follow, max-snippet:-1, max-image-preview:large, max-video-preview:-1\" \/>\n<link rel=\"canonical\" href=\"https:\/\/tuzlainfo.ba\/index.php\/bosna-i-hercegovina\/item\/285959-vukanovic-dodik-pristao-na-sve-amerikancima-vucic-misli-da-ga-je-izdao\/\" \/>\n<meta property=\"og:locale\" content=\"bs_BA\" \/>\n<meta property=\"og:type\" content=\"article\" \/>\n<meta property=\"og:title\" content=\"Vukanovi\u0107: Dodik pristao na sve Amerikancima, Vu\u010di\u0107 misli da ga je izdao - TuzlaInfo.ba\" \/>\n<meta property=\"og:description\" content=\"Poslanik u Narodnoj skup\u0161tini Republike Srpske i lider Liste za pravdu i red, Neboj\u0161a Vukanovi\u0107,&hellip;\" \/>\n<meta property=\"og:url\" content=\"https:\/\/tuzlainfo.ba\/index.php\/bosna-i-hercegovina\/item\/285959-vukanovic-dodik-pristao-na-sve-amerikancima-vucic-misli-da-ga-je-izdao\/\" \/>\n<meta property=\"og:site_name\" content=\"TuzlaInfo.ba\" \/>\n<meta property=\"article:publisher\" content=\"https:\/\/www.facebook.com\/tuzlainfo.ba\/\" \/>\n<meta property=\"article:published_time\" content=\"2025-11-10T18:01:29+00:00\" \/>\n<meta property=\"og:image\" content=\"https:\/\/tuzlainfo.ba\/wp-content\/uploads\/2025\/07\/0707_nebojsa-vukanovic.jpg\" \/>\n\t<meta property=\"og:image:width\" content=\"1536\" \/>\n\t<meta property=\"og:image:height\" content=\"1024\" \/>\n\t<meta property=\"og:image:type\" content=\"image\/jpeg\" \/>\n<meta name=\"author\" content=\"nedim\" \/>\n<meta name=\"twitter:card\" content=\"summary_large_image\" \/>\n<meta name=\"twitter:label1\" content=\"Written by\" \/>\n\t<meta name=\"twitter:data1\" content=\"nedim\" \/>\n\t<meta name=\"twitter:label2\" content=\"Est. reading time\" \/>\n\t<meta name=\"twitter:data2\" content=\"2 minute\" \/>\n<script type=\"application\/ld+json\" class=\"yoast-schema-graph\">{\"@context\":\"https:\/\/schema.org\",\"@graph\":[{\"@type\":\"Article\",\"@id\":\"https:\/\/tuzlainfo.ba\/index.php\/bosna-i-hercegovina\/item\/285959-vukanovic-dodik-pristao-na-sve-amerikancima-vucic-misli-da-ga-je-izdao\/#article\",\"isPartOf\":{\"@id\":\"https:\/\/tuzlainfo.ba\/index.php\/bosna-i-hercegovina\/item\/285959-vukanovic-dodik-pristao-na-sve-amerikancima-vucic-misli-da-ga-je-izdao\/\"},\"author\":{\"name\":\"nedim\",\"@id\":\"https:\/\/tuzlainfo.ba\/#\/schema\/person\/f434e20dc27ea133923aab08451b7f7f\"},\"headline\":\"Vukanovi\u0107: Dodik pristao na sve Amerikancima, Vu\u010di\u0107 misli da ga je izdao\",\"datePublished\":\"2025-11-10T18:01:29+00:00\",\"dateModified\":\"2025-11-10T18:01:29+00:00\",\"mainEntityOfPage\":{\"@id\":\"https:\/\/tuzlainfo.ba\/index.php\/bosna-i-hercegovina\/item\/285959-vukanovic-dodik-pristao-na-sve-amerikancima-vucic-misli-da-ga-je-izdao\/\"},\"wordCount\":345,\"publisher\":{\"@id\":\"https:\/\/tuzlainfo.ba\/#organization\"},\"image\":{\"@id\":\"https:\/\/tuzlainfo.ba\/index.php\/bosna-i-hercegovina\/item\/285959-vukanovic-dodik-pristao-na-sve-amerikancima-vucic-misli-da-ga-je-izdao\/#primaryimage\"},\"thumbnailUrl\":\"https:\/\/tuzlainfo.ba\/wp-content\/uploads\/2025\/07\/0707_nebojsa-vukanovic.jpg\",\"keywords\":[\"neboj\u0161a Vukanovi\u0107\"],\"articleSection\":[\"Bosna i Hercegovina\"],\"inLanguage\":\"bs-BA\"},{\"@type\":\"WebPage\",\"@id\":\"https:\/\/tuzlainfo.ba\/index.php\/bosna-i-hercegovina\/item\/285959-vukanovic-dodik-pristao-na-sve-amerikancima-vucic-misli-da-ga-je-izdao\/\",\"url\":\"https:\/\/tuzlainfo.ba\/index.php\/bosna-i-hercegovina\/item\/285959-vukanovic-dodik-pristao-na-sve-amerikancima-vucic-misli-da-ga-je-izdao\/\",\"name\":\"Vukanovi\u0107: Dodik pristao na sve Amerikancima, Vu\u010di\u0107 misli da ga je izdao - TuzlaInfo.ba\",\"isPartOf\":{\"@id\":\"https:\/\/tuzlainfo.ba\/#website\"},\"primaryImageOfPage\":{\"@id\":\"https:\/\/tuzlainfo.ba\/index.php\/bosna-i-hercegovina\/item\/285959-vukanovic-dodik-pristao-na-sve-amerikancima-vucic-misli-da-ga-je-izdao\/#primaryimage\"},\"image\":{\"@id\":\"https:\/\/tuzlainfo.ba\/index.php\/bosna-i-hercegovina\/item\/285959-vukanovic-dodik-pristao-na-sve-amerikancima-vucic-misli-da-ga-je-izdao\/#primaryimage\"},\"thumbnailUrl\":\"https:\/\/tuzlainfo.ba\/wp-content\/uploads\/2025\/07\/0707_nebojsa-vukanovic.jpg\",\"datePublished\":\"2025-11-10T18:01:29+00:00\",\"dateModified\":\"2025-11-10T18:01:29+00:00\",\"breadcrumb\":{\"@id\":\"https:\/\/tuzlainfo.ba\/index.php\/bosna-i-hercegovina\/item\/285959-vukanovic-dodik-pristao-na-sve-amerikancima-vucic-misli-da-ga-je-izdao\/#breadcrumb\"},\"inLanguage\":\"bs-BA\",\"potentialAction\":[{\"@type\":\"ReadAction\",\"target\":[\"https:\/\/tuzlainfo.ba\/index.php\/bosna-i-hercegovina\/item\/285959-vukanovic-dodik-pristao-na-sve-amerikancima-vucic-misli-da-ga-je-izdao\/\"]}]},{\"@type\":\"ImageObject\",\"inLanguage\":\"bs-BA\",\"@id\":\"https:\/\/tuzlainfo.ba\/index.php\/bosna-i-hercegovina\/item\/285959-vukanovic-dodik-pristao-na-sve-amerikancima-vucic-misli-da-ga-je-izdao\/#primaryimage\",\"url\":\"https:\/\/tuzlainfo.ba\/wp-content\/uploads\/2025\/07\/0707_nebojsa-vukanovic.jpg\",\"contentUrl\":\"https:\/\/tuzlainfo.ba\/wp-content\/uploads\/2025\/07\/0707_nebojsa-vukanovic.jpg\",\"width\":1536,\"height\":1024},{\"@type\":\"BreadcrumbList\",\"@id\":\"https:\/\/tuzlainfo.ba\/index.php\/bosna-i-hercegovina\/item\/285959-vukanovic-dodik-pristao-na-sve-amerikancima-vucic-misli-da-ga-je-izdao\/#breadcrumb\",\"itemListElement\":[{\"@type\":\"ListItem\",\"position\":1,\"name\":\"Home\",\"item\":\"https:\/\/tuzlainfo.ba\/\"},{\"@type\":\"ListItem\",\"position\":2,\"name\":\"Vukanovi\u0107: Dodik pristao na sve Amerikancima, Vu\u010di\u0107 misli da ga je izdao\"}]},{\"@type\":\"WebSite\",\"@id\":\"https:\/\/tuzlainfo.ba\/#website\",\"url\":\"https:\/\/tuzlainfo.ba\/\",\"name\":\"TuzlaInfo.ba\",\"description\":\"Tuzla info, gradski informator - Tuzla na dlanu\",\"publisher\":{\"@id\":\"https:\/\/tuzlainfo.ba\/#organization\"},\"potentialAction\":[{\"@type\":\"SearchAction\",\"target\":{\"@type\":\"EntryPoint\",\"urlTemplate\":\"https:\/\/tuzlainfo.ba\/?s={search_term_string}\"},\"query-input\":{\"@type\":\"PropertyValueSpecification\",\"valueRequired\":true,\"valueName\":\"search_term_string\"}}],\"inLanguage\":\"bs-BA\"},{\"@type\":\"Organization\",\"@id\":\"https:\/\/tuzlainfo.ba\/#organization\",\"name\":\"TuzlaInfo.ba\",\"url\":\"https:\/\/tuzlainfo.ba\/\",\"logo\":{\"@type\":\"ImageObject\",\"inLanguage\":\"bs-BA\",\"@id\":\"https:\/\/tuzlainfo.ba\/#\/schema\/logo\/image\/\",\"url\":\"https:\/\/tuzlainfo.ba\/wp-content\/uploads\/2021\/03\/logo-ver-3-1.png\",\"contentUrl\":\"https:\/\/tuzlainfo.ba\/wp-content\/uploads\/2021\/03\/logo-ver-3-1.png\",\"width\":350,\"height\":95,\"caption\":\"TuzlaInfo.ba\"},\"image\":{\"@id\":\"https:\/\/tuzlainfo.ba\/#\/schema\/logo\/image\/\"},\"sameAs\":[\"https:\/\/www.facebook.com\/tuzlainfo.ba\/\"]},{\"@type\":\"Person\",\"@id\":\"https:\/\/tuzlainfo.ba\/#\/schema\/person\/f434e20dc27ea133923aab08451b7f7f\",\"name\":\"nedim\",\"image\":{\"@type\":\"ImageObject\",\"inLanguage\":\"bs-BA\",\"@id\":\"https:\/\/tuzlainfo.ba\/#\/schema\/person\/image\/\",\"url\":\"https:\/\/tuzlainfo.ba\/wp-content\/litespeed\/avatar\/aabad687af24844af817603ac1cbdc4f.jpg?ver=1777306975\",\"contentUrl\":\"https:\/\/tuzlainfo.ba\/wp-content\/litespeed\/avatar\/aabad687af24844af817603ac1cbdc4f.jpg?ver=1777306975\",\"caption\":\"nedim\"},\"description\":\"Tuzlainfo.ba pratite na dru\u0161tvenim mre\u017eama: Facebook, Instagram i Youtube. Svoje pri\u010de, upite i fotografije \u0161aljite na na\u0161u e-mail adresu.\"}]}<\/script>\n<!-- \/ Yoast SEO plugin. -->","yoast_head_json":{"title":"Vukanovi\u0107: Dodik pristao na sve Amerikancima, Vu\u010di\u0107 misli da ga je izdao - TuzlaInfo.ba","robots":{"index":"index","follow":"follow","max-snippet":"max-snippet:-1","max-image-preview":"max-image-preview:large","max-video-preview":"max-video-preview:-1"},"canonical":"https:\/\/tuzlainfo.ba\/index.php\/bosna-i-hercegovina\/item\/285959-vukanovic-dodik-pristao-na-sve-amerikancima-vucic-misli-da-ga-je-izdao\/","og_locale":"bs_BA","og_type":"article","og_title":"Vukanovi\u0107: Dodik pristao na sve Amerikancima, Vu\u010di\u0107 misli da ga je izdao - TuzlaInfo.ba","og_description":"Poslanik u Narodnoj skup\u0161tini Republike Srpske i lider Liste za pravdu i red, Neboj\u0161a Vukanovi\u0107,&hellip;","og_url":"https:\/\/tuzlainfo.ba\/index.php\/bosna-i-hercegovina\/item\/285959-vukanovic-dodik-pristao-na-sve-amerikancima-vucic-misli-da-ga-je-izdao\/","og_site_name":"TuzlaInfo.ba","article_publisher":"https:\/\/www.facebook.com\/tuzlainfo.ba\/","article_published_time":"2025-11-10T18:01:29+00:00","og_image":[{"width":1536,"height":1024,"url":"https:\/\/tuzlainfo.ba\/wp-content\/uploads\/2025\/07\/0707_nebojsa-vukanovic.jpg","type":"image\/jpeg"}],"author":"nedim","twitter_card":"summary_large_image","twitter_misc":{"Written by":"nedim","Est. reading time":"2 minute"},"schema":{"@context":"https:\/\/schema.org","@graph":[{"@type":"Article","@id":"https:\/\/tuzlainfo.ba\/index.php\/bosna-i-hercegovina\/item\/285959-vukanovic-dodik-pristao-na-sve-amerikancima-vucic-misli-da-ga-je-izdao\/#article","isPartOf":{"@id":"https:\/\/tuzlainfo.ba\/index.php\/bosna-i-hercegovina\/item\/285959-vukanovic-dodik-pristao-na-sve-amerikancima-vucic-misli-da-ga-je-izdao\/"},"author":{"name":"nedim","@id":"https:\/\/tuzlainfo.ba\/#\/schema\/person\/f434e20dc27ea133923aab08451b7f7f"},"headline":"Vukanovi\u0107: Dodik pristao na sve Amerikancima, Vu\u010di\u0107 misli da ga je izdao","datePublished":"2025-11-10T18:01:29+00:00","dateModified":"2025-11-10T18:01:29+00:00","mainEntityOfPage":{"@id":"https:\/\/tuzlainfo.ba\/index.php\/bosna-i-hercegovina\/item\/285959-vukanovic-dodik-pristao-na-sve-amerikancima-vucic-misli-da-ga-je-izdao\/"},"wordCount":345,"publisher":{"@id":"https:\/\/tuzlainfo.ba\/#organization"},"image":{"@id":"https:\/\/tuzlainfo.ba\/index.php\/bosna-i-hercegovina\/item\/285959-vukanovic-dodik-pristao-na-sve-amerikancima-vucic-misli-da-ga-je-izdao\/#primaryimage"},"thumbnailUrl":"https:\/\/tuzlainfo.ba\/wp-content\/uploads\/2025\/07\/0707_nebojsa-vukanovic.jpg","keywords":["neboj\u0161a Vukanovi\u0107"],"articleSection":["Bosna i Hercegovina"],"inLanguage":"bs-BA"},{"@type":"WebPage","@id":"https:\/\/tuzlainfo.ba\/index.php\/bosna-i-hercegovina\/item\/285959-vukanovic-dodik-pristao-na-sve-amerikancima-vucic-misli-da-ga-je-izdao\/","url":"https:\/\/tuzlainfo.ba\/index.php\/bosna-i-hercegovina\/item\/285959-vukanovic-dodik-pristao-na-sve-amerikancima-vucic-misli-da-ga-je-izdao\/","name":"Vukanovi\u0107: Dodik pristao na sve Amerikancima, Vu\u010di\u0107 misli da ga je izdao - TuzlaInfo.ba","isPartOf":{"@id":"https:\/\/tuzlainfo.ba\/#website"},"primaryImageOfPage":{"@id":"https:\/\/tuzlainfo.ba\/index.php\/bosna-i-hercegovina\/item\/285959-vukanovic-dodik-pristao-na-sve-amerikancima-vucic-misli-da-ga-je-izdao\/#primaryimage"},"image":{"@id":"https:\/\/tuzlainfo.ba\/index.php\/bosna-i-hercegovina\/item\/285959-vukanovic-dodik-pristao-na-sve-amerikancima-vucic-misli-da-ga-je-izdao\/#primaryimage"},"thumbnailUrl":"https:\/\/tuzlainfo.ba\/wp-content\/uploads\/2025\/07\/0707_nebojsa-vukanovic.jpg","datePublished":"2025-11-10T18:01:29+00:00","dateModified":"2025-11-10T18:01:29+00:00","breadcrumb":{"@id":"https:\/\/tuzlainfo.ba\/index.php\/bosna-i-hercegovina\/item\/285959-vukanovic-dodik-pristao-na-sve-amerikancima-vucic-misli-da-ga-je-izdao\/#breadcrumb"},"inLanguage":"bs-BA","potentialAction":[{"@type":"ReadAction","target":["https:\/\/tuzlainfo.ba\/index.php\/bosna-i-hercegovina\/item\/285959-vukanovic-dodik-pristao-na-sve-amerikancima-vucic-misli-da-ga-je-izdao\/"]}]},{"@type":"ImageObject","inLanguage":"bs-BA","@id":"https:\/\/tuzlainfo.ba\/index.php\/bosna-i-hercegovina\/item\/285959-vukanovic-dodik-pristao-na-sve-amerikancima-vucic-misli-da-ga-je-izdao\/#primaryimage","url":"https:\/\/tuzlainfo.ba\/wp-content\/uploads\/2025\/07\/0707_nebojsa-vukanovic.jpg","contentUrl":"https:\/\/tuzlainfo.ba\/wp-content\/uploads\/2025\/07\/0707_nebojsa-vukanovic.jpg","width":1536,"height":1024},{"@type":"BreadcrumbList","@id":"https:\/\/tuzlainfo.ba\/index.php\/bosna-i-hercegovina\/item\/285959-vukanovic-dodik-pristao-na-sve-amerikancima-vucic-misli-da-ga-je-izdao\/#breadcrumb","itemListElement":[{"@type":"ListItem","position":1,"name":"Home","item":"https:\/\/tuzlainfo.ba\/"},{"@type":"ListItem","position":2,"name":"Vukanovi\u0107: Dodik pristao na sve Amerikancima, Vu\u010di\u0107 misli da ga je izdao"}]},{"@type":"WebSite","@id":"https:\/\/tuzlainfo.ba\/#website","url":"https:\/\/tuzlainfo.ba\/","name":"TuzlaInfo.ba","description":"Tuzla info, gradski informator - Tuzla na dlanu","publisher":{"@id":"https:\/\/tuzlainfo.ba\/#organization"},"potentialAction":[{"@type":"SearchAction","target":{"@type":"EntryPoint","urlTemplate":"https:\/\/tuzlainfo.ba\/?s={search_term_string}"},"query-input":{"@type":"PropertyValueSpecification","valueRequired":true,"valueName":"search_term_string"}}],"inLanguage":"bs-BA"},{"@type":"Organization","@id":"https:\/\/tuzlainfo.ba\/#organization","name":"TuzlaInfo.ba","url":"https:\/\/tuzlainfo.ba\/","logo":{"@type":"ImageObject","inLanguage":"bs-BA","@id":"https:\/\/tuzlainfo.ba\/#\/schema\/logo\/image\/","url":"https:\/\/tuzlainfo.ba\/wp-content\/uploads\/2021\/03\/logo-ver-3-1.png","contentUrl":"https:\/\/tuzlainfo.ba\/wp-content\/uploads\/2021\/03\/logo-ver-3-1.png","width":350,"height":95,"caption":"TuzlaInfo.ba"},"image":{"@id":"https:\/\/tuzlainfo.ba\/#\/schema\/logo\/image\/"},"sameAs":["https:\/\/www.facebook.com\/tuzlainfo.ba\/"]},{"@type":"Person","@id":"https:\/\/tuzlainfo.ba\/#\/schema\/person\/f434e20dc27ea133923aab08451b7f7f","name":"nedim","image":{"@type":"ImageObject","inLanguage":"bs-BA","@id":"https:\/\/tuzlainfo.ba\/#\/schema\/person\/image\/","url":"https:\/\/tuzlainfo.ba\/wp-content\/litespeed\/avatar\/aabad687af24844af817603ac1cbdc4f.jpg?ver=1777306975","contentUrl":"https:\/\/tuzlainfo.ba\/wp-content\/litespeed\/avatar\/aabad687af24844af817603ac1cbdc4f.jpg?ver=1777306975","caption":"nedim"},"description":"Tuzlainfo.ba pratite na dru\u0161tvenim mre\u017eama: Facebook, Instagram i Youtube. Svoje pri\u010de, upite i fotografije \u0161aljite na na\u0161u e-mail adresu."}]}},"_links":{"self":[{"href":"https:\/\/tuzlainfo.ba\/index.php\/wp-json\/wp\/v2\/posts\/285959"}],"collection":[{"href":"https:\/\/tuzlainfo.ba\/index.php\/wp-json\/wp\/v2\/posts"}],"about":[{"href":"https:\/\/tuzlainfo.ba\/index.php\/wp-json\/wp\/v2\/types\/post"}],"author":[{"embeddable":true,"href":"https:\/\/tuzlainfo.ba\/index.php\/wp-json\/wp\/v2\/users\/2"}],"replies":[{"embeddable":true,"href":"https:\/\/tuzlainfo.ba\/index.php\/wp-json\/wp\/v2\/comments?post=285959"}],"version-history":[{"count":1,"href":"https:\/\/tuzlainfo.ba\/index.php\/wp-json\/wp\/v2\/posts\/285959\/revisions"}],"predecessor-version":[{"id":285960,"href":"https:\/\/tuzlainfo.ba\/index.php\/wp-json\/wp\/v2\/posts\/285959\/revisions\/285960"}],"wp:featuredmedia":[{"embeddable":true,"href":"https:\/\/tuzlainfo.ba\/index.php\/wp-json\/wp\/v2\/media\/273614"}],"wp:attachment":[{"href":"https:\/\/tuzlainfo.ba\/index.php\/wp-json\/wp\/v2\/media?parent=285959"}],"wp:term":[{"taxonomy":"category","embeddable":true,"href":"https:\/\/tuzlainfo.ba\/index.php\/wp-json\/wp\/v2\/categories?post=285959"},{"taxonomy":"post_tag","embeddable":true,"href":"https:\/\/tuzlainfo.ba\/index.php\/wp-json\/wp\/v2\/tags?post=285959"}],"curies":[{"name":"wp","href":"https:\/\/api.w.org\/{rel}","templated":true}]}}