{"id":285869,"date":"2025-11-10T11:10:57","date_gmt":"2025-11-10T10:10:57","guid":{"rendered":"https:\/\/tuzlainfo.ba\/?p=285869"},"modified":"2025-11-10T09:07:37","modified_gmt":"2025-11-10T08:07:37","slug":"veceras-u-tuzli-promocija-knjige-o-rijeci-s-ljubavlju","status":"publish","type":"post","link":"https:\/\/tuzlainfo.ba\/index.php\/najava-dogadaja-2\/item\/285869-veceras-u-tuzli-promocija-knjige-o-rijeci-s-ljubavlju\/","title":{"rendered":"Ve\u010deras u Tuzli promocija knjige \u201eO Rijeci s ljubavlju\u201c"},"content":{"rendered":"<p data-start=\"107\" data-end=\"396\">U ponedjeljak, 10. novembra 2025. godine, u 19:00 sati, u Me\u0111unarodnoj galeriji portreta Tuzla, bit \u0107e odr\u017eana promocija sedme knjige poezije autora Sabahudina Budimlije pod nazivom <em data-start=\"289\" data-end=\"313\">\u201eO Rijeci s ljubavlju\u201c<\/em>. Doga\u0111aj se organizira u okviru Centra za kulturu Tuzla, uz podr\u0161ku Grada Tuzle.<\/p>\n<p data-start=\"398\" data-end=\"814\">Sabahudin Budimlija ro\u0111en je 9. januara 1973. godine u Tuzli, a zaposlen je u Domu zdravlja \u201eDr. Mustafa \u0160ehovi\u0107\u201c. Njegov cjelokupni pjesni\u010dki opus posve\u0107en je gradu Rijeci, koji mu je prije desetak godina pru\u017eio gostoprimstvo i ostavio dubok trag na njegov stvarala\u010dki rad. Inspirisan arhitekturom, multikulturalno\u0161\u0107u i ljudima grada Rijeke, autor kroz svoje stihove izra\u017eava zahvalnost i povezanost s tim gradom.<\/p>\n<p data-start=\"816\" data-end=\"1111\">Budimlija je do sada objavio sedam knjiga poezije: <em data-start=\"867\" data-end=\"874\">Fiume<\/em>, <em data-start=\"876\" data-end=\"888\">Rimski luk<\/em>, <em data-start=\"890\" data-end=\"902\">Mir junaka<\/em>, <em data-start=\"904\" data-end=\"920\">Plava Liburnia<\/em>, <em data-start=\"922\" data-end=\"932\">Istriana<\/em>, <em data-start=\"934\" data-end=\"954\">Moje rije\u010dke staze<\/em> i <em data-start=\"957\" data-end=\"979\">O Rijeci s ljubavlju<\/em>. Njegova djela dostupna su u najzna\u010dajnijim bibliotekama u Republici Hrvatskoj, uklju\u010duju\u0107i i ve\u0107inu rije\u010dkih \u0161kolskih knji\u017enica.<\/p>\n<p data-start=\"1113\" data-end=\"1270\">Urednik svih Budimlijinih izdanja je njegov prijatelj Darko Ramini, s kojim aktivno doprinosi ja\u010danju kulturnih i prijateljskih veza izme\u0111u Tuzle i Rijeke.<\/p>\n<p data-start=\"1272\" data-end=\"1530\">Na promociji \u0107e o knjizi govoriti urednik Darko Ramini i sam autor Sabahudin Budimlija, dok \u0107e program moderirati Ana Peji\u0107. Stihove iz knjige \u010ditat \u0107e Tea Hrusti\u0107 i Jasmina Sejdinovi\u0107, a muzi\u010dki dio programa upotpunit \u0107e Amila Ran\u010di\u0107 izvedbama na klaviru.<\/p>\n<p data-start=\"1532\" data-end=\"1562\" data-is-last-node=\"\" data-is-only-node=\"\">Ulaz na promociju je slobodan.<\/p>\n","protected":false},"excerpt":{"rendered":"<p>U ponedjeljak, 10. novembra 2025. godine, u 19:00 sati, u Me\u0111unarodnoj galeriji portreta Tuzla, bit&hellip;<\/p>\n","protected":false},"author":4,"featured_media":71896,"comment_status":"closed","ping_status":"closed","sticky":false,"template":"","format":"standard","meta":{"_acf_changed":false,"footnotes":""},"categories":[11],"tags":[5210],"acf":[],"yoast_head":"<!-- This site is optimized with the Yoast SEO plugin v23.5 - https:\/\/yoast.com\/wordpress\/plugins\/seo\/ -->\n<title>Ve\u010deras u Tuzli promocija knjige \u201eO Rijeci s ljubavlju\u201c - TuzlaInfo.ba<\/title>\n<meta name=\"robots\" content=\"index, follow, max-snippet:-1, max-image-preview:large, max-video-preview:-1\" \/>\n<link rel=\"canonical\" href=\"https:\/\/tuzlainfo.ba\/index.php\/najava-dogadaja-2\/item\/285869-veceras-u-tuzli-promocija-knjige-o-rijeci-s-ljubavlju\/\" \/>\n<meta property=\"og:locale\" content=\"bs_BA\" \/>\n<meta property=\"og:type\" content=\"article\" \/>\n<meta property=\"og:title\" content=\"Ve\u010deras u Tuzli promocija knjige \u201eO Rijeci s ljubavlju\u201c - TuzlaInfo.ba\" \/>\n<meta property=\"og:description\" content=\"U ponedjeljak, 10. novembra 2025. godine, u 19:00 sati, u Me\u0111unarodnoj galeriji portreta Tuzla, bit&hellip;\" \/>\n<meta property=\"og:url\" content=\"https:\/\/tuzlainfo.ba\/index.php\/najava-dogadaja-2\/item\/285869-veceras-u-tuzli-promocija-knjige-o-rijeci-s-ljubavlju\/\" \/>\n<meta property=\"og:site_name\" content=\"TuzlaInfo.ba\" \/>\n<meta property=\"article:publisher\" content=\"https:\/\/www.facebook.com\/tuzlainfo.ba\/\" \/>\n<meta property=\"article:published_time\" content=\"2025-11-10T10:10:57+00:00\" \/>\n<meta property=\"article:modified_time\" content=\"2025-11-10T08:07:37+00:00\" \/>\n<meta property=\"og:image\" content=\"https:\/\/tuzlainfo.ba\/wp-content\/uploads\/2019\/07\/sadrzaj_2019_20190701_2407_galerija.jpg\" \/>\n\t<meta property=\"og:image:width\" content=\"770\" \/>\n\t<meta property=\"og:image:height\" content=\"470\" \/>\n\t<meta property=\"og:image:type\" content=\"image\/jpeg\" \/>\n<meta name=\"author\" content=\"Tuzla Info\" \/>\n<meta name=\"twitter:card\" content=\"summary_large_image\" \/>\n<meta name=\"twitter:label1\" content=\"Written by\" \/>\n\t<meta name=\"twitter:data1\" content=\"Tuzla Info\" \/>\n\t<meta name=\"twitter:label2\" content=\"Est. reading time\" \/>\n\t<meta name=\"twitter:data2\" content=\"2 minute\" \/>\n<script type=\"application\/ld+json\" class=\"yoast-schema-graph\">{\"@context\":\"https:\/\/schema.org\",\"@graph\":[{\"@type\":\"Article\",\"@id\":\"https:\/\/tuzlainfo.ba\/index.php\/najava-dogadaja-2\/item\/285869-veceras-u-tuzli-promocija-knjige-o-rijeci-s-ljubavlju\/#article\",\"isPartOf\":{\"@id\":\"https:\/\/tuzlainfo.ba\/index.php\/najava-dogadaja-2\/item\/285869-veceras-u-tuzli-promocija-knjige-o-rijeci-s-ljubavlju\/\"},\"author\":{\"name\":\"Tuzla Info\",\"@id\":\"https:\/\/tuzlainfo.ba\/#\/schema\/person\/46cad4c57790cbc50781edd14870825a\"},\"headline\":\"Ve\u010deras u Tuzli promocija knjige \u201eO Rijeci s ljubavlju\u201c\",\"datePublished\":\"2025-11-10T10:10:57+00:00\",\"dateModified\":\"2025-11-10T08:07:37+00:00\",\"mainEntityOfPage\":{\"@id\":\"https:\/\/tuzlainfo.ba\/index.php\/najava-dogadaja-2\/item\/285869-veceras-u-tuzli-promocija-knjige-o-rijeci-s-ljubavlju\/\"},\"wordCount\":239,\"publisher\":{\"@id\":\"https:\/\/tuzlainfo.ba\/#organization\"},\"image\":{\"@id\":\"https:\/\/tuzlainfo.ba\/index.php\/najava-dogadaja-2\/item\/285869-veceras-u-tuzli-promocija-knjige-o-rijeci-s-ljubavlju\/#primaryimage\"},\"thumbnailUrl\":\"https:\/\/tuzlainfo.ba\/wp-content\/uploads\/2019\/07\/sadrzaj_2019_20190701_2407_galerija.jpg\",\"keywords\":[\"Me\u0111unarodna galerija portreta Tuzla\"],\"articleSection\":[\"Najave i doga\u0111aji\"],\"inLanguage\":\"bs-BA\"},{\"@type\":\"WebPage\",\"@id\":\"https:\/\/tuzlainfo.ba\/index.php\/najava-dogadaja-2\/item\/285869-veceras-u-tuzli-promocija-knjige-o-rijeci-s-ljubavlju\/\",\"url\":\"https:\/\/tuzlainfo.ba\/index.php\/najava-dogadaja-2\/item\/285869-veceras-u-tuzli-promocija-knjige-o-rijeci-s-ljubavlju\/\",\"name\":\"Ve\u010deras u Tuzli promocija knjige \u201eO Rijeci s ljubavlju\u201c - TuzlaInfo.ba\",\"isPartOf\":{\"@id\":\"https:\/\/tuzlainfo.ba\/#website\"},\"primaryImageOfPage\":{\"@id\":\"https:\/\/tuzlainfo.ba\/index.php\/najava-dogadaja-2\/item\/285869-veceras-u-tuzli-promocija-knjige-o-rijeci-s-ljubavlju\/#primaryimage\"},\"image\":{\"@id\":\"https:\/\/tuzlainfo.ba\/index.php\/najava-dogadaja-2\/item\/285869-veceras-u-tuzli-promocija-knjige-o-rijeci-s-ljubavlju\/#primaryimage\"},\"thumbnailUrl\":\"https:\/\/tuzlainfo.ba\/wp-content\/uploads\/2019\/07\/sadrzaj_2019_20190701_2407_galerija.jpg\",\"datePublished\":\"2025-11-10T10:10:57+00:00\",\"dateModified\":\"2025-11-10T08:07:37+00:00\",\"breadcrumb\":{\"@id\":\"https:\/\/tuzlainfo.ba\/index.php\/najava-dogadaja-2\/item\/285869-veceras-u-tuzli-promocija-knjige-o-rijeci-s-ljubavlju\/#breadcrumb\"},\"inLanguage\":\"bs-BA\",\"potentialAction\":[{\"@type\":\"ReadAction\",\"target\":[\"https:\/\/tuzlainfo.ba\/index.php\/najava-dogadaja-2\/item\/285869-veceras-u-tuzli-promocija-knjige-o-rijeci-s-ljubavlju\/\"]}]},{\"@type\":\"ImageObject\",\"inLanguage\":\"bs-BA\",\"@id\":\"https:\/\/tuzlainfo.ba\/index.php\/najava-dogadaja-2\/item\/285869-veceras-u-tuzli-promocija-knjige-o-rijeci-s-ljubavlju\/#primaryimage\",\"url\":\"https:\/\/tuzlainfo.ba\/wp-content\/uploads\/2019\/07\/sadrzaj_2019_20190701_2407_galerija.jpg\",\"contentUrl\":\"https:\/\/tuzlainfo.ba\/wp-content\/uploads\/2019\/07\/sadrzaj_2019_20190701_2407_galerija.jpg\",\"width\":770,\"height\":470,\"caption\":\"2407 galerija\"},{\"@type\":\"BreadcrumbList\",\"@id\":\"https:\/\/tuzlainfo.ba\/index.php\/najava-dogadaja-2\/item\/285869-veceras-u-tuzli-promocija-knjige-o-rijeci-s-ljubavlju\/#breadcrumb\",\"itemListElement\":[{\"@type\":\"ListItem\",\"position\":1,\"name\":\"Home\",\"item\":\"https:\/\/tuzlainfo.ba\/\"},{\"@type\":\"ListItem\",\"position\":2,\"name\":\"Ve\u010deras u Tuzli promocija knjige \u201eO Rijeci s ljubavlju\u201c\"}]},{\"@type\":\"WebSite\",\"@id\":\"https:\/\/tuzlainfo.ba\/#website\",\"url\":\"https:\/\/tuzlainfo.ba\/\",\"name\":\"TuzlaInfo.ba\",\"description\":\"Tuzla info, gradski informator - Tuzla na dlanu\",\"publisher\":{\"@id\":\"https:\/\/tuzlainfo.ba\/#organization\"},\"potentialAction\":[{\"@type\":\"SearchAction\",\"target\":{\"@type\":\"EntryPoint\",\"urlTemplate\":\"https:\/\/tuzlainfo.ba\/?s={search_term_string}\"},\"query-input\":{\"@type\":\"PropertyValueSpecification\",\"valueRequired\":true,\"valueName\":\"search_term_string\"}}],\"inLanguage\":\"bs-BA\"},{\"@type\":\"Organization\",\"@id\":\"https:\/\/tuzlainfo.ba\/#organization\",\"name\":\"TuzlaInfo.ba\",\"url\":\"https:\/\/tuzlainfo.ba\/\",\"logo\":{\"@type\":\"ImageObject\",\"inLanguage\":\"bs-BA\",\"@id\":\"https:\/\/tuzlainfo.ba\/#\/schema\/logo\/image\/\",\"url\":\"https:\/\/tuzlainfo.ba\/wp-content\/uploads\/2021\/03\/logo-ver-3-1.png\",\"contentUrl\":\"https:\/\/tuzlainfo.ba\/wp-content\/uploads\/2021\/03\/logo-ver-3-1.png\",\"width\":350,\"height\":95,\"caption\":\"TuzlaInfo.ba\"},\"image\":{\"@id\":\"https:\/\/tuzlainfo.ba\/#\/schema\/logo\/image\/\"},\"sameAs\":[\"https:\/\/www.facebook.com\/tuzlainfo.ba\/\"]},{\"@type\":\"Person\",\"@id\":\"https:\/\/tuzlainfo.ba\/#\/schema\/person\/46cad4c57790cbc50781edd14870825a\",\"name\":\"Tuzla Info\",\"image\":{\"@type\":\"ImageObject\",\"inLanguage\":\"bs-BA\",\"@id\":\"https:\/\/tuzlainfo.ba\/#\/schema\/person\/image\/\",\"url\":\"https:\/\/tuzlainfo.ba\/wp-content\/litespeed\/avatar\/b6c453a6c38e3654f2e4416c643fc25c.jpg?ver=1777051911\",\"contentUrl\":\"https:\/\/tuzlainfo.ba\/wp-content\/litespeed\/avatar\/b6c453a6c38e3654f2e4416c643fc25c.jpg?ver=1777051911\",\"caption\":\"Tuzla Info\"}}]}<\/script>\n<!-- \/ Yoast SEO plugin. -->","yoast_head_json":{"title":"Ve\u010deras u Tuzli promocija knjige \u201eO Rijeci s ljubavlju\u201c - TuzlaInfo.ba","robots":{"index":"index","follow":"follow","max-snippet":"max-snippet:-1","max-image-preview":"max-image-preview:large","max-video-preview":"max-video-preview:-1"},"canonical":"https:\/\/tuzlainfo.ba\/index.php\/najava-dogadaja-2\/item\/285869-veceras-u-tuzli-promocija-knjige-o-rijeci-s-ljubavlju\/","og_locale":"bs_BA","og_type":"article","og_title":"Ve\u010deras u Tuzli promocija knjige \u201eO Rijeci s ljubavlju\u201c - TuzlaInfo.ba","og_description":"U ponedjeljak, 10. novembra 2025. godine, u 19:00 sati, u Me\u0111unarodnoj galeriji portreta Tuzla, bit&hellip;","og_url":"https:\/\/tuzlainfo.ba\/index.php\/najava-dogadaja-2\/item\/285869-veceras-u-tuzli-promocija-knjige-o-rijeci-s-ljubavlju\/","og_site_name":"TuzlaInfo.ba","article_publisher":"https:\/\/www.facebook.com\/tuzlainfo.ba\/","article_published_time":"2025-11-10T10:10:57+00:00","article_modified_time":"2025-11-10T08:07:37+00:00","og_image":[{"width":770,"height":470,"url":"https:\/\/tuzlainfo.ba\/wp-content\/uploads\/2019\/07\/sadrzaj_2019_20190701_2407_galerija.jpg","type":"image\/jpeg"}],"author":"Tuzla Info","twitter_card":"summary_large_image","twitter_misc":{"Written by":"Tuzla Info","Est. reading time":"2 minute"},"schema":{"@context":"https:\/\/schema.org","@graph":[{"@type":"Article","@id":"https:\/\/tuzlainfo.ba\/index.php\/najava-dogadaja-2\/item\/285869-veceras-u-tuzli-promocija-knjige-o-rijeci-s-ljubavlju\/#article","isPartOf":{"@id":"https:\/\/tuzlainfo.ba\/index.php\/najava-dogadaja-2\/item\/285869-veceras-u-tuzli-promocija-knjige-o-rijeci-s-ljubavlju\/"},"author":{"name":"Tuzla Info","@id":"https:\/\/tuzlainfo.ba\/#\/schema\/person\/46cad4c57790cbc50781edd14870825a"},"headline":"Ve\u010deras u Tuzli promocija knjige \u201eO Rijeci s ljubavlju\u201c","datePublished":"2025-11-10T10:10:57+00:00","dateModified":"2025-11-10T08:07:37+00:00","mainEntityOfPage":{"@id":"https:\/\/tuzlainfo.ba\/index.php\/najava-dogadaja-2\/item\/285869-veceras-u-tuzli-promocija-knjige-o-rijeci-s-ljubavlju\/"},"wordCount":239,"publisher":{"@id":"https:\/\/tuzlainfo.ba\/#organization"},"image":{"@id":"https:\/\/tuzlainfo.ba\/index.php\/najava-dogadaja-2\/item\/285869-veceras-u-tuzli-promocija-knjige-o-rijeci-s-ljubavlju\/#primaryimage"},"thumbnailUrl":"https:\/\/tuzlainfo.ba\/wp-content\/uploads\/2019\/07\/sadrzaj_2019_20190701_2407_galerija.jpg","keywords":["Me\u0111unarodna galerija portreta Tuzla"],"articleSection":["Najave i doga\u0111aji"],"inLanguage":"bs-BA"},{"@type":"WebPage","@id":"https:\/\/tuzlainfo.ba\/index.php\/najava-dogadaja-2\/item\/285869-veceras-u-tuzli-promocija-knjige-o-rijeci-s-ljubavlju\/","url":"https:\/\/tuzlainfo.ba\/index.php\/najava-dogadaja-2\/item\/285869-veceras-u-tuzli-promocija-knjige-o-rijeci-s-ljubavlju\/","name":"Ve\u010deras u Tuzli promocija knjige \u201eO Rijeci s ljubavlju\u201c - TuzlaInfo.ba","isPartOf":{"@id":"https:\/\/tuzlainfo.ba\/#website"},"primaryImageOfPage":{"@id":"https:\/\/tuzlainfo.ba\/index.php\/najava-dogadaja-2\/item\/285869-veceras-u-tuzli-promocija-knjige-o-rijeci-s-ljubavlju\/#primaryimage"},"image":{"@id":"https:\/\/tuzlainfo.ba\/index.php\/najava-dogadaja-2\/item\/285869-veceras-u-tuzli-promocija-knjige-o-rijeci-s-ljubavlju\/#primaryimage"},"thumbnailUrl":"https:\/\/tuzlainfo.ba\/wp-content\/uploads\/2019\/07\/sadrzaj_2019_20190701_2407_galerija.jpg","datePublished":"2025-11-10T10:10:57+00:00","dateModified":"2025-11-10T08:07:37+00:00","breadcrumb":{"@id":"https:\/\/tuzlainfo.ba\/index.php\/najava-dogadaja-2\/item\/285869-veceras-u-tuzli-promocija-knjige-o-rijeci-s-ljubavlju\/#breadcrumb"},"inLanguage":"bs-BA","potentialAction":[{"@type":"ReadAction","target":["https:\/\/tuzlainfo.ba\/index.php\/najava-dogadaja-2\/item\/285869-veceras-u-tuzli-promocija-knjige-o-rijeci-s-ljubavlju\/"]}]},{"@type":"ImageObject","inLanguage":"bs-BA","@id":"https:\/\/tuzlainfo.ba\/index.php\/najava-dogadaja-2\/item\/285869-veceras-u-tuzli-promocija-knjige-o-rijeci-s-ljubavlju\/#primaryimage","url":"https:\/\/tuzlainfo.ba\/wp-content\/uploads\/2019\/07\/sadrzaj_2019_20190701_2407_galerija.jpg","contentUrl":"https:\/\/tuzlainfo.ba\/wp-content\/uploads\/2019\/07\/sadrzaj_2019_20190701_2407_galerija.jpg","width":770,"height":470,"caption":"2407 galerija"},{"@type":"BreadcrumbList","@id":"https:\/\/tuzlainfo.ba\/index.php\/najava-dogadaja-2\/item\/285869-veceras-u-tuzli-promocija-knjige-o-rijeci-s-ljubavlju\/#breadcrumb","itemListElement":[{"@type":"ListItem","position":1,"name":"Home","item":"https:\/\/tuzlainfo.ba\/"},{"@type":"ListItem","position":2,"name":"Ve\u010deras u Tuzli promocija knjige \u201eO Rijeci s ljubavlju\u201c"}]},{"@type":"WebSite","@id":"https:\/\/tuzlainfo.ba\/#website","url":"https:\/\/tuzlainfo.ba\/","name":"TuzlaInfo.ba","description":"Tuzla info, gradski informator - Tuzla na dlanu","publisher":{"@id":"https:\/\/tuzlainfo.ba\/#organization"},"potentialAction":[{"@type":"SearchAction","target":{"@type":"EntryPoint","urlTemplate":"https:\/\/tuzlainfo.ba\/?s={search_term_string}"},"query-input":{"@type":"PropertyValueSpecification","valueRequired":true,"valueName":"search_term_string"}}],"inLanguage":"bs-BA"},{"@type":"Organization","@id":"https:\/\/tuzlainfo.ba\/#organization","name":"TuzlaInfo.ba","url":"https:\/\/tuzlainfo.ba\/","logo":{"@type":"ImageObject","inLanguage":"bs-BA","@id":"https:\/\/tuzlainfo.ba\/#\/schema\/logo\/image\/","url":"https:\/\/tuzlainfo.ba\/wp-content\/uploads\/2021\/03\/logo-ver-3-1.png","contentUrl":"https:\/\/tuzlainfo.ba\/wp-content\/uploads\/2021\/03\/logo-ver-3-1.png","width":350,"height":95,"caption":"TuzlaInfo.ba"},"image":{"@id":"https:\/\/tuzlainfo.ba\/#\/schema\/logo\/image\/"},"sameAs":["https:\/\/www.facebook.com\/tuzlainfo.ba\/"]},{"@type":"Person","@id":"https:\/\/tuzlainfo.ba\/#\/schema\/person\/46cad4c57790cbc50781edd14870825a","name":"Tuzla Info","image":{"@type":"ImageObject","inLanguage":"bs-BA","@id":"https:\/\/tuzlainfo.ba\/#\/schema\/person\/image\/","url":"https:\/\/tuzlainfo.ba\/wp-content\/litespeed\/avatar\/b6c453a6c38e3654f2e4416c643fc25c.jpg?ver=1777051911","contentUrl":"https:\/\/tuzlainfo.ba\/wp-content\/litespeed\/avatar\/b6c453a6c38e3654f2e4416c643fc25c.jpg?ver=1777051911","caption":"Tuzla Info"}}]}},"_links":{"self":[{"href":"https:\/\/tuzlainfo.ba\/index.php\/wp-json\/wp\/v2\/posts\/285869"}],"collection":[{"href":"https:\/\/tuzlainfo.ba\/index.php\/wp-json\/wp\/v2\/posts"}],"about":[{"href":"https:\/\/tuzlainfo.ba\/index.php\/wp-json\/wp\/v2\/types\/post"}],"author":[{"embeddable":true,"href":"https:\/\/tuzlainfo.ba\/index.php\/wp-json\/wp\/v2\/users\/4"}],"replies":[{"embeddable":true,"href":"https:\/\/tuzlainfo.ba\/index.php\/wp-json\/wp\/v2\/comments?post=285869"}],"version-history":[{"count":1,"href":"https:\/\/tuzlainfo.ba\/index.php\/wp-json\/wp\/v2\/posts\/285869\/revisions"}],"predecessor-version":[{"id":285872,"href":"https:\/\/tuzlainfo.ba\/index.php\/wp-json\/wp\/v2\/posts\/285869\/revisions\/285872"}],"wp:featuredmedia":[{"embeddable":true,"href":"https:\/\/tuzlainfo.ba\/index.php\/wp-json\/wp\/v2\/media\/71896"}],"wp:attachment":[{"href":"https:\/\/tuzlainfo.ba\/index.php\/wp-json\/wp\/v2\/media?parent=285869"}],"wp:term":[{"taxonomy":"category","embeddable":true,"href":"https:\/\/tuzlainfo.ba\/index.php\/wp-json\/wp\/v2\/categories?post=285869"},{"taxonomy":"post_tag","embeddable":true,"href":"https:\/\/tuzlainfo.ba\/index.php\/wp-json\/wp\/v2\/tags?post=285869"}],"curies":[{"name":"wp","href":"https:\/\/api.w.org\/{rel}","templated":true}]}}