{"id":285789,"date":"2025-11-07T21:51:47","date_gmt":"2025-11-07T20:51:47","guid":{"rendered":"https:\/\/tuzlainfo.ba\/?p=285789"},"modified":"2025-11-07T21:51:47","modified_gmt":"2025-11-07T20:51:47","slug":"vucicev-rezim-lovi-snajperiste-i-u-bih-hapsenja-u-beogradu-zvorniku-i-banjaluci","status":"publish","type":"post","link":"https:\/\/tuzlainfo.ba\/index.php\/clanci\/sa-svih-strana\/item\/285789-vucicev-rezim-lovi-snajperiste-i-u-bih-hapsenja-u-beogradu-zvorniku-i-banjaluci\/","title":{"rendered":"Vu\u010di\u0107ev re\u017eim lovi &#8220;snajperiste&#8221; i u BIH: Hap\u0161enja u Beogradu, Zvorniku i Banjaluci"},"content":{"rendered":"<p data-start=\"95\" data-end=\"293\">Na vi\u0161e lokacija u Beogradu, Zvorniku i Banjaluci policija je uhapsila vi\u0161e lica koja se dovode u vezu sa slu\u010dajem \u201esnajperisti\u201c, potvrdilo je Ministarstvo unutra\u0161njih poslova Srbije.<\/p>\n<p data-start=\"295\" data-end=\"610\">Kako je navedeno u saop\u0161tenju, akcija je izvedena u okviru zajedni\u010dkih aktivnosti Ministarstva unutra\u0161njih poslova i Bezbjednosno-informativne agencije (BIA).<\/p>\n<p data-start=\"295\" data-end=\"610\">\u201eNadle\u017eni dr\u017eavni organi nastavljaju intenzivan rad na rasvjetljavanju svih okolnosti i \u010dinjenica u vezi sa ovim slu\u010dajem\u201c, poru\u010deno je iz MUP-a Srbije.<\/p>\n<p data-start=\"612\" data-end=\"727\">Iz MUP-a RS zasad se nisu ogla\u0161avali povodom hap\u0161enja koja su obavljena na teritoriji tog entiteta.<\/p>\n<p data-start=\"729\" data-end=\"963\">Podsje\u0107amo, predsjednik Srbije Aleksandar Vu\u010di\u0107 izjavio je 3. novembra da nadle\u017eni organi danima tragaju za dvojicom snajperista koji su, prema obavje\u0161tajnim podacima, stigli u Beograd i da je poznato porijeklo novca koji su dobili.<\/p>\n<p data-start=\"965\" data-end=\"1307\">\u201eMi trenutno u Beogradu jurimo dvojicu snajperista, za koje znamo da se nalaze u gradu. I ne mo\u017eemo ve\u0107 tri dana da ih prona\u0111emo. Nadam se da \u0107emo uspeti, ko su i kako mete, vide\u0107emo. Znamo da su stigli i znamo odakle je novac. Verujem da \u0107e nadle\u017ene slu\u017ebe to uspjeti da rije\u0161e\u201c, izjavio je Vu\u010di\u0107 gostuju\u0107i u emisiji \u0106irilica na TV Prva.<\/p>\n","protected":false},"excerpt":{"rendered":"<p>Na vi\u0161e lokacija u Beogradu, Zvorniku i Banjaluci policija je uhapsila vi\u0161e lica koja se&hellip;<\/p>\n","protected":false},"author":2,"featured_media":63567,"comment_status":"closed","ping_status":"closed","sticky":false,"template":"","format":"standard","meta":{"_acf_changed":false,"footnotes":""},"categories":[16],"tags":[309],"acf":[],"yoast_head":"<!-- This site is optimized with the Yoast SEO plugin v23.5 - https:\/\/yoast.com\/wordpress\/plugins\/seo\/ -->\n<title>Vu\u010di\u0107ev re\u017eim lovi &quot;snajperiste&quot; i u BIH: Hap\u0161enja u Beogradu, Zvorniku i Banjaluci - TuzlaInfo.ba<\/title>\n<meta name=\"robots\" content=\"index, follow, max-snippet:-1, max-image-preview:large, max-video-preview:-1\" \/>\n<link rel=\"canonical\" href=\"https:\/\/tuzlainfo.ba\/index.php\/clanci\/sa-svih-strana\/item\/285789-vucicev-rezim-lovi-snajperiste-i-u-bih-hapsenja-u-beogradu-zvorniku-i-banjaluci\/\" \/>\n<meta property=\"og:locale\" content=\"bs_BA\" \/>\n<meta property=\"og:type\" content=\"article\" \/>\n<meta property=\"og:title\" content=\"Vu\u010di\u0107ev re\u017eim lovi &quot;snajperiste&quot; i u BIH: Hap\u0161enja u Beogradu, Zvorniku i Banjaluci - TuzlaInfo.ba\" \/>\n<meta property=\"og:description\" content=\"Na vi\u0161e lokacija u Beogradu, Zvorniku i Banjaluci policija je uhapsila vi\u0161e lica koja se&hellip;\" \/>\n<meta property=\"og:url\" content=\"https:\/\/tuzlainfo.ba\/index.php\/clanci\/sa-svih-strana\/item\/285789-vucicev-rezim-lovi-snajperiste-i-u-bih-hapsenja-u-beogradu-zvorniku-i-banjaluci\/\" \/>\n<meta property=\"og:site_name\" content=\"TuzlaInfo.ba\" \/>\n<meta property=\"article:publisher\" content=\"https:\/\/www.facebook.com\/tuzlainfo.ba\/\" \/>\n<meta property=\"article:published_time\" content=\"2025-11-07T20:51:47+00:00\" \/>\n<meta property=\"og:image\" content=\"https:\/\/tuzlainfo.ba\/wp-content\/uploads\/2018\/08\/sadrzaj_2016_2016-crna_01012018_lisice-2.jpg\" \/>\n\t<meta property=\"og:image:width\" content=\"770\" \/>\n\t<meta property=\"og:image:height\" content=\"449\" \/>\n\t<meta property=\"og:image:type\" content=\"image\/jpeg\" \/>\n<meta name=\"author\" content=\"nedim\" \/>\n<meta name=\"twitter:card\" content=\"summary_large_image\" \/>\n<meta name=\"twitter:label1\" content=\"Written by\" \/>\n\t<meta name=\"twitter:data1\" content=\"nedim\" \/>\n\t<meta name=\"twitter:label2\" content=\"Est. reading time\" \/>\n\t<meta name=\"twitter:data2\" content=\"2 minute\" \/>\n<script type=\"application\/ld+json\" class=\"yoast-schema-graph\">{\"@context\":\"https:\/\/schema.org\",\"@graph\":[{\"@type\":\"Article\",\"@id\":\"https:\/\/tuzlainfo.ba\/index.php\/clanci\/sa-svih-strana\/item\/285789-vucicev-rezim-lovi-snajperiste-i-u-bih-hapsenja-u-beogradu-zvorniku-i-banjaluci\/#article\",\"isPartOf\":{\"@id\":\"https:\/\/tuzlainfo.ba\/index.php\/clanci\/sa-svih-strana\/item\/285789-vucicev-rezim-lovi-snajperiste-i-u-bih-hapsenja-u-beogradu-zvorniku-i-banjaluci\/\"},\"author\":{\"name\":\"nedim\",\"@id\":\"https:\/\/tuzlainfo.ba\/#\/schema\/person\/f434e20dc27ea133923aab08451b7f7f\"},\"headline\":\"Vu\u010di\u0107ev re\u017eim lovi &#8220;snajperiste&#8221; i u BIH: Hap\u0161enja u Beogradu, Zvorniku i Banjaluci\",\"datePublished\":\"2025-11-07T20:51:47+00:00\",\"dateModified\":\"2025-11-07T20:51:47+00:00\",\"mainEntityOfPage\":{\"@id\":\"https:\/\/tuzlainfo.ba\/index.php\/clanci\/sa-svih-strana\/item\/285789-vucicev-rezim-lovi-snajperiste-i-u-bih-hapsenja-u-beogradu-zvorniku-i-banjaluci\/\"},\"wordCount\":222,\"publisher\":{\"@id\":\"https:\/\/tuzlainfo.ba\/#organization\"},\"image\":{\"@id\":\"https:\/\/tuzlainfo.ba\/index.php\/clanci\/sa-svih-strana\/item\/285789-vucicev-rezim-lovi-snajperiste-i-u-bih-hapsenja-u-beogradu-zvorniku-i-banjaluci\/#primaryimage\"},\"thumbnailUrl\":\"https:\/\/tuzlainfo.ba\/wp-content\/uploads\/2018\/08\/sadrzaj_2016_2016-crna_01012018_lisice-2.jpg\",\"keywords\":[\"srbija\"],\"articleSection\":[\"Sa svih strana\"],\"inLanguage\":\"bs-BA\"},{\"@type\":\"WebPage\",\"@id\":\"https:\/\/tuzlainfo.ba\/index.php\/clanci\/sa-svih-strana\/item\/285789-vucicev-rezim-lovi-snajperiste-i-u-bih-hapsenja-u-beogradu-zvorniku-i-banjaluci\/\",\"url\":\"https:\/\/tuzlainfo.ba\/index.php\/clanci\/sa-svih-strana\/item\/285789-vucicev-rezim-lovi-snajperiste-i-u-bih-hapsenja-u-beogradu-zvorniku-i-banjaluci\/\",\"name\":\"Vu\u010di\u0107ev re\u017eim lovi \\\"snajperiste\\\" i u BIH: Hap\u0161enja u Beogradu, Zvorniku i Banjaluci - TuzlaInfo.ba\",\"isPartOf\":{\"@id\":\"https:\/\/tuzlainfo.ba\/#website\"},\"primaryImageOfPage\":{\"@id\":\"https:\/\/tuzlainfo.ba\/index.php\/clanci\/sa-svih-strana\/item\/285789-vucicev-rezim-lovi-snajperiste-i-u-bih-hapsenja-u-beogradu-zvorniku-i-banjaluci\/#primaryimage\"},\"image\":{\"@id\":\"https:\/\/tuzlainfo.ba\/index.php\/clanci\/sa-svih-strana\/item\/285789-vucicev-rezim-lovi-snajperiste-i-u-bih-hapsenja-u-beogradu-zvorniku-i-banjaluci\/#primaryimage\"},\"thumbnailUrl\":\"https:\/\/tuzlainfo.ba\/wp-content\/uploads\/2018\/08\/sadrzaj_2016_2016-crna_01012018_lisice-2.jpg\",\"datePublished\":\"2025-11-07T20:51:47+00:00\",\"dateModified\":\"2025-11-07T20:51:47+00:00\",\"breadcrumb\":{\"@id\":\"https:\/\/tuzlainfo.ba\/index.php\/clanci\/sa-svih-strana\/item\/285789-vucicev-rezim-lovi-snajperiste-i-u-bih-hapsenja-u-beogradu-zvorniku-i-banjaluci\/#breadcrumb\"},\"inLanguage\":\"bs-BA\",\"potentialAction\":[{\"@type\":\"ReadAction\",\"target\":[\"https:\/\/tuzlainfo.ba\/index.php\/clanci\/sa-svih-strana\/item\/285789-vucicev-rezim-lovi-snajperiste-i-u-bih-hapsenja-u-beogradu-zvorniku-i-banjaluci\/\"]}]},{\"@type\":\"ImageObject\",\"inLanguage\":\"bs-BA\",\"@id\":\"https:\/\/tuzlainfo.ba\/index.php\/clanci\/sa-svih-strana\/item\/285789-vucicev-rezim-lovi-snajperiste-i-u-bih-hapsenja-u-beogradu-zvorniku-i-banjaluci\/#primaryimage\",\"url\":\"https:\/\/tuzlainfo.ba\/wp-content\/uploads\/2018\/08\/sadrzaj_2016_2016-crna_01012018_lisice-2.jpg\",\"contentUrl\":\"https:\/\/tuzlainfo.ba\/wp-content\/uploads\/2018\/08\/sadrzaj_2016_2016-crna_01012018_lisice-2.jpg\",\"width\":770,\"height\":449,\"caption\":\"01012018 lisice 2\"},{\"@type\":\"BreadcrumbList\",\"@id\":\"https:\/\/tuzlainfo.ba\/index.php\/clanci\/sa-svih-strana\/item\/285789-vucicev-rezim-lovi-snajperiste-i-u-bih-hapsenja-u-beogradu-zvorniku-i-banjaluci\/#breadcrumb\",\"itemListElement\":[{\"@type\":\"ListItem\",\"position\":1,\"name\":\"Home\",\"item\":\"https:\/\/tuzlainfo.ba\/\"},{\"@type\":\"ListItem\",\"position\":2,\"name\":\"Vu\u010di\u0107ev re\u017eim lovi &#8220;snajperiste&#8221; i u BIH: Hap\u0161enja u Beogradu, Zvorniku i Banjaluci\"}]},{\"@type\":\"WebSite\",\"@id\":\"https:\/\/tuzlainfo.ba\/#website\",\"url\":\"https:\/\/tuzlainfo.ba\/\",\"name\":\"TuzlaInfo.ba\",\"description\":\"Tuzla info, gradski informator - Tuzla na dlanu\",\"publisher\":{\"@id\":\"https:\/\/tuzlainfo.ba\/#organization\"},\"potentialAction\":[{\"@type\":\"SearchAction\",\"target\":{\"@type\":\"EntryPoint\",\"urlTemplate\":\"https:\/\/tuzlainfo.ba\/?s={search_term_string}\"},\"query-input\":{\"@type\":\"PropertyValueSpecification\",\"valueRequired\":true,\"valueName\":\"search_term_string\"}}],\"inLanguage\":\"bs-BA\"},{\"@type\":\"Organization\",\"@id\":\"https:\/\/tuzlainfo.ba\/#organization\",\"name\":\"TuzlaInfo.ba\",\"url\":\"https:\/\/tuzlainfo.ba\/\",\"logo\":{\"@type\":\"ImageObject\",\"inLanguage\":\"bs-BA\",\"@id\":\"https:\/\/tuzlainfo.ba\/#\/schema\/logo\/image\/\",\"url\":\"https:\/\/tuzlainfo.ba\/wp-content\/uploads\/2021\/03\/logo-ver-3-1.png\",\"contentUrl\":\"https:\/\/tuzlainfo.ba\/wp-content\/uploads\/2021\/03\/logo-ver-3-1.png\",\"width\":350,\"height\":95,\"caption\":\"TuzlaInfo.ba\"},\"image\":{\"@id\":\"https:\/\/tuzlainfo.ba\/#\/schema\/logo\/image\/\"},\"sameAs\":[\"https:\/\/www.facebook.com\/tuzlainfo.ba\/\"]},{\"@type\":\"Person\",\"@id\":\"https:\/\/tuzlainfo.ba\/#\/schema\/person\/f434e20dc27ea133923aab08451b7f7f\",\"name\":\"nedim\",\"image\":{\"@type\":\"ImageObject\",\"inLanguage\":\"bs-BA\",\"@id\":\"https:\/\/tuzlainfo.ba\/#\/schema\/person\/image\/\",\"url\":\"https:\/\/tuzlainfo.ba\/wp-content\/litespeed\/avatar\/aabad687af24844af817603ac1cbdc4f.jpg?ver=1776702173\",\"contentUrl\":\"https:\/\/tuzlainfo.ba\/wp-content\/litespeed\/avatar\/aabad687af24844af817603ac1cbdc4f.jpg?ver=1776702173\",\"caption\":\"nedim\"},\"description\":\"Tuzlainfo.ba pratite na dru\u0161tvenim mre\u017eama: Facebook, Instagram i Youtube. Svoje pri\u010de, upite i fotografije \u0161aljite na na\u0161u e-mail adresu.\"}]}<\/script>\n<!-- \/ Yoast SEO plugin. -->","yoast_head_json":{"title":"Vu\u010di\u0107ev re\u017eim lovi \"snajperiste\" i u BIH: Hap\u0161enja u Beogradu, Zvorniku i Banjaluci - TuzlaInfo.ba","robots":{"index":"index","follow":"follow","max-snippet":"max-snippet:-1","max-image-preview":"max-image-preview:large","max-video-preview":"max-video-preview:-1"},"canonical":"https:\/\/tuzlainfo.ba\/index.php\/clanci\/sa-svih-strana\/item\/285789-vucicev-rezim-lovi-snajperiste-i-u-bih-hapsenja-u-beogradu-zvorniku-i-banjaluci\/","og_locale":"bs_BA","og_type":"article","og_title":"Vu\u010di\u0107ev re\u017eim lovi \"snajperiste\" i u BIH: Hap\u0161enja u Beogradu, Zvorniku i Banjaluci - TuzlaInfo.ba","og_description":"Na vi\u0161e lokacija u Beogradu, Zvorniku i Banjaluci policija je uhapsila vi\u0161e lica koja se&hellip;","og_url":"https:\/\/tuzlainfo.ba\/index.php\/clanci\/sa-svih-strana\/item\/285789-vucicev-rezim-lovi-snajperiste-i-u-bih-hapsenja-u-beogradu-zvorniku-i-banjaluci\/","og_site_name":"TuzlaInfo.ba","article_publisher":"https:\/\/www.facebook.com\/tuzlainfo.ba\/","article_published_time":"2025-11-07T20:51:47+00:00","og_image":[{"width":770,"height":449,"url":"https:\/\/tuzlainfo.ba\/wp-content\/uploads\/2018\/08\/sadrzaj_2016_2016-crna_01012018_lisice-2.jpg","type":"image\/jpeg"}],"author":"nedim","twitter_card":"summary_large_image","twitter_misc":{"Written by":"nedim","Est. reading time":"2 minute"},"schema":{"@context":"https:\/\/schema.org","@graph":[{"@type":"Article","@id":"https:\/\/tuzlainfo.ba\/index.php\/clanci\/sa-svih-strana\/item\/285789-vucicev-rezim-lovi-snajperiste-i-u-bih-hapsenja-u-beogradu-zvorniku-i-banjaluci\/#article","isPartOf":{"@id":"https:\/\/tuzlainfo.ba\/index.php\/clanci\/sa-svih-strana\/item\/285789-vucicev-rezim-lovi-snajperiste-i-u-bih-hapsenja-u-beogradu-zvorniku-i-banjaluci\/"},"author":{"name":"nedim","@id":"https:\/\/tuzlainfo.ba\/#\/schema\/person\/f434e20dc27ea133923aab08451b7f7f"},"headline":"Vu\u010di\u0107ev re\u017eim lovi &#8220;snajperiste&#8221; i u BIH: Hap\u0161enja u Beogradu, Zvorniku i Banjaluci","datePublished":"2025-11-07T20:51:47+00:00","dateModified":"2025-11-07T20:51:47+00:00","mainEntityOfPage":{"@id":"https:\/\/tuzlainfo.ba\/index.php\/clanci\/sa-svih-strana\/item\/285789-vucicev-rezim-lovi-snajperiste-i-u-bih-hapsenja-u-beogradu-zvorniku-i-banjaluci\/"},"wordCount":222,"publisher":{"@id":"https:\/\/tuzlainfo.ba\/#organization"},"image":{"@id":"https:\/\/tuzlainfo.ba\/index.php\/clanci\/sa-svih-strana\/item\/285789-vucicev-rezim-lovi-snajperiste-i-u-bih-hapsenja-u-beogradu-zvorniku-i-banjaluci\/#primaryimage"},"thumbnailUrl":"https:\/\/tuzlainfo.ba\/wp-content\/uploads\/2018\/08\/sadrzaj_2016_2016-crna_01012018_lisice-2.jpg","keywords":["srbija"],"articleSection":["Sa svih strana"],"inLanguage":"bs-BA"},{"@type":"WebPage","@id":"https:\/\/tuzlainfo.ba\/index.php\/clanci\/sa-svih-strana\/item\/285789-vucicev-rezim-lovi-snajperiste-i-u-bih-hapsenja-u-beogradu-zvorniku-i-banjaluci\/","url":"https:\/\/tuzlainfo.ba\/index.php\/clanci\/sa-svih-strana\/item\/285789-vucicev-rezim-lovi-snajperiste-i-u-bih-hapsenja-u-beogradu-zvorniku-i-banjaluci\/","name":"Vu\u010di\u0107ev re\u017eim lovi \"snajperiste\" i u BIH: Hap\u0161enja u Beogradu, Zvorniku i Banjaluci - TuzlaInfo.ba","isPartOf":{"@id":"https:\/\/tuzlainfo.ba\/#website"},"primaryImageOfPage":{"@id":"https:\/\/tuzlainfo.ba\/index.php\/clanci\/sa-svih-strana\/item\/285789-vucicev-rezim-lovi-snajperiste-i-u-bih-hapsenja-u-beogradu-zvorniku-i-banjaluci\/#primaryimage"},"image":{"@id":"https:\/\/tuzlainfo.ba\/index.php\/clanci\/sa-svih-strana\/item\/285789-vucicev-rezim-lovi-snajperiste-i-u-bih-hapsenja-u-beogradu-zvorniku-i-banjaluci\/#primaryimage"},"thumbnailUrl":"https:\/\/tuzlainfo.ba\/wp-content\/uploads\/2018\/08\/sadrzaj_2016_2016-crna_01012018_lisice-2.jpg","datePublished":"2025-11-07T20:51:47+00:00","dateModified":"2025-11-07T20:51:47+00:00","breadcrumb":{"@id":"https:\/\/tuzlainfo.ba\/index.php\/clanci\/sa-svih-strana\/item\/285789-vucicev-rezim-lovi-snajperiste-i-u-bih-hapsenja-u-beogradu-zvorniku-i-banjaluci\/#breadcrumb"},"inLanguage":"bs-BA","potentialAction":[{"@type":"ReadAction","target":["https:\/\/tuzlainfo.ba\/index.php\/clanci\/sa-svih-strana\/item\/285789-vucicev-rezim-lovi-snajperiste-i-u-bih-hapsenja-u-beogradu-zvorniku-i-banjaluci\/"]}]},{"@type":"ImageObject","inLanguage":"bs-BA","@id":"https:\/\/tuzlainfo.ba\/index.php\/clanci\/sa-svih-strana\/item\/285789-vucicev-rezim-lovi-snajperiste-i-u-bih-hapsenja-u-beogradu-zvorniku-i-banjaluci\/#primaryimage","url":"https:\/\/tuzlainfo.ba\/wp-content\/uploads\/2018\/08\/sadrzaj_2016_2016-crna_01012018_lisice-2.jpg","contentUrl":"https:\/\/tuzlainfo.ba\/wp-content\/uploads\/2018\/08\/sadrzaj_2016_2016-crna_01012018_lisice-2.jpg","width":770,"height":449,"caption":"01012018 lisice 2"},{"@type":"BreadcrumbList","@id":"https:\/\/tuzlainfo.ba\/index.php\/clanci\/sa-svih-strana\/item\/285789-vucicev-rezim-lovi-snajperiste-i-u-bih-hapsenja-u-beogradu-zvorniku-i-banjaluci\/#breadcrumb","itemListElement":[{"@type":"ListItem","position":1,"name":"Home","item":"https:\/\/tuzlainfo.ba\/"},{"@type":"ListItem","position":2,"name":"Vu\u010di\u0107ev re\u017eim lovi &#8220;snajperiste&#8221; i u BIH: Hap\u0161enja u Beogradu, Zvorniku i Banjaluci"}]},{"@type":"WebSite","@id":"https:\/\/tuzlainfo.ba\/#website","url":"https:\/\/tuzlainfo.ba\/","name":"TuzlaInfo.ba","description":"Tuzla info, gradski informator - Tuzla na dlanu","publisher":{"@id":"https:\/\/tuzlainfo.ba\/#organization"},"potentialAction":[{"@type":"SearchAction","target":{"@type":"EntryPoint","urlTemplate":"https:\/\/tuzlainfo.ba\/?s={search_term_string}"},"query-input":{"@type":"PropertyValueSpecification","valueRequired":true,"valueName":"search_term_string"}}],"inLanguage":"bs-BA"},{"@type":"Organization","@id":"https:\/\/tuzlainfo.ba\/#organization","name":"TuzlaInfo.ba","url":"https:\/\/tuzlainfo.ba\/","logo":{"@type":"ImageObject","inLanguage":"bs-BA","@id":"https:\/\/tuzlainfo.ba\/#\/schema\/logo\/image\/","url":"https:\/\/tuzlainfo.ba\/wp-content\/uploads\/2021\/03\/logo-ver-3-1.png","contentUrl":"https:\/\/tuzlainfo.ba\/wp-content\/uploads\/2021\/03\/logo-ver-3-1.png","width":350,"height":95,"caption":"TuzlaInfo.ba"},"image":{"@id":"https:\/\/tuzlainfo.ba\/#\/schema\/logo\/image\/"},"sameAs":["https:\/\/www.facebook.com\/tuzlainfo.ba\/"]},{"@type":"Person","@id":"https:\/\/tuzlainfo.ba\/#\/schema\/person\/f434e20dc27ea133923aab08451b7f7f","name":"nedim","image":{"@type":"ImageObject","inLanguage":"bs-BA","@id":"https:\/\/tuzlainfo.ba\/#\/schema\/person\/image\/","url":"https:\/\/tuzlainfo.ba\/wp-content\/litespeed\/avatar\/aabad687af24844af817603ac1cbdc4f.jpg?ver=1776702173","contentUrl":"https:\/\/tuzlainfo.ba\/wp-content\/litespeed\/avatar\/aabad687af24844af817603ac1cbdc4f.jpg?ver=1776702173","caption":"nedim"},"description":"Tuzlainfo.ba pratite na dru\u0161tvenim mre\u017eama: Facebook, Instagram i Youtube. Svoje pri\u010de, upite i fotografije \u0161aljite na na\u0161u e-mail adresu."}]}},"_links":{"self":[{"href":"https:\/\/tuzlainfo.ba\/index.php\/wp-json\/wp\/v2\/posts\/285789"}],"collection":[{"href":"https:\/\/tuzlainfo.ba\/index.php\/wp-json\/wp\/v2\/posts"}],"about":[{"href":"https:\/\/tuzlainfo.ba\/index.php\/wp-json\/wp\/v2\/types\/post"}],"author":[{"embeddable":true,"href":"https:\/\/tuzlainfo.ba\/index.php\/wp-json\/wp\/v2\/users\/2"}],"replies":[{"embeddable":true,"href":"https:\/\/tuzlainfo.ba\/index.php\/wp-json\/wp\/v2\/comments?post=285789"}],"version-history":[{"count":1,"href":"https:\/\/tuzlainfo.ba\/index.php\/wp-json\/wp\/v2\/posts\/285789\/revisions"}],"predecessor-version":[{"id":285790,"href":"https:\/\/tuzlainfo.ba\/index.php\/wp-json\/wp\/v2\/posts\/285789\/revisions\/285790"}],"wp:featuredmedia":[{"embeddable":true,"href":"https:\/\/tuzlainfo.ba\/index.php\/wp-json\/wp\/v2\/media\/63567"}],"wp:attachment":[{"href":"https:\/\/tuzlainfo.ba\/index.php\/wp-json\/wp\/v2\/media?parent=285789"}],"wp:term":[{"taxonomy":"category","embeddable":true,"href":"https:\/\/tuzlainfo.ba\/index.php\/wp-json\/wp\/v2\/categories?post=285789"},{"taxonomy":"post_tag","embeddable":true,"href":"https:\/\/tuzlainfo.ba\/index.php\/wp-json\/wp\/v2\/tags?post=285789"}],"curies":[{"name":"wp","href":"https:\/\/api.w.org\/{rel}","templated":true}]}}