{"id":285694,"date":"2025-11-07T07:45:48","date_gmt":"2025-11-07T06:45:48","guid":{"rendered":"https:\/\/tuzlainfo.ba\/?p=285694"},"modified":"2025-11-07T07:49:59","modified_gmt":"2025-11-07T06:49:59","slug":"preminula-jos-jedna-pacijentica-povrijedjena-u-pozaru-u-domu-penzionera-tuzla","status":"publish","type":"post","link":"https:\/\/tuzlainfo.ba\/index.php\/novosti\/item\/285694-preminula-jos-jedna-pacijentica-povrijedjena-u-pozaru-u-domu-penzionera-tuzla\/","title":{"rendered":"Preminula jo\u0161 jedna pacijentica povrije\u0111ena u po\u017earu u Domu penzionera Tuzla"},"content":{"rendered":"<p data-start=\"84\" data-end=\"339\">U Univerzitetskom klini\u010dkom centru Tuzla sino\u0107 u 23:01 preminula je pacijentica koja je bila hospitalizirana na Klinici za anesteziologiju i reanimatologiju, a povrije\u0111ena je u po\u017earu koji je 4. novembra u ve\u010dernjim satima zahvatio Dom penzionera Tuzla.<\/p>\n<p data-start=\"341\" data-end=\"546\">Nakon ove smrti, ukupan broj hospitaliziranih pacijenata na UKC-u Tuzla sada iznosi 13. Na Klinici za anesteziologiju i reanimatologiju trenutno se lije\u010de tri pacijenta, od kojih je jedan na respiratoru.<\/p>\n<p data-start=\"548\" data-end=\"883\">Na Klinici za plu\u0107ne bolesti smje\u0161teno je \u0161est pacijenata \u2014 pet korisnika Doma penzionera i jedan policajac koji je u\u010destvovao u akciji spa\u0161avanja. Na Klinici za interne bolesti nalaze se tri pacijenta stabilnog zdravstvenog stanja, dok je jedan pacijent hospitaliziran na Klinici za urologiju, tako\u0111er stabilnog zdravstvenog stanja.<\/p>\n<p data-start=\"885\" data-end=\"1039\">&#8211; Zdravstveno osoblje UKC-a Tuzla i dalje je u punoj pripravnosti i na raspolaganju za pru\u017eanje potrebne medicinske pomo\u0107i povrije\u0111enima u ovoj tragediji, saop\u0161teno je iz UKC Tuzla.<\/p>\n<p data-start=\"885\" data-end=\"1039\">Broj smrtno stradalih u ovom tragi\u010dnom doga\u0111aju koji je potresao Tuzlu, ali i cijeli region sa posljednjim slu\u010dajem pove\u0107an je na 13.<\/p>\n","protected":false},"excerpt":{"rendered":"<p>U Univerzitetskom klini\u010dkom centru Tuzla sino\u0107 u 23:01 preminula je pacijentica koja je bila hospitalizirana&hellip;<\/p>\n","protected":false},"author":2,"featured_media":139281,"comment_status":"closed","ping_status":"closed","sticky":false,"template":"","format":"standard","meta":{"_acf_changed":false,"footnotes":""},"categories":[304,12],"tags":[4047,459],"acf":[],"yoast_head":"<!-- This site is optimized with the Yoast SEO plugin v23.5 - https:\/\/yoast.com\/wordpress\/plugins\/seo\/ -->\n<title>Preminula jo\u0161 jedna pacijentica povrije\u0111ena u po\u017earu u Domu penzionera Tuzla - TuzlaInfo.ba<\/title>\n<meta name=\"robots\" content=\"index, follow, max-snippet:-1, max-image-preview:large, max-video-preview:-1\" \/>\n<link rel=\"canonical\" href=\"https:\/\/tuzlainfo.ba\/index.php\/novosti\/item\/285694-preminula-jos-jedna-pacijentica-povrijedjena-u-pozaru-u-domu-penzionera-tuzla\/\" \/>\n<meta property=\"og:locale\" content=\"bs_BA\" \/>\n<meta property=\"og:type\" content=\"article\" \/>\n<meta property=\"og:title\" content=\"Preminula jo\u0161 jedna pacijentica povrije\u0111ena u po\u017earu u Domu penzionera Tuzla - TuzlaInfo.ba\" \/>\n<meta property=\"og:description\" content=\"U Univerzitetskom klini\u010dkom centru Tuzla sino\u0107 u 23:01 preminula je pacijentica koja je bila hospitalizirana&hellip;\" \/>\n<meta property=\"og:url\" content=\"https:\/\/tuzlainfo.ba\/index.php\/novosti\/item\/285694-preminula-jos-jedna-pacijentica-povrijedjena-u-pozaru-u-domu-penzionera-tuzla\/\" \/>\n<meta property=\"og:site_name\" content=\"TuzlaInfo.ba\" \/>\n<meta property=\"article:publisher\" content=\"https:\/\/www.facebook.com\/tuzlainfo.ba\/\" \/>\n<meta property=\"article:published_time\" content=\"2025-11-07T06:45:48+00:00\" \/>\n<meta property=\"article:modified_time\" content=\"2025-11-07T06:49:59+00:00\" \/>\n<meta property=\"og:image\" content=\"https:\/\/tuzlainfo.ba\/wp-content\/uploads\/2021\/06\/1006_ukc_tuzla_klinickicentar.jpg\" \/>\n\t<meta property=\"og:image:width\" content=\"1200\" \/>\n\t<meta property=\"og:image:height\" content=\"816\" \/>\n\t<meta property=\"og:image:type\" content=\"image\/jpeg\" \/>\n<meta name=\"author\" content=\"nedim\" \/>\n<meta name=\"twitter:card\" content=\"summary_large_image\" \/>\n<meta name=\"twitter:label1\" content=\"Written by\" \/>\n\t<meta name=\"twitter:data1\" content=\"nedim\" \/>\n\t<meta name=\"twitter:label2\" content=\"Est. reading time\" \/>\n\t<meta name=\"twitter:data2\" content=\"2 minute\" \/>\n<script type=\"application\/ld+json\" class=\"yoast-schema-graph\">{\"@context\":\"https:\/\/schema.org\",\"@graph\":[{\"@type\":\"Article\",\"@id\":\"https:\/\/tuzlainfo.ba\/index.php\/novosti\/item\/285694-preminula-jos-jedna-pacijentica-povrijedjena-u-pozaru-u-domu-penzionera-tuzla\/#article\",\"isPartOf\":{\"@id\":\"https:\/\/tuzlainfo.ba\/index.php\/novosti\/item\/285694-preminula-jos-jedna-pacijentica-povrijedjena-u-pozaru-u-domu-penzionera-tuzla\/\"},\"author\":{\"name\":\"nedim\",\"@id\":\"https:\/\/tuzlainfo.ba\/#\/schema\/person\/f434e20dc27ea133923aab08451b7f7f\"},\"headline\":\"Preminula jo\u0161 jedna pacijentica povrije\u0111ena u po\u017earu u Domu penzionera Tuzla\",\"datePublished\":\"2025-11-07T06:45:48+00:00\",\"dateModified\":\"2025-11-07T06:49:59+00:00\",\"mainEntityOfPage\":{\"@id\":\"https:\/\/tuzlainfo.ba\/index.php\/novosti\/item\/285694-preminula-jos-jedna-pacijentica-povrijedjena-u-pozaru-u-domu-penzionera-tuzla\/\"},\"wordCount\":191,\"publisher\":{\"@id\":\"https:\/\/tuzlainfo.ba\/#organization\"},\"image\":{\"@id\":\"https:\/\/tuzlainfo.ba\/index.php\/novosti\/item\/285694-preminula-jos-jedna-pacijentica-povrijedjena-u-pozaru-u-domu-penzionera-tuzla\/#primaryimage\"},\"thumbnailUrl\":\"https:\/\/tuzlainfo.ba\/wp-content\/uploads\/2021\/06\/1006_ukc_tuzla_klinickicentar.jpg\",\"keywords\":[\"dom penzionera tuzla\",\"po\u017ear\"],\"articleSection\":[\"Istaknuto\",\"Novosti\"],\"inLanguage\":\"bs-BA\"},{\"@type\":\"WebPage\",\"@id\":\"https:\/\/tuzlainfo.ba\/index.php\/novosti\/item\/285694-preminula-jos-jedna-pacijentica-povrijedjena-u-pozaru-u-domu-penzionera-tuzla\/\",\"url\":\"https:\/\/tuzlainfo.ba\/index.php\/novosti\/item\/285694-preminula-jos-jedna-pacijentica-povrijedjena-u-pozaru-u-domu-penzionera-tuzla\/\",\"name\":\"Preminula jo\u0161 jedna pacijentica povrije\u0111ena u po\u017earu u Domu penzionera Tuzla - TuzlaInfo.ba\",\"isPartOf\":{\"@id\":\"https:\/\/tuzlainfo.ba\/#website\"},\"primaryImageOfPage\":{\"@id\":\"https:\/\/tuzlainfo.ba\/index.php\/novosti\/item\/285694-preminula-jos-jedna-pacijentica-povrijedjena-u-pozaru-u-domu-penzionera-tuzla\/#primaryimage\"},\"image\":{\"@id\":\"https:\/\/tuzlainfo.ba\/index.php\/novosti\/item\/285694-preminula-jos-jedna-pacijentica-povrijedjena-u-pozaru-u-domu-penzionera-tuzla\/#primaryimage\"},\"thumbnailUrl\":\"https:\/\/tuzlainfo.ba\/wp-content\/uploads\/2021\/06\/1006_ukc_tuzla_klinickicentar.jpg\",\"datePublished\":\"2025-11-07T06:45:48+00:00\",\"dateModified\":\"2025-11-07T06:49:59+00:00\",\"breadcrumb\":{\"@id\":\"https:\/\/tuzlainfo.ba\/index.php\/novosti\/item\/285694-preminula-jos-jedna-pacijentica-povrijedjena-u-pozaru-u-domu-penzionera-tuzla\/#breadcrumb\"},\"inLanguage\":\"bs-BA\",\"potentialAction\":[{\"@type\":\"ReadAction\",\"target\":[\"https:\/\/tuzlainfo.ba\/index.php\/novosti\/item\/285694-preminula-jos-jedna-pacijentica-povrijedjena-u-pozaru-u-domu-penzionera-tuzla\/\"]}]},{\"@type\":\"ImageObject\",\"inLanguage\":\"bs-BA\",\"@id\":\"https:\/\/tuzlainfo.ba\/index.php\/novosti\/item\/285694-preminula-jos-jedna-pacijentica-povrijedjena-u-pozaru-u-domu-penzionera-tuzla\/#primaryimage\",\"url\":\"https:\/\/tuzlainfo.ba\/wp-content\/uploads\/2021\/06\/1006_ukc_tuzla_klinickicentar.jpg\",\"contentUrl\":\"https:\/\/tuzlainfo.ba\/wp-content\/uploads\/2021\/06\/1006_ukc_tuzla_klinickicentar.jpg\",\"width\":1200,\"height\":816},{\"@type\":\"BreadcrumbList\",\"@id\":\"https:\/\/tuzlainfo.ba\/index.php\/novosti\/item\/285694-preminula-jos-jedna-pacijentica-povrijedjena-u-pozaru-u-domu-penzionera-tuzla\/#breadcrumb\",\"itemListElement\":[{\"@type\":\"ListItem\",\"position\":1,\"name\":\"Home\",\"item\":\"https:\/\/tuzlainfo.ba\/\"},{\"@type\":\"ListItem\",\"position\":2,\"name\":\"Preminula jo\u0161 jedna pacijentica povrije\u0111ena u po\u017earu u Domu penzionera Tuzla\"}]},{\"@type\":\"WebSite\",\"@id\":\"https:\/\/tuzlainfo.ba\/#website\",\"url\":\"https:\/\/tuzlainfo.ba\/\",\"name\":\"TuzlaInfo.ba\",\"description\":\"Tuzla info, gradski informator - Tuzla na dlanu\",\"publisher\":{\"@id\":\"https:\/\/tuzlainfo.ba\/#organization\"},\"potentialAction\":[{\"@type\":\"SearchAction\",\"target\":{\"@type\":\"EntryPoint\",\"urlTemplate\":\"https:\/\/tuzlainfo.ba\/?s={search_term_string}\"},\"query-input\":{\"@type\":\"PropertyValueSpecification\",\"valueRequired\":true,\"valueName\":\"search_term_string\"}}],\"inLanguage\":\"bs-BA\"},{\"@type\":\"Organization\",\"@id\":\"https:\/\/tuzlainfo.ba\/#organization\",\"name\":\"TuzlaInfo.ba\",\"url\":\"https:\/\/tuzlainfo.ba\/\",\"logo\":{\"@type\":\"ImageObject\",\"inLanguage\":\"bs-BA\",\"@id\":\"https:\/\/tuzlainfo.ba\/#\/schema\/logo\/image\/\",\"url\":\"https:\/\/tuzlainfo.ba\/wp-content\/uploads\/2021\/03\/logo-ver-3-1.png\",\"contentUrl\":\"https:\/\/tuzlainfo.ba\/wp-content\/uploads\/2021\/03\/logo-ver-3-1.png\",\"width\":350,\"height\":95,\"caption\":\"TuzlaInfo.ba\"},\"image\":{\"@id\":\"https:\/\/tuzlainfo.ba\/#\/schema\/logo\/image\/\"},\"sameAs\":[\"https:\/\/www.facebook.com\/tuzlainfo.ba\/\"]},{\"@type\":\"Person\",\"@id\":\"https:\/\/tuzlainfo.ba\/#\/schema\/person\/f434e20dc27ea133923aab08451b7f7f\",\"name\":\"nedim\",\"image\":{\"@type\":\"ImageObject\",\"inLanguage\":\"bs-BA\",\"@id\":\"https:\/\/tuzlainfo.ba\/#\/schema\/person\/image\/\",\"url\":\"https:\/\/tuzlainfo.ba\/wp-content\/litespeed\/avatar\/aabad687af24844af817603ac1cbdc4f.jpg?ver=1776702173\",\"contentUrl\":\"https:\/\/tuzlainfo.ba\/wp-content\/litespeed\/avatar\/aabad687af24844af817603ac1cbdc4f.jpg?ver=1776702173\",\"caption\":\"nedim\"},\"description\":\"Tuzlainfo.ba pratite na dru\u0161tvenim mre\u017eama: Facebook, Instagram i Youtube. Svoje pri\u010de, upite i fotografije \u0161aljite na na\u0161u e-mail adresu.\"}]}<\/script>\n<!-- \/ Yoast SEO plugin. -->","yoast_head_json":{"title":"Preminula jo\u0161 jedna pacijentica povrije\u0111ena u po\u017earu u Domu penzionera Tuzla - TuzlaInfo.ba","robots":{"index":"index","follow":"follow","max-snippet":"max-snippet:-1","max-image-preview":"max-image-preview:large","max-video-preview":"max-video-preview:-1"},"canonical":"https:\/\/tuzlainfo.ba\/index.php\/novosti\/item\/285694-preminula-jos-jedna-pacijentica-povrijedjena-u-pozaru-u-domu-penzionera-tuzla\/","og_locale":"bs_BA","og_type":"article","og_title":"Preminula jo\u0161 jedna pacijentica povrije\u0111ena u po\u017earu u Domu penzionera Tuzla - TuzlaInfo.ba","og_description":"U Univerzitetskom klini\u010dkom centru Tuzla sino\u0107 u 23:01 preminula je pacijentica koja je bila hospitalizirana&hellip;","og_url":"https:\/\/tuzlainfo.ba\/index.php\/novosti\/item\/285694-preminula-jos-jedna-pacijentica-povrijedjena-u-pozaru-u-domu-penzionera-tuzla\/","og_site_name":"TuzlaInfo.ba","article_publisher":"https:\/\/www.facebook.com\/tuzlainfo.ba\/","article_published_time":"2025-11-07T06:45:48+00:00","article_modified_time":"2025-11-07T06:49:59+00:00","og_image":[{"width":1200,"height":816,"url":"https:\/\/tuzlainfo.ba\/wp-content\/uploads\/2021\/06\/1006_ukc_tuzla_klinickicentar.jpg","type":"image\/jpeg"}],"author":"nedim","twitter_card":"summary_large_image","twitter_misc":{"Written by":"nedim","Est. reading time":"2 minute"},"schema":{"@context":"https:\/\/schema.org","@graph":[{"@type":"Article","@id":"https:\/\/tuzlainfo.ba\/index.php\/novosti\/item\/285694-preminula-jos-jedna-pacijentica-povrijedjena-u-pozaru-u-domu-penzionera-tuzla\/#article","isPartOf":{"@id":"https:\/\/tuzlainfo.ba\/index.php\/novosti\/item\/285694-preminula-jos-jedna-pacijentica-povrijedjena-u-pozaru-u-domu-penzionera-tuzla\/"},"author":{"name":"nedim","@id":"https:\/\/tuzlainfo.ba\/#\/schema\/person\/f434e20dc27ea133923aab08451b7f7f"},"headline":"Preminula jo\u0161 jedna pacijentica povrije\u0111ena u po\u017earu u Domu penzionera Tuzla","datePublished":"2025-11-07T06:45:48+00:00","dateModified":"2025-11-07T06:49:59+00:00","mainEntityOfPage":{"@id":"https:\/\/tuzlainfo.ba\/index.php\/novosti\/item\/285694-preminula-jos-jedna-pacijentica-povrijedjena-u-pozaru-u-domu-penzionera-tuzla\/"},"wordCount":191,"publisher":{"@id":"https:\/\/tuzlainfo.ba\/#organization"},"image":{"@id":"https:\/\/tuzlainfo.ba\/index.php\/novosti\/item\/285694-preminula-jos-jedna-pacijentica-povrijedjena-u-pozaru-u-domu-penzionera-tuzla\/#primaryimage"},"thumbnailUrl":"https:\/\/tuzlainfo.ba\/wp-content\/uploads\/2021\/06\/1006_ukc_tuzla_klinickicentar.jpg","keywords":["dom penzionera tuzla","po\u017ear"],"articleSection":["Istaknuto","Novosti"],"inLanguage":"bs-BA"},{"@type":"WebPage","@id":"https:\/\/tuzlainfo.ba\/index.php\/novosti\/item\/285694-preminula-jos-jedna-pacijentica-povrijedjena-u-pozaru-u-domu-penzionera-tuzla\/","url":"https:\/\/tuzlainfo.ba\/index.php\/novosti\/item\/285694-preminula-jos-jedna-pacijentica-povrijedjena-u-pozaru-u-domu-penzionera-tuzla\/","name":"Preminula jo\u0161 jedna pacijentica povrije\u0111ena u po\u017earu u Domu penzionera Tuzla - TuzlaInfo.ba","isPartOf":{"@id":"https:\/\/tuzlainfo.ba\/#website"},"primaryImageOfPage":{"@id":"https:\/\/tuzlainfo.ba\/index.php\/novosti\/item\/285694-preminula-jos-jedna-pacijentica-povrijedjena-u-pozaru-u-domu-penzionera-tuzla\/#primaryimage"},"image":{"@id":"https:\/\/tuzlainfo.ba\/index.php\/novosti\/item\/285694-preminula-jos-jedna-pacijentica-povrijedjena-u-pozaru-u-domu-penzionera-tuzla\/#primaryimage"},"thumbnailUrl":"https:\/\/tuzlainfo.ba\/wp-content\/uploads\/2021\/06\/1006_ukc_tuzla_klinickicentar.jpg","datePublished":"2025-11-07T06:45:48+00:00","dateModified":"2025-11-07T06:49:59+00:00","breadcrumb":{"@id":"https:\/\/tuzlainfo.ba\/index.php\/novosti\/item\/285694-preminula-jos-jedna-pacijentica-povrijedjena-u-pozaru-u-domu-penzionera-tuzla\/#breadcrumb"},"inLanguage":"bs-BA","potentialAction":[{"@type":"ReadAction","target":["https:\/\/tuzlainfo.ba\/index.php\/novosti\/item\/285694-preminula-jos-jedna-pacijentica-povrijedjena-u-pozaru-u-domu-penzionera-tuzla\/"]}]},{"@type":"ImageObject","inLanguage":"bs-BA","@id":"https:\/\/tuzlainfo.ba\/index.php\/novosti\/item\/285694-preminula-jos-jedna-pacijentica-povrijedjena-u-pozaru-u-domu-penzionera-tuzla\/#primaryimage","url":"https:\/\/tuzlainfo.ba\/wp-content\/uploads\/2021\/06\/1006_ukc_tuzla_klinickicentar.jpg","contentUrl":"https:\/\/tuzlainfo.ba\/wp-content\/uploads\/2021\/06\/1006_ukc_tuzla_klinickicentar.jpg","width":1200,"height":816},{"@type":"BreadcrumbList","@id":"https:\/\/tuzlainfo.ba\/index.php\/novosti\/item\/285694-preminula-jos-jedna-pacijentica-povrijedjena-u-pozaru-u-domu-penzionera-tuzla\/#breadcrumb","itemListElement":[{"@type":"ListItem","position":1,"name":"Home","item":"https:\/\/tuzlainfo.ba\/"},{"@type":"ListItem","position":2,"name":"Preminula jo\u0161 jedna pacijentica povrije\u0111ena u po\u017earu u Domu penzionera Tuzla"}]},{"@type":"WebSite","@id":"https:\/\/tuzlainfo.ba\/#website","url":"https:\/\/tuzlainfo.ba\/","name":"TuzlaInfo.ba","description":"Tuzla info, gradski informator - Tuzla na dlanu","publisher":{"@id":"https:\/\/tuzlainfo.ba\/#organization"},"potentialAction":[{"@type":"SearchAction","target":{"@type":"EntryPoint","urlTemplate":"https:\/\/tuzlainfo.ba\/?s={search_term_string}"},"query-input":{"@type":"PropertyValueSpecification","valueRequired":true,"valueName":"search_term_string"}}],"inLanguage":"bs-BA"},{"@type":"Organization","@id":"https:\/\/tuzlainfo.ba\/#organization","name":"TuzlaInfo.ba","url":"https:\/\/tuzlainfo.ba\/","logo":{"@type":"ImageObject","inLanguage":"bs-BA","@id":"https:\/\/tuzlainfo.ba\/#\/schema\/logo\/image\/","url":"https:\/\/tuzlainfo.ba\/wp-content\/uploads\/2021\/03\/logo-ver-3-1.png","contentUrl":"https:\/\/tuzlainfo.ba\/wp-content\/uploads\/2021\/03\/logo-ver-3-1.png","width":350,"height":95,"caption":"TuzlaInfo.ba"},"image":{"@id":"https:\/\/tuzlainfo.ba\/#\/schema\/logo\/image\/"},"sameAs":["https:\/\/www.facebook.com\/tuzlainfo.ba\/"]},{"@type":"Person","@id":"https:\/\/tuzlainfo.ba\/#\/schema\/person\/f434e20dc27ea133923aab08451b7f7f","name":"nedim","image":{"@type":"ImageObject","inLanguage":"bs-BA","@id":"https:\/\/tuzlainfo.ba\/#\/schema\/person\/image\/","url":"https:\/\/tuzlainfo.ba\/wp-content\/litespeed\/avatar\/aabad687af24844af817603ac1cbdc4f.jpg?ver=1776702173","contentUrl":"https:\/\/tuzlainfo.ba\/wp-content\/litespeed\/avatar\/aabad687af24844af817603ac1cbdc4f.jpg?ver=1776702173","caption":"nedim"},"description":"Tuzlainfo.ba pratite na dru\u0161tvenim mre\u017eama: Facebook, Instagram i Youtube. Svoje pri\u010de, upite i fotografije \u0161aljite na na\u0161u e-mail adresu."}]}},"_links":{"self":[{"href":"https:\/\/tuzlainfo.ba\/index.php\/wp-json\/wp\/v2\/posts\/285694"}],"collection":[{"href":"https:\/\/tuzlainfo.ba\/index.php\/wp-json\/wp\/v2\/posts"}],"about":[{"href":"https:\/\/tuzlainfo.ba\/index.php\/wp-json\/wp\/v2\/types\/post"}],"author":[{"embeddable":true,"href":"https:\/\/tuzlainfo.ba\/index.php\/wp-json\/wp\/v2\/users\/2"}],"replies":[{"embeddable":true,"href":"https:\/\/tuzlainfo.ba\/index.php\/wp-json\/wp\/v2\/comments?post=285694"}],"version-history":[{"count":3,"href":"https:\/\/tuzlainfo.ba\/index.php\/wp-json\/wp\/v2\/posts\/285694\/revisions"}],"predecessor-version":[{"id":285697,"href":"https:\/\/tuzlainfo.ba\/index.php\/wp-json\/wp\/v2\/posts\/285694\/revisions\/285697"}],"wp:featuredmedia":[{"embeddable":true,"href":"https:\/\/tuzlainfo.ba\/index.php\/wp-json\/wp\/v2\/media\/139281"}],"wp:attachment":[{"href":"https:\/\/tuzlainfo.ba\/index.php\/wp-json\/wp\/v2\/media?parent=285694"}],"wp:term":[{"taxonomy":"category","embeddable":true,"href":"https:\/\/tuzlainfo.ba\/index.php\/wp-json\/wp\/v2\/categories?post=285694"},{"taxonomy":"post_tag","embeddable":true,"href":"https:\/\/tuzlainfo.ba\/index.php\/wp-json\/wp\/v2\/tags?post=285694"}],"curies":[{"name":"wp","href":"https:\/\/api.w.org\/{rel}","templated":true}]}}