{"id":285534,"date":"2025-11-05T14:52:40","date_gmt":"2025-11-05T13:52:40","guid":{"rendered":"https:\/\/tuzlainfo.ba\/?p=285534"},"modified":"2025-11-05T14:52:40","modified_gmt":"2025-11-05T13:52:40","slug":"premijer-niksic-odao-priznanje-sluzbama-tuzle-za-pozrtvovan-rad-u-spasavanju-sticenika-doma-penzionera","status":"publish","type":"post","link":"https:\/\/tuzlainfo.ba\/index.php\/novosti\/item\/285534-premijer-niksic-odao-priznanje-sluzbama-tuzle-za-pozrtvovan-rad-u-spasavanju-sticenika-doma-penzionera\/","title":{"rendered":"Premijer Nik\u0161i\u0107 odao priznanje slu\u017ebama Tuzle za po\u017ertvovan rad u spa\u0161avanju \u0161ti\u0107enika Doma penzionera"},"content":{"rendered":"<p data-start=\"233\" data-end=\"547\">Premijer Federacije BiH Nermin Nik\u0161i\u0107 danas je u Tuzli odao priznanje svim gradskim slu\u017ebama koje su u\u010destvovale u spa\u0161avanju \u0161ti\u0107enika Doma penzionera iz po\u017eara u kojem je, prema trenutnim informacijama, \u017eivot izgubilo 12 osoba, dok je vi\u0161e desetina povrije\u0111eno i hospitalizirano sa razli\u010ditim stepenom povreda.<\/p>\n<p data-start=\"549\" data-end=\"959\">Nik\u0161i\u0107 je posebno istaknuo rad Slu\u017ebe hitne medicinske pomo\u0107i Doma zdravlja Tuzla, naglasiv\u0161i da je njihova po\u017ertvovanost, stru\u010dnost i upornost u spa\u0161avanju \u017eivota zaslu\u017eila sve pohvale. Kazao je da bi situacija mogla biti jo\u0161 te\u017ea bez njihove brze reakcije te je obe\u0107ao punu podr\u0161ku Vlade FBiH radu ove Slu\u017ebe i Doma zdravlja u cjelini, koji je, kako je rekao, pokazao vo\u0111stvo kada je to bilo najpotrebnije.<\/p>\n<p data-start=\"961\" data-end=\"1396\">Gradona\u010delnik Tuzle Zijad Lugavi\u0107 i direktor Doma zdravlja Tuzla prof. dr. Samir Ma\u010dkovi\u0107 upoznali su delegaciju s aktivnostima koje se provode nakon tragedije. Ekipe Centra za mentalno zdravlje, me\u0111u kojima su neuropsihijatri, socijalni radnici i medicinske sestre, obilaze \u0161ti\u0107enike i pru\u017eaju im psiholo\u0161ku pomo\u0107 zbog mogu\u0107ih posttraumatskih reakcija. Pomo\u0107 i podr\u0161ka nude se i pripadnicima slu\u017ebi koje su u\u010destvovale u spa\u0161avanju.<\/p>\n<p data-start=\"1398\" data-end=\"1676\">Tako\u0111er, poseban tim Slu\u017ebe op\u0107e i porodi\u010dne medicine obilazi \u0161ti\u0107enike radi pra\u0107enja terapija i eventualnih medicinskih intervencija. Iz Doma zdravlja isti\u010du da \u0107e ove aktivnosti biti dodatno poja\u010dane kako bi se pru\u017eila pravovremena podr\u0161ka svima koji su pogo\u0111eni tragedijom.<\/p>\n<p data-start=\"1678\" data-end=\"1867\">Premijer Nik\u0161i\u0107 je na kraju jo\u0161 jednom pohvalio rad svih slu\u017ebi i ustanova koje su pokazale profesionalnost, solidarnost i ljudskost u jednoj od najte\u017eih situacija koje su zadesile Tuzlu.<\/p>\n","protected":false},"excerpt":{"rendered":"<p>Premijer Federacije BiH Nermin Nik\u0161i\u0107 danas je u Tuzli odao priznanje svim gradskim slu\u017ebama koje&hellip;<\/p>\n","protected":false},"author":2,"featured_media":285535,"comment_status":"closed","ping_status":"closed","sticky":false,"template":"","format":"standard","meta":{"_acf_changed":false,"footnotes":""},"categories":[304,12],"tags":[1342,577,459],"acf":[],"yoast_head":"<!-- This site is optimized with the Yoast SEO plugin v23.5 - https:\/\/yoast.com\/wordpress\/plugins\/seo\/ -->\n<title>Premijer Nik\u0161i\u0107 odao priznanje slu\u017ebama Tuzle za po\u017ertvovan rad u spa\u0161avanju \u0161ti\u0107enika Doma penzionera - TuzlaInfo.ba<\/title>\n<meta name=\"robots\" content=\"index, follow, max-snippet:-1, max-image-preview:large, max-video-preview:-1\" \/>\n<link rel=\"canonical\" href=\"https:\/\/tuzlainfo.ba\/index.php\/novosti\/item\/285534-premijer-niksic-odao-priznanje-sluzbama-tuzle-za-pozrtvovan-rad-u-spasavanju-sticenika-doma-penzionera\/\" \/>\n<meta property=\"og:locale\" content=\"bs_BA\" \/>\n<meta property=\"og:type\" content=\"article\" \/>\n<meta property=\"og:title\" content=\"Premijer Nik\u0161i\u0107 odao priznanje slu\u017ebama Tuzle za po\u017ertvovan rad u spa\u0161avanju \u0161ti\u0107enika Doma penzionera - TuzlaInfo.ba\" \/>\n<meta property=\"og:description\" content=\"Premijer Federacije BiH Nermin Nik\u0161i\u0107 danas je u Tuzli odao priznanje svim gradskim slu\u017ebama koje&hellip;\" \/>\n<meta property=\"og:url\" content=\"https:\/\/tuzlainfo.ba\/index.php\/novosti\/item\/285534-premijer-niksic-odao-priznanje-sluzbama-tuzle-za-pozrtvovan-rad-u-spasavanju-sticenika-doma-penzionera\/\" \/>\n<meta property=\"og:site_name\" content=\"TuzlaInfo.ba\" \/>\n<meta property=\"article:publisher\" content=\"https:\/\/www.facebook.com\/tuzlainfo.ba\/\" \/>\n<meta property=\"article:published_time\" content=\"2025-11-05T13:52:40+00:00\" \/>\n<meta property=\"og:image\" content=\"https:\/\/tuzlainfo.ba\/wp-content\/uploads\/2025\/11\/delegacija_dom-zdravlja.jpg\" \/>\n\t<meta property=\"og:image:width\" content=\"800\" \/>\n\t<meta property=\"og:image:height\" content=\"511\" \/>\n\t<meta property=\"og:image:type\" content=\"image\/jpeg\" \/>\n<meta name=\"author\" content=\"nedim\" \/>\n<meta name=\"twitter:card\" content=\"summary_large_image\" \/>\n<meta name=\"twitter:label1\" content=\"Written by\" \/>\n\t<meta name=\"twitter:data1\" content=\"nedim\" \/>\n\t<meta name=\"twitter:label2\" content=\"Est. reading time\" \/>\n\t<meta name=\"twitter:data2\" content=\"2 minute\" \/>\n<script type=\"application\/ld+json\" class=\"yoast-schema-graph\">{\"@context\":\"https:\/\/schema.org\",\"@graph\":[{\"@type\":\"Article\",\"@id\":\"https:\/\/tuzlainfo.ba\/index.php\/novosti\/item\/285534-premijer-niksic-odao-priznanje-sluzbama-tuzle-za-pozrtvovan-rad-u-spasavanju-sticenika-doma-penzionera\/#article\",\"isPartOf\":{\"@id\":\"https:\/\/tuzlainfo.ba\/index.php\/novosti\/item\/285534-premijer-niksic-odao-priznanje-sluzbama-tuzle-za-pozrtvovan-rad-u-spasavanju-sticenika-doma-penzionera\/\"},\"author\":{\"name\":\"nedim\",\"@id\":\"https:\/\/tuzlainfo.ba\/#\/schema\/person\/f434e20dc27ea133923aab08451b7f7f\"},\"headline\":\"Premijer Nik\u0161i\u0107 odao priznanje slu\u017ebama Tuzle za po\u017ertvovan rad u spa\u0161avanju \u0161ti\u0107enika Doma penzionera\",\"datePublished\":\"2025-11-05T13:52:40+00:00\",\"dateModified\":\"2025-11-05T13:52:40+00:00\",\"mainEntityOfPage\":{\"@id\":\"https:\/\/tuzlainfo.ba\/index.php\/novosti\/item\/285534-premijer-niksic-odao-priznanje-sluzbama-tuzle-za-pozrtvovan-rad-u-spasavanju-sticenika-doma-penzionera\/\"},\"wordCount\":305,\"publisher\":{\"@id\":\"https:\/\/tuzlainfo.ba\/#organization\"},\"image\":{\"@id\":\"https:\/\/tuzlainfo.ba\/index.php\/novosti\/item\/285534-premijer-niksic-odao-priznanje-sluzbama-tuzle-za-pozrtvovan-rad-u-spasavanju-sticenika-doma-penzionera\/#primaryimage\"},\"thumbnailUrl\":\"https:\/\/tuzlainfo.ba\/wp-content\/uploads\/2025\/11\/delegacija_dom-zdravlja.jpg\",\"keywords\":[\"dom penzionera\",\"dom zdravlja tuzla\",\"po\u017ear\"],\"articleSection\":[\"Istaknuto\",\"Novosti\"],\"inLanguage\":\"bs-BA\"},{\"@type\":\"WebPage\",\"@id\":\"https:\/\/tuzlainfo.ba\/index.php\/novosti\/item\/285534-premijer-niksic-odao-priznanje-sluzbama-tuzle-za-pozrtvovan-rad-u-spasavanju-sticenika-doma-penzionera\/\",\"url\":\"https:\/\/tuzlainfo.ba\/index.php\/novosti\/item\/285534-premijer-niksic-odao-priznanje-sluzbama-tuzle-za-pozrtvovan-rad-u-spasavanju-sticenika-doma-penzionera\/\",\"name\":\"Premijer Nik\u0161i\u0107 odao priznanje slu\u017ebama Tuzle za po\u017ertvovan rad u spa\u0161avanju \u0161ti\u0107enika Doma penzionera - TuzlaInfo.ba\",\"isPartOf\":{\"@id\":\"https:\/\/tuzlainfo.ba\/#website\"},\"primaryImageOfPage\":{\"@id\":\"https:\/\/tuzlainfo.ba\/index.php\/novosti\/item\/285534-premijer-niksic-odao-priznanje-sluzbama-tuzle-za-pozrtvovan-rad-u-spasavanju-sticenika-doma-penzionera\/#primaryimage\"},\"image\":{\"@id\":\"https:\/\/tuzlainfo.ba\/index.php\/novosti\/item\/285534-premijer-niksic-odao-priznanje-sluzbama-tuzle-za-pozrtvovan-rad-u-spasavanju-sticenika-doma-penzionera\/#primaryimage\"},\"thumbnailUrl\":\"https:\/\/tuzlainfo.ba\/wp-content\/uploads\/2025\/11\/delegacija_dom-zdravlja.jpg\",\"datePublished\":\"2025-11-05T13:52:40+00:00\",\"dateModified\":\"2025-11-05T13:52:40+00:00\",\"breadcrumb\":{\"@id\":\"https:\/\/tuzlainfo.ba\/index.php\/novosti\/item\/285534-premijer-niksic-odao-priznanje-sluzbama-tuzle-za-pozrtvovan-rad-u-spasavanju-sticenika-doma-penzionera\/#breadcrumb\"},\"inLanguage\":\"bs-BA\",\"potentialAction\":[{\"@type\":\"ReadAction\",\"target\":[\"https:\/\/tuzlainfo.ba\/index.php\/novosti\/item\/285534-premijer-niksic-odao-priznanje-sluzbama-tuzle-za-pozrtvovan-rad-u-spasavanju-sticenika-doma-penzionera\/\"]}]},{\"@type\":\"ImageObject\",\"inLanguage\":\"bs-BA\",\"@id\":\"https:\/\/tuzlainfo.ba\/index.php\/novosti\/item\/285534-premijer-niksic-odao-priznanje-sluzbama-tuzle-za-pozrtvovan-rad-u-spasavanju-sticenika-doma-penzionera\/#primaryimage\",\"url\":\"https:\/\/tuzlainfo.ba\/wp-content\/uploads\/2025\/11\/delegacija_dom-zdravlja.jpg\",\"contentUrl\":\"https:\/\/tuzlainfo.ba\/wp-content\/uploads\/2025\/11\/delegacija_dom-zdravlja.jpg\",\"width\":800,\"height\":511},{\"@type\":\"BreadcrumbList\",\"@id\":\"https:\/\/tuzlainfo.ba\/index.php\/novosti\/item\/285534-premijer-niksic-odao-priznanje-sluzbama-tuzle-za-pozrtvovan-rad-u-spasavanju-sticenika-doma-penzionera\/#breadcrumb\",\"itemListElement\":[{\"@type\":\"ListItem\",\"position\":1,\"name\":\"Home\",\"item\":\"https:\/\/tuzlainfo.ba\/\"},{\"@type\":\"ListItem\",\"position\":2,\"name\":\"Premijer Nik\u0161i\u0107 odao priznanje slu\u017ebama Tuzle za po\u017ertvovan rad u spa\u0161avanju \u0161ti\u0107enika Doma penzionera\"}]},{\"@type\":\"WebSite\",\"@id\":\"https:\/\/tuzlainfo.ba\/#website\",\"url\":\"https:\/\/tuzlainfo.ba\/\",\"name\":\"TuzlaInfo.ba\",\"description\":\"Tuzla info, gradski informator - Tuzla na dlanu\",\"publisher\":{\"@id\":\"https:\/\/tuzlainfo.ba\/#organization\"},\"potentialAction\":[{\"@type\":\"SearchAction\",\"target\":{\"@type\":\"EntryPoint\",\"urlTemplate\":\"https:\/\/tuzlainfo.ba\/?s={search_term_string}\"},\"query-input\":{\"@type\":\"PropertyValueSpecification\",\"valueRequired\":true,\"valueName\":\"search_term_string\"}}],\"inLanguage\":\"bs-BA\"},{\"@type\":\"Organization\",\"@id\":\"https:\/\/tuzlainfo.ba\/#organization\",\"name\":\"TuzlaInfo.ba\",\"url\":\"https:\/\/tuzlainfo.ba\/\",\"logo\":{\"@type\":\"ImageObject\",\"inLanguage\":\"bs-BA\",\"@id\":\"https:\/\/tuzlainfo.ba\/#\/schema\/logo\/image\/\",\"url\":\"https:\/\/tuzlainfo.ba\/wp-content\/uploads\/2021\/03\/logo-ver-3-1.png\",\"contentUrl\":\"https:\/\/tuzlainfo.ba\/wp-content\/uploads\/2021\/03\/logo-ver-3-1.png\",\"width\":350,\"height\":95,\"caption\":\"TuzlaInfo.ba\"},\"image\":{\"@id\":\"https:\/\/tuzlainfo.ba\/#\/schema\/logo\/image\/\"},\"sameAs\":[\"https:\/\/www.facebook.com\/tuzlainfo.ba\/\"]},{\"@type\":\"Person\",\"@id\":\"https:\/\/tuzlainfo.ba\/#\/schema\/person\/f434e20dc27ea133923aab08451b7f7f\",\"name\":\"nedim\",\"image\":{\"@type\":\"ImageObject\",\"inLanguage\":\"bs-BA\",\"@id\":\"https:\/\/tuzlainfo.ba\/#\/schema\/person\/image\/\",\"url\":\"https:\/\/tuzlainfo.ba\/wp-content\/litespeed\/avatar\/aabad687af24844af817603ac1cbdc4f.jpg?ver=1776702173\",\"contentUrl\":\"https:\/\/tuzlainfo.ba\/wp-content\/litespeed\/avatar\/aabad687af24844af817603ac1cbdc4f.jpg?ver=1776702173\",\"caption\":\"nedim\"},\"description\":\"Tuzlainfo.ba pratite na dru\u0161tvenim mre\u017eama: Facebook, Instagram i Youtube. Svoje pri\u010de, upite i fotografije \u0161aljite na na\u0161u e-mail adresu.\"}]}<\/script>\n<!-- \/ Yoast SEO plugin. -->","yoast_head_json":{"title":"Premijer Nik\u0161i\u0107 odao priznanje slu\u017ebama Tuzle za po\u017ertvovan rad u spa\u0161avanju \u0161ti\u0107enika Doma penzionera - TuzlaInfo.ba","robots":{"index":"index","follow":"follow","max-snippet":"max-snippet:-1","max-image-preview":"max-image-preview:large","max-video-preview":"max-video-preview:-1"},"canonical":"https:\/\/tuzlainfo.ba\/index.php\/novosti\/item\/285534-premijer-niksic-odao-priznanje-sluzbama-tuzle-za-pozrtvovan-rad-u-spasavanju-sticenika-doma-penzionera\/","og_locale":"bs_BA","og_type":"article","og_title":"Premijer Nik\u0161i\u0107 odao priznanje slu\u017ebama Tuzle za po\u017ertvovan rad u spa\u0161avanju \u0161ti\u0107enika Doma penzionera - TuzlaInfo.ba","og_description":"Premijer Federacije BiH Nermin Nik\u0161i\u0107 danas je u Tuzli odao priznanje svim gradskim slu\u017ebama koje&hellip;","og_url":"https:\/\/tuzlainfo.ba\/index.php\/novosti\/item\/285534-premijer-niksic-odao-priznanje-sluzbama-tuzle-za-pozrtvovan-rad-u-spasavanju-sticenika-doma-penzionera\/","og_site_name":"TuzlaInfo.ba","article_publisher":"https:\/\/www.facebook.com\/tuzlainfo.ba\/","article_published_time":"2025-11-05T13:52:40+00:00","og_image":[{"width":800,"height":511,"url":"https:\/\/tuzlainfo.ba\/wp-content\/uploads\/2025\/11\/delegacija_dom-zdravlja.jpg","type":"image\/jpeg"}],"author":"nedim","twitter_card":"summary_large_image","twitter_misc":{"Written by":"nedim","Est. reading time":"2 minute"},"schema":{"@context":"https:\/\/schema.org","@graph":[{"@type":"Article","@id":"https:\/\/tuzlainfo.ba\/index.php\/novosti\/item\/285534-premijer-niksic-odao-priznanje-sluzbama-tuzle-za-pozrtvovan-rad-u-spasavanju-sticenika-doma-penzionera\/#article","isPartOf":{"@id":"https:\/\/tuzlainfo.ba\/index.php\/novosti\/item\/285534-premijer-niksic-odao-priznanje-sluzbama-tuzle-za-pozrtvovan-rad-u-spasavanju-sticenika-doma-penzionera\/"},"author":{"name":"nedim","@id":"https:\/\/tuzlainfo.ba\/#\/schema\/person\/f434e20dc27ea133923aab08451b7f7f"},"headline":"Premijer Nik\u0161i\u0107 odao priznanje slu\u017ebama Tuzle za po\u017ertvovan rad u spa\u0161avanju \u0161ti\u0107enika Doma penzionera","datePublished":"2025-11-05T13:52:40+00:00","dateModified":"2025-11-05T13:52:40+00:00","mainEntityOfPage":{"@id":"https:\/\/tuzlainfo.ba\/index.php\/novosti\/item\/285534-premijer-niksic-odao-priznanje-sluzbama-tuzle-za-pozrtvovan-rad-u-spasavanju-sticenika-doma-penzionera\/"},"wordCount":305,"publisher":{"@id":"https:\/\/tuzlainfo.ba\/#organization"},"image":{"@id":"https:\/\/tuzlainfo.ba\/index.php\/novosti\/item\/285534-premijer-niksic-odao-priznanje-sluzbama-tuzle-za-pozrtvovan-rad-u-spasavanju-sticenika-doma-penzionera\/#primaryimage"},"thumbnailUrl":"https:\/\/tuzlainfo.ba\/wp-content\/uploads\/2025\/11\/delegacija_dom-zdravlja.jpg","keywords":["dom penzionera","dom zdravlja tuzla","po\u017ear"],"articleSection":["Istaknuto","Novosti"],"inLanguage":"bs-BA"},{"@type":"WebPage","@id":"https:\/\/tuzlainfo.ba\/index.php\/novosti\/item\/285534-premijer-niksic-odao-priznanje-sluzbama-tuzle-za-pozrtvovan-rad-u-spasavanju-sticenika-doma-penzionera\/","url":"https:\/\/tuzlainfo.ba\/index.php\/novosti\/item\/285534-premijer-niksic-odao-priznanje-sluzbama-tuzle-za-pozrtvovan-rad-u-spasavanju-sticenika-doma-penzionera\/","name":"Premijer Nik\u0161i\u0107 odao priznanje slu\u017ebama Tuzle za po\u017ertvovan rad u spa\u0161avanju \u0161ti\u0107enika Doma penzionera - TuzlaInfo.ba","isPartOf":{"@id":"https:\/\/tuzlainfo.ba\/#website"},"primaryImageOfPage":{"@id":"https:\/\/tuzlainfo.ba\/index.php\/novosti\/item\/285534-premijer-niksic-odao-priznanje-sluzbama-tuzle-za-pozrtvovan-rad-u-spasavanju-sticenika-doma-penzionera\/#primaryimage"},"image":{"@id":"https:\/\/tuzlainfo.ba\/index.php\/novosti\/item\/285534-premijer-niksic-odao-priznanje-sluzbama-tuzle-za-pozrtvovan-rad-u-spasavanju-sticenika-doma-penzionera\/#primaryimage"},"thumbnailUrl":"https:\/\/tuzlainfo.ba\/wp-content\/uploads\/2025\/11\/delegacija_dom-zdravlja.jpg","datePublished":"2025-11-05T13:52:40+00:00","dateModified":"2025-11-05T13:52:40+00:00","breadcrumb":{"@id":"https:\/\/tuzlainfo.ba\/index.php\/novosti\/item\/285534-premijer-niksic-odao-priznanje-sluzbama-tuzle-za-pozrtvovan-rad-u-spasavanju-sticenika-doma-penzionera\/#breadcrumb"},"inLanguage":"bs-BA","potentialAction":[{"@type":"ReadAction","target":["https:\/\/tuzlainfo.ba\/index.php\/novosti\/item\/285534-premijer-niksic-odao-priznanje-sluzbama-tuzle-za-pozrtvovan-rad-u-spasavanju-sticenika-doma-penzionera\/"]}]},{"@type":"ImageObject","inLanguage":"bs-BA","@id":"https:\/\/tuzlainfo.ba\/index.php\/novosti\/item\/285534-premijer-niksic-odao-priznanje-sluzbama-tuzle-za-pozrtvovan-rad-u-spasavanju-sticenika-doma-penzionera\/#primaryimage","url":"https:\/\/tuzlainfo.ba\/wp-content\/uploads\/2025\/11\/delegacija_dom-zdravlja.jpg","contentUrl":"https:\/\/tuzlainfo.ba\/wp-content\/uploads\/2025\/11\/delegacija_dom-zdravlja.jpg","width":800,"height":511},{"@type":"BreadcrumbList","@id":"https:\/\/tuzlainfo.ba\/index.php\/novosti\/item\/285534-premijer-niksic-odao-priznanje-sluzbama-tuzle-za-pozrtvovan-rad-u-spasavanju-sticenika-doma-penzionera\/#breadcrumb","itemListElement":[{"@type":"ListItem","position":1,"name":"Home","item":"https:\/\/tuzlainfo.ba\/"},{"@type":"ListItem","position":2,"name":"Premijer Nik\u0161i\u0107 odao priznanje slu\u017ebama Tuzle za po\u017ertvovan rad u spa\u0161avanju \u0161ti\u0107enika Doma penzionera"}]},{"@type":"WebSite","@id":"https:\/\/tuzlainfo.ba\/#website","url":"https:\/\/tuzlainfo.ba\/","name":"TuzlaInfo.ba","description":"Tuzla info, gradski informator - Tuzla na dlanu","publisher":{"@id":"https:\/\/tuzlainfo.ba\/#organization"},"potentialAction":[{"@type":"SearchAction","target":{"@type":"EntryPoint","urlTemplate":"https:\/\/tuzlainfo.ba\/?s={search_term_string}"},"query-input":{"@type":"PropertyValueSpecification","valueRequired":true,"valueName":"search_term_string"}}],"inLanguage":"bs-BA"},{"@type":"Organization","@id":"https:\/\/tuzlainfo.ba\/#organization","name":"TuzlaInfo.ba","url":"https:\/\/tuzlainfo.ba\/","logo":{"@type":"ImageObject","inLanguage":"bs-BA","@id":"https:\/\/tuzlainfo.ba\/#\/schema\/logo\/image\/","url":"https:\/\/tuzlainfo.ba\/wp-content\/uploads\/2021\/03\/logo-ver-3-1.png","contentUrl":"https:\/\/tuzlainfo.ba\/wp-content\/uploads\/2021\/03\/logo-ver-3-1.png","width":350,"height":95,"caption":"TuzlaInfo.ba"},"image":{"@id":"https:\/\/tuzlainfo.ba\/#\/schema\/logo\/image\/"},"sameAs":["https:\/\/www.facebook.com\/tuzlainfo.ba\/"]},{"@type":"Person","@id":"https:\/\/tuzlainfo.ba\/#\/schema\/person\/f434e20dc27ea133923aab08451b7f7f","name":"nedim","image":{"@type":"ImageObject","inLanguage":"bs-BA","@id":"https:\/\/tuzlainfo.ba\/#\/schema\/person\/image\/","url":"https:\/\/tuzlainfo.ba\/wp-content\/litespeed\/avatar\/aabad687af24844af817603ac1cbdc4f.jpg?ver=1776702173","contentUrl":"https:\/\/tuzlainfo.ba\/wp-content\/litespeed\/avatar\/aabad687af24844af817603ac1cbdc4f.jpg?ver=1776702173","caption":"nedim"},"description":"Tuzlainfo.ba pratite na dru\u0161tvenim mre\u017eama: Facebook, Instagram i Youtube. Svoje pri\u010de, upite i fotografije \u0161aljite na na\u0161u e-mail adresu."}]}},"_links":{"self":[{"href":"https:\/\/tuzlainfo.ba\/index.php\/wp-json\/wp\/v2\/posts\/285534"}],"collection":[{"href":"https:\/\/tuzlainfo.ba\/index.php\/wp-json\/wp\/v2\/posts"}],"about":[{"href":"https:\/\/tuzlainfo.ba\/index.php\/wp-json\/wp\/v2\/types\/post"}],"author":[{"embeddable":true,"href":"https:\/\/tuzlainfo.ba\/index.php\/wp-json\/wp\/v2\/users\/2"}],"replies":[{"embeddable":true,"href":"https:\/\/tuzlainfo.ba\/index.php\/wp-json\/wp\/v2\/comments?post=285534"}],"version-history":[{"count":1,"href":"https:\/\/tuzlainfo.ba\/index.php\/wp-json\/wp\/v2\/posts\/285534\/revisions"}],"predecessor-version":[{"id":285536,"href":"https:\/\/tuzlainfo.ba\/index.php\/wp-json\/wp\/v2\/posts\/285534\/revisions\/285536"}],"wp:featuredmedia":[{"embeddable":true,"href":"https:\/\/tuzlainfo.ba\/index.php\/wp-json\/wp\/v2\/media\/285535"}],"wp:attachment":[{"href":"https:\/\/tuzlainfo.ba\/index.php\/wp-json\/wp\/v2\/media?parent=285534"}],"wp:term":[{"taxonomy":"category","embeddable":true,"href":"https:\/\/tuzlainfo.ba\/index.php\/wp-json\/wp\/v2\/categories?post=285534"},{"taxonomy":"post_tag","embeddable":true,"href":"https:\/\/tuzlainfo.ba\/index.php\/wp-json\/wp\/v2\/tags?post=285534"}],"curies":[{"name":"wp","href":"https:\/\/api.w.org\/{rel}","templated":true}]}}