{"id":285457,"date":"2025-11-05T07:32:59","date_gmt":"2025-11-05T06:32:59","guid":{"rendered":"https:\/\/tuzlainfo.ba\/?p=285457"},"modified":"2025-11-05T08:37:26","modified_gmt":"2025-11-05T07:37:26","slug":"danas-kolegij-gradskog-vijeca-tuzle-nakon-velikog-pozara-u-domu-penzionera","status":"publish","type":"post","link":"https:\/\/tuzlainfo.ba\/index.php\/novosti\/item\/285457-danas-kolegij-gradskog-vijeca-tuzle-nakon-velikog-pozara-u-domu-penzionera\/","title":{"rendered":"Danas kolegij Gradskog vije\u0107a Tuzle nakon velikog po\u017eara u Domu penzionera"},"content":{"rendered":"<p data-start=\"0\" data-end=\"227\">U po\u017earu koji je sino\u0107 oko 20:45 sati izbio na sedmom spratu Doma penzionera u Tuzli, prema najnovijim informacijama iz Uprave policije MUP-a Tuzlanskog kantona, \u017eivot je izgubilo deset osoba, dok je oko dvadeset povrije\u0111eno.<\/p>\n<p data-start=\"229\" data-end=\"479\">Tijela stradalih bi\u0107e prevezena u Komemorativni centar Tuzla radi identifikacije i obdukcije. Me\u0111u povrije\u0111enima su i korisnici doma, ali i pripadnici policije, vatrogasci, medicinski radnici te uposlenici ustanove koji su u\u010destvovali u evakuaciji.<\/p>\n<p data-start=\"481\" data-end=\"659\">Gradsko vije\u0107e Tuzle za jutros u 8:00 sati zakazalo je vanredni kolegij, na kojem \u0107e biti iznesene nove informacije o okolnostima po\u017eara, broju nastradalih i stanju povrije\u0111enih.<\/p>\n<p data-start=\"661\" data-end=\"1082\">Po\u017ear je, podsjetimo, zahvatio sedmi sprat Doma penzionera, a brzom reakcijom Profesionalne vatrogasne jedinice Tuzla, uz pomo\u0107 kolega iz Srebrenika te dobrovoljnih vatrogasnih dru\u0161tava iz Tuzle i Gornje Tuzle, vatra je stavljena pod kontrolu. U akciji ga\u0161enja i spa\u0161avanja u\u010destvovali su i pripadnici policije, ekipe Hitne medicinske pomo\u0107i Tuzla te medicinsko osoblje iz domova zdravlja Lukavac, Srebrenik i Kalesija.<\/p>\n<p data-start=\"1084\" data-end=\"1247\" data-is-last-node=\"\" data-is-only-node=\"\">Uvi\u0111aj \u0107e biti obavljen kada se za to steknu uslovi, a istraga o uzrocima po\u017eara je u toku. Vi\u0161e informacija o\u010dekuje se nakon jutro\u0161njeg sastanka nadle\u017enih slu\u017ebi.<\/p>\n","protected":false},"excerpt":{"rendered":"<p>U po\u017earu koji je sino\u0107 oko 20:45 sati izbio na sedmom spratu Doma penzionera u&hellip;<\/p>\n","protected":false},"author":4,"featured_media":268325,"comment_status":"closed","ping_status":"closed","sticky":false,"template":"","format":"standard","meta":{"_acf_changed":false,"footnotes":""},"categories":[12],"tags":[1342,1267],"acf":[],"yoast_head":"<!-- This site is optimized with the Yoast SEO plugin v23.5 - https:\/\/yoast.com\/wordpress\/plugins\/seo\/ -->\n<title>Danas kolegij Gradskog vije\u0107a Tuzle nakon velikog po\u017eara u Domu penzionera - TuzlaInfo.ba<\/title>\n<meta name=\"robots\" content=\"index, follow, max-snippet:-1, max-image-preview:large, max-video-preview:-1\" \/>\n<link rel=\"canonical\" href=\"https:\/\/tuzlainfo.ba\/index.php\/novosti\/item\/285457-danas-kolegij-gradskog-vijeca-tuzle-nakon-velikog-pozara-u-domu-penzionera\/\" \/>\n<meta property=\"og:locale\" content=\"bs_BA\" \/>\n<meta property=\"og:type\" content=\"article\" \/>\n<meta property=\"og:title\" content=\"Danas kolegij Gradskog vije\u0107a Tuzle nakon velikog po\u017eara u Domu penzionera - TuzlaInfo.ba\" \/>\n<meta property=\"og:description\" content=\"U po\u017earu koji je sino\u0107 oko 20:45 sati izbio na sedmom spratu Doma penzionera u&hellip;\" \/>\n<meta property=\"og:url\" content=\"https:\/\/tuzlainfo.ba\/index.php\/novosti\/item\/285457-danas-kolegij-gradskog-vijeca-tuzle-nakon-velikog-pozara-u-domu-penzionera\/\" \/>\n<meta property=\"og:site_name\" content=\"TuzlaInfo.ba\" \/>\n<meta property=\"article:publisher\" content=\"https:\/\/www.facebook.com\/tuzlainfo.ba\/\" \/>\n<meta property=\"article:published_time\" content=\"2025-11-05T06:32:59+00:00\" \/>\n<meta property=\"article:modified_time\" content=\"2025-11-05T07:37:26+00:00\" \/>\n<meta property=\"og:image\" content=\"https:\/\/tuzlainfo.ba\/wp-content\/uploads\/2025\/04\/2904_gradsko_vijece_ana_pejic.jpg\" \/>\n\t<meta property=\"og:image:width\" content=\"800\" \/>\n\t<meta property=\"og:image:height\" content=\"452\" \/>\n\t<meta property=\"og:image:type\" content=\"image\/jpeg\" \/>\n<meta name=\"author\" content=\"Tuzla Info\" \/>\n<meta name=\"twitter:card\" content=\"summary_large_image\" \/>\n<meta name=\"twitter:label1\" content=\"Written by\" \/>\n\t<meta name=\"twitter:data1\" content=\"Tuzla Info\" \/>\n\t<meta name=\"twitter:label2\" content=\"Est. reading time\" \/>\n\t<meta name=\"twitter:data2\" content=\"1 minuta\" \/>\n<script type=\"application\/ld+json\" class=\"yoast-schema-graph\">{\"@context\":\"https:\/\/schema.org\",\"@graph\":[{\"@type\":\"Article\",\"@id\":\"https:\/\/tuzlainfo.ba\/index.php\/novosti\/item\/285457-danas-kolegij-gradskog-vijeca-tuzle-nakon-velikog-pozara-u-domu-penzionera\/#article\",\"isPartOf\":{\"@id\":\"https:\/\/tuzlainfo.ba\/index.php\/novosti\/item\/285457-danas-kolegij-gradskog-vijeca-tuzle-nakon-velikog-pozara-u-domu-penzionera\/\"},\"author\":{\"name\":\"Tuzla Info\",\"@id\":\"https:\/\/tuzlainfo.ba\/#\/schema\/person\/46cad4c57790cbc50781edd14870825a\"},\"headline\":\"Danas kolegij Gradskog vije\u0107a Tuzle nakon velikog po\u017eara u Domu penzionera\",\"datePublished\":\"2025-11-05T06:32:59+00:00\",\"dateModified\":\"2025-11-05T07:37:26+00:00\",\"mainEntityOfPage\":{\"@id\":\"https:\/\/tuzlainfo.ba\/index.php\/novosti\/item\/285457-danas-kolegij-gradskog-vijeca-tuzle-nakon-velikog-pozara-u-domu-penzionera\/\"},\"wordCount\":214,\"publisher\":{\"@id\":\"https:\/\/tuzlainfo.ba\/#organization\"},\"image\":{\"@id\":\"https:\/\/tuzlainfo.ba\/index.php\/novosti\/item\/285457-danas-kolegij-gradskog-vijeca-tuzle-nakon-velikog-pozara-u-domu-penzionera\/#primaryimage\"},\"thumbnailUrl\":\"https:\/\/tuzlainfo.ba\/wp-content\/uploads\/2025\/04\/2904_gradsko_vijece_ana_pejic.jpg\",\"keywords\":[\"dom penzionera\",\"kolegij gradona\u010delnika\"],\"articleSection\":[\"Novosti\"],\"inLanguage\":\"bs-BA\"},{\"@type\":\"WebPage\",\"@id\":\"https:\/\/tuzlainfo.ba\/index.php\/novosti\/item\/285457-danas-kolegij-gradskog-vijeca-tuzle-nakon-velikog-pozara-u-domu-penzionera\/\",\"url\":\"https:\/\/tuzlainfo.ba\/index.php\/novosti\/item\/285457-danas-kolegij-gradskog-vijeca-tuzle-nakon-velikog-pozara-u-domu-penzionera\/\",\"name\":\"Danas kolegij Gradskog vije\u0107a Tuzle nakon velikog po\u017eara u Domu penzionera - TuzlaInfo.ba\",\"isPartOf\":{\"@id\":\"https:\/\/tuzlainfo.ba\/#website\"},\"primaryImageOfPage\":{\"@id\":\"https:\/\/tuzlainfo.ba\/index.php\/novosti\/item\/285457-danas-kolegij-gradskog-vijeca-tuzle-nakon-velikog-pozara-u-domu-penzionera\/#primaryimage\"},\"image\":{\"@id\":\"https:\/\/tuzlainfo.ba\/index.php\/novosti\/item\/285457-danas-kolegij-gradskog-vijeca-tuzle-nakon-velikog-pozara-u-domu-penzionera\/#primaryimage\"},\"thumbnailUrl\":\"https:\/\/tuzlainfo.ba\/wp-content\/uploads\/2025\/04\/2904_gradsko_vijece_ana_pejic.jpg\",\"datePublished\":\"2025-11-05T06:32:59+00:00\",\"dateModified\":\"2025-11-05T07:37:26+00:00\",\"breadcrumb\":{\"@id\":\"https:\/\/tuzlainfo.ba\/index.php\/novosti\/item\/285457-danas-kolegij-gradskog-vijeca-tuzle-nakon-velikog-pozara-u-domu-penzionera\/#breadcrumb\"},\"inLanguage\":\"bs-BA\",\"potentialAction\":[{\"@type\":\"ReadAction\",\"target\":[\"https:\/\/tuzlainfo.ba\/index.php\/novosti\/item\/285457-danas-kolegij-gradskog-vijeca-tuzle-nakon-velikog-pozara-u-domu-penzionera\/\"]}]},{\"@type\":\"ImageObject\",\"inLanguage\":\"bs-BA\",\"@id\":\"https:\/\/tuzlainfo.ba\/index.php\/novosti\/item\/285457-danas-kolegij-gradskog-vijeca-tuzle-nakon-velikog-pozara-u-domu-penzionera\/#primaryimage\",\"url\":\"https:\/\/tuzlainfo.ba\/wp-content\/uploads\/2025\/04\/2904_gradsko_vijece_ana_pejic.jpg\",\"contentUrl\":\"https:\/\/tuzlainfo.ba\/wp-content\/uploads\/2025\/04\/2904_gradsko_vijece_ana_pejic.jpg\",\"width\":800,\"height\":452},{\"@type\":\"BreadcrumbList\",\"@id\":\"https:\/\/tuzlainfo.ba\/index.php\/novosti\/item\/285457-danas-kolegij-gradskog-vijeca-tuzle-nakon-velikog-pozara-u-domu-penzionera\/#breadcrumb\",\"itemListElement\":[{\"@type\":\"ListItem\",\"position\":1,\"name\":\"Home\",\"item\":\"https:\/\/tuzlainfo.ba\/\"},{\"@type\":\"ListItem\",\"position\":2,\"name\":\"Danas kolegij Gradskog vije\u0107a Tuzle nakon velikog po\u017eara u Domu penzionera\"}]},{\"@type\":\"WebSite\",\"@id\":\"https:\/\/tuzlainfo.ba\/#website\",\"url\":\"https:\/\/tuzlainfo.ba\/\",\"name\":\"TuzlaInfo.ba\",\"description\":\"Tuzla info, gradski informator - Tuzla na dlanu\",\"publisher\":{\"@id\":\"https:\/\/tuzlainfo.ba\/#organization\"},\"potentialAction\":[{\"@type\":\"SearchAction\",\"target\":{\"@type\":\"EntryPoint\",\"urlTemplate\":\"https:\/\/tuzlainfo.ba\/?s={search_term_string}\"},\"query-input\":{\"@type\":\"PropertyValueSpecification\",\"valueRequired\":true,\"valueName\":\"search_term_string\"}}],\"inLanguage\":\"bs-BA\"},{\"@type\":\"Organization\",\"@id\":\"https:\/\/tuzlainfo.ba\/#organization\",\"name\":\"TuzlaInfo.ba\",\"url\":\"https:\/\/tuzlainfo.ba\/\",\"logo\":{\"@type\":\"ImageObject\",\"inLanguage\":\"bs-BA\",\"@id\":\"https:\/\/tuzlainfo.ba\/#\/schema\/logo\/image\/\",\"url\":\"https:\/\/tuzlainfo.ba\/wp-content\/uploads\/2021\/03\/logo-ver-3-1.png\",\"contentUrl\":\"https:\/\/tuzlainfo.ba\/wp-content\/uploads\/2021\/03\/logo-ver-3-1.png\",\"width\":350,\"height\":95,\"caption\":\"TuzlaInfo.ba\"},\"image\":{\"@id\":\"https:\/\/tuzlainfo.ba\/#\/schema\/logo\/image\/\"},\"sameAs\":[\"https:\/\/www.facebook.com\/tuzlainfo.ba\/\"]},{\"@type\":\"Person\",\"@id\":\"https:\/\/tuzlainfo.ba\/#\/schema\/person\/46cad4c57790cbc50781edd14870825a\",\"name\":\"Tuzla Info\",\"image\":{\"@type\":\"ImageObject\",\"inLanguage\":\"bs-BA\",\"@id\":\"https:\/\/tuzlainfo.ba\/#\/schema\/person\/image\/\",\"url\":\"https:\/\/tuzlainfo.ba\/wp-content\/litespeed\/avatar\/b6c453a6c38e3654f2e4416c643fc25c.jpg?ver=1777051911\",\"contentUrl\":\"https:\/\/tuzlainfo.ba\/wp-content\/litespeed\/avatar\/b6c453a6c38e3654f2e4416c643fc25c.jpg?ver=1777051911\",\"caption\":\"Tuzla Info\"}}]}<\/script>\n<!-- \/ Yoast SEO plugin. -->","yoast_head_json":{"title":"Danas kolegij Gradskog vije\u0107a Tuzle nakon velikog po\u017eara u Domu penzionera - TuzlaInfo.ba","robots":{"index":"index","follow":"follow","max-snippet":"max-snippet:-1","max-image-preview":"max-image-preview:large","max-video-preview":"max-video-preview:-1"},"canonical":"https:\/\/tuzlainfo.ba\/index.php\/novosti\/item\/285457-danas-kolegij-gradskog-vijeca-tuzle-nakon-velikog-pozara-u-domu-penzionera\/","og_locale":"bs_BA","og_type":"article","og_title":"Danas kolegij Gradskog vije\u0107a Tuzle nakon velikog po\u017eara u Domu penzionera - TuzlaInfo.ba","og_description":"U po\u017earu koji je sino\u0107 oko 20:45 sati izbio na sedmom spratu Doma penzionera u&hellip;","og_url":"https:\/\/tuzlainfo.ba\/index.php\/novosti\/item\/285457-danas-kolegij-gradskog-vijeca-tuzle-nakon-velikog-pozara-u-domu-penzionera\/","og_site_name":"TuzlaInfo.ba","article_publisher":"https:\/\/www.facebook.com\/tuzlainfo.ba\/","article_published_time":"2025-11-05T06:32:59+00:00","article_modified_time":"2025-11-05T07:37:26+00:00","og_image":[{"width":800,"height":452,"url":"https:\/\/tuzlainfo.ba\/wp-content\/uploads\/2025\/04\/2904_gradsko_vijece_ana_pejic.jpg","type":"image\/jpeg"}],"author":"Tuzla Info","twitter_card":"summary_large_image","twitter_misc":{"Written by":"Tuzla Info","Est. reading time":"1 minuta"},"schema":{"@context":"https:\/\/schema.org","@graph":[{"@type":"Article","@id":"https:\/\/tuzlainfo.ba\/index.php\/novosti\/item\/285457-danas-kolegij-gradskog-vijeca-tuzle-nakon-velikog-pozara-u-domu-penzionera\/#article","isPartOf":{"@id":"https:\/\/tuzlainfo.ba\/index.php\/novosti\/item\/285457-danas-kolegij-gradskog-vijeca-tuzle-nakon-velikog-pozara-u-domu-penzionera\/"},"author":{"name":"Tuzla Info","@id":"https:\/\/tuzlainfo.ba\/#\/schema\/person\/46cad4c57790cbc50781edd14870825a"},"headline":"Danas kolegij Gradskog vije\u0107a Tuzle nakon velikog po\u017eara u Domu penzionera","datePublished":"2025-11-05T06:32:59+00:00","dateModified":"2025-11-05T07:37:26+00:00","mainEntityOfPage":{"@id":"https:\/\/tuzlainfo.ba\/index.php\/novosti\/item\/285457-danas-kolegij-gradskog-vijeca-tuzle-nakon-velikog-pozara-u-domu-penzionera\/"},"wordCount":214,"publisher":{"@id":"https:\/\/tuzlainfo.ba\/#organization"},"image":{"@id":"https:\/\/tuzlainfo.ba\/index.php\/novosti\/item\/285457-danas-kolegij-gradskog-vijeca-tuzle-nakon-velikog-pozara-u-domu-penzionera\/#primaryimage"},"thumbnailUrl":"https:\/\/tuzlainfo.ba\/wp-content\/uploads\/2025\/04\/2904_gradsko_vijece_ana_pejic.jpg","keywords":["dom penzionera","kolegij gradona\u010delnika"],"articleSection":["Novosti"],"inLanguage":"bs-BA"},{"@type":"WebPage","@id":"https:\/\/tuzlainfo.ba\/index.php\/novosti\/item\/285457-danas-kolegij-gradskog-vijeca-tuzle-nakon-velikog-pozara-u-domu-penzionera\/","url":"https:\/\/tuzlainfo.ba\/index.php\/novosti\/item\/285457-danas-kolegij-gradskog-vijeca-tuzle-nakon-velikog-pozara-u-domu-penzionera\/","name":"Danas kolegij Gradskog vije\u0107a Tuzle nakon velikog po\u017eara u Domu penzionera - TuzlaInfo.ba","isPartOf":{"@id":"https:\/\/tuzlainfo.ba\/#website"},"primaryImageOfPage":{"@id":"https:\/\/tuzlainfo.ba\/index.php\/novosti\/item\/285457-danas-kolegij-gradskog-vijeca-tuzle-nakon-velikog-pozara-u-domu-penzionera\/#primaryimage"},"image":{"@id":"https:\/\/tuzlainfo.ba\/index.php\/novosti\/item\/285457-danas-kolegij-gradskog-vijeca-tuzle-nakon-velikog-pozara-u-domu-penzionera\/#primaryimage"},"thumbnailUrl":"https:\/\/tuzlainfo.ba\/wp-content\/uploads\/2025\/04\/2904_gradsko_vijece_ana_pejic.jpg","datePublished":"2025-11-05T06:32:59+00:00","dateModified":"2025-11-05T07:37:26+00:00","breadcrumb":{"@id":"https:\/\/tuzlainfo.ba\/index.php\/novosti\/item\/285457-danas-kolegij-gradskog-vijeca-tuzle-nakon-velikog-pozara-u-domu-penzionera\/#breadcrumb"},"inLanguage":"bs-BA","potentialAction":[{"@type":"ReadAction","target":["https:\/\/tuzlainfo.ba\/index.php\/novosti\/item\/285457-danas-kolegij-gradskog-vijeca-tuzle-nakon-velikog-pozara-u-domu-penzionera\/"]}]},{"@type":"ImageObject","inLanguage":"bs-BA","@id":"https:\/\/tuzlainfo.ba\/index.php\/novosti\/item\/285457-danas-kolegij-gradskog-vijeca-tuzle-nakon-velikog-pozara-u-domu-penzionera\/#primaryimage","url":"https:\/\/tuzlainfo.ba\/wp-content\/uploads\/2025\/04\/2904_gradsko_vijece_ana_pejic.jpg","contentUrl":"https:\/\/tuzlainfo.ba\/wp-content\/uploads\/2025\/04\/2904_gradsko_vijece_ana_pejic.jpg","width":800,"height":452},{"@type":"BreadcrumbList","@id":"https:\/\/tuzlainfo.ba\/index.php\/novosti\/item\/285457-danas-kolegij-gradskog-vijeca-tuzle-nakon-velikog-pozara-u-domu-penzionera\/#breadcrumb","itemListElement":[{"@type":"ListItem","position":1,"name":"Home","item":"https:\/\/tuzlainfo.ba\/"},{"@type":"ListItem","position":2,"name":"Danas kolegij Gradskog vije\u0107a Tuzle nakon velikog po\u017eara u Domu penzionera"}]},{"@type":"WebSite","@id":"https:\/\/tuzlainfo.ba\/#website","url":"https:\/\/tuzlainfo.ba\/","name":"TuzlaInfo.ba","description":"Tuzla info, gradski informator - Tuzla na dlanu","publisher":{"@id":"https:\/\/tuzlainfo.ba\/#organization"},"potentialAction":[{"@type":"SearchAction","target":{"@type":"EntryPoint","urlTemplate":"https:\/\/tuzlainfo.ba\/?s={search_term_string}"},"query-input":{"@type":"PropertyValueSpecification","valueRequired":true,"valueName":"search_term_string"}}],"inLanguage":"bs-BA"},{"@type":"Organization","@id":"https:\/\/tuzlainfo.ba\/#organization","name":"TuzlaInfo.ba","url":"https:\/\/tuzlainfo.ba\/","logo":{"@type":"ImageObject","inLanguage":"bs-BA","@id":"https:\/\/tuzlainfo.ba\/#\/schema\/logo\/image\/","url":"https:\/\/tuzlainfo.ba\/wp-content\/uploads\/2021\/03\/logo-ver-3-1.png","contentUrl":"https:\/\/tuzlainfo.ba\/wp-content\/uploads\/2021\/03\/logo-ver-3-1.png","width":350,"height":95,"caption":"TuzlaInfo.ba"},"image":{"@id":"https:\/\/tuzlainfo.ba\/#\/schema\/logo\/image\/"},"sameAs":["https:\/\/www.facebook.com\/tuzlainfo.ba\/"]},{"@type":"Person","@id":"https:\/\/tuzlainfo.ba\/#\/schema\/person\/46cad4c57790cbc50781edd14870825a","name":"Tuzla Info","image":{"@type":"ImageObject","inLanguage":"bs-BA","@id":"https:\/\/tuzlainfo.ba\/#\/schema\/person\/image\/","url":"https:\/\/tuzlainfo.ba\/wp-content\/litespeed\/avatar\/b6c453a6c38e3654f2e4416c643fc25c.jpg?ver=1777051911","contentUrl":"https:\/\/tuzlainfo.ba\/wp-content\/litespeed\/avatar\/b6c453a6c38e3654f2e4416c643fc25c.jpg?ver=1777051911","caption":"Tuzla Info"}}]}},"_links":{"self":[{"href":"https:\/\/tuzlainfo.ba\/index.php\/wp-json\/wp\/v2\/posts\/285457"}],"collection":[{"href":"https:\/\/tuzlainfo.ba\/index.php\/wp-json\/wp\/v2\/posts"}],"about":[{"href":"https:\/\/tuzlainfo.ba\/index.php\/wp-json\/wp\/v2\/types\/post"}],"author":[{"embeddable":true,"href":"https:\/\/tuzlainfo.ba\/index.php\/wp-json\/wp\/v2\/users\/4"}],"replies":[{"embeddable":true,"href":"https:\/\/tuzlainfo.ba\/index.php\/wp-json\/wp\/v2\/comments?post=285457"}],"version-history":[{"count":3,"href":"https:\/\/tuzlainfo.ba\/index.php\/wp-json\/wp\/v2\/posts\/285457\/revisions"}],"predecessor-version":[{"id":285461,"href":"https:\/\/tuzlainfo.ba\/index.php\/wp-json\/wp\/v2\/posts\/285457\/revisions\/285461"}],"wp:featuredmedia":[{"embeddable":true,"href":"https:\/\/tuzlainfo.ba\/index.php\/wp-json\/wp\/v2\/media\/268325"}],"wp:attachment":[{"href":"https:\/\/tuzlainfo.ba\/index.php\/wp-json\/wp\/v2\/media?parent=285457"}],"wp:term":[{"taxonomy":"category","embeddable":true,"href":"https:\/\/tuzlainfo.ba\/index.php\/wp-json\/wp\/v2\/categories?post=285457"},{"taxonomy":"post_tag","embeddable":true,"href":"https:\/\/tuzlainfo.ba\/index.php\/wp-json\/wp\/v2\/tags?post=285457"}],"curies":[{"name":"wp","href":"https:\/\/api.w.org\/{rel}","templated":true}]}}