{"id":284806,"date":"2025-10-29T13:29:57","date_gmt":"2025-10-29T12:29:57","guid":{"rendered":"https:\/\/tuzlainfo.ba\/?p=284806"},"modified":"2025-10-29T13:29:31","modified_gmt":"2025-10-29T12:29:31","slug":"profesor-iz-zivinica-medju-uhapsenima-zbog-sumnje-u-navodjenje-na-prostituciju","status":"publish","type":"post","link":"https:\/\/tuzlainfo.ba\/index.php\/novosti\/item\/284806-profesor-iz-zivinica-medju-uhapsenima-zbog-sumnje-u-navodjenje-na-prostituciju\/","title":{"rendered":"Profesor iz \u017divinica me\u0111u uhap\u0161enima zbog sumnje u navo\u0111enje na prostituciju"},"content":{"rendered":"<p data-start=\"61\" data-end=\"354\">Biv\u0161i dr\u017eavni zastupnik i univerzitetski profesor iz \u017divinica Zijad Jagodi\u0107 jedan je od uhap\u0161enih u policijskoj akciji koja je jutros izvr\u0161ena u Tuzlanskom kantonu zbog sumnje u navo\u0111enje na prostituciju. Tom prilikom je razbijena lanac osoba koje su navodile maloljetne osobe na prostituciju.<\/p>\n<p data-start=\"356\" data-end=\"742\">Kako je Klix.ba ranije objavio, ukupno sedam osoba je uhap\u0161eno u policijskoj akciji koja je izvedena na podru\u010dju \u017divinica, Kalesije i Banovi\u0107a, a me\u0111u njima su i \u010detiri policijska slu\u017ebenika. Oni se terete za krivi\u010dno djelo trgovine ljudima, a prema navodima iz istrage do kojih je do\u0161ao Klix.ba, konkretno im se na teret stavlja podvo\u0111enje osoba na prostituciju, uglavnom maloljetnica.<\/p>\n<p data-start=\"744\" data-end=\"1123\">Kako je za Klix.ba potvr\u0111eno iz policijske istrage, u akciji je uhap\u0161en i biv\u0161i dr\u017eavni zastupnik i univerzitetski profesor iz \u017divinica Zijad Jagodi\u0107. On je ranije bio dugogodi\u0161nji \u010dlan SDA, a nakon toga je bio jedan od u\u010desnika u formiranju PDA. Trenutno se nalazi na poziciji profesora u Evropskom univerzitetu u Br\u010dkom, a osim njega uhap\u0161ena su i \u010detiri policijska slu\u017ebenika.<\/p>\n<p data-start=\"1125\" data-end=\"1365\">U pitanju su inspektor Policijske uprave Kalesija Besim Klopi\u0107, na\u010delnik Odjeljenja kriminalisti\u010dke policije Policijske uprave \u017divinice Miralem Halilovi\u0107 te policijski slu\u017ebenici iz Policijske uprave \u017divinice Jasmin Modri\u0107 i D\u017eevad Po\u017eegi\u0107.<\/p>\n<p data-start=\"1367\" data-end=\"1795\">Me\u0111u maloljetnicama za koje postoji sumnja da ih je sedam osoba navodilo na prostituciju se nalazi i nekoliko \u0161ti\u0107enica prihvatili\u0161ta koje je u sklopu Doma za djecu bez roditeljskog staranja u Tuzli. Kako je za Klix.ba nezvani\u010dno potvr\u0111eno iz istrage, ove \u0161ti\u0107enice su se navodno iskradale iz prostorija doma, odnosno prihvatili\u0161ta, a kao paravan za obavljanje ilegalnog bavljenja prostitucijom, predstavljane su kao konobarice.<\/p>\n<p data-start=\"1797\" data-end=\"1902\">Kao jedna od lokacija u kojima su vr\u0161ene ilegalne radnje se navodi privatni pansion na podru\u010dju \u017divinica.<\/p>\n","protected":false},"excerpt":{"rendered":"<p>Biv\u0161i dr\u017eavni zastupnik i univerzitetski profesor iz \u017divinica Zijad Jagodi\u0107 jedan je od uhap\u0161enih u&hellip;<\/p>\n","protected":false},"author":4,"featured_media":163359,"comment_status":"closed","ping_status":"closed","sticky":false,"template":"","format":"standard","meta":{"_acf_changed":false,"footnotes":""},"categories":[304,12],"tags":[2109,482,3370,12940],"acf":[],"yoast_head":"<!-- This site is optimized with the Yoast SEO plugin v23.5 - https:\/\/yoast.com\/wordpress\/plugins\/seo\/ -->\n<title>Profesor iz \u017divinica me\u0111u uhap\u0161enima zbog sumnje u navo\u0111enje na prostituciju - TuzlaInfo.ba<\/title>\n<meta name=\"robots\" content=\"index, follow, max-snippet:-1, max-image-preview:large, max-video-preview:-1\" \/>\n<link rel=\"canonical\" href=\"https:\/\/tuzlainfo.ba\/index.php\/novosti\/item\/284806-profesor-iz-zivinica-medju-uhapsenima-zbog-sumnje-u-navodjenje-na-prostituciju\/\" \/>\n<meta property=\"og:locale\" content=\"bs_BA\" \/>\n<meta property=\"og:type\" content=\"article\" \/>\n<meta property=\"og:title\" content=\"Profesor iz \u017divinica me\u0111u uhap\u0161enima zbog sumnje u navo\u0111enje na prostituciju - TuzlaInfo.ba\" \/>\n<meta property=\"og:description\" content=\"Biv\u0161i dr\u017eavni zastupnik i univerzitetski profesor iz \u017divinica Zijad Jagodi\u0107 jedan je od uhap\u0161enih u&hellip;\" \/>\n<meta property=\"og:url\" content=\"https:\/\/tuzlainfo.ba\/index.php\/novosti\/item\/284806-profesor-iz-zivinica-medju-uhapsenima-zbog-sumnje-u-navodjenje-na-prostituciju\/\" \/>\n<meta property=\"og:site_name\" content=\"TuzlaInfo.ba\" \/>\n<meta property=\"article:publisher\" content=\"https:\/\/www.facebook.com\/tuzlainfo.ba\/\" \/>\n<meta property=\"article:published_time\" content=\"2025-10-29T12:29:57+00:00\" \/>\n<meta property=\"article:modified_time\" content=\"2025-10-29T12:29:31+00:00\" \/>\n<meta property=\"og:image\" content=\"https:\/\/tuzlainfo.ba\/wp-content\/uploads\/2022\/02\/0902-mup-tk-hapsenje.jpg\" \/>\n\t<meta property=\"og:image:width\" content=\"1920\" \/>\n\t<meta property=\"og:image:height\" content=\"1080\" \/>\n\t<meta property=\"og:image:type\" content=\"image\/jpeg\" \/>\n<meta name=\"author\" content=\"Tuzla Info\" \/>\n<meta name=\"twitter:card\" content=\"summary_large_image\" \/>\n<meta name=\"twitter:label1\" content=\"Written by\" \/>\n\t<meta name=\"twitter:data1\" content=\"Tuzla Info\" \/>\n\t<meta name=\"twitter:label2\" content=\"Est. reading time\" \/>\n\t<meta name=\"twitter:data2\" content=\"2 minute\" \/>\n<script type=\"application\/ld+json\" class=\"yoast-schema-graph\">{\"@context\":\"https:\/\/schema.org\",\"@graph\":[{\"@type\":\"Article\",\"@id\":\"https:\/\/tuzlainfo.ba\/index.php\/novosti\/item\/284806-profesor-iz-zivinica-medju-uhapsenima-zbog-sumnje-u-navodjenje-na-prostituciju\/#article\",\"isPartOf\":{\"@id\":\"https:\/\/tuzlainfo.ba\/index.php\/novosti\/item\/284806-profesor-iz-zivinica-medju-uhapsenima-zbog-sumnje-u-navodjenje-na-prostituciju\/\"},\"author\":{\"name\":\"Tuzla Info\",\"@id\":\"https:\/\/tuzlainfo.ba\/#\/schema\/person\/46cad4c57790cbc50781edd14870825a\"},\"headline\":\"Profesor iz \u017divinica me\u0111u uhap\u0161enima zbog sumnje u navo\u0111enje na prostituciju\",\"datePublished\":\"2025-10-29T12:29:57+00:00\",\"dateModified\":\"2025-10-29T12:29:31+00:00\",\"mainEntityOfPage\":{\"@id\":\"https:\/\/tuzlainfo.ba\/index.php\/novosti\/item\/284806-profesor-iz-zivinica-medju-uhapsenima-zbog-sumnje-u-navodjenje-na-prostituciju\/\"},\"wordCount\":328,\"publisher\":{\"@id\":\"https:\/\/tuzlainfo.ba\/#organization\"},\"image\":{\"@id\":\"https:\/\/tuzlainfo.ba\/index.php\/novosti\/item\/284806-profesor-iz-zivinica-medju-uhapsenima-zbog-sumnje-u-navodjenje-na-prostituciju\/#primaryimage\"},\"thumbnailUrl\":\"https:\/\/tuzlainfo.ba\/wp-content\/uploads\/2022\/02\/0902-mup-tk-hapsenje.jpg\",\"keywords\":[\"hap\u0161enje\",\"mup tk\",\"prostitucija\",\"zijad jagodi\u0107\"],\"articleSection\":[\"Istaknuto\",\"Novosti\"],\"inLanguage\":\"bs-BA\"},{\"@type\":\"WebPage\",\"@id\":\"https:\/\/tuzlainfo.ba\/index.php\/novosti\/item\/284806-profesor-iz-zivinica-medju-uhapsenima-zbog-sumnje-u-navodjenje-na-prostituciju\/\",\"url\":\"https:\/\/tuzlainfo.ba\/index.php\/novosti\/item\/284806-profesor-iz-zivinica-medju-uhapsenima-zbog-sumnje-u-navodjenje-na-prostituciju\/\",\"name\":\"Profesor iz \u017divinica me\u0111u uhap\u0161enima zbog sumnje u navo\u0111enje na prostituciju - TuzlaInfo.ba\",\"isPartOf\":{\"@id\":\"https:\/\/tuzlainfo.ba\/#website\"},\"primaryImageOfPage\":{\"@id\":\"https:\/\/tuzlainfo.ba\/index.php\/novosti\/item\/284806-profesor-iz-zivinica-medju-uhapsenima-zbog-sumnje-u-navodjenje-na-prostituciju\/#primaryimage\"},\"image\":{\"@id\":\"https:\/\/tuzlainfo.ba\/index.php\/novosti\/item\/284806-profesor-iz-zivinica-medju-uhapsenima-zbog-sumnje-u-navodjenje-na-prostituciju\/#primaryimage\"},\"thumbnailUrl\":\"https:\/\/tuzlainfo.ba\/wp-content\/uploads\/2022\/02\/0902-mup-tk-hapsenje.jpg\",\"datePublished\":\"2025-10-29T12:29:57+00:00\",\"dateModified\":\"2025-10-29T12:29:31+00:00\",\"breadcrumb\":{\"@id\":\"https:\/\/tuzlainfo.ba\/index.php\/novosti\/item\/284806-profesor-iz-zivinica-medju-uhapsenima-zbog-sumnje-u-navodjenje-na-prostituciju\/#breadcrumb\"},\"inLanguage\":\"bs-BA\",\"potentialAction\":[{\"@type\":\"ReadAction\",\"target\":[\"https:\/\/tuzlainfo.ba\/index.php\/novosti\/item\/284806-profesor-iz-zivinica-medju-uhapsenima-zbog-sumnje-u-navodjenje-na-prostituciju\/\"]}]},{\"@type\":\"ImageObject\",\"inLanguage\":\"bs-BA\",\"@id\":\"https:\/\/tuzlainfo.ba\/index.php\/novosti\/item\/284806-profesor-iz-zivinica-medju-uhapsenima-zbog-sumnje-u-navodjenje-na-prostituciju\/#primaryimage\",\"url\":\"https:\/\/tuzlainfo.ba\/wp-content\/uploads\/2022\/02\/0902-mup-tk-hapsenje.jpg\",\"contentUrl\":\"https:\/\/tuzlainfo.ba\/wp-content\/uploads\/2022\/02\/0902-mup-tk-hapsenje.jpg\",\"width\":1920,\"height\":1080,\"caption\":\"Foto: Arhiva\"},{\"@type\":\"BreadcrumbList\",\"@id\":\"https:\/\/tuzlainfo.ba\/index.php\/novosti\/item\/284806-profesor-iz-zivinica-medju-uhapsenima-zbog-sumnje-u-navodjenje-na-prostituciju\/#breadcrumb\",\"itemListElement\":[{\"@type\":\"ListItem\",\"position\":1,\"name\":\"Home\",\"item\":\"https:\/\/tuzlainfo.ba\/\"},{\"@type\":\"ListItem\",\"position\":2,\"name\":\"Profesor iz \u017divinica me\u0111u uhap\u0161enima zbog sumnje u navo\u0111enje na prostituciju\"}]},{\"@type\":\"WebSite\",\"@id\":\"https:\/\/tuzlainfo.ba\/#website\",\"url\":\"https:\/\/tuzlainfo.ba\/\",\"name\":\"TuzlaInfo.ba\",\"description\":\"Tuzla info, gradski informator - Tuzla na dlanu\",\"publisher\":{\"@id\":\"https:\/\/tuzlainfo.ba\/#organization\"},\"potentialAction\":[{\"@type\":\"SearchAction\",\"target\":{\"@type\":\"EntryPoint\",\"urlTemplate\":\"https:\/\/tuzlainfo.ba\/?s={search_term_string}\"},\"query-input\":{\"@type\":\"PropertyValueSpecification\",\"valueRequired\":true,\"valueName\":\"search_term_string\"}}],\"inLanguage\":\"bs-BA\"},{\"@type\":\"Organization\",\"@id\":\"https:\/\/tuzlainfo.ba\/#organization\",\"name\":\"TuzlaInfo.ba\",\"url\":\"https:\/\/tuzlainfo.ba\/\",\"logo\":{\"@type\":\"ImageObject\",\"inLanguage\":\"bs-BA\",\"@id\":\"https:\/\/tuzlainfo.ba\/#\/schema\/logo\/image\/\",\"url\":\"https:\/\/tuzlainfo.ba\/wp-content\/uploads\/2021\/03\/logo-ver-3-1.png\",\"contentUrl\":\"https:\/\/tuzlainfo.ba\/wp-content\/uploads\/2021\/03\/logo-ver-3-1.png\",\"width\":350,\"height\":95,\"caption\":\"TuzlaInfo.ba\"},\"image\":{\"@id\":\"https:\/\/tuzlainfo.ba\/#\/schema\/logo\/image\/\"},\"sameAs\":[\"https:\/\/www.facebook.com\/tuzlainfo.ba\/\"]},{\"@type\":\"Person\",\"@id\":\"https:\/\/tuzlainfo.ba\/#\/schema\/person\/46cad4c57790cbc50781edd14870825a\",\"name\":\"Tuzla Info\",\"image\":{\"@type\":\"ImageObject\",\"inLanguage\":\"bs-BA\",\"@id\":\"https:\/\/tuzlainfo.ba\/#\/schema\/person\/image\/\",\"url\":\"https:\/\/tuzlainfo.ba\/wp-content\/litespeed\/avatar\/b6c453a6c38e3654f2e4416c643fc25c.jpg?ver=1777656712\",\"contentUrl\":\"https:\/\/tuzlainfo.ba\/wp-content\/litespeed\/avatar\/b6c453a6c38e3654f2e4416c643fc25c.jpg?ver=1777656712\",\"caption\":\"Tuzla Info\"}}]}<\/script>\n<!-- \/ Yoast SEO plugin. -->","yoast_head_json":{"title":"Profesor iz \u017divinica me\u0111u uhap\u0161enima zbog sumnje u navo\u0111enje na prostituciju - TuzlaInfo.ba","robots":{"index":"index","follow":"follow","max-snippet":"max-snippet:-1","max-image-preview":"max-image-preview:large","max-video-preview":"max-video-preview:-1"},"canonical":"https:\/\/tuzlainfo.ba\/index.php\/novosti\/item\/284806-profesor-iz-zivinica-medju-uhapsenima-zbog-sumnje-u-navodjenje-na-prostituciju\/","og_locale":"bs_BA","og_type":"article","og_title":"Profesor iz \u017divinica me\u0111u uhap\u0161enima zbog sumnje u navo\u0111enje na prostituciju - TuzlaInfo.ba","og_description":"Biv\u0161i dr\u017eavni zastupnik i univerzitetski profesor iz \u017divinica Zijad Jagodi\u0107 jedan je od uhap\u0161enih u&hellip;","og_url":"https:\/\/tuzlainfo.ba\/index.php\/novosti\/item\/284806-profesor-iz-zivinica-medju-uhapsenima-zbog-sumnje-u-navodjenje-na-prostituciju\/","og_site_name":"TuzlaInfo.ba","article_publisher":"https:\/\/www.facebook.com\/tuzlainfo.ba\/","article_published_time":"2025-10-29T12:29:57+00:00","article_modified_time":"2025-10-29T12:29:31+00:00","og_image":[{"width":1920,"height":1080,"url":"https:\/\/tuzlainfo.ba\/wp-content\/uploads\/2022\/02\/0902-mup-tk-hapsenje.jpg","type":"image\/jpeg"}],"author":"Tuzla Info","twitter_card":"summary_large_image","twitter_misc":{"Written by":"Tuzla Info","Est. reading time":"2 minute"},"schema":{"@context":"https:\/\/schema.org","@graph":[{"@type":"Article","@id":"https:\/\/tuzlainfo.ba\/index.php\/novosti\/item\/284806-profesor-iz-zivinica-medju-uhapsenima-zbog-sumnje-u-navodjenje-na-prostituciju\/#article","isPartOf":{"@id":"https:\/\/tuzlainfo.ba\/index.php\/novosti\/item\/284806-profesor-iz-zivinica-medju-uhapsenima-zbog-sumnje-u-navodjenje-na-prostituciju\/"},"author":{"name":"Tuzla Info","@id":"https:\/\/tuzlainfo.ba\/#\/schema\/person\/46cad4c57790cbc50781edd14870825a"},"headline":"Profesor iz \u017divinica me\u0111u uhap\u0161enima zbog sumnje u navo\u0111enje na prostituciju","datePublished":"2025-10-29T12:29:57+00:00","dateModified":"2025-10-29T12:29:31+00:00","mainEntityOfPage":{"@id":"https:\/\/tuzlainfo.ba\/index.php\/novosti\/item\/284806-profesor-iz-zivinica-medju-uhapsenima-zbog-sumnje-u-navodjenje-na-prostituciju\/"},"wordCount":328,"publisher":{"@id":"https:\/\/tuzlainfo.ba\/#organization"},"image":{"@id":"https:\/\/tuzlainfo.ba\/index.php\/novosti\/item\/284806-profesor-iz-zivinica-medju-uhapsenima-zbog-sumnje-u-navodjenje-na-prostituciju\/#primaryimage"},"thumbnailUrl":"https:\/\/tuzlainfo.ba\/wp-content\/uploads\/2022\/02\/0902-mup-tk-hapsenje.jpg","keywords":["hap\u0161enje","mup tk","prostitucija","zijad jagodi\u0107"],"articleSection":["Istaknuto","Novosti"],"inLanguage":"bs-BA"},{"@type":"WebPage","@id":"https:\/\/tuzlainfo.ba\/index.php\/novosti\/item\/284806-profesor-iz-zivinica-medju-uhapsenima-zbog-sumnje-u-navodjenje-na-prostituciju\/","url":"https:\/\/tuzlainfo.ba\/index.php\/novosti\/item\/284806-profesor-iz-zivinica-medju-uhapsenima-zbog-sumnje-u-navodjenje-na-prostituciju\/","name":"Profesor iz \u017divinica me\u0111u uhap\u0161enima zbog sumnje u navo\u0111enje na prostituciju - TuzlaInfo.ba","isPartOf":{"@id":"https:\/\/tuzlainfo.ba\/#website"},"primaryImageOfPage":{"@id":"https:\/\/tuzlainfo.ba\/index.php\/novosti\/item\/284806-profesor-iz-zivinica-medju-uhapsenima-zbog-sumnje-u-navodjenje-na-prostituciju\/#primaryimage"},"image":{"@id":"https:\/\/tuzlainfo.ba\/index.php\/novosti\/item\/284806-profesor-iz-zivinica-medju-uhapsenima-zbog-sumnje-u-navodjenje-na-prostituciju\/#primaryimage"},"thumbnailUrl":"https:\/\/tuzlainfo.ba\/wp-content\/uploads\/2022\/02\/0902-mup-tk-hapsenje.jpg","datePublished":"2025-10-29T12:29:57+00:00","dateModified":"2025-10-29T12:29:31+00:00","breadcrumb":{"@id":"https:\/\/tuzlainfo.ba\/index.php\/novosti\/item\/284806-profesor-iz-zivinica-medju-uhapsenima-zbog-sumnje-u-navodjenje-na-prostituciju\/#breadcrumb"},"inLanguage":"bs-BA","potentialAction":[{"@type":"ReadAction","target":["https:\/\/tuzlainfo.ba\/index.php\/novosti\/item\/284806-profesor-iz-zivinica-medju-uhapsenima-zbog-sumnje-u-navodjenje-na-prostituciju\/"]}]},{"@type":"ImageObject","inLanguage":"bs-BA","@id":"https:\/\/tuzlainfo.ba\/index.php\/novosti\/item\/284806-profesor-iz-zivinica-medju-uhapsenima-zbog-sumnje-u-navodjenje-na-prostituciju\/#primaryimage","url":"https:\/\/tuzlainfo.ba\/wp-content\/uploads\/2022\/02\/0902-mup-tk-hapsenje.jpg","contentUrl":"https:\/\/tuzlainfo.ba\/wp-content\/uploads\/2022\/02\/0902-mup-tk-hapsenje.jpg","width":1920,"height":1080,"caption":"Foto: Arhiva"},{"@type":"BreadcrumbList","@id":"https:\/\/tuzlainfo.ba\/index.php\/novosti\/item\/284806-profesor-iz-zivinica-medju-uhapsenima-zbog-sumnje-u-navodjenje-na-prostituciju\/#breadcrumb","itemListElement":[{"@type":"ListItem","position":1,"name":"Home","item":"https:\/\/tuzlainfo.ba\/"},{"@type":"ListItem","position":2,"name":"Profesor iz \u017divinica me\u0111u uhap\u0161enima zbog sumnje u navo\u0111enje na prostituciju"}]},{"@type":"WebSite","@id":"https:\/\/tuzlainfo.ba\/#website","url":"https:\/\/tuzlainfo.ba\/","name":"TuzlaInfo.ba","description":"Tuzla info, gradski informator - Tuzla na dlanu","publisher":{"@id":"https:\/\/tuzlainfo.ba\/#organization"},"potentialAction":[{"@type":"SearchAction","target":{"@type":"EntryPoint","urlTemplate":"https:\/\/tuzlainfo.ba\/?s={search_term_string}"},"query-input":{"@type":"PropertyValueSpecification","valueRequired":true,"valueName":"search_term_string"}}],"inLanguage":"bs-BA"},{"@type":"Organization","@id":"https:\/\/tuzlainfo.ba\/#organization","name":"TuzlaInfo.ba","url":"https:\/\/tuzlainfo.ba\/","logo":{"@type":"ImageObject","inLanguage":"bs-BA","@id":"https:\/\/tuzlainfo.ba\/#\/schema\/logo\/image\/","url":"https:\/\/tuzlainfo.ba\/wp-content\/uploads\/2021\/03\/logo-ver-3-1.png","contentUrl":"https:\/\/tuzlainfo.ba\/wp-content\/uploads\/2021\/03\/logo-ver-3-1.png","width":350,"height":95,"caption":"TuzlaInfo.ba"},"image":{"@id":"https:\/\/tuzlainfo.ba\/#\/schema\/logo\/image\/"},"sameAs":["https:\/\/www.facebook.com\/tuzlainfo.ba\/"]},{"@type":"Person","@id":"https:\/\/tuzlainfo.ba\/#\/schema\/person\/46cad4c57790cbc50781edd14870825a","name":"Tuzla Info","image":{"@type":"ImageObject","inLanguage":"bs-BA","@id":"https:\/\/tuzlainfo.ba\/#\/schema\/person\/image\/","url":"https:\/\/tuzlainfo.ba\/wp-content\/litespeed\/avatar\/b6c453a6c38e3654f2e4416c643fc25c.jpg?ver=1777656712","contentUrl":"https:\/\/tuzlainfo.ba\/wp-content\/litespeed\/avatar\/b6c453a6c38e3654f2e4416c643fc25c.jpg?ver=1777656712","caption":"Tuzla Info"}}]}},"_links":{"self":[{"href":"https:\/\/tuzlainfo.ba\/index.php\/wp-json\/wp\/v2\/posts\/284806"}],"collection":[{"href":"https:\/\/tuzlainfo.ba\/index.php\/wp-json\/wp\/v2\/posts"}],"about":[{"href":"https:\/\/tuzlainfo.ba\/index.php\/wp-json\/wp\/v2\/types\/post"}],"author":[{"embeddable":true,"href":"https:\/\/tuzlainfo.ba\/index.php\/wp-json\/wp\/v2\/users\/4"}],"replies":[{"embeddable":true,"href":"https:\/\/tuzlainfo.ba\/index.php\/wp-json\/wp\/v2\/comments?post=284806"}],"version-history":[{"count":1,"href":"https:\/\/tuzlainfo.ba\/index.php\/wp-json\/wp\/v2\/posts\/284806\/revisions"}],"predecessor-version":[{"id":284810,"href":"https:\/\/tuzlainfo.ba\/index.php\/wp-json\/wp\/v2\/posts\/284806\/revisions\/284810"}],"wp:featuredmedia":[{"embeddable":true,"href":"https:\/\/tuzlainfo.ba\/index.php\/wp-json\/wp\/v2\/media\/163359"}],"wp:attachment":[{"href":"https:\/\/tuzlainfo.ba\/index.php\/wp-json\/wp\/v2\/media?parent=284806"}],"wp:term":[{"taxonomy":"category","embeddable":true,"href":"https:\/\/tuzlainfo.ba\/index.php\/wp-json\/wp\/v2\/categories?post=284806"},{"taxonomy":"post_tag","embeddable":true,"href":"https:\/\/tuzlainfo.ba\/index.php\/wp-json\/wp\/v2\/tags?post=284806"}],"curies":[{"name":"wp","href":"https:\/\/api.w.org\/{rel}","templated":true}]}}