{"id":284791,"date":"2025-10-29T16:10:03","date_gmt":"2025-10-29T15:10:03","guid":{"rendered":"https:\/\/tuzlainfo.ba\/?p=284791"},"modified":"2025-10-29T15:04:22","modified_gmt":"2025-10-29T14:04:22","slug":"obuka-u-pet-modula-direktori-skola-u-tk-jacaju-upravljacke-vjestine","status":"publish","type":"post","link":"https:\/\/tuzlainfo.ba\/index.php\/novosti\/item\/284791-obuka-u-pet-modula-direktori-skola-u-tk-jacaju-upravljacke-vjestine\/","title":{"rendered":"Obuka u pet modula: Direktori \u0161kola u TK ja\u010daju upravlja\u010dke vje\u0161tine"},"content":{"rendered":"<p>Ministar obrazovanja i nauke Tuzlanskog kantona Ahmed Omerovi\u0107 prisustvovao je dana\u0161njem stru\u010dnom savjetovanju za direktore osnovnih i srednjih \u0161kola Tuzlanskog kantona. Skup je organizirao Pedago\u0161ki zavod TK, a ima za cilj unaprje\u0111enje rada odgojno-obrazovnih ustanova. Ministarstvo obrazovanja i nauke Tuzlanskog kantona kontinuirano pru\u017ea podr\u0161ku svim stru\u010dnim usavr\u0161avanjima.<\/p>\n<p>&#8211; Posebno je va\u017eno da imamo adekvatna i kvalitetna stru\u010dna usavr\u0161avanja i za rukovodstva \u0161kola. Govorimo to jer smo u proteklom periodu donijeli niz novih propisa. Puno je i novih regulativa, puno je nove legislative gdje direktori svakodnevno odlu\u010duju o razli\u010ditim pravima ne samo radnika, nego su u to uklju\u010deni i roditelji i u\u010denici te je neophodno da direktori imaju adekvatno stru\u010dno usavr\u0161avanje i da steknu dodatne kompetencije da bi na najbolji na\u010din odgovorili izazovima sa kojima se suo\u010davaju &#8211; kazao je ministar Omerovi\u0107.<\/p>\n<p>Obuka je prvenstveno namijenjena direktorima, koji su u prvom mandatu. Bit \u0107e realizirana u dvije grupe i kroz pet modula.<\/p>\n<p>Stru\u010dni savjetnik za obrazovanje i jedna od koordinatora obuke direktora osnovnih i srednjih \u0161kola TK Alma \u0160ehanovi\u0107 nagla\u0161ava da \u0107e direktori imati priliku kroz plenarna predavanja i interaktivne radionice pro\u0107i kroz sve segmente, razmijeniti li\u010dna iskustva te tra\u017eiti savjet za eventualne nedoumice i nejasno\u0107e.<\/p>\n<p>&#8211; Zaista smo nastojali da pro\u0111emo kroz sve bitne segmente vo\u0111enja odgojno obrazovne ustanove, po\u010dev\u0161i od osiguranja zakonitosti rada ustanove preko planirane organizacije rada u \u0161koli, sve do upravljanja materijalnim resursima i sredstvima, rekla je savjetnica \u0160ehanovi\u0107.<\/p>\n<p>Takav vid obuke korisnim smatra i direktor Osnovne \u0161kole &#8216;Sjenjak&#8217; Tuzla Alis Begi\u0107.<\/p>\n<p>&#8211; Seminar je, obzirom na predava\u010de koji smo imali, bio od koristi za sve direktore, kako u mandatu tako i direktore koji imaju malo vi\u0161e iskustva u radu &#8211; kazao je direktor Begi\u0107, saop\u0107eno je iz\u00a0Odjeljenja za informisanje TK.<\/p>\n","protected":false},"excerpt":{"rendered":"<p>Ministar obrazovanja i nauke Tuzlanskog kantona Ahmed Omerovi\u0107 prisustvovao je dana\u0161njem stru\u010dnom savjetovanju za direktore&hellip;<\/p>\n","protected":false},"author":4,"featured_media":284792,"comment_status":"closed","ping_status":"closed","sticky":false,"template":"","format":"standard","meta":{"_acf_changed":false,"footnotes":""},"categories":[304,12],"tags":[2993,1416,360],"acf":[],"yoast_head":"<!-- This site is optimized with the Yoast SEO plugin v23.5 - https:\/\/yoast.com\/wordpress\/plugins\/seo\/ -->\n<title>Obuka u pet modula: Direktori \u0161kola u TK ja\u010daju upravlja\u010dke vje\u0161tine - TuzlaInfo.ba<\/title>\n<meta name=\"robots\" content=\"index, follow, max-snippet:-1, max-image-preview:large, max-video-preview:-1\" \/>\n<link rel=\"canonical\" href=\"https:\/\/tuzlainfo.ba\/index.php\/novosti\/item\/284791-obuka-u-pet-modula-direktori-skola-u-tk-jacaju-upravljacke-vjestine\/\" \/>\n<meta property=\"og:locale\" content=\"bs_BA\" \/>\n<meta property=\"og:type\" content=\"article\" \/>\n<meta property=\"og:title\" content=\"Obuka u pet modula: Direktori \u0161kola u TK ja\u010daju upravlja\u010dke vje\u0161tine - TuzlaInfo.ba\" \/>\n<meta property=\"og:description\" content=\"Ministar obrazovanja i nauke Tuzlanskog kantona Ahmed Omerovi\u0107 prisustvovao je dana\u0161njem stru\u010dnom savjetovanju za direktore&hellip;\" \/>\n<meta property=\"og:url\" content=\"https:\/\/tuzlainfo.ba\/index.php\/novosti\/item\/284791-obuka-u-pet-modula-direktori-skola-u-tk-jacaju-upravljacke-vjestine\/\" \/>\n<meta property=\"og:site_name\" content=\"TuzlaInfo.ba\" \/>\n<meta property=\"article:publisher\" content=\"https:\/\/www.facebook.com\/tuzlainfo.ba\/\" \/>\n<meta property=\"article:published_time\" content=\"2025-10-29T15:10:03+00:00\" \/>\n<meta property=\"article:modified_time\" content=\"2025-10-29T14:04:22+00:00\" \/>\n<meta property=\"og:image\" content=\"https:\/\/tuzlainfo.ba\/wp-content\/uploads\/2025\/10\/l_41d42d7eb98c4d590406aa58f29499c7.jpg\" \/>\n\t<meta property=\"og:image:width\" content=\"1024\" \/>\n\t<meta property=\"og:image:height\" content=\"683\" \/>\n\t<meta property=\"og:image:type\" content=\"image\/jpeg\" \/>\n<meta name=\"author\" content=\"Tuzla Info\" \/>\n<meta name=\"twitter:card\" content=\"summary_large_image\" \/>\n<meta name=\"twitter:label1\" content=\"Written by\" \/>\n\t<meta name=\"twitter:data1\" content=\"Tuzla Info\" \/>\n\t<meta name=\"twitter:label2\" content=\"Est. reading time\" \/>\n\t<meta name=\"twitter:data2\" content=\"2 minute\" \/>\n<script type=\"application\/ld+json\" class=\"yoast-schema-graph\">{\"@context\":\"https:\/\/schema.org\",\"@graph\":[{\"@type\":\"Article\",\"@id\":\"https:\/\/tuzlainfo.ba\/index.php\/novosti\/item\/284791-obuka-u-pet-modula-direktori-skola-u-tk-jacaju-upravljacke-vjestine\/#article\",\"isPartOf\":{\"@id\":\"https:\/\/tuzlainfo.ba\/index.php\/novosti\/item\/284791-obuka-u-pet-modula-direktori-skola-u-tk-jacaju-upravljacke-vjestine\/\"},\"author\":{\"name\":\"Tuzla Info\",\"@id\":\"https:\/\/tuzlainfo.ba\/#\/schema\/person\/46cad4c57790cbc50781edd14870825a\"},\"headline\":\"Obuka u pet modula: Direktori \u0161kola u TK ja\u010daju upravlja\u010dke vje\u0161tine\",\"datePublished\":\"2025-10-29T15:10:03+00:00\",\"dateModified\":\"2025-10-29T14:04:22+00:00\",\"mainEntityOfPage\":{\"@id\":\"https:\/\/tuzlainfo.ba\/index.php\/novosti\/item\/284791-obuka-u-pet-modula-direktori-skola-u-tk-jacaju-upravljacke-vjestine\/\"},\"wordCount\":331,\"publisher\":{\"@id\":\"https:\/\/tuzlainfo.ba\/#organization\"},\"image\":{\"@id\":\"https:\/\/tuzlainfo.ba\/index.php\/novosti\/item\/284791-obuka-u-pet-modula-direktori-skola-u-tk-jacaju-upravljacke-vjestine\/#primaryimage\"},\"thumbnailUrl\":\"https:\/\/tuzlainfo.ba\/wp-content\/uploads\/2025\/10\/l_41d42d7eb98c4d590406aa58f29499c7.jpg\",\"keywords\":[\"Obuka\",\"\u0161kole\",\"tuzlanski kanton\"],\"articleSection\":[\"Istaknuto\",\"Novosti\"],\"inLanguage\":\"bs-BA\"},{\"@type\":\"WebPage\",\"@id\":\"https:\/\/tuzlainfo.ba\/index.php\/novosti\/item\/284791-obuka-u-pet-modula-direktori-skola-u-tk-jacaju-upravljacke-vjestine\/\",\"url\":\"https:\/\/tuzlainfo.ba\/index.php\/novosti\/item\/284791-obuka-u-pet-modula-direktori-skola-u-tk-jacaju-upravljacke-vjestine\/\",\"name\":\"Obuka u pet modula: Direktori \u0161kola u TK ja\u010daju upravlja\u010dke vje\u0161tine - TuzlaInfo.ba\",\"isPartOf\":{\"@id\":\"https:\/\/tuzlainfo.ba\/#website\"},\"primaryImageOfPage\":{\"@id\":\"https:\/\/tuzlainfo.ba\/index.php\/novosti\/item\/284791-obuka-u-pet-modula-direktori-skola-u-tk-jacaju-upravljacke-vjestine\/#primaryimage\"},\"image\":{\"@id\":\"https:\/\/tuzlainfo.ba\/index.php\/novosti\/item\/284791-obuka-u-pet-modula-direktori-skola-u-tk-jacaju-upravljacke-vjestine\/#primaryimage\"},\"thumbnailUrl\":\"https:\/\/tuzlainfo.ba\/wp-content\/uploads\/2025\/10\/l_41d42d7eb98c4d590406aa58f29499c7.jpg\",\"datePublished\":\"2025-10-29T15:10:03+00:00\",\"dateModified\":\"2025-10-29T14:04:22+00:00\",\"breadcrumb\":{\"@id\":\"https:\/\/tuzlainfo.ba\/index.php\/novosti\/item\/284791-obuka-u-pet-modula-direktori-skola-u-tk-jacaju-upravljacke-vjestine\/#breadcrumb\"},\"inLanguage\":\"bs-BA\",\"potentialAction\":[{\"@type\":\"ReadAction\",\"target\":[\"https:\/\/tuzlainfo.ba\/index.php\/novosti\/item\/284791-obuka-u-pet-modula-direktori-skola-u-tk-jacaju-upravljacke-vjestine\/\"]}]},{\"@type\":\"ImageObject\",\"inLanguage\":\"bs-BA\",\"@id\":\"https:\/\/tuzlainfo.ba\/index.php\/novosti\/item\/284791-obuka-u-pet-modula-direktori-skola-u-tk-jacaju-upravljacke-vjestine\/#primaryimage\",\"url\":\"https:\/\/tuzlainfo.ba\/wp-content\/uploads\/2025\/10\/l_41d42d7eb98c4d590406aa58f29499c7.jpg\",\"contentUrl\":\"https:\/\/tuzlainfo.ba\/wp-content\/uploads\/2025\/10\/l_41d42d7eb98c4d590406aa58f29499c7.jpg\",\"width\":1024,\"height\":683},{\"@type\":\"BreadcrumbList\",\"@id\":\"https:\/\/tuzlainfo.ba\/index.php\/novosti\/item\/284791-obuka-u-pet-modula-direktori-skola-u-tk-jacaju-upravljacke-vjestine\/#breadcrumb\",\"itemListElement\":[{\"@type\":\"ListItem\",\"position\":1,\"name\":\"Home\",\"item\":\"https:\/\/tuzlainfo.ba\/\"},{\"@type\":\"ListItem\",\"position\":2,\"name\":\"Obuka u pet modula: Direktori \u0161kola u TK ja\u010daju upravlja\u010dke vje\u0161tine\"}]},{\"@type\":\"WebSite\",\"@id\":\"https:\/\/tuzlainfo.ba\/#website\",\"url\":\"https:\/\/tuzlainfo.ba\/\",\"name\":\"TuzlaInfo.ba\",\"description\":\"Tuzla info, gradski informator - Tuzla na dlanu\",\"publisher\":{\"@id\":\"https:\/\/tuzlainfo.ba\/#organization\"},\"potentialAction\":[{\"@type\":\"SearchAction\",\"target\":{\"@type\":\"EntryPoint\",\"urlTemplate\":\"https:\/\/tuzlainfo.ba\/?s={search_term_string}\"},\"query-input\":{\"@type\":\"PropertyValueSpecification\",\"valueRequired\":true,\"valueName\":\"search_term_string\"}}],\"inLanguage\":\"bs-BA\"},{\"@type\":\"Organization\",\"@id\":\"https:\/\/tuzlainfo.ba\/#organization\",\"name\":\"TuzlaInfo.ba\",\"url\":\"https:\/\/tuzlainfo.ba\/\",\"logo\":{\"@type\":\"ImageObject\",\"inLanguage\":\"bs-BA\",\"@id\":\"https:\/\/tuzlainfo.ba\/#\/schema\/logo\/image\/\",\"url\":\"https:\/\/tuzlainfo.ba\/wp-content\/uploads\/2021\/03\/logo-ver-3-1.png\",\"contentUrl\":\"https:\/\/tuzlainfo.ba\/wp-content\/uploads\/2021\/03\/logo-ver-3-1.png\",\"width\":350,\"height\":95,\"caption\":\"TuzlaInfo.ba\"},\"image\":{\"@id\":\"https:\/\/tuzlainfo.ba\/#\/schema\/logo\/image\/\"},\"sameAs\":[\"https:\/\/www.facebook.com\/tuzlainfo.ba\/\"]},{\"@type\":\"Person\",\"@id\":\"https:\/\/tuzlainfo.ba\/#\/schema\/person\/46cad4c57790cbc50781edd14870825a\",\"name\":\"Tuzla Info\",\"image\":{\"@type\":\"ImageObject\",\"inLanguage\":\"bs-BA\",\"@id\":\"https:\/\/tuzlainfo.ba\/#\/schema\/person\/image\/\",\"url\":\"https:\/\/tuzlainfo.ba\/wp-content\/litespeed\/avatar\/b6c453a6c38e3654f2e4416c643fc25c.jpg?ver=1777051911\",\"contentUrl\":\"https:\/\/tuzlainfo.ba\/wp-content\/litespeed\/avatar\/b6c453a6c38e3654f2e4416c643fc25c.jpg?ver=1777051911\",\"caption\":\"Tuzla Info\"}}]}<\/script>\n<!-- \/ Yoast SEO plugin. -->","yoast_head_json":{"title":"Obuka u pet modula: Direktori \u0161kola u TK ja\u010daju upravlja\u010dke vje\u0161tine - TuzlaInfo.ba","robots":{"index":"index","follow":"follow","max-snippet":"max-snippet:-1","max-image-preview":"max-image-preview:large","max-video-preview":"max-video-preview:-1"},"canonical":"https:\/\/tuzlainfo.ba\/index.php\/novosti\/item\/284791-obuka-u-pet-modula-direktori-skola-u-tk-jacaju-upravljacke-vjestine\/","og_locale":"bs_BA","og_type":"article","og_title":"Obuka u pet modula: Direktori \u0161kola u TK ja\u010daju upravlja\u010dke vje\u0161tine - TuzlaInfo.ba","og_description":"Ministar obrazovanja i nauke Tuzlanskog kantona Ahmed Omerovi\u0107 prisustvovao je dana\u0161njem stru\u010dnom savjetovanju za direktore&hellip;","og_url":"https:\/\/tuzlainfo.ba\/index.php\/novosti\/item\/284791-obuka-u-pet-modula-direktori-skola-u-tk-jacaju-upravljacke-vjestine\/","og_site_name":"TuzlaInfo.ba","article_publisher":"https:\/\/www.facebook.com\/tuzlainfo.ba\/","article_published_time":"2025-10-29T15:10:03+00:00","article_modified_time":"2025-10-29T14:04:22+00:00","og_image":[{"width":1024,"height":683,"url":"https:\/\/tuzlainfo.ba\/wp-content\/uploads\/2025\/10\/l_41d42d7eb98c4d590406aa58f29499c7.jpg","type":"image\/jpeg"}],"author":"Tuzla Info","twitter_card":"summary_large_image","twitter_misc":{"Written by":"Tuzla Info","Est. reading time":"2 minute"},"schema":{"@context":"https:\/\/schema.org","@graph":[{"@type":"Article","@id":"https:\/\/tuzlainfo.ba\/index.php\/novosti\/item\/284791-obuka-u-pet-modula-direktori-skola-u-tk-jacaju-upravljacke-vjestine\/#article","isPartOf":{"@id":"https:\/\/tuzlainfo.ba\/index.php\/novosti\/item\/284791-obuka-u-pet-modula-direktori-skola-u-tk-jacaju-upravljacke-vjestine\/"},"author":{"name":"Tuzla Info","@id":"https:\/\/tuzlainfo.ba\/#\/schema\/person\/46cad4c57790cbc50781edd14870825a"},"headline":"Obuka u pet modula: Direktori \u0161kola u TK ja\u010daju upravlja\u010dke vje\u0161tine","datePublished":"2025-10-29T15:10:03+00:00","dateModified":"2025-10-29T14:04:22+00:00","mainEntityOfPage":{"@id":"https:\/\/tuzlainfo.ba\/index.php\/novosti\/item\/284791-obuka-u-pet-modula-direktori-skola-u-tk-jacaju-upravljacke-vjestine\/"},"wordCount":331,"publisher":{"@id":"https:\/\/tuzlainfo.ba\/#organization"},"image":{"@id":"https:\/\/tuzlainfo.ba\/index.php\/novosti\/item\/284791-obuka-u-pet-modula-direktori-skola-u-tk-jacaju-upravljacke-vjestine\/#primaryimage"},"thumbnailUrl":"https:\/\/tuzlainfo.ba\/wp-content\/uploads\/2025\/10\/l_41d42d7eb98c4d590406aa58f29499c7.jpg","keywords":["Obuka","\u0161kole","tuzlanski kanton"],"articleSection":["Istaknuto","Novosti"],"inLanguage":"bs-BA"},{"@type":"WebPage","@id":"https:\/\/tuzlainfo.ba\/index.php\/novosti\/item\/284791-obuka-u-pet-modula-direktori-skola-u-tk-jacaju-upravljacke-vjestine\/","url":"https:\/\/tuzlainfo.ba\/index.php\/novosti\/item\/284791-obuka-u-pet-modula-direktori-skola-u-tk-jacaju-upravljacke-vjestine\/","name":"Obuka u pet modula: Direktori \u0161kola u TK ja\u010daju upravlja\u010dke vje\u0161tine - TuzlaInfo.ba","isPartOf":{"@id":"https:\/\/tuzlainfo.ba\/#website"},"primaryImageOfPage":{"@id":"https:\/\/tuzlainfo.ba\/index.php\/novosti\/item\/284791-obuka-u-pet-modula-direktori-skola-u-tk-jacaju-upravljacke-vjestine\/#primaryimage"},"image":{"@id":"https:\/\/tuzlainfo.ba\/index.php\/novosti\/item\/284791-obuka-u-pet-modula-direktori-skola-u-tk-jacaju-upravljacke-vjestine\/#primaryimage"},"thumbnailUrl":"https:\/\/tuzlainfo.ba\/wp-content\/uploads\/2025\/10\/l_41d42d7eb98c4d590406aa58f29499c7.jpg","datePublished":"2025-10-29T15:10:03+00:00","dateModified":"2025-10-29T14:04:22+00:00","breadcrumb":{"@id":"https:\/\/tuzlainfo.ba\/index.php\/novosti\/item\/284791-obuka-u-pet-modula-direktori-skola-u-tk-jacaju-upravljacke-vjestine\/#breadcrumb"},"inLanguage":"bs-BA","potentialAction":[{"@type":"ReadAction","target":["https:\/\/tuzlainfo.ba\/index.php\/novosti\/item\/284791-obuka-u-pet-modula-direktori-skola-u-tk-jacaju-upravljacke-vjestine\/"]}]},{"@type":"ImageObject","inLanguage":"bs-BA","@id":"https:\/\/tuzlainfo.ba\/index.php\/novosti\/item\/284791-obuka-u-pet-modula-direktori-skola-u-tk-jacaju-upravljacke-vjestine\/#primaryimage","url":"https:\/\/tuzlainfo.ba\/wp-content\/uploads\/2025\/10\/l_41d42d7eb98c4d590406aa58f29499c7.jpg","contentUrl":"https:\/\/tuzlainfo.ba\/wp-content\/uploads\/2025\/10\/l_41d42d7eb98c4d590406aa58f29499c7.jpg","width":1024,"height":683},{"@type":"BreadcrumbList","@id":"https:\/\/tuzlainfo.ba\/index.php\/novosti\/item\/284791-obuka-u-pet-modula-direktori-skola-u-tk-jacaju-upravljacke-vjestine\/#breadcrumb","itemListElement":[{"@type":"ListItem","position":1,"name":"Home","item":"https:\/\/tuzlainfo.ba\/"},{"@type":"ListItem","position":2,"name":"Obuka u pet modula: Direktori \u0161kola u TK ja\u010daju upravlja\u010dke vje\u0161tine"}]},{"@type":"WebSite","@id":"https:\/\/tuzlainfo.ba\/#website","url":"https:\/\/tuzlainfo.ba\/","name":"TuzlaInfo.ba","description":"Tuzla info, gradski informator - Tuzla na dlanu","publisher":{"@id":"https:\/\/tuzlainfo.ba\/#organization"},"potentialAction":[{"@type":"SearchAction","target":{"@type":"EntryPoint","urlTemplate":"https:\/\/tuzlainfo.ba\/?s={search_term_string}"},"query-input":{"@type":"PropertyValueSpecification","valueRequired":true,"valueName":"search_term_string"}}],"inLanguage":"bs-BA"},{"@type":"Organization","@id":"https:\/\/tuzlainfo.ba\/#organization","name":"TuzlaInfo.ba","url":"https:\/\/tuzlainfo.ba\/","logo":{"@type":"ImageObject","inLanguage":"bs-BA","@id":"https:\/\/tuzlainfo.ba\/#\/schema\/logo\/image\/","url":"https:\/\/tuzlainfo.ba\/wp-content\/uploads\/2021\/03\/logo-ver-3-1.png","contentUrl":"https:\/\/tuzlainfo.ba\/wp-content\/uploads\/2021\/03\/logo-ver-3-1.png","width":350,"height":95,"caption":"TuzlaInfo.ba"},"image":{"@id":"https:\/\/tuzlainfo.ba\/#\/schema\/logo\/image\/"},"sameAs":["https:\/\/www.facebook.com\/tuzlainfo.ba\/"]},{"@type":"Person","@id":"https:\/\/tuzlainfo.ba\/#\/schema\/person\/46cad4c57790cbc50781edd14870825a","name":"Tuzla Info","image":{"@type":"ImageObject","inLanguage":"bs-BA","@id":"https:\/\/tuzlainfo.ba\/#\/schema\/person\/image\/","url":"https:\/\/tuzlainfo.ba\/wp-content\/litespeed\/avatar\/b6c453a6c38e3654f2e4416c643fc25c.jpg?ver=1777051911","contentUrl":"https:\/\/tuzlainfo.ba\/wp-content\/litespeed\/avatar\/b6c453a6c38e3654f2e4416c643fc25c.jpg?ver=1777051911","caption":"Tuzla Info"}}]}},"_links":{"self":[{"href":"https:\/\/tuzlainfo.ba\/index.php\/wp-json\/wp\/v2\/posts\/284791"}],"collection":[{"href":"https:\/\/tuzlainfo.ba\/index.php\/wp-json\/wp\/v2\/posts"}],"about":[{"href":"https:\/\/tuzlainfo.ba\/index.php\/wp-json\/wp\/v2\/types\/post"}],"author":[{"embeddable":true,"href":"https:\/\/tuzlainfo.ba\/index.php\/wp-json\/wp\/v2\/users\/4"}],"replies":[{"embeddable":true,"href":"https:\/\/tuzlainfo.ba\/index.php\/wp-json\/wp\/v2\/comments?post=284791"}],"version-history":[{"count":1,"href":"https:\/\/tuzlainfo.ba\/index.php\/wp-json\/wp\/v2\/posts\/284791\/revisions"}],"predecessor-version":[{"id":284793,"href":"https:\/\/tuzlainfo.ba\/index.php\/wp-json\/wp\/v2\/posts\/284791\/revisions\/284793"}],"wp:featuredmedia":[{"embeddable":true,"href":"https:\/\/tuzlainfo.ba\/index.php\/wp-json\/wp\/v2\/media\/284792"}],"wp:attachment":[{"href":"https:\/\/tuzlainfo.ba\/index.php\/wp-json\/wp\/v2\/media?parent=284791"}],"wp:term":[{"taxonomy":"category","embeddable":true,"href":"https:\/\/tuzlainfo.ba\/index.php\/wp-json\/wp\/v2\/categories?post=284791"},{"taxonomy":"post_tag","embeddable":true,"href":"https:\/\/tuzlainfo.ba\/index.php\/wp-json\/wp\/v2\/tags?post=284791"}],"curies":[{"name":"wp","href":"https:\/\/api.w.org\/{rel}","templated":true}]}}