{"id":284778,"date":"2025-10-29T09:26:06","date_gmt":"2025-10-29T08:26:06","guid":{"rendered":"https:\/\/tuzlainfo.ba\/?p=284778"},"modified":"2025-10-30T07:55:39","modified_gmt":"2025-10-30T06:55:39","slug":"tragedija-u-tuzli-poginula-osoba-u-robnoj-kuci-tuzlanka","status":"publish","type":"post","link":"https:\/\/tuzlainfo.ba\/index.php\/novosti\/item\/284778-tragedija-u-tuzli-poginula-osoba-u-robnoj-kuci-tuzlanka\/","title":{"rendered":"Tragedija u Tuzli: Poginula osoba u Robnoj ku\u0107i \u201cTuzlanka\u201d"},"content":{"rendered":"<p>U te\u0161koj nesre\u0107i koja se dogodila danas u Robnoj ku\u0107i \u201cTuzlanka\u201d, stradala je jedna osoba, saznaje portal Tuzlainfo.<\/p>\n<p>Prema prvim informacijama, teretni lift je pao na mu\u0161karca, koji je od zadobijenih povreda preminuo na mjestu nesre\u0107e.<\/p>\n<p>Na licu mjesta nalaze se policija, vatrogasci i ekipe hitne pomo\u0107i, a uvi\u0111aj je u toku.<\/p>\n<p>Vi\u0161e informacija o\u010dekuje se nakon \u0161to bude zavr\u0161en uvi\u0111aj i izdato zvani\u010dno saop\u0107enje iz Uprave policije Ministarstva unutra\u0161njih poslova Tuzlanskog kantona.<\/p>\n","protected":false},"excerpt":{"rendered":"<p>U te\u0161koj nesre\u0107i koja se dogodila danas u Robnoj ku\u0107i \u201cTuzlanka\u201d, stradala je jedna osoba,&hellip;<\/p>\n","protected":false},"author":8,"featured_media":265615,"comment_status":"closed","ping_status":"closed","sticky":false,"template":"","format":"standard","meta":{"_acf_changed":false,"footnotes":""},"categories":[304,12],"tags":[417,2079],"acf":[],"yoast_head":"<!-- This site is optimized with the Yoast SEO plugin v23.5 - https:\/\/yoast.com\/wordpress\/plugins\/seo\/ -->\n<title>Tragedija u Tuzli: Poginula osoba u Robnoj ku\u0107i \u201cTuzlanka\u201d - TuzlaInfo.ba<\/title>\n<meta name=\"robots\" content=\"index, follow, max-snippet:-1, max-image-preview:large, max-video-preview:-1\" \/>\n<link rel=\"canonical\" href=\"https:\/\/tuzlainfo.ba\/index.php\/novosti\/item\/284778-tragedija-u-tuzli-poginula-osoba-u-robnoj-kuci-tuzlanka\/\" \/>\n<meta property=\"og:locale\" content=\"bs_BA\" \/>\n<meta property=\"og:type\" content=\"article\" \/>\n<meta property=\"og:title\" content=\"Tragedija u Tuzli: Poginula osoba u Robnoj ku\u0107i \u201cTuzlanka\u201d - TuzlaInfo.ba\" \/>\n<meta property=\"og:description\" content=\"U te\u0161koj nesre\u0107i koja se dogodila danas u Robnoj ku\u0107i \u201cTuzlanka\u201d, stradala je jedna osoba,&hellip;\" \/>\n<meta property=\"og:url\" content=\"https:\/\/tuzlainfo.ba\/index.php\/novosti\/item\/284778-tragedija-u-tuzli-poginula-osoba-u-robnoj-kuci-tuzlanka\/\" \/>\n<meta property=\"og:site_name\" content=\"TuzlaInfo.ba\" \/>\n<meta property=\"article:publisher\" content=\"https:\/\/www.facebook.com\/tuzlainfo.ba\/\" \/>\n<meta property=\"article:published_time\" content=\"2025-10-29T08:26:06+00:00\" \/>\n<meta property=\"article:modified_time\" content=\"2025-10-30T06:55:39+00:00\" \/>\n<meta property=\"og:image\" content=\"https:\/\/tuzlainfo.ba\/wp-content\/uploads\/2025\/03\/2103_policija-1.jpg\" \/>\n\t<meta property=\"og:image:width\" content=\"2047\" \/>\n\t<meta property=\"og:image:height\" content=\"1038\" \/>\n\t<meta property=\"og:image:type\" content=\"image\/jpeg\" \/>\n<meta name=\"author\" content=\"Admin Tri\" \/>\n<meta name=\"twitter:card\" content=\"summary_large_image\" \/>\n<meta name=\"twitter:label1\" content=\"Written by\" \/>\n\t<meta name=\"twitter:data1\" content=\"Admin Tri\" \/>\n\t<meta name=\"twitter:label2\" content=\"Est. reading time\" \/>\n\t<meta name=\"twitter:data2\" content=\"1 minuta\" \/>\n<script type=\"application\/ld+json\" class=\"yoast-schema-graph\">{\"@context\":\"https:\/\/schema.org\",\"@graph\":[{\"@type\":\"Article\",\"@id\":\"https:\/\/tuzlainfo.ba\/index.php\/novosti\/item\/284778-tragedija-u-tuzli-poginula-osoba-u-robnoj-kuci-tuzlanka\/#article\",\"isPartOf\":{\"@id\":\"https:\/\/tuzlainfo.ba\/index.php\/novosti\/item\/284778-tragedija-u-tuzli-poginula-osoba-u-robnoj-kuci-tuzlanka\/\"},\"author\":{\"name\":\"Admin Tri\",\"@id\":\"https:\/\/tuzlainfo.ba\/#\/schema\/person\/593e78a2f6378c5ba3e7600ecfa4e63a\"},\"headline\":\"Tragedija u Tuzli: Poginula osoba u Robnoj ku\u0107i \u201cTuzlanka\u201d\",\"datePublished\":\"2025-10-29T08:26:06+00:00\",\"dateModified\":\"2025-10-30T06:55:39+00:00\",\"mainEntityOfPage\":{\"@id\":\"https:\/\/tuzlainfo.ba\/index.php\/novosti\/item\/284778-tragedija-u-tuzli-poginula-osoba-u-robnoj-kuci-tuzlanka\/\"},\"wordCount\":97,\"publisher\":{\"@id\":\"https:\/\/tuzlainfo.ba\/#organization\"},\"image\":{\"@id\":\"https:\/\/tuzlainfo.ba\/index.php\/novosti\/item\/284778-tragedija-u-tuzli-poginula-osoba-u-robnoj-kuci-tuzlanka\/#primaryimage\"},\"thumbnailUrl\":\"https:\/\/tuzlainfo.ba\/wp-content\/uploads\/2025\/03\/2103_policija-1.jpg\",\"keywords\":[\"crna hronika\",\"rk tuzlanka\"],\"articleSection\":[\"Istaknuto\",\"Novosti\"],\"inLanguage\":\"bs-BA\"},{\"@type\":\"WebPage\",\"@id\":\"https:\/\/tuzlainfo.ba\/index.php\/novosti\/item\/284778-tragedija-u-tuzli-poginula-osoba-u-robnoj-kuci-tuzlanka\/\",\"url\":\"https:\/\/tuzlainfo.ba\/index.php\/novosti\/item\/284778-tragedija-u-tuzli-poginula-osoba-u-robnoj-kuci-tuzlanka\/\",\"name\":\"Tragedija u Tuzli: Poginula osoba u Robnoj ku\u0107i \u201cTuzlanka\u201d - TuzlaInfo.ba\",\"isPartOf\":{\"@id\":\"https:\/\/tuzlainfo.ba\/#website\"},\"primaryImageOfPage\":{\"@id\":\"https:\/\/tuzlainfo.ba\/index.php\/novosti\/item\/284778-tragedija-u-tuzli-poginula-osoba-u-robnoj-kuci-tuzlanka\/#primaryimage\"},\"image\":{\"@id\":\"https:\/\/tuzlainfo.ba\/index.php\/novosti\/item\/284778-tragedija-u-tuzli-poginula-osoba-u-robnoj-kuci-tuzlanka\/#primaryimage\"},\"thumbnailUrl\":\"https:\/\/tuzlainfo.ba\/wp-content\/uploads\/2025\/03\/2103_policija-1.jpg\",\"datePublished\":\"2025-10-29T08:26:06+00:00\",\"dateModified\":\"2025-10-30T06:55:39+00:00\",\"breadcrumb\":{\"@id\":\"https:\/\/tuzlainfo.ba\/index.php\/novosti\/item\/284778-tragedija-u-tuzli-poginula-osoba-u-robnoj-kuci-tuzlanka\/#breadcrumb\"},\"inLanguage\":\"bs-BA\",\"potentialAction\":[{\"@type\":\"ReadAction\",\"target\":[\"https:\/\/tuzlainfo.ba\/index.php\/novosti\/item\/284778-tragedija-u-tuzli-poginula-osoba-u-robnoj-kuci-tuzlanka\/\"]}]},{\"@type\":\"ImageObject\",\"inLanguage\":\"bs-BA\",\"@id\":\"https:\/\/tuzlainfo.ba\/index.php\/novosti\/item\/284778-tragedija-u-tuzli-poginula-osoba-u-robnoj-kuci-tuzlanka\/#primaryimage\",\"url\":\"https:\/\/tuzlainfo.ba\/wp-content\/uploads\/2025\/03\/2103_policija-1.jpg\",\"contentUrl\":\"https:\/\/tuzlainfo.ba\/wp-content\/uploads\/2025\/03\/2103_policija-1.jpg\",\"width\":2047,\"height\":1038},{\"@type\":\"BreadcrumbList\",\"@id\":\"https:\/\/tuzlainfo.ba\/index.php\/novosti\/item\/284778-tragedija-u-tuzli-poginula-osoba-u-robnoj-kuci-tuzlanka\/#breadcrumb\",\"itemListElement\":[{\"@type\":\"ListItem\",\"position\":1,\"name\":\"Home\",\"item\":\"https:\/\/tuzlainfo.ba\/\"},{\"@type\":\"ListItem\",\"position\":2,\"name\":\"Tragedija u Tuzli: Poginula osoba u Robnoj ku\u0107i \u201cTuzlanka\u201d\"}]},{\"@type\":\"WebSite\",\"@id\":\"https:\/\/tuzlainfo.ba\/#website\",\"url\":\"https:\/\/tuzlainfo.ba\/\",\"name\":\"TuzlaInfo.ba\",\"description\":\"Tuzla info, gradski informator - Tuzla na dlanu\",\"publisher\":{\"@id\":\"https:\/\/tuzlainfo.ba\/#organization\"},\"potentialAction\":[{\"@type\":\"SearchAction\",\"target\":{\"@type\":\"EntryPoint\",\"urlTemplate\":\"https:\/\/tuzlainfo.ba\/?s={search_term_string}\"},\"query-input\":{\"@type\":\"PropertyValueSpecification\",\"valueRequired\":true,\"valueName\":\"search_term_string\"}}],\"inLanguage\":\"bs-BA\"},{\"@type\":\"Organization\",\"@id\":\"https:\/\/tuzlainfo.ba\/#organization\",\"name\":\"TuzlaInfo.ba\",\"url\":\"https:\/\/tuzlainfo.ba\/\",\"logo\":{\"@type\":\"ImageObject\",\"inLanguage\":\"bs-BA\",\"@id\":\"https:\/\/tuzlainfo.ba\/#\/schema\/logo\/image\/\",\"url\":\"https:\/\/tuzlainfo.ba\/wp-content\/uploads\/2021\/03\/logo-ver-3-1.png\",\"contentUrl\":\"https:\/\/tuzlainfo.ba\/wp-content\/uploads\/2021\/03\/logo-ver-3-1.png\",\"width\":350,\"height\":95,\"caption\":\"TuzlaInfo.ba\"},\"image\":{\"@id\":\"https:\/\/tuzlainfo.ba\/#\/schema\/logo\/image\/\"},\"sameAs\":[\"https:\/\/www.facebook.com\/tuzlainfo.ba\/\"]},{\"@type\":\"Person\",\"@id\":\"https:\/\/tuzlainfo.ba\/#\/schema\/person\/593e78a2f6378c5ba3e7600ecfa4e63a\",\"name\":\"Admin Tri\",\"image\":{\"@type\":\"ImageObject\",\"inLanguage\":\"bs-BA\",\"@id\":\"https:\/\/tuzlainfo.ba\/#\/schema\/person\/image\/\",\"url\":\"https:\/\/tuzlainfo.ba\/wp-content\/litespeed\/avatar\/b7920db4cc34a71ad12497283ad2fe3f.jpg?ver=1777705770\",\"contentUrl\":\"https:\/\/tuzlainfo.ba\/wp-content\/litespeed\/avatar\/b7920db4cc34a71ad12497283ad2fe3f.jpg?ver=1777705770\",\"caption\":\"Admin Tri\"},\"sameAs\":[\"https:\/\/tuzlainfo.ba\"]}]}<\/script>\n<!-- \/ Yoast SEO plugin. -->","yoast_head_json":{"title":"Tragedija u Tuzli: Poginula osoba u Robnoj ku\u0107i \u201cTuzlanka\u201d - TuzlaInfo.ba","robots":{"index":"index","follow":"follow","max-snippet":"max-snippet:-1","max-image-preview":"max-image-preview:large","max-video-preview":"max-video-preview:-1"},"canonical":"https:\/\/tuzlainfo.ba\/index.php\/novosti\/item\/284778-tragedija-u-tuzli-poginula-osoba-u-robnoj-kuci-tuzlanka\/","og_locale":"bs_BA","og_type":"article","og_title":"Tragedija u Tuzli: Poginula osoba u Robnoj ku\u0107i \u201cTuzlanka\u201d - TuzlaInfo.ba","og_description":"U te\u0161koj nesre\u0107i koja se dogodila danas u Robnoj ku\u0107i \u201cTuzlanka\u201d, stradala je jedna osoba,&hellip;","og_url":"https:\/\/tuzlainfo.ba\/index.php\/novosti\/item\/284778-tragedija-u-tuzli-poginula-osoba-u-robnoj-kuci-tuzlanka\/","og_site_name":"TuzlaInfo.ba","article_publisher":"https:\/\/www.facebook.com\/tuzlainfo.ba\/","article_published_time":"2025-10-29T08:26:06+00:00","article_modified_time":"2025-10-30T06:55:39+00:00","og_image":[{"width":2047,"height":1038,"url":"https:\/\/tuzlainfo.ba\/wp-content\/uploads\/2025\/03\/2103_policija-1.jpg","type":"image\/jpeg"}],"author":"Admin Tri","twitter_card":"summary_large_image","twitter_misc":{"Written by":"Admin Tri","Est. reading time":"1 minuta"},"schema":{"@context":"https:\/\/schema.org","@graph":[{"@type":"Article","@id":"https:\/\/tuzlainfo.ba\/index.php\/novosti\/item\/284778-tragedija-u-tuzli-poginula-osoba-u-robnoj-kuci-tuzlanka\/#article","isPartOf":{"@id":"https:\/\/tuzlainfo.ba\/index.php\/novosti\/item\/284778-tragedija-u-tuzli-poginula-osoba-u-robnoj-kuci-tuzlanka\/"},"author":{"name":"Admin Tri","@id":"https:\/\/tuzlainfo.ba\/#\/schema\/person\/593e78a2f6378c5ba3e7600ecfa4e63a"},"headline":"Tragedija u Tuzli: Poginula osoba u Robnoj ku\u0107i \u201cTuzlanka\u201d","datePublished":"2025-10-29T08:26:06+00:00","dateModified":"2025-10-30T06:55:39+00:00","mainEntityOfPage":{"@id":"https:\/\/tuzlainfo.ba\/index.php\/novosti\/item\/284778-tragedija-u-tuzli-poginula-osoba-u-robnoj-kuci-tuzlanka\/"},"wordCount":97,"publisher":{"@id":"https:\/\/tuzlainfo.ba\/#organization"},"image":{"@id":"https:\/\/tuzlainfo.ba\/index.php\/novosti\/item\/284778-tragedija-u-tuzli-poginula-osoba-u-robnoj-kuci-tuzlanka\/#primaryimage"},"thumbnailUrl":"https:\/\/tuzlainfo.ba\/wp-content\/uploads\/2025\/03\/2103_policija-1.jpg","keywords":["crna hronika","rk tuzlanka"],"articleSection":["Istaknuto","Novosti"],"inLanguage":"bs-BA"},{"@type":"WebPage","@id":"https:\/\/tuzlainfo.ba\/index.php\/novosti\/item\/284778-tragedija-u-tuzli-poginula-osoba-u-robnoj-kuci-tuzlanka\/","url":"https:\/\/tuzlainfo.ba\/index.php\/novosti\/item\/284778-tragedija-u-tuzli-poginula-osoba-u-robnoj-kuci-tuzlanka\/","name":"Tragedija u Tuzli: Poginula osoba u Robnoj ku\u0107i \u201cTuzlanka\u201d - TuzlaInfo.ba","isPartOf":{"@id":"https:\/\/tuzlainfo.ba\/#website"},"primaryImageOfPage":{"@id":"https:\/\/tuzlainfo.ba\/index.php\/novosti\/item\/284778-tragedija-u-tuzli-poginula-osoba-u-robnoj-kuci-tuzlanka\/#primaryimage"},"image":{"@id":"https:\/\/tuzlainfo.ba\/index.php\/novosti\/item\/284778-tragedija-u-tuzli-poginula-osoba-u-robnoj-kuci-tuzlanka\/#primaryimage"},"thumbnailUrl":"https:\/\/tuzlainfo.ba\/wp-content\/uploads\/2025\/03\/2103_policija-1.jpg","datePublished":"2025-10-29T08:26:06+00:00","dateModified":"2025-10-30T06:55:39+00:00","breadcrumb":{"@id":"https:\/\/tuzlainfo.ba\/index.php\/novosti\/item\/284778-tragedija-u-tuzli-poginula-osoba-u-robnoj-kuci-tuzlanka\/#breadcrumb"},"inLanguage":"bs-BA","potentialAction":[{"@type":"ReadAction","target":["https:\/\/tuzlainfo.ba\/index.php\/novosti\/item\/284778-tragedija-u-tuzli-poginula-osoba-u-robnoj-kuci-tuzlanka\/"]}]},{"@type":"ImageObject","inLanguage":"bs-BA","@id":"https:\/\/tuzlainfo.ba\/index.php\/novosti\/item\/284778-tragedija-u-tuzli-poginula-osoba-u-robnoj-kuci-tuzlanka\/#primaryimage","url":"https:\/\/tuzlainfo.ba\/wp-content\/uploads\/2025\/03\/2103_policija-1.jpg","contentUrl":"https:\/\/tuzlainfo.ba\/wp-content\/uploads\/2025\/03\/2103_policija-1.jpg","width":2047,"height":1038},{"@type":"BreadcrumbList","@id":"https:\/\/tuzlainfo.ba\/index.php\/novosti\/item\/284778-tragedija-u-tuzli-poginula-osoba-u-robnoj-kuci-tuzlanka\/#breadcrumb","itemListElement":[{"@type":"ListItem","position":1,"name":"Home","item":"https:\/\/tuzlainfo.ba\/"},{"@type":"ListItem","position":2,"name":"Tragedija u Tuzli: Poginula osoba u Robnoj ku\u0107i \u201cTuzlanka\u201d"}]},{"@type":"WebSite","@id":"https:\/\/tuzlainfo.ba\/#website","url":"https:\/\/tuzlainfo.ba\/","name":"TuzlaInfo.ba","description":"Tuzla info, gradski informator - Tuzla na dlanu","publisher":{"@id":"https:\/\/tuzlainfo.ba\/#organization"},"potentialAction":[{"@type":"SearchAction","target":{"@type":"EntryPoint","urlTemplate":"https:\/\/tuzlainfo.ba\/?s={search_term_string}"},"query-input":{"@type":"PropertyValueSpecification","valueRequired":true,"valueName":"search_term_string"}}],"inLanguage":"bs-BA"},{"@type":"Organization","@id":"https:\/\/tuzlainfo.ba\/#organization","name":"TuzlaInfo.ba","url":"https:\/\/tuzlainfo.ba\/","logo":{"@type":"ImageObject","inLanguage":"bs-BA","@id":"https:\/\/tuzlainfo.ba\/#\/schema\/logo\/image\/","url":"https:\/\/tuzlainfo.ba\/wp-content\/uploads\/2021\/03\/logo-ver-3-1.png","contentUrl":"https:\/\/tuzlainfo.ba\/wp-content\/uploads\/2021\/03\/logo-ver-3-1.png","width":350,"height":95,"caption":"TuzlaInfo.ba"},"image":{"@id":"https:\/\/tuzlainfo.ba\/#\/schema\/logo\/image\/"},"sameAs":["https:\/\/www.facebook.com\/tuzlainfo.ba\/"]},{"@type":"Person","@id":"https:\/\/tuzlainfo.ba\/#\/schema\/person\/593e78a2f6378c5ba3e7600ecfa4e63a","name":"Admin Tri","image":{"@type":"ImageObject","inLanguage":"bs-BA","@id":"https:\/\/tuzlainfo.ba\/#\/schema\/person\/image\/","url":"https:\/\/tuzlainfo.ba\/wp-content\/litespeed\/avatar\/b7920db4cc34a71ad12497283ad2fe3f.jpg?ver=1777705770","contentUrl":"https:\/\/tuzlainfo.ba\/wp-content\/litespeed\/avatar\/b7920db4cc34a71ad12497283ad2fe3f.jpg?ver=1777705770","caption":"Admin Tri"},"sameAs":["https:\/\/tuzlainfo.ba"]}]}},"_links":{"self":[{"href":"https:\/\/tuzlainfo.ba\/index.php\/wp-json\/wp\/v2\/posts\/284778"}],"collection":[{"href":"https:\/\/tuzlainfo.ba\/index.php\/wp-json\/wp\/v2\/posts"}],"about":[{"href":"https:\/\/tuzlainfo.ba\/index.php\/wp-json\/wp\/v2\/types\/post"}],"author":[{"embeddable":true,"href":"https:\/\/tuzlainfo.ba\/index.php\/wp-json\/wp\/v2\/users\/8"}],"replies":[{"embeddable":true,"href":"https:\/\/tuzlainfo.ba\/index.php\/wp-json\/wp\/v2\/comments?post=284778"}],"version-history":[{"count":3,"href":"https:\/\/tuzlainfo.ba\/index.php\/wp-json\/wp\/v2\/posts\/284778\/revisions"}],"predecessor-version":[{"id":284844,"href":"https:\/\/tuzlainfo.ba\/index.php\/wp-json\/wp\/v2\/posts\/284778\/revisions\/284844"}],"wp:featuredmedia":[{"embeddable":true,"href":"https:\/\/tuzlainfo.ba\/index.php\/wp-json\/wp\/v2\/media\/265615"}],"wp:attachment":[{"href":"https:\/\/tuzlainfo.ba\/index.php\/wp-json\/wp\/v2\/media?parent=284778"}],"wp:term":[{"taxonomy":"category","embeddable":true,"href":"https:\/\/tuzlainfo.ba\/index.php\/wp-json\/wp\/v2\/categories?post=284778"},{"taxonomy":"post_tag","embeddable":true,"href":"https:\/\/tuzlainfo.ba\/index.php\/wp-json\/wp\/v2\/tags?post=284778"}],"curies":[{"name":"wp","href":"https:\/\/api.w.org\/{rel}","templated":true}]}}