{"id":284359,"date":"2025-10-23T18:10:31","date_gmt":"2025-10-23T16:10:31","guid":{"rendered":"https:\/\/tuzlainfo.ba\/?p=284359"},"modified":"2025-10-23T12:44:53","modified_gmt":"2025-10-23T10:44:53","slug":"jp-rtvtk-raspisan-oglas-za-prijem-radnika-na-neodredjeno-vrijeme","status":"publish","type":"post","link":"https:\/\/tuzlainfo.ba\/index.php\/clanci\/berza-rada\/item\/284359-jp-rtvtk-raspisan-oglas-za-prijem-radnika-na-neodredjeno-vrijeme\/","title":{"rendered":"JP RTVTK: Raspisan oglas za prijem radnika na neodre\u0111eno vrijeme"},"content":{"rendered":"<p>Javno preduze\u0107e Radio televizija Tuzlanskog kantona rspisuje javni konkurs za prijem radnika na neodre\u0111eno vrijeme na poziciju: Novinar.<\/p>\n<p>Opis polova, uslovi i na\u010din apliciranja nalaze se na linku ispod<\/p>\n<p><a href=\"https:\/\/szztk.ba\/posao\/34175\/jp-radio-televizija-tuzlanskog-kantona-javni-konkurs-za-prijem-radnika-na-neodredjeno-vrijeme\/\">LINK<\/a><\/p>\n","protected":false},"excerpt":{"rendered":"<p>Javno preduze\u0107e Radio televizija Tuzlanskog kantona rspisuje javni konkurs za prijem radnika na neodre\u0111eno vrijeme&hellip;<\/p>\n","protected":false},"author":4,"featured_media":60616,"comment_status":"closed","ping_status":"closed","sticky":false,"template":"","format":"standard","meta":{"_acf_changed":false,"footnotes":""},"categories":[17],"tags":[587,414],"acf":[],"yoast_head":"<!-- This site is optimized with the Yoast SEO plugin v23.5 - https:\/\/yoast.com\/wordpress\/plugins\/seo\/ -->\n<title>JP RTVTK: Raspisan oglas za prijem radnika na neodre\u0111eno vrijeme - TuzlaInfo.ba<\/title>\n<meta name=\"robots\" content=\"index, follow, max-snippet:-1, max-image-preview:large, max-video-preview:-1\" \/>\n<link rel=\"canonical\" href=\"https:\/\/tuzlainfo.ba\/index.php\/clanci\/berza-rada\/item\/284359-jp-rtvtk-raspisan-oglas-za-prijem-radnika-na-neodredjeno-vrijeme\/\" \/>\n<meta property=\"og:locale\" content=\"bs_BA\" \/>\n<meta property=\"og:type\" content=\"article\" \/>\n<meta property=\"og:title\" content=\"JP RTVTK: Raspisan oglas za prijem radnika na neodre\u0111eno vrijeme - TuzlaInfo.ba\" \/>\n<meta property=\"og:description\" content=\"Javno preduze\u0107e Radio televizija Tuzlanskog kantona rspisuje javni konkurs za prijem radnika na neodre\u0111eno vrijeme&hellip;\" \/>\n<meta property=\"og:url\" content=\"https:\/\/tuzlainfo.ba\/index.php\/clanci\/berza-rada\/item\/284359-jp-rtvtk-raspisan-oglas-za-prijem-radnika-na-neodredjeno-vrijeme\/\" \/>\n<meta property=\"og:site_name\" content=\"TuzlaInfo.ba\" \/>\n<meta property=\"article:publisher\" content=\"https:\/\/www.facebook.com\/tuzlainfo.ba\/\" \/>\n<meta property=\"article:published_time\" content=\"2025-10-23T16:10:31+00:00\" \/>\n<meta property=\"article:modified_time\" content=\"2025-10-23T10:44:53+00:00\" \/>\n<meta property=\"og:image\" content=\"https:\/\/tuzlainfo.ba\/wp-content\/uploads\/2018\/02\/sadrzaj_2018_20180201_1902_rtvtk.jpg\" \/>\n\t<meta property=\"og:image:width\" content=\"770\" \/>\n\t<meta property=\"og:image:height\" content=\"461\" \/>\n\t<meta property=\"og:image:type\" content=\"image\/jpeg\" \/>\n<meta name=\"author\" content=\"Tuzla Info\" \/>\n<meta name=\"twitter:card\" content=\"summary_large_image\" \/>\n<meta name=\"twitter:label1\" content=\"Written by\" \/>\n\t<meta name=\"twitter:data1\" content=\"Tuzla Info\" \/>\n\t<meta name=\"twitter:label2\" content=\"Est. reading time\" \/>\n\t<meta name=\"twitter:data2\" content=\"1 minuta\" \/>\n<script type=\"application\/ld+json\" class=\"yoast-schema-graph\">{\"@context\":\"https:\/\/schema.org\",\"@graph\":[{\"@type\":\"Article\",\"@id\":\"https:\/\/tuzlainfo.ba\/index.php\/clanci\/berza-rada\/item\/284359-jp-rtvtk-raspisan-oglas-za-prijem-radnika-na-neodredjeno-vrijeme\/#article\",\"isPartOf\":{\"@id\":\"https:\/\/tuzlainfo.ba\/index.php\/clanci\/berza-rada\/item\/284359-jp-rtvtk-raspisan-oglas-za-prijem-radnika-na-neodredjeno-vrijeme\/\"},\"author\":{\"name\":\"Tuzla Info\",\"@id\":\"https:\/\/tuzlainfo.ba\/#\/schema\/person\/46cad4c57790cbc50781edd14870825a\"},\"headline\":\"JP RTVTK: Raspisan oglas za prijem radnika na neodre\u0111eno vrijeme\",\"datePublished\":\"2025-10-23T16:10:31+00:00\",\"dateModified\":\"2025-10-23T10:44:53+00:00\",\"mainEntityOfPage\":{\"@id\":\"https:\/\/tuzlainfo.ba\/index.php\/clanci\/berza-rada\/item\/284359-jp-rtvtk-raspisan-oglas-za-prijem-radnika-na-neodredjeno-vrijeme\/\"},\"wordCount\":44,\"publisher\":{\"@id\":\"https:\/\/tuzlainfo.ba\/#organization\"},\"image\":{\"@id\":\"https:\/\/tuzlainfo.ba\/index.php\/clanci\/berza-rada\/item\/284359-jp-rtvtk-raspisan-oglas-za-prijem-radnika-na-neodredjeno-vrijeme\/#primaryimage\"},\"thumbnailUrl\":\"https:\/\/tuzlainfo.ba\/wp-content\/uploads\/2018\/02\/sadrzaj_2018_20180201_1902_rtvtk.jpg\",\"keywords\":[\"berza rada\",\"RTVTK\"],\"articleSection\":[\"Berza rada\"],\"inLanguage\":\"bs-BA\"},{\"@type\":\"WebPage\",\"@id\":\"https:\/\/tuzlainfo.ba\/index.php\/clanci\/berza-rada\/item\/284359-jp-rtvtk-raspisan-oglas-za-prijem-radnika-na-neodredjeno-vrijeme\/\",\"url\":\"https:\/\/tuzlainfo.ba\/index.php\/clanci\/berza-rada\/item\/284359-jp-rtvtk-raspisan-oglas-za-prijem-radnika-na-neodredjeno-vrijeme\/\",\"name\":\"JP RTVTK: Raspisan oglas za prijem radnika na neodre\u0111eno vrijeme - TuzlaInfo.ba\",\"isPartOf\":{\"@id\":\"https:\/\/tuzlainfo.ba\/#website\"},\"primaryImageOfPage\":{\"@id\":\"https:\/\/tuzlainfo.ba\/index.php\/clanci\/berza-rada\/item\/284359-jp-rtvtk-raspisan-oglas-za-prijem-radnika-na-neodredjeno-vrijeme\/#primaryimage\"},\"image\":{\"@id\":\"https:\/\/tuzlainfo.ba\/index.php\/clanci\/berza-rada\/item\/284359-jp-rtvtk-raspisan-oglas-za-prijem-radnika-na-neodredjeno-vrijeme\/#primaryimage\"},\"thumbnailUrl\":\"https:\/\/tuzlainfo.ba\/wp-content\/uploads\/2018\/02\/sadrzaj_2018_20180201_1902_rtvtk.jpg\",\"datePublished\":\"2025-10-23T16:10:31+00:00\",\"dateModified\":\"2025-10-23T10:44:53+00:00\",\"breadcrumb\":{\"@id\":\"https:\/\/tuzlainfo.ba\/index.php\/clanci\/berza-rada\/item\/284359-jp-rtvtk-raspisan-oglas-za-prijem-radnika-na-neodredjeno-vrijeme\/#breadcrumb\"},\"inLanguage\":\"bs-BA\",\"potentialAction\":[{\"@type\":\"ReadAction\",\"target\":[\"https:\/\/tuzlainfo.ba\/index.php\/clanci\/berza-rada\/item\/284359-jp-rtvtk-raspisan-oglas-za-prijem-radnika-na-neodredjeno-vrijeme\/\"]}]},{\"@type\":\"ImageObject\",\"inLanguage\":\"bs-BA\",\"@id\":\"https:\/\/tuzlainfo.ba\/index.php\/clanci\/berza-rada\/item\/284359-jp-rtvtk-raspisan-oglas-za-prijem-radnika-na-neodredjeno-vrijeme\/#primaryimage\",\"url\":\"https:\/\/tuzlainfo.ba\/wp-content\/uploads\/2018\/02\/sadrzaj_2018_20180201_1902_rtvtk.jpg\",\"contentUrl\":\"https:\/\/tuzlainfo.ba\/wp-content\/uploads\/2018\/02\/sadrzaj_2018_20180201_1902_rtvtk.jpg\",\"width\":770,\"height\":461,\"caption\":\"1902 rtvtk\"},{\"@type\":\"BreadcrumbList\",\"@id\":\"https:\/\/tuzlainfo.ba\/index.php\/clanci\/berza-rada\/item\/284359-jp-rtvtk-raspisan-oglas-za-prijem-radnika-na-neodredjeno-vrijeme\/#breadcrumb\",\"itemListElement\":[{\"@type\":\"ListItem\",\"position\":1,\"name\":\"Home\",\"item\":\"https:\/\/tuzlainfo.ba\/\"},{\"@type\":\"ListItem\",\"position\":2,\"name\":\"JP RTVTK: Raspisan oglas za prijem radnika na neodre\u0111eno vrijeme\"}]},{\"@type\":\"WebSite\",\"@id\":\"https:\/\/tuzlainfo.ba\/#website\",\"url\":\"https:\/\/tuzlainfo.ba\/\",\"name\":\"TuzlaInfo.ba\",\"description\":\"Tuzla info, gradski informator - Tuzla na dlanu\",\"publisher\":{\"@id\":\"https:\/\/tuzlainfo.ba\/#organization\"},\"potentialAction\":[{\"@type\":\"SearchAction\",\"target\":{\"@type\":\"EntryPoint\",\"urlTemplate\":\"https:\/\/tuzlainfo.ba\/?s={search_term_string}\"},\"query-input\":{\"@type\":\"PropertyValueSpecification\",\"valueRequired\":true,\"valueName\":\"search_term_string\"}}],\"inLanguage\":\"bs-BA\"},{\"@type\":\"Organization\",\"@id\":\"https:\/\/tuzlainfo.ba\/#organization\",\"name\":\"TuzlaInfo.ba\",\"url\":\"https:\/\/tuzlainfo.ba\/\",\"logo\":{\"@type\":\"ImageObject\",\"inLanguage\":\"bs-BA\",\"@id\":\"https:\/\/tuzlainfo.ba\/#\/schema\/logo\/image\/\",\"url\":\"https:\/\/tuzlainfo.ba\/wp-content\/uploads\/2021\/03\/logo-ver-3-1.png\",\"contentUrl\":\"https:\/\/tuzlainfo.ba\/wp-content\/uploads\/2021\/03\/logo-ver-3-1.png\",\"width\":350,\"height\":95,\"caption\":\"TuzlaInfo.ba\"},\"image\":{\"@id\":\"https:\/\/tuzlainfo.ba\/#\/schema\/logo\/image\/\"},\"sameAs\":[\"https:\/\/www.facebook.com\/tuzlainfo.ba\/\"]},{\"@type\":\"Person\",\"@id\":\"https:\/\/tuzlainfo.ba\/#\/schema\/person\/46cad4c57790cbc50781edd14870825a\",\"name\":\"Tuzla Info\",\"image\":{\"@type\":\"ImageObject\",\"inLanguage\":\"bs-BA\",\"@id\":\"https:\/\/tuzlainfo.ba\/#\/schema\/person\/image\/\",\"url\":\"https:\/\/tuzlainfo.ba\/wp-content\/litespeed\/avatar\/b6c453a6c38e3654f2e4416c643fc25c.jpg?ver=1777051911\",\"contentUrl\":\"https:\/\/tuzlainfo.ba\/wp-content\/litespeed\/avatar\/b6c453a6c38e3654f2e4416c643fc25c.jpg?ver=1777051911\",\"caption\":\"Tuzla Info\"}}]}<\/script>\n<!-- \/ Yoast SEO plugin. -->","yoast_head_json":{"title":"JP RTVTK: Raspisan oglas za prijem radnika na neodre\u0111eno vrijeme - TuzlaInfo.ba","robots":{"index":"index","follow":"follow","max-snippet":"max-snippet:-1","max-image-preview":"max-image-preview:large","max-video-preview":"max-video-preview:-1"},"canonical":"https:\/\/tuzlainfo.ba\/index.php\/clanci\/berza-rada\/item\/284359-jp-rtvtk-raspisan-oglas-za-prijem-radnika-na-neodredjeno-vrijeme\/","og_locale":"bs_BA","og_type":"article","og_title":"JP RTVTK: Raspisan oglas za prijem radnika na neodre\u0111eno vrijeme - TuzlaInfo.ba","og_description":"Javno preduze\u0107e Radio televizija Tuzlanskog kantona rspisuje javni konkurs za prijem radnika na neodre\u0111eno vrijeme&hellip;","og_url":"https:\/\/tuzlainfo.ba\/index.php\/clanci\/berza-rada\/item\/284359-jp-rtvtk-raspisan-oglas-za-prijem-radnika-na-neodredjeno-vrijeme\/","og_site_name":"TuzlaInfo.ba","article_publisher":"https:\/\/www.facebook.com\/tuzlainfo.ba\/","article_published_time":"2025-10-23T16:10:31+00:00","article_modified_time":"2025-10-23T10:44:53+00:00","og_image":[{"width":770,"height":461,"url":"https:\/\/tuzlainfo.ba\/wp-content\/uploads\/2018\/02\/sadrzaj_2018_20180201_1902_rtvtk.jpg","type":"image\/jpeg"}],"author":"Tuzla Info","twitter_card":"summary_large_image","twitter_misc":{"Written by":"Tuzla Info","Est. reading time":"1 minuta"},"schema":{"@context":"https:\/\/schema.org","@graph":[{"@type":"Article","@id":"https:\/\/tuzlainfo.ba\/index.php\/clanci\/berza-rada\/item\/284359-jp-rtvtk-raspisan-oglas-za-prijem-radnika-na-neodredjeno-vrijeme\/#article","isPartOf":{"@id":"https:\/\/tuzlainfo.ba\/index.php\/clanci\/berza-rada\/item\/284359-jp-rtvtk-raspisan-oglas-za-prijem-radnika-na-neodredjeno-vrijeme\/"},"author":{"name":"Tuzla Info","@id":"https:\/\/tuzlainfo.ba\/#\/schema\/person\/46cad4c57790cbc50781edd14870825a"},"headline":"JP RTVTK: Raspisan oglas za prijem radnika na neodre\u0111eno vrijeme","datePublished":"2025-10-23T16:10:31+00:00","dateModified":"2025-10-23T10:44:53+00:00","mainEntityOfPage":{"@id":"https:\/\/tuzlainfo.ba\/index.php\/clanci\/berza-rada\/item\/284359-jp-rtvtk-raspisan-oglas-za-prijem-radnika-na-neodredjeno-vrijeme\/"},"wordCount":44,"publisher":{"@id":"https:\/\/tuzlainfo.ba\/#organization"},"image":{"@id":"https:\/\/tuzlainfo.ba\/index.php\/clanci\/berza-rada\/item\/284359-jp-rtvtk-raspisan-oglas-za-prijem-radnika-na-neodredjeno-vrijeme\/#primaryimage"},"thumbnailUrl":"https:\/\/tuzlainfo.ba\/wp-content\/uploads\/2018\/02\/sadrzaj_2018_20180201_1902_rtvtk.jpg","keywords":["berza rada","RTVTK"],"articleSection":["Berza rada"],"inLanguage":"bs-BA"},{"@type":"WebPage","@id":"https:\/\/tuzlainfo.ba\/index.php\/clanci\/berza-rada\/item\/284359-jp-rtvtk-raspisan-oglas-za-prijem-radnika-na-neodredjeno-vrijeme\/","url":"https:\/\/tuzlainfo.ba\/index.php\/clanci\/berza-rada\/item\/284359-jp-rtvtk-raspisan-oglas-za-prijem-radnika-na-neodredjeno-vrijeme\/","name":"JP RTVTK: Raspisan oglas za prijem radnika na neodre\u0111eno vrijeme - TuzlaInfo.ba","isPartOf":{"@id":"https:\/\/tuzlainfo.ba\/#website"},"primaryImageOfPage":{"@id":"https:\/\/tuzlainfo.ba\/index.php\/clanci\/berza-rada\/item\/284359-jp-rtvtk-raspisan-oglas-za-prijem-radnika-na-neodredjeno-vrijeme\/#primaryimage"},"image":{"@id":"https:\/\/tuzlainfo.ba\/index.php\/clanci\/berza-rada\/item\/284359-jp-rtvtk-raspisan-oglas-za-prijem-radnika-na-neodredjeno-vrijeme\/#primaryimage"},"thumbnailUrl":"https:\/\/tuzlainfo.ba\/wp-content\/uploads\/2018\/02\/sadrzaj_2018_20180201_1902_rtvtk.jpg","datePublished":"2025-10-23T16:10:31+00:00","dateModified":"2025-10-23T10:44:53+00:00","breadcrumb":{"@id":"https:\/\/tuzlainfo.ba\/index.php\/clanci\/berza-rada\/item\/284359-jp-rtvtk-raspisan-oglas-za-prijem-radnika-na-neodredjeno-vrijeme\/#breadcrumb"},"inLanguage":"bs-BA","potentialAction":[{"@type":"ReadAction","target":["https:\/\/tuzlainfo.ba\/index.php\/clanci\/berza-rada\/item\/284359-jp-rtvtk-raspisan-oglas-za-prijem-radnika-na-neodredjeno-vrijeme\/"]}]},{"@type":"ImageObject","inLanguage":"bs-BA","@id":"https:\/\/tuzlainfo.ba\/index.php\/clanci\/berza-rada\/item\/284359-jp-rtvtk-raspisan-oglas-za-prijem-radnika-na-neodredjeno-vrijeme\/#primaryimage","url":"https:\/\/tuzlainfo.ba\/wp-content\/uploads\/2018\/02\/sadrzaj_2018_20180201_1902_rtvtk.jpg","contentUrl":"https:\/\/tuzlainfo.ba\/wp-content\/uploads\/2018\/02\/sadrzaj_2018_20180201_1902_rtvtk.jpg","width":770,"height":461,"caption":"1902 rtvtk"},{"@type":"BreadcrumbList","@id":"https:\/\/tuzlainfo.ba\/index.php\/clanci\/berza-rada\/item\/284359-jp-rtvtk-raspisan-oglas-za-prijem-radnika-na-neodredjeno-vrijeme\/#breadcrumb","itemListElement":[{"@type":"ListItem","position":1,"name":"Home","item":"https:\/\/tuzlainfo.ba\/"},{"@type":"ListItem","position":2,"name":"JP RTVTK: Raspisan oglas za prijem radnika na neodre\u0111eno vrijeme"}]},{"@type":"WebSite","@id":"https:\/\/tuzlainfo.ba\/#website","url":"https:\/\/tuzlainfo.ba\/","name":"TuzlaInfo.ba","description":"Tuzla info, gradski informator - Tuzla na dlanu","publisher":{"@id":"https:\/\/tuzlainfo.ba\/#organization"},"potentialAction":[{"@type":"SearchAction","target":{"@type":"EntryPoint","urlTemplate":"https:\/\/tuzlainfo.ba\/?s={search_term_string}"},"query-input":{"@type":"PropertyValueSpecification","valueRequired":true,"valueName":"search_term_string"}}],"inLanguage":"bs-BA"},{"@type":"Organization","@id":"https:\/\/tuzlainfo.ba\/#organization","name":"TuzlaInfo.ba","url":"https:\/\/tuzlainfo.ba\/","logo":{"@type":"ImageObject","inLanguage":"bs-BA","@id":"https:\/\/tuzlainfo.ba\/#\/schema\/logo\/image\/","url":"https:\/\/tuzlainfo.ba\/wp-content\/uploads\/2021\/03\/logo-ver-3-1.png","contentUrl":"https:\/\/tuzlainfo.ba\/wp-content\/uploads\/2021\/03\/logo-ver-3-1.png","width":350,"height":95,"caption":"TuzlaInfo.ba"},"image":{"@id":"https:\/\/tuzlainfo.ba\/#\/schema\/logo\/image\/"},"sameAs":["https:\/\/www.facebook.com\/tuzlainfo.ba\/"]},{"@type":"Person","@id":"https:\/\/tuzlainfo.ba\/#\/schema\/person\/46cad4c57790cbc50781edd14870825a","name":"Tuzla Info","image":{"@type":"ImageObject","inLanguage":"bs-BA","@id":"https:\/\/tuzlainfo.ba\/#\/schema\/person\/image\/","url":"https:\/\/tuzlainfo.ba\/wp-content\/litespeed\/avatar\/b6c453a6c38e3654f2e4416c643fc25c.jpg?ver=1777051911","contentUrl":"https:\/\/tuzlainfo.ba\/wp-content\/litespeed\/avatar\/b6c453a6c38e3654f2e4416c643fc25c.jpg?ver=1777051911","caption":"Tuzla Info"}}]}},"_links":{"self":[{"href":"https:\/\/tuzlainfo.ba\/index.php\/wp-json\/wp\/v2\/posts\/284359"}],"collection":[{"href":"https:\/\/tuzlainfo.ba\/index.php\/wp-json\/wp\/v2\/posts"}],"about":[{"href":"https:\/\/tuzlainfo.ba\/index.php\/wp-json\/wp\/v2\/types\/post"}],"author":[{"embeddable":true,"href":"https:\/\/tuzlainfo.ba\/index.php\/wp-json\/wp\/v2\/users\/4"}],"replies":[{"embeddable":true,"href":"https:\/\/tuzlainfo.ba\/index.php\/wp-json\/wp\/v2\/comments?post=284359"}],"version-history":[{"count":1,"href":"https:\/\/tuzlainfo.ba\/index.php\/wp-json\/wp\/v2\/posts\/284359\/revisions"}],"predecessor-version":[{"id":284360,"href":"https:\/\/tuzlainfo.ba\/index.php\/wp-json\/wp\/v2\/posts\/284359\/revisions\/284360"}],"wp:featuredmedia":[{"embeddable":true,"href":"https:\/\/tuzlainfo.ba\/index.php\/wp-json\/wp\/v2\/media\/60616"}],"wp:attachment":[{"href":"https:\/\/tuzlainfo.ba\/index.php\/wp-json\/wp\/v2\/media?parent=284359"}],"wp:term":[{"taxonomy":"category","embeddable":true,"href":"https:\/\/tuzlainfo.ba\/index.php\/wp-json\/wp\/v2\/categories?post=284359"},{"taxonomy":"post_tag","embeddable":true,"href":"https:\/\/tuzlainfo.ba\/index.php\/wp-json\/wp\/v2\/tags?post=284359"}],"curies":[{"name":"wp","href":"https:\/\/api.w.org\/{rel}","templated":true}]}}