{"id":284190,"date":"2025-10-21T20:06:23","date_gmt":"2025-10-21T18:06:23","guid":{"rendered":"https:\/\/tuzlainfo.ba\/?p=284190"},"modified":"2025-10-21T20:06:23","modified_gmt":"2025-10-21T18:06:23","slug":"na-licitaciju-ide-automobil-kojeg-je-koristio-alija-izetbegovic-pocetna-cijena-sitnica","status":"publish","type":"post","link":"https:\/\/tuzlainfo.ba\/index.php\/bosna-i-hercegovina\/item\/284190-na-licitaciju-ide-automobil-kojeg-je-koristio-alija-izetbegovic-pocetna-cijena-sitnica\/","title":{"rendered":"Na licitaciju ide automobil kojeg je koristio Alija Izetbegovi\u0107, po\u010detna cijena &#8220;sitnica&#8221;"},"content":{"rendered":"<p>Javno preduze\u0107e BH Po\u0161ta objavilo je javni poziv za prodaju blindiranog putni\u010dkog vozila marke BMW 534 I, proizvedenog 1997. godine, po po\u010detnoj cijeni od 50.000 KM. Automobil se prodaje putem licitacije, a kako se navodi u oglasu, nije u voznom stanju, prenosi Klix.<\/p>\n<p>Prema podacima iz javnog poziva, rije\u010d je o vozilu sa zapreminom motora od 3982 cm\u00b3 i snagom od 210 kW, sa pogonom na benzin i pre\u0111enih 54.778 kilometara. Auto je crne boje i, kako je navedeno, posjeduje izuzetno bogatu opremu, od ko\u017enih sjedi\u0161ta, automatske klime, pogona na sva \u010detiri to\u010dka, pa do neprobojnih stakala i blindirane karoserije tipa WSA, 10\/SD.<\/p>\n<p>Na prvi pogled, rije\u010d je o tek jo\u0161 jednom slu\u017ebenom vozilu koje je izgubilo svoju upotrebnu vrijednost. Me\u0111utim, ovaj automobil ima posebnu historijsku te\u017einu, koristio ga je Alija Izetbegovi\u0107, prvi predsjednik Predsjedni\u0161tva Republike Bosne i Hercegovine.<\/p>\n<p>U samom pozivu BH Po\u0161te stoji da pravo u\u010de\u0161\u0107a imaju pravna i fizi\u010dka lica koja do roka licitacije uplate kauciju od 10 posto po\u010detne cijene. Zainteresovani kupci mogu pogledati vozilo na parkingu Generalne direkcije BH Po\u0161te, na adresi Obala Kulina bana 8 u Sarajevu, radnim danima do 30. oktobra 2025. godine, uz prethodnu najavu.<\/p>\n<p>Iako je BH Po\u0161ta formalno postupila u skladu s procedurama, pitanje koje se name\u0107e jeste, da li je moralno i dru\u0161tveno opravdano prodavati vozilo koje je imalo simboli\u010dnu i dr\u017eavni\u010dku vrijednost?<\/p>\n<p><img fetchpriority=\"high\" decoding=\"async\" class=\"alignnone wp-image-284191 size-full\" src=\"https:\/\/tuzlainfo.ba\/wp-content\/uploads\/2025\/10\/251021139.webp\" alt=\"\" width=\"578\" height=\"818\" srcset=\"https:\/\/tuzlainfo.ba\/wp-content\/uploads\/2025\/10\/251021139.webp 578w, https:\/\/tuzlainfo.ba\/wp-content\/uploads\/2025\/10\/251021139-212x300.webp 212w, https:\/\/tuzlainfo.ba\/wp-content\/uploads\/2025\/10\/251021139-150x212.webp 150w, https:\/\/tuzlainfo.ba\/wp-content\/uploads\/2025\/10\/251021139-353x500.webp 353w\" sizes=\"(max-width: 578px) 100vw, 578px\" \/><\/p>\n","protected":false},"excerpt":{"rendered":"<p>Javno preduze\u0107e BH Po\u0161ta objavilo je javni poziv za prodaju blindiranog putni\u010dkog vozila marke BMW&hellip;<\/p>\n","protected":false},"author":4,"featured_media":284192,"comment_status":"closed","ping_status":"closed","sticky":false,"template":"","format":"standard","meta":{"_acf_changed":false,"footnotes":""},"categories":[291,304],"tags":[550,7193],"acf":[],"yoast_head":"<!-- This site is optimized with the Yoast SEO plugin v23.5 - https:\/\/yoast.com\/wordpress\/plugins\/seo\/ -->\n<title>Na licitaciju ide automobil kojeg je koristio Alija Izetbegovi\u0107, po\u010detna cijena &quot;sitnica&quot; - TuzlaInfo.ba<\/title>\n<meta name=\"robots\" content=\"index, follow, max-snippet:-1, max-image-preview:large, max-video-preview:-1\" \/>\n<link rel=\"canonical\" href=\"https:\/\/tuzlainfo.ba\/index.php\/bosna-i-hercegovina\/item\/284190-na-licitaciju-ide-automobil-kojeg-je-koristio-alija-izetbegovic-pocetna-cijena-sitnica\/\" \/>\n<meta property=\"og:locale\" content=\"bs_BA\" \/>\n<meta property=\"og:type\" content=\"article\" \/>\n<meta property=\"og:title\" content=\"Na licitaciju ide automobil kojeg je koristio Alija Izetbegovi\u0107, po\u010detna cijena &quot;sitnica&quot; - TuzlaInfo.ba\" \/>\n<meta property=\"og:description\" content=\"Javno preduze\u0107e BH Po\u0161ta objavilo je javni poziv za prodaju blindiranog putni\u010dkog vozila marke BMW&hellip;\" \/>\n<meta property=\"og:url\" content=\"https:\/\/tuzlainfo.ba\/index.php\/bosna-i-hercegovina\/item\/284190-na-licitaciju-ide-automobil-kojeg-je-koristio-alija-izetbegovic-pocetna-cijena-sitnica\/\" \/>\n<meta property=\"og:site_name\" content=\"TuzlaInfo.ba\" \/>\n<meta property=\"article:publisher\" content=\"https:\/\/www.facebook.com\/tuzlainfo.ba\/\" \/>\n<meta property=\"article:published_time\" content=\"2025-10-21T18:06:23+00:00\" \/>\n<meta property=\"og:image\" content=\"https:\/\/tuzlainfo.ba\/wp-content\/uploads\/2025\/10\/b_251021139.webp\" \/>\n\t<meta property=\"og:image:width\" content=\"800\" \/>\n\t<meta property=\"og:image:height\" content=\"533\" \/>\n\t<meta property=\"og:image:type\" content=\"image\/webp\" \/>\n<meta name=\"author\" content=\"Tuzla Info\" \/>\n<meta name=\"twitter:card\" content=\"summary_large_image\" \/>\n<meta name=\"twitter:label1\" content=\"Written by\" \/>\n\t<meta name=\"twitter:data1\" content=\"Tuzla Info\" \/>\n\t<meta name=\"twitter:label2\" content=\"Est. reading time\" \/>\n\t<meta name=\"twitter:data2\" content=\"2 minute\" \/>\n<script type=\"application\/ld+json\" class=\"yoast-schema-graph\">{\"@context\":\"https:\/\/schema.org\",\"@graph\":[{\"@type\":\"Article\",\"@id\":\"https:\/\/tuzlainfo.ba\/index.php\/bosna-i-hercegovina\/item\/284190-na-licitaciju-ide-automobil-kojeg-je-koristio-alija-izetbegovic-pocetna-cijena-sitnica\/#article\",\"isPartOf\":{\"@id\":\"https:\/\/tuzlainfo.ba\/index.php\/bosna-i-hercegovina\/item\/284190-na-licitaciju-ide-automobil-kojeg-je-koristio-alija-izetbegovic-pocetna-cijena-sitnica\/\"},\"author\":{\"name\":\"Tuzla Info\",\"@id\":\"https:\/\/tuzlainfo.ba\/#\/schema\/person\/46cad4c57790cbc50781edd14870825a\"},\"headline\":\"Na licitaciju ide automobil kojeg je koristio Alija Izetbegovi\u0107, po\u010detna cijena &#8220;sitnica&#8221;\",\"datePublished\":\"2025-10-21T18:06:23+00:00\",\"dateModified\":\"2025-10-21T18:06:23+00:00\",\"mainEntityOfPage\":{\"@id\":\"https:\/\/tuzlainfo.ba\/index.php\/bosna-i-hercegovina\/item\/284190-na-licitaciju-ide-automobil-kojeg-je-koristio-alija-izetbegovic-pocetna-cijena-sitnica\/\"},\"wordCount\":251,\"publisher\":{\"@id\":\"https:\/\/tuzlainfo.ba\/#organization\"},\"image\":{\"@id\":\"https:\/\/tuzlainfo.ba\/index.php\/bosna-i-hercegovina\/item\/284190-na-licitaciju-ide-automobil-kojeg-je-koristio-alija-izetbegovic-pocetna-cijena-sitnica\/#primaryimage\"},\"thumbnailUrl\":\"https:\/\/tuzlainfo.ba\/wp-content\/uploads\/2025\/10\/b_251021139.webp\",\"keywords\":[\"alija izetbegovi\u0107\",\"licitacija\"],\"articleSection\":[\"Bosna i Hercegovina\",\"Istaknuto\"],\"inLanguage\":\"bs-BA\"},{\"@type\":\"WebPage\",\"@id\":\"https:\/\/tuzlainfo.ba\/index.php\/bosna-i-hercegovina\/item\/284190-na-licitaciju-ide-automobil-kojeg-je-koristio-alija-izetbegovic-pocetna-cijena-sitnica\/\",\"url\":\"https:\/\/tuzlainfo.ba\/index.php\/bosna-i-hercegovina\/item\/284190-na-licitaciju-ide-automobil-kojeg-je-koristio-alija-izetbegovic-pocetna-cijena-sitnica\/\",\"name\":\"Na licitaciju ide automobil kojeg je koristio Alija Izetbegovi\u0107, po\u010detna cijena \\\"sitnica\\\" - TuzlaInfo.ba\",\"isPartOf\":{\"@id\":\"https:\/\/tuzlainfo.ba\/#website\"},\"primaryImageOfPage\":{\"@id\":\"https:\/\/tuzlainfo.ba\/index.php\/bosna-i-hercegovina\/item\/284190-na-licitaciju-ide-automobil-kojeg-je-koristio-alija-izetbegovic-pocetna-cijena-sitnica\/#primaryimage\"},\"image\":{\"@id\":\"https:\/\/tuzlainfo.ba\/index.php\/bosna-i-hercegovina\/item\/284190-na-licitaciju-ide-automobil-kojeg-je-koristio-alija-izetbegovic-pocetna-cijena-sitnica\/#primaryimage\"},\"thumbnailUrl\":\"https:\/\/tuzlainfo.ba\/wp-content\/uploads\/2025\/10\/b_251021139.webp\",\"datePublished\":\"2025-10-21T18:06:23+00:00\",\"dateModified\":\"2025-10-21T18:06:23+00:00\",\"breadcrumb\":{\"@id\":\"https:\/\/tuzlainfo.ba\/index.php\/bosna-i-hercegovina\/item\/284190-na-licitaciju-ide-automobil-kojeg-je-koristio-alija-izetbegovic-pocetna-cijena-sitnica\/#breadcrumb\"},\"inLanguage\":\"bs-BA\",\"potentialAction\":[{\"@type\":\"ReadAction\",\"target\":[\"https:\/\/tuzlainfo.ba\/index.php\/bosna-i-hercegovina\/item\/284190-na-licitaciju-ide-automobil-kojeg-je-koristio-alija-izetbegovic-pocetna-cijena-sitnica\/\"]}]},{\"@type\":\"ImageObject\",\"inLanguage\":\"bs-BA\",\"@id\":\"https:\/\/tuzlainfo.ba\/index.php\/bosna-i-hercegovina\/item\/284190-na-licitaciju-ide-automobil-kojeg-je-koristio-alija-izetbegovic-pocetna-cijena-sitnica\/#primaryimage\",\"url\":\"https:\/\/tuzlainfo.ba\/wp-content\/uploads\/2025\/10\/b_251021139.webp\",\"contentUrl\":\"https:\/\/tuzlainfo.ba\/wp-content\/uploads\/2025\/10\/b_251021139.webp\",\"width\":800,\"height\":533},{\"@type\":\"BreadcrumbList\",\"@id\":\"https:\/\/tuzlainfo.ba\/index.php\/bosna-i-hercegovina\/item\/284190-na-licitaciju-ide-automobil-kojeg-je-koristio-alija-izetbegovic-pocetna-cijena-sitnica\/#breadcrumb\",\"itemListElement\":[{\"@type\":\"ListItem\",\"position\":1,\"name\":\"Home\",\"item\":\"https:\/\/tuzlainfo.ba\/\"},{\"@type\":\"ListItem\",\"position\":2,\"name\":\"Na licitaciju ide automobil kojeg je koristio Alija Izetbegovi\u0107, po\u010detna cijena &#8220;sitnica&#8221;\"}]},{\"@type\":\"WebSite\",\"@id\":\"https:\/\/tuzlainfo.ba\/#website\",\"url\":\"https:\/\/tuzlainfo.ba\/\",\"name\":\"TuzlaInfo.ba\",\"description\":\"Tuzla info, gradski informator - Tuzla na dlanu\",\"publisher\":{\"@id\":\"https:\/\/tuzlainfo.ba\/#organization\"},\"potentialAction\":[{\"@type\":\"SearchAction\",\"target\":{\"@type\":\"EntryPoint\",\"urlTemplate\":\"https:\/\/tuzlainfo.ba\/?s={search_term_string}\"},\"query-input\":{\"@type\":\"PropertyValueSpecification\",\"valueRequired\":true,\"valueName\":\"search_term_string\"}}],\"inLanguage\":\"bs-BA\"},{\"@type\":\"Organization\",\"@id\":\"https:\/\/tuzlainfo.ba\/#organization\",\"name\":\"TuzlaInfo.ba\",\"url\":\"https:\/\/tuzlainfo.ba\/\",\"logo\":{\"@type\":\"ImageObject\",\"inLanguage\":\"bs-BA\",\"@id\":\"https:\/\/tuzlainfo.ba\/#\/schema\/logo\/image\/\",\"url\":\"https:\/\/tuzlainfo.ba\/wp-content\/uploads\/2021\/03\/logo-ver-3-1.png\",\"contentUrl\":\"https:\/\/tuzlainfo.ba\/wp-content\/uploads\/2021\/03\/logo-ver-3-1.png\",\"width\":350,\"height\":95,\"caption\":\"TuzlaInfo.ba\"},\"image\":{\"@id\":\"https:\/\/tuzlainfo.ba\/#\/schema\/logo\/image\/\"},\"sameAs\":[\"https:\/\/www.facebook.com\/tuzlainfo.ba\/\"]},{\"@type\":\"Person\",\"@id\":\"https:\/\/tuzlainfo.ba\/#\/schema\/person\/46cad4c57790cbc50781edd14870825a\",\"name\":\"Tuzla Info\",\"image\":{\"@type\":\"ImageObject\",\"inLanguage\":\"bs-BA\",\"@id\":\"https:\/\/tuzlainfo.ba\/#\/schema\/person\/image\/\",\"url\":\"https:\/\/tuzlainfo.ba\/wp-content\/litespeed\/avatar\/b6c453a6c38e3654f2e4416c643fc25c.jpg?ver=1777051911\",\"contentUrl\":\"https:\/\/tuzlainfo.ba\/wp-content\/litespeed\/avatar\/b6c453a6c38e3654f2e4416c643fc25c.jpg?ver=1777051911\",\"caption\":\"Tuzla Info\"}}]}<\/script>\n<!-- \/ Yoast SEO plugin. -->","yoast_head_json":{"title":"Na licitaciju ide automobil kojeg je koristio Alija Izetbegovi\u0107, po\u010detna cijena \"sitnica\" - TuzlaInfo.ba","robots":{"index":"index","follow":"follow","max-snippet":"max-snippet:-1","max-image-preview":"max-image-preview:large","max-video-preview":"max-video-preview:-1"},"canonical":"https:\/\/tuzlainfo.ba\/index.php\/bosna-i-hercegovina\/item\/284190-na-licitaciju-ide-automobil-kojeg-je-koristio-alija-izetbegovic-pocetna-cijena-sitnica\/","og_locale":"bs_BA","og_type":"article","og_title":"Na licitaciju ide automobil kojeg je koristio Alija Izetbegovi\u0107, po\u010detna cijena \"sitnica\" - TuzlaInfo.ba","og_description":"Javno preduze\u0107e BH Po\u0161ta objavilo je javni poziv za prodaju blindiranog putni\u010dkog vozila marke BMW&hellip;","og_url":"https:\/\/tuzlainfo.ba\/index.php\/bosna-i-hercegovina\/item\/284190-na-licitaciju-ide-automobil-kojeg-je-koristio-alija-izetbegovic-pocetna-cijena-sitnica\/","og_site_name":"TuzlaInfo.ba","article_publisher":"https:\/\/www.facebook.com\/tuzlainfo.ba\/","article_published_time":"2025-10-21T18:06:23+00:00","og_image":[{"width":800,"height":533,"url":"https:\/\/tuzlainfo.ba\/wp-content\/uploads\/2025\/10\/b_251021139.webp","type":"image\/webp"}],"author":"Tuzla Info","twitter_card":"summary_large_image","twitter_misc":{"Written by":"Tuzla Info","Est. reading time":"2 minute"},"schema":{"@context":"https:\/\/schema.org","@graph":[{"@type":"Article","@id":"https:\/\/tuzlainfo.ba\/index.php\/bosna-i-hercegovina\/item\/284190-na-licitaciju-ide-automobil-kojeg-je-koristio-alija-izetbegovic-pocetna-cijena-sitnica\/#article","isPartOf":{"@id":"https:\/\/tuzlainfo.ba\/index.php\/bosna-i-hercegovina\/item\/284190-na-licitaciju-ide-automobil-kojeg-je-koristio-alija-izetbegovic-pocetna-cijena-sitnica\/"},"author":{"name":"Tuzla Info","@id":"https:\/\/tuzlainfo.ba\/#\/schema\/person\/46cad4c57790cbc50781edd14870825a"},"headline":"Na licitaciju ide automobil kojeg je koristio Alija Izetbegovi\u0107, po\u010detna cijena &#8220;sitnica&#8221;","datePublished":"2025-10-21T18:06:23+00:00","dateModified":"2025-10-21T18:06:23+00:00","mainEntityOfPage":{"@id":"https:\/\/tuzlainfo.ba\/index.php\/bosna-i-hercegovina\/item\/284190-na-licitaciju-ide-automobil-kojeg-je-koristio-alija-izetbegovic-pocetna-cijena-sitnica\/"},"wordCount":251,"publisher":{"@id":"https:\/\/tuzlainfo.ba\/#organization"},"image":{"@id":"https:\/\/tuzlainfo.ba\/index.php\/bosna-i-hercegovina\/item\/284190-na-licitaciju-ide-automobil-kojeg-je-koristio-alija-izetbegovic-pocetna-cijena-sitnica\/#primaryimage"},"thumbnailUrl":"https:\/\/tuzlainfo.ba\/wp-content\/uploads\/2025\/10\/b_251021139.webp","keywords":["alija izetbegovi\u0107","licitacija"],"articleSection":["Bosna i Hercegovina","Istaknuto"],"inLanguage":"bs-BA"},{"@type":"WebPage","@id":"https:\/\/tuzlainfo.ba\/index.php\/bosna-i-hercegovina\/item\/284190-na-licitaciju-ide-automobil-kojeg-je-koristio-alija-izetbegovic-pocetna-cijena-sitnica\/","url":"https:\/\/tuzlainfo.ba\/index.php\/bosna-i-hercegovina\/item\/284190-na-licitaciju-ide-automobil-kojeg-je-koristio-alija-izetbegovic-pocetna-cijena-sitnica\/","name":"Na licitaciju ide automobil kojeg je koristio Alija Izetbegovi\u0107, po\u010detna cijena \"sitnica\" - TuzlaInfo.ba","isPartOf":{"@id":"https:\/\/tuzlainfo.ba\/#website"},"primaryImageOfPage":{"@id":"https:\/\/tuzlainfo.ba\/index.php\/bosna-i-hercegovina\/item\/284190-na-licitaciju-ide-automobil-kojeg-je-koristio-alija-izetbegovic-pocetna-cijena-sitnica\/#primaryimage"},"image":{"@id":"https:\/\/tuzlainfo.ba\/index.php\/bosna-i-hercegovina\/item\/284190-na-licitaciju-ide-automobil-kojeg-je-koristio-alija-izetbegovic-pocetna-cijena-sitnica\/#primaryimage"},"thumbnailUrl":"https:\/\/tuzlainfo.ba\/wp-content\/uploads\/2025\/10\/b_251021139.webp","datePublished":"2025-10-21T18:06:23+00:00","dateModified":"2025-10-21T18:06:23+00:00","breadcrumb":{"@id":"https:\/\/tuzlainfo.ba\/index.php\/bosna-i-hercegovina\/item\/284190-na-licitaciju-ide-automobil-kojeg-je-koristio-alija-izetbegovic-pocetna-cijena-sitnica\/#breadcrumb"},"inLanguage":"bs-BA","potentialAction":[{"@type":"ReadAction","target":["https:\/\/tuzlainfo.ba\/index.php\/bosna-i-hercegovina\/item\/284190-na-licitaciju-ide-automobil-kojeg-je-koristio-alija-izetbegovic-pocetna-cijena-sitnica\/"]}]},{"@type":"ImageObject","inLanguage":"bs-BA","@id":"https:\/\/tuzlainfo.ba\/index.php\/bosna-i-hercegovina\/item\/284190-na-licitaciju-ide-automobil-kojeg-je-koristio-alija-izetbegovic-pocetna-cijena-sitnica\/#primaryimage","url":"https:\/\/tuzlainfo.ba\/wp-content\/uploads\/2025\/10\/b_251021139.webp","contentUrl":"https:\/\/tuzlainfo.ba\/wp-content\/uploads\/2025\/10\/b_251021139.webp","width":800,"height":533},{"@type":"BreadcrumbList","@id":"https:\/\/tuzlainfo.ba\/index.php\/bosna-i-hercegovina\/item\/284190-na-licitaciju-ide-automobil-kojeg-je-koristio-alija-izetbegovic-pocetna-cijena-sitnica\/#breadcrumb","itemListElement":[{"@type":"ListItem","position":1,"name":"Home","item":"https:\/\/tuzlainfo.ba\/"},{"@type":"ListItem","position":2,"name":"Na licitaciju ide automobil kojeg je koristio Alija Izetbegovi\u0107, po\u010detna cijena &#8220;sitnica&#8221;"}]},{"@type":"WebSite","@id":"https:\/\/tuzlainfo.ba\/#website","url":"https:\/\/tuzlainfo.ba\/","name":"TuzlaInfo.ba","description":"Tuzla info, gradski informator - Tuzla na dlanu","publisher":{"@id":"https:\/\/tuzlainfo.ba\/#organization"},"potentialAction":[{"@type":"SearchAction","target":{"@type":"EntryPoint","urlTemplate":"https:\/\/tuzlainfo.ba\/?s={search_term_string}"},"query-input":{"@type":"PropertyValueSpecification","valueRequired":true,"valueName":"search_term_string"}}],"inLanguage":"bs-BA"},{"@type":"Organization","@id":"https:\/\/tuzlainfo.ba\/#organization","name":"TuzlaInfo.ba","url":"https:\/\/tuzlainfo.ba\/","logo":{"@type":"ImageObject","inLanguage":"bs-BA","@id":"https:\/\/tuzlainfo.ba\/#\/schema\/logo\/image\/","url":"https:\/\/tuzlainfo.ba\/wp-content\/uploads\/2021\/03\/logo-ver-3-1.png","contentUrl":"https:\/\/tuzlainfo.ba\/wp-content\/uploads\/2021\/03\/logo-ver-3-1.png","width":350,"height":95,"caption":"TuzlaInfo.ba"},"image":{"@id":"https:\/\/tuzlainfo.ba\/#\/schema\/logo\/image\/"},"sameAs":["https:\/\/www.facebook.com\/tuzlainfo.ba\/"]},{"@type":"Person","@id":"https:\/\/tuzlainfo.ba\/#\/schema\/person\/46cad4c57790cbc50781edd14870825a","name":"Tuzla Info","image":{"@type":"ImageObject","inLanguage":"bs-BA","@id":"https:\/\/tuzlainfo.ba\/#\/schema\/person\/image\/","url":"https:\/\/tuzlainfo.ba\/wp-content\/litespeed\/avatar\/b6c453a6c38e3654f2e4416c643fc25c.jpg?ver=1777051911","contentUrl":"https:\/\/tuzlainfo.ba\/wp-content\/litespeed\/avatar\/b6c453a6c38e3654f2e4416c643fc25c.jpg?ver=1777051911","caption":"Tuzla Info"}}]}},"_links":{"self":[{"href":"https:\/\/tuzlainfo.ba\/index.php\/wp-json\/wp\/v2\/posts\/284190"}],"collection":[{"href":"https:\/\/tuzlainfo.ba\/index.php\/wp-json\/wp\/v2\/posts"}],"about":[{"href":"https:\/\/tuzlainfo.ba\/index.php\/wp-json\/wp\/v2\/types\/post"}],"author":[{"embeddable":true,"href":"https:\/\/tuzlainfo.ba\/index.php\/wp-json\/wp\/v2\/users\/4"}],"replies":[{"embeddable":true,"href":"https:\/\/tuzlainfo.ba\/index.php\/wp-json\/wp\/v2\/comments?post=284190"}],"version-history":[{"count":1,"href":"https:\/\/tuzlainfo.ba\/index.php\/wp-json\/wp\/v2\/posts\/284190\/revisions"}],"predecessor-version":[{"id":284193,"href":"https:\/\/tuzlainfo.ba\/index.php\/wp-json\/wp\/v2\/posts\/284190\/revisions\/284193"}],"wp:featuredmedia":[{"embeddable":true,"href":"https:\/\/tuzlainfo.ba\/index.php\/wp-json\/wp\/v2\/media\/284192"}],"wp:attachment":[{"href":"https:\/\/tuzlainfo.ba\/index.php\/wp-json\/wp\/v2\/media?parent=284190"}],"wp:term":[{"taxonomy":"category","embeddable":true,"href":"https:\/\/tuzlainfo.ba\/index.php\/wp-json\/wp\/v2\/categories?post=284190"},{"taxonomy":"post_tag","embeddable":true,"href":"https:\/\/tuzlainfo.ba\/index.php\/wp-json\/wp\/v2\/tags?post=284190"}],"curies":[{"name":"wp","href":"https:\/\/api.w.org\/{rel}","templated":true}]}}