{"id":283931,"date":"2025-10-19T22:07:46","date_gmt":"2025-10-19T20:07:46","guid":{"rendered":"https:\/\/tuzlainfo.ba\/?p=283931"},"modified":"2025-10-19T22:09:50","modified_gmt":"2025-10-19T20:09:50","slug":"fra-petar-matanovic-ponovo-medju-tuzlacima-covjek-koji-je-gradio-i-gradi-mostove-razumijevanja","status":"publish","type":"post","link":"https:\/\/tuzlainfo.ba\/index.php\/novosti\/item\/283931-fra-petar-matanovic-ponovo-medju-tuzlacima-covjek-koji-je-gradio-i-gradi-mostove-razumijevanja\/","title":{"rendered":"Fra Petar Matanovi\u0107 ponovo me\u0111u Tuzlacima: &#8220;\u010covjek koji je gradio i gradi mostove razumijevanja&#8221;"},"content":{"rendered":"<p>U okviru manifestacije \u201eDani Matice hrvatske\u201c, Tuzla je ovih dana ugostila prijatelje iz Orebi\u0107a (Republika Hrvatska).<\/p>\n<p>Na\u0161u ekipu susreli su pored \u010car\u0161ijske \u010desme, gdje je fra Petar Matanovi\u0107 vodio goste kroz grad, prisje\u0107aju\u0107i se vremena kada je u Tuzli slu\u017ebovao i radio. S puno emocija govorio je o gradu, njegovim ljudima, te o danima kada je zajedno s rahmetli efendijom Lugavi\u0107em i tada\u0161njim gradona\u010delnikom Selimom Be\u0161lagi\u0107em gradio mostove razumijevanja i povjerenja u te\u0161kom ratnom periodu.<\/p>\n<p>Fra Petar Matanovi\u0107 je i danas u Tuzli do\u010dekan s velikim po\u0161tovanjem. Bio je poznat po humanosti, skromnosti i iskrenoj \u017eelji da povezuje ljude razli\u010ditih vjera i nacija. Posebno je istakao Tuzlake kao narod dobrog srca, te se s dubokim po\u0161tovanjem prisjetio rahmetli efendije Lugavi\u0107a, \u010dovjeka s kojim je, kako je rekao, \u201eu najte\u017eim danima nau\u010dio koliko je zajedni\u0161tvo dragocjeno\u201c.<\/p>\n<div id=\"penci-post-gallery__1877\" class=\"penci-post-gallery-container masonry grid column-3\" data-height=\"150\" data-margin=\"3\"><div class=\"inner-gallery-masonry-container\"><div class=\"item-gallery-masonry grid\"><a class=\"\" href=\"https:\/\/tuzlainfo.ba\/wp-content\/uploads\/2025\/10\/1910_matanovic-2.jpg\"><div class=\"inner-item-masonry-gallery\"><img decoding=\"async\" src=\"https:\/\/tuzlainfo.ba\/wp-content\/uploads\/2025\/10\/1910_matanovic-2-585x390.jpg\" alt=\"\" title=\"1910_matanovic (2)\"><\/div><\/a><\/div><div class=\"item-gallery-masonry grid\"><a class=\"\" href=\"https:\/\/tuzlainfo.ba\/wp-content\/uploads\/2025\/10\/1910_matanovic-3.jpg\"><div class=\"inner-item-masonry-gallery\"><img decoding=\"async\" src=\"https:\/\/tuzlainfo.ba\/wp-content\/uploads\/2025\/10\/1910_matanovic-3-585x390.jpg\" alt=\"\" title=\"1910_matanovic (3)\"><\/div><\/a><\/div><div class=\"item-gallery-masonry grid\"><a class=\"\" href=\"https:\/\/tuzlainfo.ba\/wp-content\/uploads\/2025\/10\/1910_matanovic-1.jpg\"><div class=\"inner-item-masonry-gallery\"><img decoding=\"async\" src=\"https:\/\/tuzlainfo.ba\/wp-content\/uploads\/2025\/10\/1910_matanovic-1-585x390.jpg\" alt=\"\" title=\"1910_matanovic (1)\"><\/div><\/a><\/div><\/div><\/div>\n<p>Nakon \u0161to je objavljen video ove posjete, uslijedile su brojne emotivne reakcije gra\u0111ana koji su se prisjetili vremena kada je fra Petar bio gvardijan tuzlanskog samostana:<\/p>\n<p>\u201eTokom rata jedna kom\u0161inica katolkinja rekla je mojoj majci: pitajte fra Petra za hranu. Nismo imali \u0161ta jesti. Upravo od fra Petra smo dobili hranu i zahvalni smo za \u017eivota. Vi ste predstavnik Bosne onakva kakva bi trebala biti i jedan veliki \u010dovjek. Pokazali ste to i danas.\u201c<\/p>\n<p>\u201eTuzlaci znaju, ali i Srebreni\u010dani, koliko ste veliki \u010dovjek vi i rahmetli Lugavi\u0107. Hvala vam na svemu \u201c \u201eTakvi ljudi su svugdje dobrodo\u0161li i rado vi\u0111eni, posebno u Tuzli \u2013 najplemenitijem gradu u BiH.\u201c<\/p>\n<p>\u201eAko je to fra Petar Matanovi\u0107, \u0161to je bio za vrijeme rata gvardijan u tuzlanskom samostanu \u2013 taj se nije smirio dok nije oslobodio tada\u0161njeg muftiju, danas reisa Kavazovi\u0107a, koji je bio zarobljen kod Konjica. Pisao je i Papi Ivanu Pavlu II, a hranio je hiljade Bo\u0161njaka, posebno Podrinjce koji su dolazili u Tuzlu. Gvardijan nikoga nije vratio praznih ruku. Respekt do neba. Fra Petar Matanovi\u0107 je kao na\u0161 Halid Be\u0161li\u0107 \u2013 samo \u0161to ne pjeva.\u201c<\/p>\n<p>\u201eZahvaljuju\u0107i Lugavi\u0107u, Be\u0161lagi\u0107u i fra Petru u Tuzli je sa\u010duvan mir i zajedni\u0161tvo. To su tri tuzlanska heroja koji se ne smiju nikada zaboraviti. Posebno poznajem fra Petra li\u010dno \u2013 to je \u010dovjek koji je u vrijeme gladi davao pomo\u0107 svima, bez obzira na vjeru. Nikad nije rekao \u2018oni\u2019 ili \u2018njihov\u2019 \u2013 za njega su svi ljudi bili isti. Kada se spomene njegovo ime, treba ustati.\u201c<\/p>\n<p><iframe title=\"Fra Petar Matanovi\u0107 u posjeti Tuzli i sve najbolje o Tuzli\" width=\"1170\" height=\"658\" src=\"https:\/\/www.youtube.com\/embed\/imeoM73I9QM?feature=oembed\" frameborder=\"0\" allow=\"accelerometer; autoplay; clipboard-write; encrypted-media; gyroscope; picture-in-picture; web-share\" referrerpolicy=\"strict-origin-when-cross-origin\" allowfullscreen><\/iframe><\/p>\n<p>Fra Petar Matanovi\u0107 ostaje simbol Tuzle koja nije posustala pred mr\u017enjom, grada u kojem su ljudi razli\u010ditih vjera dijelili i dobro i zlo. Njegovo ime, zajedno s imenima rahmetli Lugavi\u0107a i Be\u0161lagi\u0107a, ostaje duboko urezano u kolektivno sje\u0107anje \u2013 kao podsjetnik da je mir mogu\u0107 onda kada su ljudi ve\u0107i od podjela.<strong>\/S.P.\/<\/strong><\/p>\n","protected":false},"excerpt":{"rendered":"<p>U okviru manifestacije \u201eDani Matice hrvatske\u201c, Tuzla je ovih dana ugostila prijatelje iz Orebi\u0107a (Republika&hellip;<\/p>\n","protected":false},"author":2,"featured_media":283934,"comment_status":"closed","ping_status":"closed","sticky":false,"template":"","format":"standard","meta":{"_acf_changed":false,"footnotes":""},"categories":[304,12],"tags":[12904],"acf":[],"yoast_head":"<!-- This site is optimized with the Yoast SEO plugin v23.5 - https:\/\/yoast.com\/wordpress\/plugins\/seo\/ -->\n<title>Fra Petar Matanovi\u0107 ponovo me\u0111u Tuzlacima: &quot;\u010covjek koji je gradio i gradi mostove razumijevanja&quot; - TuzlaInfo.ba<\/title>\n<meta name=\"robots\" content=\"index, follow, max-snippet:-1, max-image-preview:large, max-video-preview:-1\" \/>\n<link rel=\"canonical\" href=\"https:\/\/tuzlainfo.ba\/index.php\/novosti\/item\/283931-fra-petar-matanovic-ponovo-medju-tuzlacima-covjek-koji-je-gradio-i-gradi-mostove-razumijevanja\/\" \/>\n<meta property=\"og:locale\" content=\"bs_BA\" \/>\n<meta property=\"og:type\" content=\"article\" \/>\n<meta property=\"og:title\" content=\"Fra Petar Matanovi\u0107 ponovo me\u0111u Tuzlacima: &quot;\u010covjek koji je gradio i gradi mostove razumijevanja&quot; - TuzlaInfo.ba\" \/>\n<meta property=\"og:description\" content=\"U okviru manifestacije \u201eDani Matice hrvatske\u201c, Tuzla je ovih dana ugostila prijatelje iz Orebi\u0107a (Republika&hellip;\" \/>\n<meta property=\"og:url\" content=\"https:\/\/tuzlainfo.ba\/index.php\/novosti\/item\/283931-fra-petar-matanovic-ponovo-medju-tuzlacima-covjek-koji-je-gradio-i-gradi-mostove-razumijevanja\/\" \/>\n<meta property=\"og:site_name\" content=\"TuzlaInfo.ba\" \/>\n<meta property=\"article:publisher\" content=\"https:\/\/www.facebook.com\/tuzlainfo.ba\/\" \/>\n<meta property=\"article:published_time\" content=\"2025-10-19T20:07:46+00:00\" \/>\n<meta property=\"article:modified_time\" content=\"2025-10-19T20:09:50+00:00\" \/>\n<meta property=\"og:image\" content=\"https:\/\/tuzlainfo.ba\/wp-content\/uploads\/2025\/10\/1910_matanovic-1.jpg\" \/>\n\t<meta property=\"og:image:width\" content=\"1000\" \/>\n\t<meta property=\"og:image:height\" content=\"750\" \/>\n\t<meta property=\"og:image:type\" content=\"image\/jpeg\" \/>\n<meta name=\"author\" content=\"nedim\" \/>\n<meta name=\"twitter:card\" content=\"summary_large_image\" \/>\n<meta name=\"twitter:label1\" content=\"Written by\" \/>\n\t<meta name=\"twitter:data1\" content=\"nedim\" \/>\n\t<meta name=\"twitter:label2\" content=\"Est. reading time\" \/>\n\t<meta name=\"twitter:data2\" content=\"3 minute\" \/>\n<script type=\"application\/ld+json\" class=\"yoast-schema-graph\">{\"@context\":\"https:\/\/schema.org\",\"@graph\":[{\"@type\":\"Article\",\"@id\":\"https:\/\/tuzlainfo.ba\/index.php\/novosti\/item\/283931-fra-petar-matanovic-ponovo-medju-tuzlacima-covjek-koji-je-gradio-i-gradi-mostove-razumijevanja\/#article\",\"isPartOf\":{\"@id\":\"https:\/\/tuzlainfo.ba\/index.php\/novosti\/item\/283931-fra-petar-matanovic-ponovo-medju-tuzlacima-covjek-koji-je-gradio-i-gradi-mostove-razumijevanja\/\"},\"author\":{\"name\":\"nedim\",\"@id\":\"https:\/\/tuzlainfo.ba\/#\/schema\/person\/f434e20dc27ea133923aab08451b7f7f\"},\"headline\":\"Fra Petar Matanovi\u0107 ponovo me\u0111u Tuzlacima: &#8220;\u010covjek koji je gradio i gradi mostove razumijevanja&#8221;\",\"datePublished\":\"2025-10-19T20:07:46+00:00\",\"dateModified\":\"2025-10-19T20:09:50+00:00\",\"mainEntityOfPage\":{\"@id\":\"https:\/\/tuzlainfo.ba\/index.php\/novosti\/item\/283931-fra-petar-matanovic-ponovo-medju-tuzlacima-covjek-koji-je-gradio-i-gradi-mostove-razumijevanja\/\"},\"wordCount\":505,\"publisher\":{\"@id\":\"https:\/\/tuzlainfo.ba\/#organization\"},\"image\":{\"@id\":\"https:\/\/tuzlainfo.ba\/index.php\/novosti\/item\/283931-fra-petar-matanovic-ponovo-medju-tuzlacima-covjek-koji-je-gradio-i-gradi-mostove-razumijevanja\/#primaryimage\"},\"thumbnailUrl\":\"https:\/\/tuzlainfo.ba\/wp-content\/uploads\/2025\/10\/1910_matanovic-1.jpg\",\"keywords\":[\"fra petar matanovi\u0107\"],\"articleSection\":[\"Istaknuto\",\"Novosti\"],\"inLanguage\":\"bs-BA\"},{\"@type\":\"WebPage\",\"@id\":\"https:\/\/tuzlainfo.ba\/index.php\/novosti\/item\/283931-fra-petar-matanovic-ponovo-medju-tuzlacima-covjek-koji-je-gradio-i-gradi-mostove-razumijevanja\/\",\"url\":\"https:\/\/tuzlainfo.ba\/index.php\/novosti\/item\/283931-fra-petar-matanovic-ponovo-medju-tuzlacima-covjek-koji-je-gradio-i-gradi-mostove-razumijevanja\/\",\"name\":\"Fra Petar Matanovi\u0107 ponovo me\u0111u Tuzlacima: \\\"\u010covjek koji je gradio i gradi mostove razumijevanja\\\" - TuzlaInfo.ba\",\"isPartOf\":{\"@id\":\"https:\/\/tuzlainfo.ba\/#website\"},\"primaryImageOfPage\":{\"@id\":\"https:\/\/tuzlainfo.ba\/index.php\/novosti\/item\/283931-fra-petar-matanovic-ponovo-medju-tuzlacima-covjek-koji-je-gradio-i-gradi-mostove-razumijevanja\/#primaryimage\"},\"image\":{\"@id\":\"https:\/\/tuzlainfo.ba\/index.php\/novosti\/item\/283931-fra-petar-matanovic-ponovo-medju-tuzlacima-covjek-koji-je-gradio-i-gradi-mostove-razumijevanja\/#primaryimage\"},\"thumbnailUrl\":\"https:\/\/tuzlainfo.ba\/wp-content\/uploads\/2025\/10\/1910_matanovic-1.jpg\",\"datePublished\":\"2025-10-19T20:07:46+00:00\",\"dateModified\":\"2025-10-19T20:09:50+00:00\",\"breadcrumb\":{\"@id\":\"https:\/\/tuzlainfo.ba\/index.php\/novosti\/item\/283931-fra-petar-matanovic-ponovo-medju-tuzlacima-covjek-koji-je-gradio-i-gradi-mostove-razumijevanja\/#breadcrumb\"},\"inLanguage\":\"bs-BA\",\"potentialAction\":[{\"@type\":\"ReadAction\",\"target\":[\"https:\/\/tuzlainfo.ba\/index.php\/novosti\/item\/283931-fra-petar-matanovic-ponovo-medju-tuzlacima-covjek-koji-je-gradio-i-gradi-mostove-razumijevanja\/\"]}]},{\"@type\":\"ImageObject\",\"inLanguage\":\"bs-BA\",\"@id\":\"https:\/\/tuzlainfo.ba\/index.php\/novosti\/item\/283931-fra-petar-matanovic-ponovo-medju-tuzlacima-covjek-koji-je-gradio-i-gradi-mostove-razumijevanja\/#primaryimage\",\"url\":\"https:\/\/tuzlainfo.ba\/wp-content\/uploads\/2025\/10\/1910_matanovic-1.jpg\",\"contentUrl\":\"https:\/\/tuzlainfo.ba\/wp-content\/uploads\/2025\/10\/1910_matanovic-1.jpg\",\"width\":1000,\"height\":750},{\"@type\":\"BreadcrumbList\",\"@id\":\"https:\/\/tuzlainfo.ba\/index.php\/novosti\/item\/283931-fra-petar-matanovic-ponovo-medju-tuzlacima-covjek-koji-je-gradio-i-gradi-mostove-razumijevanja\/#breadcrumb\",\"itemListElement\":[{\"@type\":\"ListItem\",\"position\":1,\"name\":\"Home\",\"item\":\"https:\/\/tuzlainfo.ba\/\"},{\"@type\":\"ListItem\",\"position\":2,\"name\":\"Fra Petar Matanovi\u0107 ponovo me\u0111u Tuzlacima: &#8220;\u010covjek koji je gradio i gradi mostove razumijevanja&#8221;\"}]},{\"@type\":\"WebSite\",\"@id\":\"https:\/\/tuzlainfo.ba\/#website\",\"url\":\"https:\/\/tuzlainfo.ba\/\",\"name\":\"TuzlaInfo.ba\",\"description\":\"Tuzla info, gradski informator - Tuzla na dlanu\",\"publisher\":{\"@id\":\"https:\/\/tuzlainfo.ba\/#organization\"},\"potentialAction\":[{\"@type\":\"SearchAction\",\"target\":{\"@type\":\"EntryPoint\",\"urlTemplate\":\"https:\/\/tuzlainfo.ba\/?s={search_term_string}\"},\"query-input\":{\"@type\":\"PropertyValueSpecification\",\"valueRequired\":true,\"valueName\":\"search_term_string\"}}],\"inLanguage\":\"bs-BA\"},{\"@type\":\"Organization\",\"@id\":\"https:\/\/tuzlainfo.ba\/#organization\",\"name\":\"TuzlaInfo.ba\",\"url\":\"https:\/\/tuzlainfo.ba\/\",\"logo\":{\"@type\":\"ImageObject\",\"inLanguage\":\"bs-BA\",\"@id\":\"https:\/\/tuzlainfo.ba\/#\/schema\/logo\/image\/\",\"url\":\"https:\/\/tuzlainfo.ba\/wp-content\/uploads\/2021\/03\/logo-ver-3-1.png\",\"contentUrl\":\"https:\/\/tuzlainfo.ba\/wp-content\/uploads\/2021\/03\/logo-ver-3-1.png\",\"width\":350,\"height\":95,\"caption\":\"TuzlaInfo.ba\"},\"image\":{\"@id\":\"https:\/\/tuzlainfo.ba\/#\/schema\/logo\/image\/\"},\"sameAs\":[\"https:\/\/www.facebook.com\/tuzlainfo.ba\/\"]},{\"@type\":\"Person\",\"@id\":\"https:\/\/tuzlainfo.ba\/#\/schema\/person\/f434e20dc27ea133923aab08451b7f7f\",\"name\":\"nedim\",\"image\":{\"@type\":\"ImageObject\",\"inLanguage\":\"bs-BA\",\"@id\":\"https:\/\/tuzlainfo.ba\/#\/schema\/person\/image\/\",\"url\":\"https:\/\/tuzlainfo.ba\/wp-content\/litespeed\/avatar\/aabad687af24844af817603ac1cbdc4f.jpg?ver=1777306975\",\"contentUrl\":\"https:\/\/tuzlainfo.ba\/wp-content\/litespeed\/avatar\/aabad687af24844af817603ac1cbdc4f.jpg?ver=1777306975\",\"caption\":\"nedim\"},\"description\":\"Tuzlainfo.ba pratite na dru\u0161tvenim mre\u017eama: Facebook, Instagram i Youtube. Svoje pri\u010de, upite i fotografije \u0161aljite na na\u0161u e-mail adresu.\"}]}<\/script>\n<!-- \/ Yoast SEO plugin. -->","yoast_head_json":{"title":"Fra Petar Matanovi\u0107 ponovo me\u0111u Tuzlacima: \"\u010covjek koji je gradio i gradi mostove razumijevanja\" - TuzlaInfo.ba","robots":{"index":"index","follow":"follow","max-snippet":"max-snippet:-1","max-image-preview":"max-image-preview:large","max-video-preview":"max-video-preview:-1"},"canonical":"https:\/\/tuzlainfo.ba\/index.php\/novosti\/item\/283931-fra-petar-matanovic-ponovo-medju-tuzlacima-covjek-koji-je-gradio-i-gradi-mostove-razumijevanja\/","og_locale":"bs_BA","og_type":"article","og_title":"Fra Petar Matanovi\u0107 ponovo me\u0111u Tuzlacima: \"\u010covjek koji je gradio i gradi mostove razumijevanja\" - TuzlaInfo.ba","og_description":"U okviru manifestacije \u201eDani Matice hrvatske\u201c, Tuzla je ovih dana ugostila prijatelje iz Orebi\u0107a (Republika&hellip;","og_url":"https:\/\/tuzlainfo.ba\/index.php\/novosti\/item\/283931-fra-petar-matanovic-ponovo-medju-tuzlacima-covjek-koji-je-gradio-i-gradi-mostove-razumijevanja\/","og_site_name":"TuzlaInfo.ba","article_publisher":"https:\/\/www.facebook.com\/tuzlainfo.ba\/","article_published_time":"2025-10-19T20:07:46+00:00","article_modified_time":"2025-10-19T20:09:50+00:00","og_image":[{"width":1000,"height":750,"url":"https:\/\/tuzlainfo.ba\/wp-content\/uploads\/2025\/10\/1910_matanovic-1.jpg","type":"image\/jpeg"}],"author":"nedim","twitter_card":"summary_large_image","twitter_misc":{"Written by":"nedim","Est. reading time":"3 minute"},"schema":{"@context":"https:\/\/schema.org","@graph":[{"@type":"Article","@id":"https:\/\/tuzlainfo.ba\/index.php\/novosti\/item\/283931-fra-petar-matanovic-ponovo-medju-tuzlacima-covjek-koji-je-gradio-i-gradi-mostove-razumijevanja\/#article","isPartOf":{"@id":"https:\/\/tuzlainfo.ba\/index.php\/novosti\/item\/283931-fra-petar-matanovic-ponovo-medju-tuzlacima-covjek-koji-je-gradio-i-gradi-mostove-razumijevanja\/"},"author":{"name":"nedim","@id":"https:\/\/tuzlainfo.ba\/#\/schema\/person\/f434e20dc27ea133923aab08451b7f7f"},"headline":"Fra Petar Matanovi\u0107 ponovo me\u0111u Tuzlacima: &#8220;\u010covjek koji je gradio i gradi mostove razumijevanja&#8221;","datePublished":"2025-10-19T20:07:46+00:00","dateModified":"2025-10-19T20:09:50+00:00","mainEntityOfPage":{"@id":"https:\/\/tuzlainfo.ba\/index.php\/novosti\/item\/283931-fra-petar-matanovic-ponovo-medju-tuzlacima-covjek-koji-je-gradio-i-gradi-mostove-razumijevanja\/"},"wordCount":505,"publisher":{"@id":"https:\/\/tuzlainfo.ba\/#organization"},"image":{"@id":"https:\/\/tuzlainfo.ba\/index.php\/novosti\/item\/283931-fra-petar-matanovic-ponovo-medju-tuzlacima-covjek-koji-je-gradio-i-gradi-mostove-razumijevanja\/#primaryimage"},"thumbnailUrl":"https:\/\/tuzlainfo.ba\/wp-content\/uploads\/2025\/10\/1910_matanovic-1.jpg","keywords":["fra petar matanovi\u0107"],"articleSection":["Istaknuto","Novosti"],"inLanguage":"bs-BA"},{"@type":"WebPage","@id":"https:\/\/tuzlainfo.ba\/index.php\/novosti\/item\/283931-fra-petar-matanovic-ponovo-medju-tuzlacima-covjek-koji-je-gradio-i-gradi-mostove-razumijevanja\/","url":"https:\/\/tuzlainfo.ba\/index.php\/novosti\/item\/283931-fra-petar-matanovic-ponovo-medju-tuzlacima-covjek-koji-je-gradio-i-gradi-mostove-razumijevanja\/","name":"Fra Petar Matanovi\u0107 ponovo me\u0111u Tuzlacima: \"\u010covjek koji je gradio i gradi mostove razumijevanja\" - TuzlaInfo.ba","isPartOf":{"@id":"https:\/\/tuzlainfo.ba\/#website"},"primaryImageOfPage":{"@id":"https:\/\/tuzlainfo.ba\/index.php\/novosti\/item\/283931-fra-petar-matanovic-ponovo-medju-tuzlacima-covjek-koji-je-gradio-i-gradi-mostove-razumijevanja\/#primaryimage"},"image":{"@id":"https:\/\/tuzlainfo.ba\/index.php\/novosti\/item\/283931-fra-petar-matanovic-ponovo-medju-tuzlacima-covjek-koji-je-gradio-i-gradi-mostove-razumijevanja\/#primaryimage"},"thumbnailUrl":"https:\/\/tuzlainfo.ba\/wp-content\/uploads\/2025\/10\/1910_matanovic-1.jpg","datePublished":"2025-10-19T20:07:46+00:00","dateModified":"2025-10-19T20:09:50+00:00","breadcrumb":{"@id":"https:\/\/tuzlainfo.ba\/index.php\/novosti\/item\/283931-fra-petar-matanovic-ponovo-medju-tuzlacima-covjek-koji-je-gradio-i-gradi-mostove-razumijevanja\/#breadcrumb"},"inLanguage":"bs-BA","potentialAction":[{"@type":"ReadAction","target":["https:\/\/tuzlainfo.ba\/index.php\/novosti\/item\/283931-fra-petar-matanovic-ponovo-medju-tuzlacima-covjek-koji-je-gradio-i-gradi-mostove-razumijevanja\/"]}]},{"@type":"ImageObject","inLanguage":"bs-BA","@id":"https:\/\/tuzlainfo.ba\/index.php\/novosti\/item\/283931-fra-petar-matanovic-ponovo-medju-tuzlacima-covjek-koji-je-gradio-i-gradi-mostove-razumijevanja\/#primaryimage","url":"https:\/\/tuzlainfo.ba\/wp-content\/uploads\/2025\/10\/1910_matanovic-1.jpg","contentUrl":"https:\/\/tuzlainfo.ba\/wp-content\/uploads\/2025\/10\/1910_matanovic-1.jpg","width":1000,"height":750},{"@type":"BreadcrumbList","@id":"https:\/\/tuzlainfo.ba\/index.php\/novosti\/item\/283931-fra-petar-matanovic-ponovo-medju-tuzlacima-covjek-koji-je-gradio-i-gradi-mostove-razumijevanja\/#breadcrumb","itemListElement":[{"@type":"ListItem","position":1,"name":"Home","item":"https:\/\/tuzlainfo.ba\/"},{"@type":"ListItem","position":2,"name":"Fra Petar Matanovi\u0107 ponovo me\u0111u Tuzlacima: &#8220;\u010covjek koji je gradio i gradi mostove razumijevanja&#8221;"}]},{"@type":"WebSite","@id":"https:\/\/tuzlainfo.ba\/#website","url":"https:\/\/tuzlainfo.ba\/","name":"TuzlaInfo.ba","description":"Tuzla info, gradski informator - Tuzla na dlanu","publisher":{"@id":"https:\/\/tuzlainfo.ba\/#organization"},"potentialAction":[{"@type":"SearchAction","target":{"@type":"EntryPoint","urlTemplate":"https:\/\/tuzlainfo.ba\/?s={search_term_string}"},"query-input":{"@type":"PropertyValueSpecification","valueRequired":true,"valueName":"search_term_string"}}],"inLanguage":"bs-BA"},{"@type":"Organization","@id":"https:\/\/tuzlainfo.ba\/#organization","name":"TuzlaInfo.ba","url":"https:\/\/tuzlainfo.ba\/","logo":{"@type":"ImageObject","inLanguage":"bs-BA","@id":"https:\/\/tuzlainfo.ba\/#\/schema\/logo\/image\/","url":"https:\/\/tuzlainfo.ba\/wp-content\/uploads\/2021\/03\/logo-ver-3-1.png","contentUrl":"https:\/\/tuzlainfo.ba\/wp-content\/uploads\/2021\/03\/logo-ver-3-1.png","width":350,"height":95,"caption":"TuzlaInfo.ba"},"image":{"@id":"https:\/\/tuzlainfo.ba\/#\/schema\/logo\/image\/"},"sameAs":["https:\/\/www.facebook.com\/tuzlainfo.ba\/"]},{"@type":"Person","@id":"https:\/\/tuzlainfo.ba\/#\/schema\/person\/f434e20dc27ea133923aab08451b7f7f","name":"nedim","image":{"@type":"ImageObject","inLanguage":"bs-BA","@id":"https:\/\/tuzlainfo.ba\/#\/schema\/person\/image\/","url":"https:\/\/tuzlainfo.ba\/wp-content\/litespeed\/avatar\/aabad687af24844af817603ac1cbdc4f.jpg?ver=1777306975","contentUrl":"https:\/\/tuzlainfo.ba\/wp-content\/litespeed\/avatar\/aabad687af24844af817603ac1cbdc4f.jpg?ver=1777306975","caption":"nedim"},"description":"Tuzlainfo.ba pratite na dru\u0161tvenim mre\u017eama: Facebook, Instagram i Youtube. Svoje pri\u010de, upite i fotografije \u0161aljite na na\u0161u e-mail adresu."}]}},"_links":{"self":[{"href":"https:\/\/tuzlainfo.ba\/index.php\/wp-json\/wp\/v2\/posts\/283931"}],"collection":[{"href":"https:\/\/tuzlainfo.ba\/index.php\/wp-json\/wp\/v2\/posts"}],"about":[{"href":"https:\/\/tuzlainfo.ba\/index.php\/wp-json\/wp\/v2\/types\/post"}],"author":[{"embeddable":true,"href":"https:\/\/tuzlainfo.ba\/index.php\/wp-json\/wp\/v2\/users\/2"}],"replies":[{"embeddable":true,"href":"https:\/\/tuzlainfo.ba\/index.php\/wp-json\/wp\/v2\/comments?post=283931"}],"version-history":[{"count":2,"href":"https:\/\/tuzlainfo.ba\/index.php\/wp-json\/wp\/v2\/posts\/283931\/revisions"}],"predecessor-version":[{"id":283937,"href":"https:\/\/tuzlainfo.ba\/index.php\/wp-json\/wp\/v2\/posts\/283931\/revisions\/283937"}],"wp:featuredmedia":[{"embeddable":true,"href":"https:\/\/tuzlainfo.ba\/index.php\/wp-json\/wp\/v2\/media\/283934"}],"wp:attachment":[{"href":"https:\/\/tuzlainfo.ba\/index.php\/wp-json\/wp\/v2\/media?parent=283931"}],"wp:term":[{"taxonomy":"category","embeddable":true,"href":"https:\/\/tuzlainfo.ba\/index.php\/wp-json\/wp\/v2\/categories?post=283931"},{"taxonomy":"post_tag","embeddable":true,"href":"https:\/\/tuzlainfo.ba\/index.php\/wp-json\/wp\/v2\/tags?post=283931"}],"curies":[{"name":"wp","href":"https:\/\/api.w.org\/{rel}","templated":true}]}}