{"id":283883,"date":"2025-10-19T09:48:59","date_gmt":"2025-10-19T07:48:59","guid":{"rendered":"https:\/\/tuzlainfo.ba\/?p=283883"},"modified":"2025-10-19T09:48:59","modified_gmt":"2025-10-19T07:48:59","slug":"dvadeset-dvije-godine-od-smrti-alije-izetbegovica-prvog-predsjednika-republike-bih","status":"publish","type":"post","link":"https:\/\/tuzlainfo.ba\/index.php\/bosna-i-hercegovina\/item\/283883-dvadeset-dvije-godine-od-smrti-alije-izetbegovica-prvog-predsjednika-republike-bih\/","title":{"rendered":"Dvadeset dvije godine od smrti Alije Izetbegovi\u0107a, prvog predsjednika Republike BiH"},"content":{"rendered":"<p data-start=\"105\" data-end=\"332\">Na dana\u0161nji dan prije 22 godine, 19. oktobra 2003. godine, preminuo je Alija Izetbegovi\u0107, prvi predsjednik nezavisne Republike Bosne i Hercegovine, politi\u010dar, mislilac i dr\u017eavnik \u010dije je ime trajno upisano u historiju zemlje.<\/p>\n<p data-start=\"334\" data-end=\"661\">Ro\u0111en je 8. augusta 1925. godine u Bosanskom \u0160amcu, a s porodicom se kao dijete preselio u Sarajevo, gdje je zavr\u0161io Prvu mu\u0161ku gimnaziju. Tokom Drugog svjetskog rata priklju\u010dio se pokretu &#8220;Mladi muslimani&#8221;, kroz koji je razvijao svoje idejne i politi\u010dke poglede zasnovane na islamu, antifa\u0161izmu i borbi protiv totalitarizma.<\/p>\n<p data-start=\"663\" data-end=\"1061\">Nakon rata je, zbog svojih uvjerenja i anga\u017emana, prvi put osu\u0111en 1946. godine na tri godine zatvora, a 1983. godine ponovno je uhap\u0161en i osu\u0111en u tzv. \u201cSarajevskom procesu\u201d zajedno s grupom muslimanskih intelektualaca. U zatvoru je nastavio pisati i razmi\u0161ljati o dru\u0161tvenim i filozofskim temama, a njegovo najpoznatije djelo \u201cIslam izme\u0111u Istoka i Zapada\u201d prevedeno je na vi\u0161e svjetskih jezika.<\/p>\n<p data-start=\"1063\" data-end=\"1456\">Godine 1990. osnovao je Stranku demokratske akcije (SDA) i izabran je za njenog prvog predsjednika. Na prvim vi\u0161estrana\u010dkim izborima u novembru iste godine postao je predsjednik Predsjedni\u0161tva Republike Bosne i Hercegovine. Tokom agresije na BiH od 1992. do 1995. godine bio je vrhovni komandant Oru\u017eanih snaga i simbol otpora, dr\u017eavnosti i borbe za cjelovitu i suverenu Bosnu i Hercegovinu.<\/p>\n<p data-start=\"1458\" data-end=\"1837\">U\u010destvovao je u mirovnim pregovorima koji su zavr\u0161ili potpisivanjem Dejtonskog mirovnog sporazuma, a povukao se iz aktivne politike 2000. godine. Umro je tri godine kasnije u Sarajevu, a prema vlastitoj \u017eelji, sahranjen je na \u0160ehidskom mezarju Kova\u010di. Njegov ispra\u0107aj u Sarajevu bio je najve\u0107i skup u historiji zemlje, na kojem su se okupili gra\u0111ani svih nacionalnosti i vjera.<\/p>\n","protected":false},"excerpt":{"rendered":"<p>Na dana\u0161nji dan prije 22 godine, 19. oktobra 2003. godine, preminuo je Alija Izetbegovi\u0107, prvi&hellip;<\/p>\n","protected":false},"author":2,"featured_media":151363,"comment_status":"closed","ping_status":"closed","sticky":false,"template":"","format":"standard","meta":{"_acf_changed":false,"footnotes":""},"categories":[291,304],"tags":[550],"acf":[],"yoast_head":"<!-- This site is optimized with the Yoast SEO plugin v23.5 - https:\/\/yoast.com\/wordpress\/plugins\/seo\/ -->\n<title>Dvadeset dvije godine od smrti Alije Izetbegovi\u0107a, prvog predsjednika Republike BiH - TuzlaInfo.ba<\/title>\n<meta name=\"robots\" content=\"index, follow, max-snippet:-1, max-image-preview:large, max-video-preview:-1\" \/>\n<link rel=\"canonical\" href=\"https:\/\/tuzlainfo.ba\/index.php\/bosna-i-hercegovina\/item\/283883-dvadeset-dvije-godine-od-smrti-alije-izetbegovica-prvog-predsjednika-republike-bih\/\" \/>\n<meta property=\"og:locale\" content=\"bs_BA\" \/>\n<meta property=\"og:type\" content=\"article\" \/>\n<meta property=\"og:title\" content=\"Dvadeset dvije godine od smrti Alije Izetbegovi\u0107a, prvog predsjednika Republike BiH - TuzlaInfo.ba\" \/>\n<meta property=\"og:description\" content=\"Na dana\u0161nji dan prije 22 godine, 19. oktobra 2003. godine, preminuo je Alija Izetbegovi\u0107, prvi&hellip;\" \/>\n<meta property=\"og:url\" content=\"https:\/\/tuzlainfo.ba\/index.php\/bosna-i-hercegovina\/item\/283883-dvadeset-dvije-godine-od-smrti-alije-izetbegovica-prvog-predsjednika-republike-bih\/\" \/>\n<meta property=\"og:site_name\" content=\"TuzlaInfo.ba\" \/>\n<meta property=\"article:publisher\" content=\"https:\/\/www.facebook.com\/tuzlainfo.ba\/\" \/>\n<meta property=\"article:published_time\" content=\"2025-10-19T07:48:59+00:00\" \/>\n<meta property=\"og:image\" content=\"https:\/\/tuzlainfo.ba\/wp-content\/uploads\/2021\/10\/1910_alija-izetbegovic.jpg\" \/>\n\t<meta property=\"og:image:width\" content=\"800\" \/>\n\t<meta property=\"og:image:height\" content=\"492\" \/>\n\t<meta property=\"og:image:type\" content=\"image\/jpeg\" \/>\n<meta name=\"author\" content=\"nedim\" \/>\n<meta name=\"twitter:card\" content=\"summary_large_image\" \/>\n<meta name=\"twitter:label1\" content=\"Written by\" \/>\n\t<meta name=\"twitter:data1\" content=\"nedim\" \/>\n\t<meta name=\"twitter:label2\" content=\"Est. reading time\" \/>\n\t<meta name=\"twitter:data2\" content=\"2 minute\" \/>\n<script type=\"application\/ld+json\" class=\"yoast-schema-graph\">{\"@context\":\"https:\/\/schema.org\",\"@graph\":[{\"@type\":\"Article\",\"@id\":\"https:\/\/tuzlainfo.ba\/index.php\/bosna-i-hercegovina\/item\/283883-dvadeset-dvije-godine-od-smrti-alije-izetbegovica-prvog-predsjednika-republike-bih\/#article\",\"isPartOf\":{\"@id\":\"https:\/\/tuzlainfo.ba\/index.php\/bosna-i-hercegovina\/item\/283883-dvadeset-dvije-godine-od-smrti-alije-izetbegovica-prvog-predsjednika-republike-bih\/\"},\"author\":{\"name\":\"nedim\",\"@id\":\"https:\/\/tuzlainfo.ba\/#\/schema\/person\/f434e20dc27ea133923aab08451b7f7f\"},\"headline\":\"Dvadeset dvije godine od smrti Alije Izetbegovi\u0107a, prvog predsjednika Republike BiH\",\"datePublished\":\"2025-10-19T07:48:59+00:00\",\"dateModified\":\"2025-10-19T07:48:59+00:00\",\"mainEntityOfPage\":{\"@id\":\"https:\/\/tuzlainfo.ba\/index.php\/bosna-i-hercegovina\/item\/283883-dvadeset-dvije-godine-od-smrti-alije-izetbegovica-prvog-predsjednika-republike-bih\/\"},\"wordCount\":290,\"publisher\":{\"@id\":\"https:\/\/tuzlainfo.ba\/#organization\"},\"image\":{\"@id\":\"https:\/\/tuzlainfo.ba\/index.php\/bosna-i-hercegovina\/item\/283883-dvadeset-dvije-godine-od-smrti-alije-izetbegovica-prvog-predsjednika-republike-bih\/#primaryimage\"},\"thumbnailUrl\":\"https:\/\/tuzlainfo.ba\/wp-content\/uploads\/2021\/10\/1910_alija-izetbegovic.jpg\",\"keywords\":[\"alija izetbegovi\u0107\"],\"articleSection\":[\"Bosna i Hercegovina\",\"Istaknuto\"],\"inLanguage\":\"bs-BA\"},{\"@type\":\"WebPage\",\"@id\":\"https:\/\/tuzlainfo.ba\/index.php\/bosna-i-hercegovina\/item\/283883-dvadeset-dvije-godine-od-smrti-alije-izetbegovica-prvog-predsjednika-republike-bih\/\",\"url\":\"https:\/\/tuzlainfo.ba\/index.php\/bosna-i-hercegovina\/item\/283883-dvadeset-dvije-godine-od-smrti-alije-izetbegovica-prvog-predsjednika-republike-bih\/\",\"name\":\"Dvadeset dvije godine od smrti Alije Izetbegovi\u0107a, prvog predsjednika Republike BiH - TuzlaInfo.ba\",\"isPartOf\":{\"@id\":\"https:\/\/tuzlainfo.ba\/#website\"},\"primaryImageOfPage\":{\"@id\":\"https:\/\/tuzlainfo.ba\/index.php\/bosna-i-hercegovina\/item\/283883-dvadeset-dvije-godine-od-smrti-alije-izetbegovica-prvog-predsjednika-republike-bih\/#primaryimage\"},\"image\":{\"@id\":\"https:\/\/tuzlainfo.ba\/index.php\/bosna-i-hercegovina\/item\/283883-dvadeset-dvije-godine-od-smrti-alije-izetbegovica-prvog-predsjednika-republike-bih\/#primaryimage\"},\"thumbnailUrl\":\"https:\/\/tuzlainfo.ba\/wp-content\/uploads\/2021\/10\/1910_alija-izetbegovic.jpg\",\"datePublished\":\"2025-10-19T07:48:59+00:00\",\"dateModified\":\"2025-10-19T07:48:59+00:00\",\"breadcrumb\":{\"@id\":\"https:\/\/tuzlainfo.ba\/index.php\/bosna-i-hercegovina\/item\/283883-dvadeset-dvije-godine-od-smrti-alije-izetbegovica-prvog-predsjednika-republike-bih\/#breadcrumb\"},\"inLanguage\":\"bs-BA\",\"potentialAction\":[{\"@type\":\"ReadAction\",\"target\":[\"https:\/\/tuzlainfo.ba\/index.php\/bosna-i-hercegovina\/item\/283883-dvadeset-dvije-godine-od-smrti-alije-izetbegovica-prvog-predsjednika-republike-bih\/\"]}]},{\"@type\":\"ImageObject\",\"inLanguage\":\"bs-BA\",\"@id\":\"https:\/\/tuzlainfo.ba\/index.php\/bosna-i-hercegovina\/item\/283883-dvadeset-dvije-godine-od-smrti-alije-izetbegovica-prvog-predsjednika-republike-bih\/#primaryimage\",\"url\":\"https:\/\/tuzlainfo.ba\/wp-content\/uploads\/2021\/10\/1910_alija-izetbegovic.jpg\",\"contentUrl\":\"https:\/\/tuzlainfo.ba\/wp-content\/uploads\/2021\/10\/1910_alija-izetbegovic.jpg\",\"width\":800,\"height\":492},{\"@type\":\"BreadcrumbList\",\"@id\":\"https:\/\/tuzlainfo.ba\/index.php\/bosna-i-hercegovina\/item\/283883-dvadeset-dvije-godine-od-smrti-alije-izetbegovica-prvog-predsjednika-republike-bih\/#breadcrumb\",\"itemListElement\":[{\"@type\":\"ListItem\",\"position\":1,\"name\":\"Home\",\"item\":\"https:\/\/tuzlainfo.ba\/\"},{\"@type\":\"ListItem\",\"position\":2,\"name\":\"Dvadeset dvije godine od smrti Alije Izetbegovi\u0107a, prvog predsjednika Republike BiH\"}]},{\"@type\":\"WebSite\",\"@id\":\"https:\/\/tuzlainfo.ba\/#website\",\"url\":\"https:\/\/tuzlainfo.ba\/\",\"name\":\"TuzlaInfo.ba\",\"description\":\"Tuzla info, gradski informator - Tuzla na dlanu\",\"publisher\":{\"@id\":\"https:\/\/tuzlainfo.ba\/#organization\"},\"potentialAction\":[{\"@type\":\"SearchAction\",\"target\":{\"@type\":\"EntryPoint\",\"urlTemplate\":\"https:\/\/tuzlainfo.ba\/?s={search_term_string}\"},\"query-input\":{\"@type\":\"PropertyValueSpecification\",\"valueRequired\":true,\"valueName\":\"search_term_string\"}}],\"inLanguage\":\"bs-BA\"},{\"@type\":\"Organization\",\"@id\":\"https:\/\/tuzlainfo.ba\/#organization\",\"name\":\"TuzlaInfo.ba\",\"url\":\"https:\/\/tuzlainfo.ba\/\",\"logo\":{\"@type\":\"ImageObject\",\"inLanguage\":\"bs-BA\",\"@id\":\"https:\/\/tuzlainfo.ba\/#\/schema\/logo\/image\/\",\"url\":\"https:\/\/tuzlainfo.ba\/wp-content\/uploads\/2021\/03\/logo-ver-3-1.png\",\"contentUrl\":\"https:\/\/tuzlainfo.ba\/wp-content\/uploads\/2021\/03\/logo-ver-3-1.png\",\"width\":350,\"height\":95,\"caption\":\"TuzlaInfo.ba\"},\"image\":{\"@id\":\"https:\/\/tuzlainfo.ba\/#\/schema\/logo\/image\/\"},\"sameAs\":[\"https:\/\/www.facebook.com\/tuzlainfo.ba\/\"]},{\"@type\":\"Person\",\"@id\":\"https:\/\/tuzlainfo.ba\/#\/schema\/person\/f434e20dc27ea133923aab08451b7f7f\",\"name\":\"nedim\",\"image\":{\"@type\":\"ImageObject\",\"inLanguage\":\"bs-BA\",\"@id\":\"https:\/\/tuzlainfo.ba\/#\/schema\/person\/image\/\",\"url\":\"https:\/\/tuzlainfo.ba\/wp-content\/litespeed\/avatar\/aabad687af24844af817603ac1cbdc4f.jpg?ver=1776702173\",\"contentUrl\":\"https:\/\/tuzlainfo.ba\/wp-content\/litespeed\/avatar\/aabad687af24844af817603ac1cbdc4f.jpg?ver=1776702173\",\"caption\":\"nedim\"},\"description\":\"Tuzlainfo.ba pratite na dru\u0161tvenim mre\u017eama: Facebook, Instagram i Youtube. Svoje pri\u010de, upite i fotografije \u0161aljite na na\u0161u e-mail adresu.\"}]}<\/script>\n<!-- \/ Yoast SEO plugin. -->","yoast_head_json":{"title":"Dvadeset dvije godine od smrti Alije Izetbegovi\u0107a, prvog predsjednika Republike BiH - TuzlaInfo.ba","robots":{"index":"index","follow":"follow","max-snippet":"max-snippet:-1","max-image-preview":"max-image-preview:large","max-video-preview":"max-video-preview:-1"},"canonical":"https:\/\/tuzlainfo.ba\/index.php\/bosna-i-hercegovina\/item\/283883-dvadeset-dvije-godine-od-smrti-alije-izetbegovica-prvog-predsjednika-republike-bih\/","og_locale":"bs_BA","og_type":"article","og_title":"Dvadeset dvije godine od smrti Alije Izetbegovi\u0107a, prvog predsjednika Republike BiH - TuzlaInfo.ba","og_description":"Na dana\u0161nji dan prije 22 godine, 19. oktobra 2003. godine, preminuo je Alija Izetbegovi\u0107, prvi&hellip;","og_url":"https:\/\/tuzlainfo.ba\/index.php\/bosna-i-hercegovina\/item\/283883-dvadeset-dvije-godine-od-smrti-alije-izetbegovica-prvog-predsjednika-republike-bih\/","og_site_name":"TuzlaInfo.ba","article_publisher":"https:\/\/www.facebook.com\/tuzlainfo.ba\/","article_published_time":"2025-10-19T07:48:59+00:00","og_image":[{"width":800,"height":492,"url":"https:\/\/tuzlainfo.ba\/wp-content\/uploads\/2021\/10\/1910_alija-izetbegovic.jpg","type":"image\/jpeg"}],"author":"nedim","twitter_card":"summary_large_image","twitter_misc":{"Written by":"nedim","Est. reading time":"2 minute"},"schema":{"@context":"https:\/\/schema.org","@graph":[{"@type":"Article","@id":"https:\/\/tuzlainfo.ba\/index.php\/bosna-i-hercegovina\/item\/283883-dvadeset-dvije-godine-od-smrti-alije-izetbegovica-prvog-predsjednika-republike-bih\/#article","isPartOf":{"@id":"https:\/\/tuzlainfo.ba\/index.php\/bosna-i-hercegovina\/item\/283883-dvadeset-dvije-godine-od-smrti-alije-izetbegovica-prvog-predsjednika-republike-bih\/"},"author":{"name":"nedim","@id":"https:\/\/tuzlainfo.ba\/#\/schema\/person\/f434e20dc27ea133923aab08451b7f7f"},"headline":"Dvadeset dvije godine od smrti Alije Izetbegovi\u0107a, prvog predsjednika Republike BiH","datePublished":"2025-10-19T07:48:59+00:00","dateModified":"2025-10-19T07:48:59+00:00","mainEntityOfPage":{"@id":"https:\/\/tuzlainfo.ba\/index.php\/bosna-i-hercegovina\/item\/283883-dvadeset-dvije-godine-od-smrti-alije-izetbegovica-prvog-predsjednika-republike-bih\/"},"wordCount":290,"publisher":{"@id":"https:\/\/tuzlainfo.ba\/#organization"},"image":{"@id":"https:\/\/tuzlainfo.ba\/index.php\/bosna-i-hercegovina\/item\/283883-dvadeset-dvije-godine-od-smrti-alije-izetbegovica-prvog-predsjednika-republike-bih\/#primaryimage"},"thumbnailUrl":"https:\/\/tuzlainfo.ba\/wp-content\/uploads\/2021\/10\/1910_alija-izetbegovic.jpg","keywords":["alija izetbegovi\u0107"],"articleSection":["Bosna i Hercegovina","Istaknuto"],"inLanguage":"bs-BA"},{"@type":"WebPage","@id":"https:\/\/tuzlainfo.ba\/index.php\/bosna-i-hercegovina\/item\/283883-dvadeset-dvije-godine-od-smrti-alije-izetbegovica-prvog-predsjednika-republike-bih\/","url":"https:\/\/tuzlainfo.ba\/index.php\/bosna-i-hercegovina\/item\/283883-dvadeset-dvije-godine-od-smrti-alije-izetbegovica-prvog-predsjednika-republike-bih\/","name":"Dvadeset dvije godine od smrti Alije Izetbegovi\u0107a, prvog predsjednika Republike BiH - TuzlaInfo.ba","isPartOf":{"@id":"https:\/\/tuzlainfo.ba\/#website"},"primaryImageOfPage":{"@id":"https:\/\/tuzlainfo.ba\/index.php\/bosna-i-hercegovina\/item\/283883-dvadeset-dvije-godine-od-smrti-alije-izetbegovica-prvog-predsjednika-republike-bih\/#primaryimage"},"image":{"@id":"https:\/\/tuzlainfo.ba\/index.php\/bosna-i-hercegovina\/item\/283883-dvadeset-dvije-godine-od-smrti-alije-izetbegovica-prvog-predsjednika-republike-bih\/#primaryimage"},"thumbnailUrl":"https:\/\/tuzlainfo.ba\/wp-content\/uploads\/2021\/10\/1910_alija-izetbegovic.jpg","datePublished":"2025-10-19T07:48:59+00:00","dateModified":"2025-10-19T07:48:59+00:00","breadcrumb":{"@id":"https:\/\/tuzlainfo.ba\/index.php\/bosna-i-hercegovina\/item\/283883-dvadeset-dvije-godine-od-smrti-alije-izetbegovica-prvog-predsjednika-republike-bih\/#breadcrumb"},"inLanguage":"bs-BA","potentialAction":[{"@type":"ReadAction","target":["https:\/\/tuzlainfo.ba\/index.php\/bosna-i-hercegovina\/item\/283883-dvadeset-dvije-godine-od-smrti-alije-izetbegovica-prvog-predsjednika-republike-bih\/"]}]},{"@type":"ImageObject","inLanguage":"bs-BA","@id":"https:\/\/tuzlainfo.ba\/index.php\/bosna-i-hercegovina\/item\/283883-dvadeset-dvije-godine-od-smrti-alije-izetbegovica-prvog-predsjednika-republike-bih\/#primaryimage","url":"https:\/\/tuzlainfo.ba\/wp-content\/uploads\/2021\/10\/1910_alija-izetbegovic.jpg","contentUrl":"https:\/\/tuzlainfo.ba\/wp-content\/uploads\/2021\/10\/1910_alija-izetbegovic.jpg","width":800,"height":492},{"@type":"BreadcrumbList","@id":"https:\/\/tuzlainfo.ba\/index.php\/bosna-i-hercegovina\/item\/283883-dvadeset-dvije-godine-od-smrti-alije-izetbegovica-prvog-predsjednika-republike-bih\/#breadcrumb","itemListElement":[{"@type":"ListItem","position":1,"name":"Home","item":"https:\/\/tuzlainfo.ba\/"},{"@type":"ListItem","position":2,"name":"Dvadeset dvije godine od smrti Alije Izetbegovi\u0107a, prvog predsjednika Republike BiH"}]},{"@type":"WebSite","@id":"https:\/\/tuzlainfo.ba\/#website","url":"https:\/\/tuzlainfo.ba\/","name":"TuzlaInfo.ba","description":"Tuzla info, gradski informator - Tuzla na dlanu","publisher":{"@id":"https:\/\/tuzlainfo.ba\/#organization"},"potentialAction":[{"@type":"SearchAction","target":{"@type":"EntryPoint","urlTemplate":"https:\/\/tuzlainfo.ba\/?s={search_term_string}"},"query-input":{"@type":"PropertyValueSpecification","valueRequired":true,"valueName":"search_term_string"}}],"inLanguage":"bs-BA"},{"@type":"Organization","@id":"https:\/\/tuzlainfo.ba\/#organization","name":"TuzlaInfo.ba","url":"https:\/\/tuzlainfo.ba\/","logo":{"@type":"ImageObject","inLanguage":"bs-BA","@id":"https:\/\/tuzlainfo.ba\/#\/schema\/logo\/image\/","url":"https:\/\/tuzlainfo.ba\/wp-content\/uploads\/2021\/03\/logo-ver-3-1.png","contentUrl":"https:\/\/tuzlainfo.ba\/wp-content\/uploads\/2021\/03\/logo-ver-3-1.png","width":350,"height":95,"caption":"TuzlaInfo.ba"},"image":{"@id":"https:\/\/tuzlainfo.ba\/#\/schema\/logo\/image\/"},"sameAs":["https:\/\/www.facebook.com\/tuzlainfo.ba\/"]},{"@type":"Person","@id":"https:\/\/tuzlainfo.ba\/#\/schema\/person\/f434e20dc27ea133923aab08451b7f7f","name":"nedim","image":{"@type":"ImageObject","inLanguage":"bs-BA","@id":"https:\/\/tuzlainfo.ba\/#\/schema\/person\/image\/","url":"https:\/\/tuzlainfo.ba\/wp-content\/litespeed\/avatar\/aabad687af24844af817603ac1cbdc4f.jpg?ver=1776702173","contentUrl":"https:\/\/tuzlainfo.ba\/wp-content\/litespeed\/avatar\/aabad687af24844af817603ac1cbdc4f.jpg?ver=1776702173","caption":"nedim"},"description":"Tuzlainfo.ba pratite na dru\u0161tvenim mre\u017eama: Facebook, Instagram i Youtube. Svoje pri\u010de, upite i fotografije \u0161aljite na na\u0161u e-mail adresu."}]}},"_links":{"self":[{"href":"https:\/\/tuzlainfo.ba\/index.php\/wp-json\/wp\/v2\/posts\/283883"}],"collection":[{"href":"https:\/\/tuzlainfo.ba\/index.php\/wp-json\/wp\/v2\/posts"}],"about":[{"href":"https:\/\/tuzlainfo.ba\/index.php\/wp-json\/wp\/v2\/types\/post"}],"author":[{"embeddable":true,"href":"https:\/\/tuzlainfo.ba\/index.php\/wp-json\/wp\/v2\/users\/2"}],"replies":[{"embeddable":true,"href":"https:\/\/tuzlainfo.ba\/index.php\/wp-json\/wp\/v2\/comments?post=283883"}],"version-history":[{"count":1,"href":"https:\/\/tuzlainfo.ba\/index.php\/wp-json\/wp\/v2\/posts\/283883\/revisions"}],"predecessor-version":[{"id":283884,"href":"https:\/\/tuzlainfo.ba\/index.php\/wp-json\/wp\/v2\/posts\/283883\/revisions\/283884"}],"wp:featuredmedia":[{"embeddable":true,"href":"https:\/\/tuzlainfo.ba\/index.php\/wp-json\/wp\/v2\/media\/151363"}],"wp:attachment":[{"href":"https:\/\/tuzlainfo.ba\/index.php\/wp-json\/wp\/v2\/media?parent=283883"}],"wp:term":[{"taxonomy":"category","embeddable":true,"href":"https:\/\/tuzlainfo.ba\/index.php\/wp-json\/wp\/v2\/categories?post=283883"},{"taxonomy":"post_tag","embeddable":true,"href":"https:\/\/tuzlainfo.ba\/index.php\/wp-json\/wp\/v2\/tags?post=283883"}],"curies":[{"name":"wp","href":"https:\/\/api.w.org\/{rel}","templated":true}]}}