{"id":283849,"date":"2025-10-18T14:04:18","date_gmt":"2025-10-18T12:04:18","guid":{"rendered":"https:\/\/tuzlainfo.ba\/?p=283849"},"modified":"2025-10-18T14:04:18","modified_gmt":"2025-10-18T12:04:18","slug":"erdogan-o-aliji-izetbegovicu-jedan-od-najistaknutijih-islamskih-mislilaca-naseg-vremena","status":"publish","type":"post","link":"https:\/\/tuzlainfo.ba\/index.php\/bosna-i-hercegovina\/item\/283849-erdogan-o-aliji-izetbegovicu-jedan-od-najistaknutijih-islamskih-mislilaca-naseg-vremena\/","title":{"rendered":"Erdogan o Aliji Izetbegovi\u0107u: Jedan od najistaknutijih islamskih mislilaca na\u0161eg vremena"},"content":{"rendered":"<p data-start=\"87\" data-end=\"335\">Predsjednik Turske Recep Tayyip Erdo\u011fan odao je po\u010dast prvom predsjedniku nezavisne Republike Bosne i Hercegovine, Aliji Izetbegovi\u0107u, povodom 100. godi\u0161njice njegovog ro\u0111enja, isti\u010du\u0107i ga kao simbol vjere, otpora i moralnog vodstva.<\/p>\n<p data-start=\"337\" data-end=\"532\">U poruci pripremljenoj za komemorativni skup, Erdogan je poru\u010dio da \u017eivotna pri\u010da Alije Izetbegovi\u0107a predstavlja \u201cepsku pri\u010du o istrajnosti u vjeri i dostojanstvu \u010dak i u najte\u017eim okolnostima\u201d.<\/p>\n<p data-start=\"534\" data-end=\"781\">\u201eRahmetli Alija zauzeo je mjesto u historiji kao glas savjesti, ne samo u Bosni i Hercegovini nego i u cijelom potla\u010denom svijetu, kao nepokolebljivi borac, sposobni dr\u017eavnik i mudri \u010dovjek koji je osvjetljavao na\u0161e horizonte\u201c, naveo je Erdogan.<\/p>\n<p data-start=\"783\" data-end=\"1003\">Turski predsjednik je dodao kako je Izetbegovi\u0107eva filozofija, utemeljena na pravdi i moralu, \u201cpoput sjajne zvijezde na nebu \u010dovje\u010danstva koja i danas pokazuje pravac svima koji se suprotstavljaju nepravdi i tla\u010denju\u201d.<\/p>\n<p data-start=\"1005\" data-end=\"1335\">Podsjetio je i na Izetbegovi\u0107evu poznatu izreku \u201eVelikim Bogom se kunemo da robovi biti ne\u0107emo\u201c, ocjenjuju\u0107i da je upravo ta misao vodila borbu Bosne za nezavisnost. \u201eAlija je bio jedan od najistaknutijih islamskih mislilaca na\u0161eg vremena, koji je gradio mostove izme\u0111u vjere i razuma, tradicije i modernosti\u201c, dodao je Erdogan.<\/p>\n<p data-start=\"1337\" data-end=\"1543\">Govore\u0107i o odnosima dviju dr\u017eava, Erdogan je istaknuo da je Izetbegovi\u0107 imao duboku naklonost i povjerenje prema Turskoj, te da \u201eon ima vje\u010dno mjesto u srcima na\u0161eg naroda kao \u010dasni vo\u0111a bratskog naroda\u201c.<\/p>\n<p data-start=\"1545\" data-end=\"1706\">\u201eNastavljamo s ljubavlju \u010duvati uspomene na na\u0161e zajedni\u0161tvo i njegovo naslije\u0111e. Neka mu je rahmet i neka mu prebivali\u0161te bude D\u017eennet\u201c, zaklju\u010dio je Erdogan.<\/p>\n<p data-start=\"1708\" data-end=\"2075\">U Sarajevu je u petak odr\u017ean sve\u010dani koncert povodom obljetnice ro\u0111enja Alije Izetbegovi\u0107a, na kojem je premijerno izvedena simfonijska poema \u201cMoj bijeg u slobodu\u201d, djelo kompozitora i dirigenta Emira Mejremi\u0107a. Doga\u0111aju su, me\u0111u ostalima, prisustvovali turski ambasador u BiH Emin Akseki, sin turskog predsjednika Bilal Erdogan i predsjednik SDA Bakir Izetbegovi\u0107.<\/p>\n<p data-start=\"2077\" data-end=\"2416\">Alija Izetbegovi\u0107 ro\u0111en je 8. augusta 1925. u Bosanskom \u0160amcu, a preminuo 19. oktobra 2003. u Sarajevu. Bio je autor niza publicisti\u010dkih i filozofskih djela, me\u0111u kojima se posebno izdvajaju \u201cIslam izme\u0111u istoka i zapada\u201d, \u201cIslamska deklaracija\u201d i \u201cMoj bijeg u slobodu\u201d, a njegova sabrana djela objavljena su 2004. godine u deset tomova.<\/p>\n","protected":false},"excerpt":{"rendered":"<p>Predsjednik Turske Recep Tayyip Erdo\u011fan odao je po\u010dast prvom predsjedniku nezavisne Republike Bosne i Hercegovine,&hellip;<\/p>\n","protected":false},"author":2,"featured_media":224776,"comment_status":"closed","ping_status":"closed","sticky":false,"template":"","format":"standard","meta":{"_acf_changed":false,"footnotes":""},"categories":[291],"tags":[550,1087],"acf":[],"yoast_head":"<!-- This site is optimized with the Yoast SEO plugin v23.5 - https:\/\/yoast.com\/wordpress\/plugins\/seo\/ -->\n<title>Erdogan o Aliji Izetbegovi\u0107u: Jedan od najistaknutijih islamskih mislilaca na\u0161eg vremena - TuzlaInfo.ba<\/title>\n<meta name=\"robots\" content=\"index, follow, max-snippet:-1, max-image-preview:large, max-video-preview:-1\" \/>\n<link rel=\"canonical\" href=\"https:\/\/tuzlainfo.ba\/index.php\/bosna-i-hercegovina\/item\/283849-erdogan-o-aliji-izetbegovicu-jedan-od-najistaknutijih-islamskih-mislilaca-naseg-vremena\/\" \/>\n<meta property=\"og:locale\" content=\"bs_BA\" \/>\n<meta property=\"og:type\" content=\"article\" \/>\n<meta property=\"og:title\" content=\"Erdogan o Aliji Izetbegovi\u0107u: Jedan od najistaknutijih islamskih mislilaca na\u0161eg vremena - TuzlaInfo.ba\" \/>\n<meta property=\"og:description\" content=\"Predsjednik Turske Recep Tayyip Erdo\u011fan odao je po\u010dast prvom predsjedniku nezavisne Republike Bosne i Hercegovine,&hellip;\" \/>\n<meta property=\"og:url\" content=\"https:\/\/tuzlainfo.ba\/index.php\/bosna-i-hercegovina\/item\/283849-erdogan-o-aliji-izetbegovicu-jedan-od-najistaknutijih-islamskih-mislilaca-naseg-vremena\/\" \/>\n<meta property=\"og:site_name\" content=\"TuzlaInfo.ba\" \/>\n<meta property=\"article:publisher\" content=\"https:\/\/www.facebook.com\/tuzlainfo.ba\/\" \/>\n<meta property=\"article:published_time\" content=\"2025-10-18T12:04:18+00:00\" \/>\n<meta property=\"og:image\" content=\"https:\/\/tuzlainfo.ba\/wp-content\/uploads\/2023\/12\/1012_erdogan.jpg\" \/>\n\t<meta property=\"og:image:width\" content=\"780\" \/>\n\t<meta property=\"og:image:height\" content=\"565\" \/>\n\t<meta property=\"og:image:type\" content=\"image\/jpeg\" \/>\n<meta name=\"author\" content=\"nedim\" \/>\n<meta name=\"twitter:card\" content=\"summary_large_image\" \/>\n<meta name=\"twitter:label1\" content=\"Written by\" \/>\n\t<meta name=\"twitter:data1\" content=\"nedim\" \/>\n\t<meta name=\"twitter:label2\" content=\"Est. reading time\" \/>\n\t<meta name=\"twitter:data2\" content=\"3 minute\" \/>\n<script type=\"application\/ld+json\" class=\"yoast-schema-graph\">{\"@context\":\"https:\/\/schema.org\",\"@graph\":[{\"@type\":\"Article\",\"@id\":\"https:\/\/tuzlainfo.ba\/index.php\/bosna-i-hercegovina\/item\/283849-erdogan-o-aliji-izetbegovicu-jedan-od-najistaknutijih-islamskih-mislilaca-naseg-vremena\/#article\",\"isPartOf\":{\"@id\":\"https:\/\/tuzlainfo.ba\/index.php\/bosna-i-hercegovina\/item\/283849-erdogan-o-aliji-izetbegovicu-jedan-od-najistaknutijih-islamskih-mislilaca-naseg-vremena\/\"},\"author\":{\"name\":\"nedim\",\"@id\":\"https:\/\/tuzlainfo.ba\/#\/schema\/person\/f434e20dc27ea133923aab08451b7f7f\"},\"headline\":\"Erdogan o Aliji Izetbegovi\u0107u: Jedan od najistaknutijih islamskih mislilaca na\u0161eg vremena\",\"datePublished\":\"2025-10-18T12:04:18+00:00\",\"dateModified\":\"2025-10-18T12:04:18+00:00\",\"mainEntityOfPage\":{\"@id\":\"https:\/\/tuzlainfo.ba\/index.php\/bosna-i-hercegovina\/item\/283849-erdogan-o-aliji-izetbegovicu-jedan-od-najistaknutijih-islamskih-mislilaca-naseg-vremena\/\"},\"wordCount\":391,\"publisher\":{\"@id\":\"https:\/\/tuzlainfo.ba\/#organization\"},\"image\":{\"@id\":\"https:\/\/tuzlainfo.ba\/index.php\/bosna-i-hercegovina\/item\/283849-erdogan-o-aliji-izetbegovicu-jedan-od-najistaknutijih-islamskih-mislilaca-naseg-vremena\/#primaryimage\"},\"thumbnailUrl\":\"https:\/\/tuzlainfo.ba\/wp-content\/uploads\/2023\/12\/1012_erdogan.jpg\",\"keywords\":[\"alija izetbegovi\u0107\",\"Recep Tayyip Erdogan\"],\"articleSection\":[\"Bosna i Hercegovina\"],\"inLanguage\":\"bs-BA\"},{\"@type\":\"WebPage\",\"@id\":\"https:\/\/tuzlainfo.ba\/index.php\/bosna-i-hercegovina\/item\/283849-erdogan-o-aliji-izetbegovicu-jedan-od-najistaknutijih-islamskih-mislilaca-naseg-vremena\/\",\"url\":\"https:\/\/tuzlainfo.ba\/index.php\/bosna-i-hercegovina\/item\/283849-erdogan-o-aliji-izetbegovicu-jedan-od-najistaknutijih-islamskih-mislilaca-naseg-vremena\/\",\"name\":\"Erdogan o Aliji Izetbegovi\u0107u: Jedan od najistaknutijih islamskih mislilaca na\u0161eg vremena - TuzlaInfo.ba\",\"isPartOf\":{\"@id\":\"https:\/\/tuzlainfo.ba\/#website\"},\"primaryImageOfPage\":{\"@id\":\"https:\/\/tuzlainfo.ba\/index.php\/bosna-i-hercegovina\/item\/283849-erdogan-o-aliji-izetbegovicu-jedan-od-najistaknutijih-islamskih-mislilaca-naseg-vremena\/#primaryimage\"},\"image\":{\"@id\":\"https:\/\/tuzlainfo.ba\/index.php\/bosna-i-hercegovina\/item\/283849-erdogan-o-aliji-izetbegovicu-jedan-od-najistaknutijih-islamskih-mislilaca-naseg-vremena\/#primaryimage\"},\"thumbnailUrl\":\"https:\/\/tuzlainfo.ba\/wp-content\/uploads\/2023\/12\/1012_erdogan.jpg\",\"datePublished\":\"2025-10-18T12:04:18+00:00\",\"dateModified\":\"2025-10-18T12:04:18+00:00\",\"breadcrumb\":{\"@id\":\"https:\/\/tuzlainfo.ba\/index.php\/bosna-i-hercegovina\/item\/283849-erdogan-o-aliji-izetbegovicu-jedan-od-najistaknutijih-islamskih-mislilaca-naseg-vremena\/#breadcrumb\"},\"inLanguage\":\"bs-BA\",\"potentialAction\":[{\"@type\":\"ReadAction\",\"target\":[\"https:\/\/tuzlainfo.ba\/index.php\/bosna-i-hercegovina\/item\/283849-erdogan-o-aliji-izetbegovicu-jedan-od-najistaknutijih-islamskih-mislilaca-naseg-vremena\/\"]}]},{\"@type\":\"ImageObject\",\"inLanguage\":\"bs-BA\",\"@id\":\"https:\/\/tuzlainfo.ba\/index.php\/bosna-i-hercegovina\/item\/283849-erdogan-o-aliji-izetbegovicu-jedan-od-najistaknutijih-islamskih-mislilaca-naseg-vremena\/#primaryimage\",\"url\":\"https:\/\/tuzlainfo.ba\/wp-content\/uploads\/2023\/12\/1012_erdogan.jpg\",\"contentUrl\":\"https:\/\/tuzlainfo.ba\/wp-content\/uploads\/2023\/12\/1012_erdogan.jpg\",\"width\":780,\"height\":565},{\"@type\":\"BreadcrumbList\",\"@id\":\"https:\/\/tuzlainfo.ba\/index.php\/bosna-i-hercegovina\/item\/283849-erdogan-o-aliji-izetbegovicu-jedan-od-najistaknutijih-islamskih-mislilaca-naseg-vremena\/#breadcrumb\",\"itemListElement\":[{\"@type\":\"ListItem\",\"position\":1,\"name\":\"Home\",\"item\":\"https:\/\/tuzlainfo.ba\/\"},{\"@type\":\"ListItem\",\"position\":2,\"name\":\"Erdogan o Aliji Izetbegovi\u0107u: Jedan od najistaknutijih islamskih mislilaca na\u0161eg vremena\"}]},{\"@type\":\"WebSite\",\"@id\":\"https:\/\/tuzlainfo.ba\/#website\",\"url\":\"https:\/\/tuzlainfo.ba\/\",\"name\":\"TuzlaInfo.ba\",\"description\":\"Tuzla info, gradski informator - Tuzla na dlanu\",\"publisher\":{\"@id\":\"https:\/\/tuzlainfo.ba\/#organization\"},\"potentialAction\":[{\"@type\":\"SearchAction\",\"target\":{\"@type\":\"EntryPoint\",\"urlTemplate\":\"https:\/\/tuzlainfo.ba\/?s={search_term_string}\"},\"query-input\":{\"@type\":\"PropertyValueSpecification\",\"valueRequired\":true,\"valueName\":\"search_term_string\"}}],\"inLanguage\":\"bs-BA\"},{\"@type\":\"Organization\",\"@id\":\"https:\/\/tuzlainfo.ba\/#organization\",\"name\":\"TuzlaInfo.ba\",\"url\":\"https:\/\/tuzlainfo.ba\/\",\"logo\":{\"@type\":\"ImageObject\",\"inLanguage\":\"bs-BA\",\"@id\":\"https:\/\/tuzlainfo.ba\/#\/schema\/logo\/image\/\",\"url\":\"https:\/\/tuzlainfo.ba\/wp-content\/uploads\/2021\/03\/logo-ver-3-1.png\",\"contentUrl\":\"https:\/\/tuzlainfo.ba\/wp-content\/uploads\/2021\/03\/logo-ver-3-1.png\",\"width\":350,\"height\":95,\"caption\":\"TuzlaInfo.ba\"},\"image\":{\"@id\":\"https:\/\/tuzlainfo.ba\/#\/schema\/logo\/image\/\"},\"sameAs\":[\"https:\/\/www.facebook.com\/tuzlainfo.ba\/\"]},{\"@type\":\"Person\",\"@id\":\"https:\/\/tuzlainfo.ba\/#\/schema\/person\/f434e20dc27ea133923aab08451b7f7f\",\"name\":\"nedim\",\"image\":{\"@type\":\"ImageObject\",\"inLanguage\":\"bs-BA\",\"@id\":\"https:\/\/tuzlainfo.ba\/#\/schema\/person\/image\/\",\"url\":\"https:\/\/tuzlainfo.ba\/wp-content\/litespeed\/avatar\/aabad687af24844af817603ac1cbdc4f.jpg?ver=1776702173\",\"contentUrl\":\"https:\/\/tuzlainfo.ba\/wp-content\/litespeed\/avatar\/aabad687af24844af817603ac1cbdc4f.jpg?ver=1776702173\",\"caption\":\"nedim\"},\"description\":\"Tuzlainfo.ba pratite na dru\u0161tvenim mre\u017eama: Facebook, Instagram i Youtube. Svoje pri\u010de, upite i fotografije \u0161aljite na na\u0161u e-mail adresu.\"}]}<\/script>\n<!-- \/ Yoast SEO plugin. -->","yoast_head_json":{"title":"Erdogan o Aliji Izetbegovi\u0107u: Jedan od najistaknutijih islamskih mislilaca na\u0161eg vremena - TuzlaInfo.ba","robots":{"index":"index","follow":"follow","max-snippet":"max-snippet:-1","max-image-preview":"max-image-preview:large","max-video-preview":"max-video-preview:-1"},"canonical":"https:\/\/tuzlainfo.ba\/index.php\/bosna-i-hercegovina\/item\/283849-erdogan-o-aliji-izetbegovicu-jedan-od-najistaknutijih-islamskih-mislilaca-naseg-vremena\/","og_locale":"bs_BA","og_type":"article","og_title":"Erdogan o Aliji Izetbegovi\u0107u: Jedan od najistaknutijih islamskih mislilaca na\u0161eg vremena - TuzlaInfo.ba","og_description":"Predsjednik Turske Recep Tayyip Erdo\u011fan odao je po\u010dast prvom predsjedniku nezavisne Republike Bosne i Hercegovine,&hellip;","og_url":"https:\/\/tuzlainfo.ba\/index.php\/bosna-i-hercegovina\/item\/283849-erdogan-o-aliji-izetbegovicu-jedan-od-najistaknutijih-islamskih-mislilaca-naseg-vremena\/","og_site_name":"TuzlaInfo.ba","article_publisher":"https:\/\/www.facebook.com\/tuzlainfo.ba\/","article_published_time":"2025-10-18T12:04:18+00:00","og_image":[{"width":780,"height":565,"url":"https:\/\/tuzlainfo.ba\/wp-content\/uploads\/2023\/12\/1012_erdogan.jpg","type":"image\/jpeg"}],"author":"nedim","twitter_card":"summary_large_image","twitter_misc":{"Written by":"nedim","Est. reading time":"3 minute"},"schema":{"@context":"https:\/\/schema.org","@graph":[{"@type":"Article","@id":"https:\/\/tuzlainfo.ba\/index.php\/bosna-i-hercegovina\/item\/283849-erdogan-o-aliji-izetbegovicu-jedan-od-najistaknutijih-islamskih-mislilaca-naseg-vremena\/#article","isPartOf":{"@id":"https:\/\/tuzlainfo.ba\/index.php\/bosna-i-hercegovina\/item\/283849-erdogan-o-aliji-izetbegovicu-jedan-od-najistaknutijih-islamskih-mislilaca-naseg-vremena\/"},"author":{"name":"nedim","@id":"https:\/\/tuzlainfo.ba\/#\/schema\/person\/f434e20dc27ea133923aab08451b7f7f"},"headline":"Erdogan o Aliji Izetbegovi\u0107u: Jedan od najistaknutijih islamskih mislilaca na\u0161eg vremena","datePublished":"2025-10-18T12:04:18+00:00","dateModified":"2025-10-18T12:04:18+00:00","mainEntityOfPage":{"@id":"https:\/\/tuzlainfo.ba\/index.php\/bosna-i-hercegovina\/item\/283849-erdogan-o-aliji-izetbegovicu-jedan-od-najistaknutijih-islamskih-mislilaca-naseg-vremena\/"},"wordCount":391,"publisher":{"@id":"https:\/\/tuzlainfo.ba\/#organization"},"image":{"@id":"https:\/\/tuzlainfo.ba\/index.php\/bosna-i-hercegovina\/item\/283849-erdogan-o-aliji-izetbegovicu-jedan-od-najistaknutijih-islamskih-mislilaca-naseg-vremena\/#primaryimage"},"thumbnailUrl":"https:\/\/tuzlainfo.ba\/wp-content\/uploads\/2023\/12\/1012_erdogan.jpg","keywords":["alija izetbegovi\u0107","Recep Tayyip Erdogan"],"articleSection":["Bosna i Hercegovina"],"inLanguage":"bs-BA"},{"@type":"WebPage","@id":"https:\/\/tuzlainfo.ba\/index.php\/bosna-i-hercegovina\/item\/283849-erdogan-o-aliji-izetbegovicu-jedan-od-najistaknutijih-islamskih-mislilaca-naseg-vremena\/","url":"https:\/\/tuzlainfo.ba\/index.php\/bosna-i-hercegovina\/item\/283849-erdogan-o-aliji-izetbegovicu-jedan-od-najistaknutijih-islamskih-mislilaca-naseg-vremena\/","name":"Erdogan o Aliji Izetbegovi\u0107u: Jedan od najistaknutijih islamskih mislilaca na\u0161eg vremena - TuzlaInfo.ba","isPartOf":{"@id":"https:\/\/tuzlainfo.ba\/#website"},"primaryImageOfPage":{"@id":"https:\/\/tuzlainfo.ba\/index.php\/bosna-i-hercegovina\/item\/283849-erdogan-o-aliji-izetbegovicu-jedan-od-najistaknutijih-islamskih-mislilaca-naseg-vremena\/#primaryimage"},"image":{"@id":"https:\/\/tuzlainfo.ba\/index.php\/bosna-i-hercegovina\/item\/283849-erdogan-o-aliji-izetbegovicu-jedan-od-najistaknutijih-islamskih-mislilaca-naseg-vremena\/#primaryimage"},"thumbnailUrl":"https:\/\/tuzlainfo.ba\/wp-content\/uploads\/2023\/12\/1012_erdogan.jpg","datePublished":"2025-10-18T12:04:18+00:00","dateModified":"2025-10-18T12:04:18+00:00","breadcrumb":{"@id":"https:\/\/tuzlainfo.ba\/index.php\/bosna-i-hercegovina\/item\/283849-erdogan-o-aliji-izetbegovicu-jedan-od-najistaknutijih-islamskih-mislilaca-naseg-vremena\/#breadcrumb"},"inLanguage":"bs-BA","potentialAction":[{"@type":"ReadAction","target":["https:\/\/tuzlainfo.ba\/index.php\/bosna-i-hercegovina\/item\/283849-erdogan-o-aliji-izetbegovicu-jedan-od-najistaknutijih-islamskih-mislilaca-naseg-vremena\/"]}]},{"@type":"ImageObject","inLanguage":"bs-BA","@id":"https:\/\/tuzlainfo.ba\/index.php\/bosna-i-hercegovina\/item\/283849-erdogan-o-aliji-izetbegovicu-jedan-od-najistaknutijih-islamskih-mislilaca-naseg-vremena\/#primaryimage","url":"https:\/\/tuzlainfo.ba\/wp-content\/uploads\/2023\/12\/1012_erdogan.jpg","contentUrl":"https:\/\/tuzlainfo.ba\/wp-content\/uploads\/2023\/12\/1012_erdogan.jpg","width":780,"height":565},{"@type":"BreadcrumbList","@id":"https:\/\/tuzlainfo.ba\/index.php\/bosna-i-hercegovina\/item\/283849-erdogan-o-aliji-izetbegovicu-jedan-od-najistaknutijih-islamskih-mislilaca-naseg-vremena\/#breadcrumb","itemListElement":[{"@type":"ListItem","position":1,"name":"Home","item":"https:\/\/tuzlainfo.ba\/"},{"@type":"ListItem","position":2,"name":"Erdogan o Aliji Izetbegovi\u0107u: Jedan od najistaknutijih islamskih mislilaca na\u0161eg vremena"}]},{"@type":"WebSite","@id":"https:\/\/tuzlainfo.ba\/#website","url":"https:\/\/tuzlainfo.ba\/","name":"TuzlaInfo.ba","description":"Tuzla info, gradski informator - Tuzla na dlanu","publisher":{"@id":"https:\/\/tuzlainfo.ba\/#organization"},"potentialAction":[{"@type":"SearchAction","target":{"@type":"EntryPoint","urlTemplate":"https:\/\/tuzlainfo.ba\/?s={search_term_string}"},"query-input":{"@type":"PropertyValueSpecification","valueRequired":true,"valueName":"search_term_string"}}],"inLanguage":"bs-BA"},{"@type":"Organization","@id":"https:\/\/tuzlainfo.ba\/#organization","name":"TuzlaInfo.ba","url":"https:\/\/tuzlainfo.ba\/","logo":{"@type":"ImageObject","inLanguage":"bs-BA","@id":"https:\/\/tuzlainfo.ba\/#\/schema\/logo\/image\/","url":"https:\/\/tuzlainfo.ba\/wp-content\/uploads\/2021\/03\/logo-ver-3-1.png","contentUrl":"https:\/\/tuzlainfo.ba\/wp-content\/uploads\/2021\/03\/logo-ver-3-1.png","width":350,"height":95,"caption":"TuzlaInfo.ba"},"image":{"@id":"https:\/\/tuzlainfo.ba\/#\/schema\/logo\/image\/"},"sameAs":["https:\/\/www.facebook.com\/tuzlainfo.ba\/"]},{"@type":"Person","@id":"https:\/\/tuzlainfo.ba\/#\/schema\/person\/f434e20dc27ea133923aab08451b7f7f","name":"nedim","image":{"@type":"ImageObject","inLanguage":"bs-BA","@id":"https:\/\/tuzlainfo.ba\/#\/schema\/person\/image\/","url":"https:\/\/tuzlainfo.ba\/wp-content\/litespeed\/avatar\/aabad687af24844af817603ac1cbdc4f.jpg?ver=1776702173","contentUrl":"https:\/\/tuzlainfo.ba\/wp-content\/litespeed\/avatar\/aabad687af24844af817603ac1cbdc4f.jpg?ver=1776702173","caption":"nedim"},"description":"Tuzlainfo.ba pratite na dru\u0161tvenim mre\u017eama: Facebook, Instagram i Youtube. Svoje pri\u010de, upite i fotografije \u0161aljite na na\u0161u e-mail adresu."}]}},"_links":{"self":[{"href":"https:\/\/tuzlainfo.ba\/index.php\/wp-json\/wp\/v2\/posts\/283849"}],"collection":[{"href":"https:\/\/tuzlainfo.ba\/index.php\/wp-json\/wp\/v2\/posts"}],"about":[{"href":"https:\/\/tuzlainfo.ba\/index.php\/wp-json\/wp\/v2\/types\/post"}],"author":[{"embeddable":true,"href":"https:\/\/tuzlainfo.ba\/index.php\/wp-json\/wp\/v2\/users\/2"}],"replies":[{"embeddable":true,"href":"https:\/\/tuzlainfo.ba\/index.php\/wp-json\/wp\/v2\/comments?post=283849"}],"version-history":[{"count":1,"href":"https:\/\/tuzlainfo.ba\/index.php\/wp-json\/wp\/v2\/posts\/283849\/revisions"}],"predecessor-version":[{"id":283850,"href":"https:\/\/tuzlainfo.ba\/index.php\/wp-json\/wp\/v2\/posts\/283849\/revisions\/283850"}],"wp:featuredmedia":[{"embeddable":true,"href":"https:\/\/tuzlainfo.ba\/index.php\/wp-json\/wp\/v2\/media\/224776"}],"wp:attachment":[{"href":"https:\/\/tuzlainfo.ba\/index.php\/wp-json\/wp\/v2\/media?parent=283849"}],"wp:term":[{"taxonomy":"category","embeddable":true,"href":"https:\/\/tuzlainfo.ba\/index.php\/wp-json\/wp\/v2\/categories?post=283849"},{"taxonomy":"post_tag","embeddable":true,"href":"https:\/\/tuzlainfo.ba\/index.php\/wp-json\/wp\/v2\/tags?post=283849"}],"curies":[{"name":"wp","href":"https:\/\/api.w.org\/{rel}","templated":true}]}}