{"id":283751,"date":"2025-10-17T13:05:42","date_gmt":"2025-10-17T11:05:42","guid":{"rendered":"https:\/\/tuzlainfo.ba\/?p=283751"},"modified":"2025-10-17T12:22:07","modified_gmt":"2025-10-17T10:22:07","slug":"ambasadori-europskih-zemalja-u-posjeti-vladi-tk","status":"publish","type":"post","link":"https:\/\/tuzlainfo.ba\/index.php\/istaknuto\/item\/283751-ambasadori-europskih-zemalja-u-posjeti-vladi-tk\/","title":{"rendered":"Ambasadori europskih zemalja u posjeti Vladi TK"},"content":{"rendered":"<p>Premijer Tuzlanskog kantona Irfan Halilagi\u0107 primio je danas u slu\u017ebenu posjetu delegaciju ambasadora europskih zemalja u Bosni i Hercegovini. Delegaciju su \u010dinili ambasadorice Kraljevine Norve\u0161ke Nj.E. Kathrine Biering i Republike \u010ce\u0161ke Nj.E. Jana Loli\u0107 \u2013 \u0160indelkova, te ambasador Republike Slovenije Nj.E. Damijan Sedar i ambasador Politi\u010dke jedinice za podr\u0161ku anga\u017emanu NATO-a (PESC) u Bosni i Hercegovini Vladimir Vu\u010dini\u0107.<\/p>\n<p>S obzirom da je ovo prva posjeta ovih ambasadora Tuzlanskom kantonu, premijer Halilagi\u0107 je gostima predstavio privredne, obrazovne i dru\u0161tvene potencijale kantona, isti\u010du\u0107i njegove komparativne prednosti, ali i razvojne izazove s kojima se regija suo\u010dava. Me\u0111u klju\u010dnim problemima premijer je naglasio neadekvatnu putnu povezanost Tuzlanskog kantona, kako prema Sarajevu na jugu, tako i prema granici s Evropskom unijom na sjeveru.<\/p>\n<p><img decoding=\"async\" src=\"https:\/\/www.vladatk.kim.ba\/media\/slike\/2025\/10\/Prijem%20za%20delegaciju%20ambasadora%2003%2017%2010%2025.webp\" alt=\"Prijem za delegaciju ambasadora 03 17 10 25\" \/><\/p>\n<p>U tom kontekstu, premijer Halilagi\u0107 je ambasadore upoznao s \u010dinjenicom da je Vlada Tuzlanskog kantona nedavno razmatrala informaciju o problemima u realizaciji projekata izgradnje autocesta na podru\u010dju Tuzlanskog kantona, posebno u dijelu koji se odnosi na pretvorbu poljoprivrednog i \u0161umskog zemlji\u0161ta i zabranu raspolaganja dr\u017eavnom imovinom.<\/p>\n<p>Istakao je premijer Halilagi\u0107 i da je Vlada TK uputila niz inicijativa nadle\u017enim institucijama vi\u0161ih nivoa vlasti i OHR-u kako bi se stvorili uslovi za deblokadu procesa, te je zamolio ambasadore da, koriste\u0107i svoj autoritet i razumijevanje ove tematike, doprinesu ishodovanju povoljnog rje\u0161enja kod relevantnih me\u0111unarodnih institucija, posebno kod Ureda visokog predstavnika u BiH.<\/p>\n<p><img decoding=\"async\" src=\"https:\/\/www.vladatk.kim.ba\/media\/slike\/2025\/10\/Prijem%20za%20delegaciju%20ambasadora%2002%2017%2010%2025.webp\" alt=\"Prijem za delegaciju ambasadora 02 17 10 25\" \/><\/p>\n<p>\u201eOvaj projekt nije samo infrastrukturno pitanje \u2013 to je pitanje ekonomskog opstanka i budu\u0107nosti Tuzlanskog kantona. Svaki napredak u njegovoj realizaciji zna\u010di i ja\u010danje ukupne stabilnosti i povezanosti Bosne i Hercegovine\u201c, kazao je premijer Halilagi\u0107.<\/p>\n<p>\u201eNorve\u0161ka \u0107e i dalje nastaviti podr\u017eavati konstruktivan anga\u017eman i pozitivan progres, a mi vidimo da je Tuzlanski kanton jedno od najva\u017enijih podru\u010dja u BiH u tom smislu. Tako\u0111er, nakon ovog sastanka, u\u010destvova\u0107emo u jednoj panel diskusiji sa studentima tuzlanskog univerziteta o pitanjima NATO-a i sigurnosti\u201c kazala je ambasadorica Biering.<br \/>\n\u201eVelika tema nam je bila stanje na cestama. To je ogromna tema Evropske unije, connectivity ili povezanost. Dobro je da je Bosna i Hercegovina kona\u010dno odobrila Reformsku agendu, da mo\u017eete da dobijete sredstva iz Plana rasta, jer svim privrednicima koji dolaze iz \u010ce\u0161ke, ne samo u Tuzlanskom kantonu, nego u cijelu Bosnu i Hercegovinu, upravo transport biva jedna od najve\u0107ih prepreka da se razvija saradnja sa va\u0161im zemljom. Tako\u0111er, premijer me odu\u0161evio kad je rekao koliko se djeca vratilo u Tuzlanski kanton iz zemalja Europske unije, i koliko ih je ove godine upisalo prve razrede osnovnih \u0161kola. U tome vidimo nadu\u201c, izlo\u017eila je svoje vi\u0111enje dana\u0161njeg sastanka ambasadorica Loli\u0107 \u2013 \u0160indelkova.<\/p>\n<p>Ambasador Republike Slovenije, Sedar, kazao je da se u Tuzlanski kanton rado vra\u0107a, a da mu je posebno zadovoljstvo to u\u010diniti u dru\u0161tvu kolega iz NATO porodice.<\/p>\n<p>\u201eOhrabruje da u va\u0161em kantonu nije upitno pitanje napretka prema euroatlantskim integracijama i NATO-u. Htio bi naglasiti da je Tuzlanski kanton bitan i sa geopoliti\u010dkog i strate\u0161kog polo\u017eaja, kao \u0161to je bio i posle rata i da u savezu sa NATO-om mo\u017ee opet da radi na strate\u0161kim pitanjima\u201c, kazao je Sedar.<\/p>\n<p>Ambasador Vu\u010dini\u0107 se osvrnuo na povezanost sigurnosti i ekonomskog prosperiteta. \u201eSigurnost je usko povezana sa ekonomskim prosperitetom, a NATO je put Bosne i Hercegovine kojeg \u017eelimo predstaviti gra\u0111anima Tuzlanskog kantona i studentima Univerziteta, kako bi na osnovu kvalitetne informisanosti mogli donijeti kvalitetne odluke i odlu\u010divati o svojoj budu\u0107nosti. Zaklju\u010dak ovog sastanka je bio da je vrlo bitno razvijati privredu i ekonomiju, jer upravo je to klju\u010dni faktor za ostanak mladih posebno u Tuzlanskom kantonu. NATO donosi sigurnost, a sigurnost donosi vi\u0161e investicija i ekonomski prosperit za sve gra\u0111ane i gra\u0111anke BIH.Premijer Halilagi\u0107 je zaklju\u010dio da su put Tuzlanskog kantona, bez ikakve dileme, Europska unija i euroatlantske integracije, te da na tom putu Tuzlanski kanton mo\u017ee biti samo motorna snaga, a nikako prepreka. Prezentirao je i projekat izgradnje Kampusa Univerziteta u Tuzli, ali i rad Ureda za borbu protiv korupcije i upravljanje kvalitetom ima punu podr\u0161ku Vlade i koji radi \u201epunim svojim plu\u0107ima\u201c.<\/p>\n<p>Vlada Tuzlanskog kantona \u0107e, kako je nagla\u0161eno, nastaviti s pripremnim aktivnostima u okviru svojih nadle\u017enosti, te o\u010dekuje da institucije vi\u0161ih nivoa vlasti i me\u0111unarodni partneri omogu\u0107e deblokadu procesa i stvore uslove za nastavak realizacije projekta od strate\u0161kog zna\u010daja za gra\u0111ane Tuzlanskog kantona i cijele zemlje.<\/p>\n","protected":false},"excerpt":{"rendered":"<p>Premijer Tuzlanskog kantona Irfan Halilagi\u0107 primio je danas u slu\u017ebenu posjetu delegaciju ambasadora europskih zemalja&hellip;<\/p>\n","protected":false},"author":4,"featured_media":283752,"comment_status":"closed","ping_status":"closed","sticky":false,"template":"","format":"standard","meta":{"_acf_changed":false,"footnotes":""},"categories":[304,12],"tags":[2991,768,336],"acf":[],"yoast_head":"<!-- This site is optimized with the Yoast SEO plugin v23.5 - https:\/\/yoast.com\/wordpress\/plugins\/seo\/ -->\n<title>Ambasadori europskih zemalja u posjeti Vladi TK - TuzlaInfo.ba<\/title>\n<meta name=\"robots\" content=\"index, follow, max-snippet:-1, max-image-preview:large, max-video-preview:-1\" \/>\n<link rel=\"canonical\" href=\"https:\/\/tuzlainfo.ba\/index.php\/istaknuto\/item\/283751-ambasadori-europskih-zemalja-u-posjeti-vladi-tk\/\" \/>\n<meta property=\"og:locale\" content=\"bs_BA\" \/>\n<meta property=\"og:type\" content=\"article\" \/>\n<meta property=\"og:title\" content=\"Ambasadori europskih zemalja u posjeti Vladi TK - TuzlaInfo.ba\" \/>\n<meta property=\"og:description\" content=\"Premijer Tuzlanskog kantona Irfan Halilagi\u0107 primio je danas u slu\u017ebenu posjetu delegaciju ambasadora europskih zemalja&hellip;\" \/>\n<meta property=\"og:url\" content=\"https:\/\/tuzlainfo.ba\/index.php\/istaknuto\/item\/283751-ambasadori-europskih-zemalja-u-posjeti-vladi-tk\/\" \/>\n<meta property=\"og:site_name\" content=\"TuzlaInfo.ba\" \/>\n<meta property=\"article:publisher\" content=\"https:\/\/www.facebook.com\/tuzlainfo.ba\/\" \/>\n<meta property=\"article:published_time\" content=\"2025-10-17T11:05:42+00:00\" \/>\n<meta property=\"article:modified_time\" content=\"2025-10-17T10:22:07+00:00\" \/>\n<meta property=\"og:image\" content=\"https:\/\/tuzlainfo.ba\/wp-content\/uploads\/2025\/10\/Prijem-za-delegaciju-ambasadora-01-17-10-25.webp\" \/>\n\t<meta property=\"og:image:width\" content=\"1800\" \/>\n\t<meta property=\"og:image:height\" content=\"1200\" \/>\n\t<meta property=\"og:image:type\" content=\"image\/webp\" \/>\n<meta name=\"author\" content=\"Tuzla Info\" \/>\n<meta name=\"twitter:card\" content=\"summary_large_image\" \/>\n<meta name=\"twitter:label1\" content=\"Written by\" \/>\n\t<meta name=\"twitter:data1\" content=\"Tuzla Info\" \/>\n\t<meta name=\"twitter:label2\" content=\"Est. reading time\" \/>\n\t<meta name=\"twitter:data2\" content=\"5 minuta\" \/>\n<script type=\"application\/ld+json\" class=\"yoast-schema-graph\">{\"@context\":\"https:\/\/schema.org\",\"@graph\":[{\"@type\":\"Article\",\"@id\":\"https:\/\/tuzlainfo.ba\/index.php\/istaknuto\/item\/283751-ambasadori-europskih-zemalja-u-posjeti-vladi-tk\/#article\",\"isPartOf\":{\"@id\":\"https:\/\/tuzlainfo.ba\/index.php\/istaknuto\/item\/283751-ambasadori-europskih-zemalja-u-posjeti-vladi-tk\/\"},\"author\":{\"name\":\"Tuzla Info\",\"@id\":\"https:\/\/tuzlainfo.ba\/#\/schema\/person\/46cad4c57790cbc50781edd14870825a\"},\"headline\":\"Ambasadori europskih zemalja u posjeti Vladi TK\",\"datePublished\":\"2025-10-17T11:05:42+00:00\",\"dateModified\":\"2025-10-17T10:22:07+00:00\",\"mainEntityOfPage\":{\"@id\":\"https:\/\/tuzlainfo.ba\/index.php\/istaknuto\/item\/283751-ambasadori-europskih-zemalja-u-posjeti-vladi-tk\/\"},\"wordCount\":769,\"publisher\":{\"@id\":\"https:\/\/tuzlainfo.ba\/#organization\"},\"image\":{\"@id\":\"https:\/\/tuzlainfo.ba\/index.php\/istaknuto\/item\/283751-ambasadori-europskih-zemalja-u-posjeti-vladi-tk\/#primaryimage\"},\"thumbnailUrl\":\"https:\/\/tuzlainfo.ba\/wp-content\/uploads\/2025\/10\/Prijem-za-delegaciju-ambasadora-01-17-10-25.webp\",\"keywords\":[\"ambasadori\",\"premijer tk\",\"vlada tk\"],\"articleSection\":[\"Istaknuto\",\"Novosti\"],\"inLanguage\":\"bs-BA\"},{\"@type\":\"WebPage\",\"@id\":\"https:\/\/tuzlainfo.ba\/index.php\/istaknuto\/item\/283751-ambasadori-europskih-zemalja-u-posjeti-vladi-tk\/\",\"url\":\"https:\/\/tuzlainfo.ba\/index.php\/istaknuto\/item\/283751-ambasadori-europskih-zemalja-u-posjeti-vladi-tk\/\",\"name\":\"Ambasadori europskih zemalja u posjeti Vladi TK - TuzlaInfo.ba\",\"isPartOf\":{\"@id\":\"https:\/\/tuzlainfo.ba\/#website\"},\"primaryImageOfPage\":{\"@id\":\"https:\/\/tuzlainfo.ba\/index.php\/istaknuto\/item\/283751-ambasadori-europskih-zemalja-u-posjeti-vladi-tk\/#primaryimage\"},\"image\":{\"@id\":\"https:\/\/tuzlainfo.ba\/index.php\/istaknuto\/item\/283751-ambasadori-europskih-zemalja-u-posjeti-vladi-tk\/#primaryimage\"},\"thumbnailUrl\":\"https:\/\/tuzlainfo.ba\/wp-content\/uploads\/2025\/10\/Prijem-za-delegaciju-ambasadora-01-17-10-25.webp\",\"datePublished\":\"2025-10-17T11:05:42+00:00\",\"dateModified\":\"2025-10-17T10:22:07+00:00\",\"breadcrumb\":{\"@id\":\"https:\/\/tuzlainfo.ba\/index.php\/istaknuto\/item\/283751-ambasadori-europskih-zemalja-u-posjeti-vladi-tk\/#breadcrumb\"},\"inLanguage\":\"bs-BA\",\"potentialAction\":[{\"@type\":\"ReadAction\",\"target\":[\"https:\/\/tuzlainfo.ba\/index.php\/istaknuto\/item\/283751-ambasadori-europskih-zemalja-u-posjeti-vladi-tk\/\"]}]},{\"@type\":\"ImageObject\",\"inLanguage\":\"bs-BA\",\"@id\":\"https:\/\/tuzlainfo.ba\/index.php\/istaknuto\/item\/283751-ambasadori-europskih-zemalja-u-posjeti-vladi-tk\/#primaryimage\",\"url\":\"https:\/\/tuzlainfo.ba\/wp-content\/uploads\/2025\/10\/Prijem-za-delegaciju-ambasadora-01-17-10-25.webp\",\"contentUrl\":\"https:\/\/tuzlainfo.ba\/wp-content\/uploads\/2025\/10\/Prijem-za-delegaciju-ambasadora-01-17-10-25.webp\",\"width\":1800,\"height\":1200},{\"@type\":\"BreadcrumbList\",\"@id\":\"https:\/\/tuzlainfo.ba\/index.php\/istaknuto\/item\/283751-ambasadori-europskih-zemalja-u-posjeti-vladi-tk\/#breadcrumb\",\"itemListElement\":[{\"@type\":\"ListItem\",\"position\":1,\"name\":\"Home\",\"item\":\"https:\/\/tuzlainfo.ba\/\"},{\"@type\":\"ListItem\",\"position\":2,\"name\":\"Ambasadori europskih zemalja u posjeti Vladi TK\"}]},{\"@type\":\"WebSite\",\"@id\":\"https:\/\/tuzlainfo.ba\/#website\",\"url\":\"https:\/\/tuzlainfo.ba\/\",\"name\":\"TuzlaInfo.ba\",\"description\":\"Tuzla info, gradski informator - Tuzla na dlanu\",\"publisher\":{\"@id\":\"https:\/\/tuzlainfo.ba\/#organization\"},\"potentialAction\":[{\"@type\":\"SearchAction\",\"target\":{\"@type\":\"EntryPoint\",\"urlTemplate\":\"https:\/\/tuzlainfo.ba\/?s={search_term_string}\"},\"query-input\":{\"@type\":\"PropertyValueSpecification\",\"valueRequired\":true,\"valueName\":\"search_term_string\"}}],\"inLanguage\":\"bs-BA\"},{\"@type\":\"Organization\",\"@id\":\"https:\/\/tuzlainfo.ba\/#organization\",\"name\":\"TuzlaInfo.ba\",\"url\":\"https:\/\/tuzlainfo.ba\/\",\"logo\":{\"@type\":\"ImageObject\",\"inLanguage\":\"bs-BA\",\"@id\":\"https:\/\/tuzlainfo.ba\/#\/schema\/logo\/image\/\",\"url\":\"https:\/\/tuzlainfo.ba\/wp-content\/uploads\/2021\/03\/logo-ver-3-1.png\",\"contentUrl\":\"https:\/\/tuzlainfo.ba\/wp-content\/uploads\/2021\/03\/logo-ver-3-1.png\",\"width\":350,\"height\":95,\"caption\":\"TuzlaInfo.ba\"},\"image\":{\"@id\":\"https:\/\/tuzlainfo.ba\/#\/schema\/logo\/image\/\"},\"sameAs\":[\"https:\/\/www.facebook.com\/tuzlainfo.ba\/\"]},{\"@type\":\"Person\",\"@id\":\"https:\/\/tuzlainfo.ba\/#\/schema\/person\/46cad4c57790cbc50781edd14870825a\",\"name\":\"Tuzla Info\",\"image\":{\"@type\":\"ImageObject\",\"inLanguage\":\"bs-BA\",\"@id\":\"https:\/\/tuzlainfo.ba\/#\/schema\/person\/image\/\",\"url\":\"https:\/\/tuzlainfo.ba\/wp-content\/litespeed\/avatar\/b6c453a6c38e3654f2e4416c643fc25c.jpg?ver=1777656712\",\"contentUrl\":\"https:\/\/tuzlainfo.ba\/wp-content\/litespeed\/avatar\/b6c453a6c38e3654f2e4416c643fc25c.jpg?ver=1777656712\",\"caption\":\"Tuzla Info\"}}]}<\/script>\n<!-- \/ Yoast SEO plugin. -->","yoast_head_json":{"title":"Ambasadori europskih zemalja u posjeti Vladi TK - TuzlaInfo.ba","robots":{"index":"index","follow":"follow","max-snippet":"max-snippet:-1","max-image-preview":"max-image-preview:large","max-video-preview":"max-video-preview:-1"},"canonical":"https:\/\/tuzlainfo.ba\/index.php\/istaknuto\/item\/283751-ambasadori-europskih-zemalja-u-posjeti-vladi-tk\/","og_locale":"bs_BA","og_type":"article","og_title":"Ambasadori europskih zemalja u posjeti Vladi TK - TuzlaInfo.ba","og_description":"Premijer Tuzlanskog kantona Irfan Halilagi\u0107 primio je danas u slu\u017ebenu posjetu delegaciju ambasadora europskih zemalja&hellip;","og_url":"https:\/\/tuzlainfo.ba\/index.php\/istaknuto\/item\/283751-ambasadori-europskih-zemalja-u-posjeti-vladi-tk\/","og_site_name":"TuzlaInfo.ba","article_publisher":"https:\/\/www.facebook.com\/tuzlainfo.ba\/","article_published_time":"2025-10-17T11:05:42+00:00","article_modified_time":"2025-10-17T10:22:07+00:00","og_image":[{"width":1800,"height":1200,"url":"https:\/\/tuzlainfo.ba\/wp-content\/uploads\/2025\/10\/Prijem-za-delegaciju-ambasadora-01-17-10-25.webp","type":"image\/webp"}],"author":"Tuzla Info","twitter_card":"summary_large_image","twitter_misc":{"Written by":"Tuzla Info","Est. reading time":"5 minuta"},"schema":{"@context":"https:\/\/schema.org","@graph":[{"@type":"Article","@id":"https:\/\/tuzlainfo.ba\/index.php\/istaknuto\/item\/283751-ambasadori-europskih-zemalja-u-posjeti-vladi-tk\/#article","isPartOf":{"@id":"https:\/\/tuzlainfo.ba\/index.php\/istaknuto\/item\/283751-ambasadori-europskih-zemalja-u-posjeti-vladi-tk\/"},"author":{"name":"Tuzla Info","@id":"https:\/\/tuzlainfo.ba\/#\/schema\/person\/46cad4c57790cbc50781edd14870825a"},"headline":"Ambasadori europskih zemalja u posjeti Vladi TK","datePublished":"2025-10-17T11:05:42+00:00","dateModified":"2025-10-17T10:22:07+00:00","mainEntityOfPage":{"@id":"https:\/\/tuzlainfo.ba\/index.php\/istaknuto\/item\/283751-ambasadori-europskih-zemalja-u-posjeti-vladi-tk\/"},"wordCount":769,"publisher":{"@id":"https:\/\/tuzlainfo.ba\/#organization"},"image":{"@id":"https:\/\/tuzlainfo.ba\/index.php\/istaknuto\/item\/283751-ambasadori-europskih-zemalja-u-posjeti-vladi-tk\/#primaryimage"},"thumbnailUrl":"https:\/\/tuzlainfo.ba\/wp-content\/uploads\/2025\/10\/Prijem-za-delegaciju-ambasadora-01-17-10-25.webp","keywords":["ambasadori","premijer tk","vlada tk"],"articleSection":["Istaknuto","Novosti"],"inLanguage":"bs-BA"},{"@type":"WebPage","@id":"https:\/\/tuzlainfo.ba\/index.php\/istaknuto\/item\/283751-ambasadori-europskih-zemalja-u-posjeti-vladi-tk\/","url":"https:\/\/tuzlainfo.ba\/index.php\/istaknuto\/item\/283751-ambasadori-europskih-zemalja-u-posjeti-vladi-tk\/","name":"Ambasadori europskih zemalja u posjeti Vladi TK - TuzlaInfo.ba","isPartOf":{"@id":"https:\/\/tuzlainfo.ba\/#website"},"primaryImageOfPage":{"@id":"https:\/\/tuzlainfo.ba\/index.php\/istaknuto\/item\/283751-ambasadori-europskih-zemalja-u-posjeti-vladi-tk\/#primaryimage"},"image":{"@id":"https:\/\/tuzlainfo.ba\/index.php\/istaknuto\/item\/283751-ambasadori-europskih-zemalja-u-posjeti-vladi-tk\/#primaryimage"},"thumbnailUrl":"https:\/\/tuzlainfo.ba\/wp-content\/uploads\/2025\/10\/Prijem-za-delegaciju-ambasadora-01-17-10-25.webp","datePublished":"2025-10-17T11:05:42+00:00","dateModified":"2025-10-17T10:22:07+00:00","breadcrumb":{"@id":"https:\/\/tuzlainfo.ba\/index.php\/istaknuto\/item\/283751-ambasadori-europskih-zemalja-u-posjeti-vladi-tk\/#breadcrumb"},"inLanguage":"bs-BA","potentialAction":[{"@type":"ReadAction","target":["https:\/\/tuzlainfo.ba\/index.php\/istaknuto\/item\/283751-ambasadori-europskih-zemalja-u-posjeti-vladi-tk\/"]}]},{"@type":"ImageObject","inLanguage":"bs-BA","@id":"https:\/\/tuzlainfo.ba\/index.php\/istaknuto\/item\/283751-ambasadori-europskih-zemalja-u-posjeti-vladi-tk\/#primaryimage","url":"https:\/\/tuzlainfo.ba\/wp-content\/uploads\/2025\/10\/Prijem-za-delegaciju-ambasadora-01-17-10-25.webp","contentUrl":"https:\/\/tuzlainfo.ba\/wp-content\/uploads\/2025\/10\/Prijem-za-delegaciju-ambasadora-01-17-10-25.webp","width":1800,"height":1200},{"@type":"BreadcrumbList","@id":"https:\/\/tuzlainfo.ba\/index.php\/istaknuto\/item\/283751-ambasadori-europskih-zemalja-u-posjeti-vladi-tk\/#breadcrumb","itemListElement":[{"@type":"ListItem","position":1,"name":"Home","item":"https:\/\/tuzlainfo.ba\/"},{"@type":"ListItem","position":2,"name":"Ambasadori europskih zemalja u posjeti Vladi TK"}]},{"@type":"WebSite","@id":"https:\/\/tuzlainfo.ba\/#website","url":"https:\/\/tuzlainfo.ba\/","name":"TuzlaInfo.ba","description":"Tuzla info, gradski informator - Tuzla na dlanu","publisher":{"@id":"https:\/\/tuzlainfo.ba\/#organization"},"potentialAction":[{"@type":"SearchAction","target":{"@type":"EntryPoint","urlTemplate":"https:\/\/tuzlainfo.ba\/?s={search_term_string}"},"query-input":{"@type":"PropertyValueSpecification","valueRequired":true,"valueName":"search_term_string"}}],"inLanguage":"bs-BA"},{"@type":"Organization","@id":"https:\/\/tuzlainfo.ba\/#organization","name":"TuzlaInfo.ba","url":"https:\/\/tuzlainfo.ba\/","logo":{"@type":"ImageObject","inLanguage":"bs-BA","@id":"https:\/\/tuzlainfo.ba\/#\/schema\/logo\/image\/","url":"https:\/\/tuzlainfo.ba\/wp-content\/uploads\/2021\/03\/logo-ver-3-1.png","contentUrl":"https:\/\/tuzlainfo.ba\/wp-content\/uploads\/2021\/03\/logo-ver-3-1.png","width":350,"height":95,"caption":"TuzlaInfo.ba"},"image":{"@id":"https:\/\/tuzlainfo.ba\/#\/schema\/logo\/image\/"},"sameAs":["https:\/\/www.facebook.com\/tuzlainfo.ba\/"]},{"@type":"Person","@id":"https:\/\/tuzlainfo.ba\/#\/schema\/person\/46cad4c57790cbc50781edd14870825a","name":"Tuzla Info","image":{"@type":"ImageObject","inLanguage":"bs-BA","@id":"https:\/\/tuzlainfo.ba\/#\/schema\/person\/image\/","url":"https:\/\/tuzlainfo.ba\/wp-content\/litespeed\/avatar\/b6c453a6c38e3654f2e4416c643fc25c.jpg?ver=1777656712","contentUrl":"https:\/\/tuzlainfo.ba\/wp-content\/litespeed\/avatar\/b6c453a6c38e3654f2e4416c643fc25c.jpg?ver=1777656712","caption":"Tuzla Info"}}]}},"_links":{"self":[{"href":"https:\/\/tuzlainfo.ba\/index.php\/wp-json\/wp\/v2\/posts\/283751"}],"collection":[{"href":"https:\/\/tuzlainfo.ba\/index.php\/wp-json\/wp\/v2\/posts"}],"about":[{"href":"https:\/\/tuzlainfo.ba\/index.php\/wp-json\/wp\/v2\/types\/post"}],"author":[{"embeddable":true,"href":"https:\/\/tuzlainfo.ba\/index.php\/wp-json\/wp\/v2\/users\/4"}],"replies":[{"embeddable":true,"href":"https:\/\/tuzlainfo.ba\/index.php\/wp-json\/wp\/v2\/comments?post=283751"}],"version-history":[{"count":1,"href":"https:\/\/tuzlainfo.ba\/index.php\/wp-json\/wp\/v2\/posts\/283751\/revisions"}],"predecessor-version":[{"id":283753,"href":"https:\/\/tuzlainfo.ba\/index.php\/wp-json\/wp\/v2\/posts\/283751\/revisions\/283753"}],"wp:featuredmedia":[{"embeddable":true,"href":"https:\/\/tuzlainfo.ba\/index.php\/wp-json\/wp\/v2\/media\/283752"}],"wp:attachment":[{"href":"https:\/\/tuzlainfo.ba\/index.php\/wp-json\/wp\/v2\/media?parent=283751"}],"wp:term":[{"taxonomy":"category","embeddable":true,"href":"https:\/\/tuzlainfo.ba\/index.php\/wp-json\/wp\/v2\/categories?post=283751"},{"taxonomy":"post_tag","embeddable":true,"href":"https:\/\/tuzlainfo.ba\/index.php\/wp-json\/wp\/v2\/tags?post=283751"}],"curies":[{"name":"wp","href":"https:\/\/api.w.org\/{rel}","templated":true}]}}