{"id":283653,"date":"2025-10-16T20:53:44","date_gmt":"2025-10-16T18:53:44","guid":{"rendered":"https:\/\/tuzlainfo.ba\/?p=283653"},"modified":"2025-10-16T20:55:27","modified_gmt":"2025-10-16T18:55:27","slug":"pokrenuta-inicijativa-za-solarnu-elektranu-na-krovu-svakog-vrtica-skole-i-fakulteta-u-bih","status":"publish","type":"post","link":"https:\/\/tuzlainfo.ba\/index.php\/bosna-i-hercegovina\/item\/283653-pokrenuta-inicijativa-za-solarnu-elektranu-na-krovu-svakog-vrtica-skole-i-fakulteta-u-bih\/","title":{"rendered":"Pokrenuta inicijativa za solarnu elektranu na krovu svakog vrti\u0107a, \u0161kole i fakulteta u BiH"},"content":{"rendered":"<p data-start=\"0\" data-end=\"272\">Udru\u017eenje Obnovljivi izvori energije BiH pokrenulo je inicijativu pod nazivom \u201eSolarna elektrana na krovu svakog vrti\u0107a, \u0161kole i fakulteta u BiH\u201c, s ciljem da se obnovljivi izvori energije pribli\u017ee djeci i mladima kroz prakti\u010dnu primjenu u obrazovnim ustanovama.<\/p>\n<p data-start=\"274\" data-end=\"521\">Inicijativa predvi\u0111a postavljanje solarnih panela na krovove svih obrazovnih institucija u zemlji, \u010dime bi se istovremeno smanjilo zaga\u0111enje, pove\u0107ala ekolo\u0161ka svijest i doprinijelo stvaranju odr\u017eivije i ekonomski isplativije budu\u0107nosti.<\/p>\n<p data-start=\"523\" data-end=\"668\">Dokument je dostavljen nadle\u017enim ministarstvima, vladama, elektroprivrednim kompanijama i obrazovnim institucijama svih nivoa vlasti u BiH.<\/p>\n<p data-start=\"670\" data-end=\"998\">Udru\u017eenje je najavilo da \u0107e ovu inicijativu detaljnije predstaviti tokom Sarajevo Energy Foruma 2026, najve\u0107eg regionalnog okupljanja posve\u0107enog energetici, koji \u0107e biti odr\u017ean od 28. do 30. januara. Na forumu \u0107e biti predstavljeni i partneri iz privatnog sektora koji su ve\u0107 iskazali spremnost da podr\u017ee projekat.<\/p>\n","protected":false},"excerpt":{"rendered":"<p>Udru\u017eenje Obnovljivi izvori energije BiH pokrenulo je inicijativu pod nazivom \u201eSolarna elektrana na krovu svakog&hellip;<\/p>\n","protected":false},"author":4,"featured_media":160769,"comment_status":"closed","ping_status":"closed","sticky":false,"template":"","format":"standard","meta":{"_acf_changed":false,"footnotes":""},"categories":[291],"tags":[1237,3883],"acf":[],"yoast_head":"<!-- This site is optimized with the Yoast SEO plugin v23.5 - https:\/\/yoast.com\/wordpress\/plugins\/seo\/ -->\n<title>Pokrenuta inicijativa za solarnu elektranu na krovu svakog vrti\u0107a, \u0161kole i fakulteta u BiH - TuzlaInfo.ba<\/title>\n<meta name=\"robots\" content=\"index, follow, max-snippet:-1, max-image-preview:large, max-video-preview:-1\" \/>\n<link rel=\"canonical\" href=\"https:\/\/tuzlainfo.ba\/index.php\/bosna-i-hercegovina\/item\/283653-pokrenuta-inicijativa-za-solarnu-elektranu-na-krovu-svakog-vrtica-skole-i-fakulteta-u-bih\/\" \/>\n<meta property=\"og:locale\" content=\"bs_BA\" \/>\n<meta property=\"og:type\" content=\"article\" \/>\n<meta property=\"og:title\" content=\"Pokrenuta inicijativa za solarnu elektranu na krovu svakog vrti\u0107a, \u0161kole i fakulteta u BiH - TuzlaInfo.ba\" \/>\n<meta property=\"og:description\" content=\"Udru\u017eenje Obnovljivi izvori energije BiH pokrenulo je inicijativu pod nazivom \u201eSolarna elektrana na krovu svakog&hellip;\" \/>\n<meta property=\"og:url\" content=\"https:\/\/tuzlainfo.ba\/index.php\/bosna-i-hercegovina\/item\/283653-pokrenuta-inicijativa-za-solarnu-elektranu-na-krovu-svakog-vrtica-skole-i-fakulteta-u-bih\/\" \/>\n<meta property=\"og:site_name\" content=\"TuzlaInfo.ba\" \/>\n<meta property=\"article:publisher\" content=\"https:\/\/www.facebook.com\/tuzlainfo.ba\/\" \/>\n<meta property=\"article:published_time\" content=\"2025-10-16T18:53:44+00:00\" \/>\n<meta property=\"article:modified_time\" content=\"2025-10-16T18:55:27+00:00\" \/>\n<meta property=\"og:image\" content=\"https:\/\/tuzlainfo.ba\/wp-content\/uploads\/2022\/01\/1001_solarne-elektrane.jpg\" \/>\n\t<meta property=\"og:image:width\" content=\"800\" \/>\n\t<meta property=\"og:image:height\" content=\"600\" \/>\n\t<meta property=\"og:image:type\" content=\"image\/jpeg\" \/>\n<meta name=\"author\" content=\"Tuzla Info\" \/>\n<meta name=\"twitter:card\" content=\"summary_large_image\" \/>\n<meta name=\"twitter:label1\" content=\"Written by\" \/>\n\t<meta name=\"twitter:data1\" content=\"Tuzla Info\" \/>\n\t<meta name=\"twitter:label2\" content=\"Est. reading time\" \/>\n\t<meta name=\"twitter:data2\" content=\"1 minuta\" \/>\n<script type=\"application\/ld+json\" class=\"yoast-schema-graph\">{\"@context\":\"https:\/\/schema.org\",\"@graph\":[{\"@type\":\"Article\",\"@id\":\"https:\/\/tuzlainfo.ba\/index.php\/bosna-i-hercegovina\/item\/283653-pokrenuta-inicijativa-za-solarnu-elektranu-na-krovu-svakog-vrtica-skole-i-fakulteta-u-bih\/#article\",\"isPartOf\":{\"@id\":\"https:\/\/tuzlainfo.ba\/index.php\/bosna-i-hercegovina\/item\/283653-pokrenuta-inicijativa-za-solarnu-elektranu-na-krovu-svakog-vrtica-skole-i-fakulteta-u-bih\/\"},\"author\":{\"name\":\"Tuzla Info\",\"@id\":\"https:\/\/tuzlainfo.ba\/#\/schema\/person\/46cad4c57790cbc50781edd14870825a\"},\"headline\":\"Pokrenuta inicijativa za solarnu elektranu na krovu svakog vrti\u0107a, \u0161kole i fakulteta u BiH\",\"datePublished\":\"2025-10-16T18:53:44+00:00\",\"dateModified\":\"2025-10-16T18:55:27+00:00\",\"mainEntityOfPage\":{\"@id\":\"https:\/\/tuzlainfo.ba\/index.php\/bosna-i-hercegovina\/item\/283653-pokrenuta-inicijativa-za-solarnu-elektranu-na-krovu-svakog-vrtica-skole-i-fakulteta-u-bih\/\"},\"wordCount\":157,\"publisher\":{\"@id\":\"https:\/\/tuzlainfo.ba\/#organization\"},\"image\":{\"@id\":\"https:\/\/tuzlainfo.ba\/index.php\/bosna-i-hercegovina\/item\/283653-pokrenuta-inicijativa-za-solarnu-elektranu-na-krovu-svakog-vrtica-skole-i-fakulteta-u-bih\/#primaryimage\"},\"thumbnailUrl\":\"https:\/\/tuzlainfo.ba\/wp-content\/uploads\/2022\/01\/1001_solarne-elektrane.jpg\",\"keywords\":[\"inicijativa\",\"solarna elektrana\"],\"articleSection\":[\"Bosna i Hercegovina\"],\"inLanguage\":\"bs-BA\"},{\"@type\":\"WebPage\",\"@id\":\"https:\/\/tuzlainfo.ba\/index.php\/bosna-i-hercegovina\/item\/283653-pokrenuta-inicijativa-za-solarnu-elektranu-na-krovu-svakog-vrtica-skole-i-fakulteta-u-bih\/\",\"url\":\"https:\/\/tuzlainfo.ba\/index.php\/bosna-i-hercegovina\/item\/283653-pokrenuta-inicijativa-za-solarnu-elektranu-na-krovu-svakog-vrtica-skole-i-fakulteta-u-bih\/\",\"name\":\"Pokrenuta inicijativa za solarnu elektranu na krovu svakog vrti\u0107a, \u0161kole i fakulteta u BiH - TuzlaInfo.ba\",\"isPartOf\":{\"@id\":\"https:\/\/tuzlainfo.ba\/#website\"},\"primaryImageOfPage\":{\"@id\":\"https:\/\/tuzlainfo.ba\/index.php\/bosna-i-hercegovina\/item\/283653-pokrenuta-inicijativa-za-solarnu-elektranu-na-krovu-svakog-vrtica-skole-i-fakulteta-u-bih\/#primaryimage\"},\"image\":{\"@id\":\"https:\/\/tuzlainfo.ba\/index.php\/bosna-i-hercegovina\/item\/283653-pokrenuta-inicijativa-za-solarnu-elektranu-na-krovu-svakog-vrtica-skole-i-fakulteta-u-bih\/#primaryimage\"},\"thumbnailUrl\":\"https:\/\/tuzlainfo.ba\/wp-content\/uploads\/2022\/01\/1001_solarne-elektrane.jpg\",\"datePublished\":\"2025-10-16T18:53:44+00:00\",\"dateModified\":\"2025-10-16T18:55:27+00:00\",\"breadcrumb\":{\"@id\":\"https:\/\/tuzlainfo.ba\/index.php\/bosna-i-hercegovina\/item\/283653-pokrenuta-inicijativa-za-solarnu-elektranu-na-krovu-svakog-vrtica-skole-i-fakulteta-u-bih\/#breadcrumb\"},\"inLanguage\":\"bs-BA\",\"potentialAction\":[{\"@type\":\"ReadAction\",\"target\":[\"https:\/\/tuzlainfo.ba\/index.php\/bosna-i-hercegovina\/item\/283653-pokrenuta-inicijativa-za-solarnu-elektranu-na-krovu-svakog-vrtica-skole-i-fakulteta-u-bih\/\"]}]},{\"@type\":\"ImageObject\",\"inLanguage\":\"bs-BA\",\"@id\":\"https:\/\/tuzlainfo.ba\/index.php\/bosna-i-hercegovina\/item\/283653-pokrenuta-inicijativa-za-solarnu-elektranu-na-krovu-svakog-vrtica-skole-i-fakulteta-u-bih\/#primaryimage\",\"url\":\"https:\/\/tuzlainfo.ba\/wp-content\/uploads\/2022\/01\/1001_solarne-elektrane.jpg\",\"contentUrl\":\"https:\/\/tuzlainfo.ba\/wp-content\/uploads\/2022\/01\/1001_solarne-elektrane.jpg\",\"width\":800,\"height\":600},{\"@type\":\"BreadcrumbList\",\"@id\":\"https:\/\/tuzlainfo.ba\/index.php\/bosna-i-hercegovina\/item\/283653-pokrenuta-inicijativa-za-solarnu-elektranu-na-krovu-svakog-vrtica-skole-i-fakulteta-u-bih\/#breadcrumb\",\"itemListElement\":[{\"@type\":\"ListItem\",\"position\":1,\"name\":\"Home\",\"item\":\"https:\/\/tuzlainfo.ba\/\"},{\"@type\":\"ListItem\",\"position\":2,\"name\":\"Pokrenuta inicijativa za solarnu elektranu na krovu svakog vrti\u0107a, \u0161kole i fakulteta u BiH\"}]},{\"@type\":\"WebSite\",\"@id\":\"https:\/\/tuzlainfo.ba\/#website\",\"url\":\"https:\/\/tuzlainfo.ba\/\",\"name\":\"TuzlaInfo.ba\",\"description\":\"Tuzla info, gradski informator - Tuzla na dlanu\",\"publisher\":{\"@id\":\"https:\/\/tuzlainfo.ba\/#organization\"},\"potentialAction\":[{\"@type\":\"SearchAction\",\"target\":{\"@type\":\"EntryPoint\",\"urlTemplate\":\"https:\/\/tuzlainfo.ba\/?s={search_term_string}\"},\"query-input\":{\"@type\":\"PropertyValueSpecification\",\"valueRequired\":true,\"valueName\":\"search_term_string\"}}],\"inLanguage\":\"bs-BA\"},{\"@type\":\"Organization\",\"@id\":\"https:\/\/tuzlainfo.ba\/#organization\",\"name\":\"TuzlaInfo.ba\",\"url\":\"https:\/\/tuzlainfo.ba\/\",\"logo\":{\"@type\":\"ImageObject\",\"inLanguage\":\"bs-BA\",\"@id\":\"https:\/\/tuzlainfo.ba\/#\/schema\/logo\/image\/\",\"url\":\"https:\/\/tuzlainfo.ba\/wp-content\/uploads\/2021\/03\/logo-ver-3-1.png\",\"contentUrl\":\"https:\/\/tuzlainfo.ba\/wp-content\/uploads\/2021\/03\/logo-ver-3-1.png\",\"width\":350,\"height\":95,\"caption\":\"TuzlaInfo.ba\"},\"image\":{\"@id\":\"https:\/\/tuzlainfo.ba\/#\/schema\/logo\/image\/\"},\"sameAs\":[\"https:\/\/www.facebook.com\/tuzlainfo.ba\/\"]},{\"@type\":\"Person\",\"@id\":\"https:\/\/tuzlainfo.ba\/#\/schema\/person\/46cad4c57790cbc50781edd14870825a\",\"name\":\"Tuzla Info\",\"image\":{\"@type\":\"ImageObject\",\"inLanguage\":\"bs-BA\",\"@id\":\"https:\/\/tuzlainfo.ba\/#\/schema\/person\/image\/\",\"url\":\"https:\/\/tuzlainfo.ba\/wp-content\/litespeed\/avatar\/b6c453a6c38e3654f2e4416c643fc25c.jpg?ver=1777051911\",\"contentUrl\":\"https:\/\/tuzlainfo.ba\/wp-content\/litespeed\/avatar\/b6c453a6c38e3654f2e4416c643fc25c.jpg?ver=1777051911\",\"caption\":\"Tuzla Info\"}}]}<\/script>\n<!-- \/ Yoast SEO plugin. -->","yoast_head_json":{"title":"Pokrenuta inicijativa za solarnu elektranu na krovu svakog vrti\u0107a, \u0161kole i fakulteta u BiH - TuzlaInfo.ba","robots":{"index":"index","follow":"follow","max-snippet":"max-snippet:-1","max-image-preview":"max-image-preview:large","max-video-preview":"max-video-preview:-1"},"canonical":"https:\/\/tuzlainfo.ba\/index.php\/bosna-i-hercegovina\/item\/283653-pokrenuta-inicijativa-za-solarnu-elektranu-na-krovu-svakog-vrtica-skole-i-fakulteta-u-bih\/","og_locale":"bs_BA","og_type":"article","og_title":"Pokrenuta inicijativa za solarnu elektranu na krovu svakog vrti\u0107a, \u0161kole i fakulteta u BiH - TuzlaInfo.ba","og_description":"Udru\u017eenje Obnovljivi izvori energije BiH pokrenulo je inicijativu pod nazivom \u201eSolarna elektrana na krovu svakog&hellip;","og_url":"https:\/\/tuzlainfo.ba\/index.php\/bosna-i-hercegovina\/item\/283653-pokrenuta-inicijativa-za-solarnu-elektranu-na-krovu-svakog-vrtica-skole-i-fakulteta-u-bih\/","og_site_name":"TuzlaInfo.ba","article_publisher":"https:\/\/www.facebook.com\/tuzlainfo.ba\/","article_published_time":"2025-10-16T18:53:44+00:00","article_modified_time":"2025-10-16T18:55:27+00:00","og_image":[{"width":800,"height":600,"url":"https:\/\/tuzlainfo.ba\/wp-content\/uploads\/2022\/01\/1001_solarne-elektrane.jpg","type":"image\/jpeg"}],"author":"Tuzla Info","twitter_card":"summary_large_image","twitter_misc":{"Written by":"Tuzla Info","Est. reading time":"1 minuta"},"schema":{"@context":"https:\/\/schema.org","@graph":[{"@type":"Article","@id":"https:\/\/tuzlainfo.ba\/index.php\/bosna-i-hercegovina\/item\/283653-pokrenuta-inicijativa-za-solarnu-elektranu-na-krovu-svakog-vrtica-skole-i-fakulteta-u-bih\/#article","isPartOf":{"@id":"https:\/\/tuzlainfo.ba\/index.php\/bosna-i-hercegovina\/item\/283653-pokrenuta-inicijativa-za-solarnu-elektranu-na-krovu-svakog-vrtica-skole-i-fakulteta-u-bih\/"},"author":{"name":"Tuzla Info","@id":"https:\/\/tuzlainfo.ba\/#\/schema\/person\/46cad4c57790cbc50781edd14870825a"},"headline":"Pokrenuta inicijativa za solarnu elektranu na krovu svakog vrti\u0107a, \u0161kole i fakulteta u BiH","datePublished":"2025-10-16T18:53:44+00:00","dateModified":"2025-10-16T18:55:27+00:00","mainEntityOfPage":{"@id":"https:\/\/tuzlainfo.ba\/index.php\/bosna-i-hercegovina\/item\/283653-pokrenuta-inicijativa-za-solarnu-elektranu-na-krovu-svakog-vrtica-skole-i-fakulteta-u-bih\/"},"wordCount":157,"publisher":{"@id":"https:\/\/tuzlainfo.ba\/#organization"},"image":{"@id":"https:\/\/tuzlainfo.ba\/index.php\/bosna-i-hercegovina\/item\/283653-pokrenuta-inicijativa-za-solarnu-elektranu-na-krovu-svakog-vrtica-skole-i-fakulteta-u-bih\/#primaryimage"},"thumbnailUrl":"https:\/\/tuzlainfo.ba\/wp-content\/uploads\/2022\/01\/1001_solarne-elektrane.jpg","keywords":["inicijativa","solarna elektrana"],"articleSection":["Bosna i Hercegovina"],"inLanguage":"bs-BA"},{"@type":"WebPage","@id":"https:\/\/tuzlainfo.ba\/index.php\/bosna-i-hercegovina\/item\/283653-pokrenuta-inicijativa-za-solarnu-elektranu-na-krovu-svakog-vrtica-skole-i-fakulteta-u-bih\/","url":"https:\/\/tuzlainfo.ba\/index.php\/bosna-i-hercegovina\/item\/283653-pokrenuta-inicijativa-za-solarnu-elektranu-na-krovu-svakog-vrtica-skole-i-fakulteta-u-bih\/","name":"Pokrenuta inicijativa za solarnu elektranu na krovu svakog vrti\u0107a, \u0161kole i fakulteta u BiH - TuzlaInfo.ba","isPartOf":{"@id":"https:\/\/tuzlainfo.ba\/#website"},"primaryImageOfPage":{"@id":"https:\/\/tuzlainfo.ba\/index.php\/bosna-i-hercegovina\/item\/283653-pokrenuta-inicijativa-za-solarnu-elektranu-na-krovu-svakog-vrtica-skole-i-fakulteta-u-bih\/#primaryimage"},"image":{"@id":"https:\/\/tuzlainfo.ba\/index.php\/bosna-i-hercegovina\/item\/283653-pokrenuta-inicijativa-za-solarnu-elektranu-na-krovu-svakog-vrtica-skole-i-fakulteta-u-bih\/#primaryimage"},"thumbnailUrl":"https:\/\/tuzlainfo.ba\/wp-content\/uploads\/2022\/01\/1001_solarne-elektrane.jpg","datePublished":"2025-10-16T18:53:44+00:00","dateModified":"2025-10-16T18:55:27+00:00","breadcrumb":{"@id":"https:\/\/tuzlainfo.ba\/index.php\/bosna-i-hercegovina\/item\/283653-pokrenuta-inicijativa-za-solarnu-elektranu-na-krovu-svakog-vrtica-skole-i-fakulteta-u-bih\/#breadcrumb"},"inLanguage":"bs-BA","potentialAction":[{"@type":"ReadAction","target":["https:\/\/tuzlainfo.ba\/index.php\/bosna-i-hercegovina\/item\/283653-pokrenuta-inicijativa-za-solarnu-elektranu-na-krovu-svakog-vrtica-skole-i-fakulteta-u-bih\/"]}]},{"@type":"ImageObject","inLanguage":"bs-BA","@id":"https:\/\/tuzlainfo.ba\/index.php\/bosna-i-hercegovina\/item\/283653-pokrenuta-inicijativa-za-solarnu-elektranu-na-krovu-svakog-vrtica-skole-i-fakulteta-u-bih\/#primaryimage","url":"https:\/\/tuzlainfo.ba\/wp-content\/uploads\/2022\/01\/1001_solarne-elektrane.jpg","contentUrl":"https:\/\/tuzlainfo.ba\/wp-content\/uploads\/2022\/01\/1001_solarne-elektrane.jpg","width":800,"height":600},{"@type":"BreadcrumbList","@id":"https:\/\/tuzlainfo.ba\/index.php\/bosna-i-hercegovina\/item\/283653-pokrenuta-inicijativa-za-solarnu-elektranu-na-krovu-svakog-vrtica-skole-i-fakulteta-u-bih\/#breadcrumb","itemListElement":[{"@type":"ListItem","position":1,"name":"Home","item":"https:\/\/tuzlainfo.ba\/"},{"@type":"ListItem","position":2,"name":"Pokrenuta inicijativa za solarnu elektranu na krovu svakog vrti\u0107a, \u0161kole i fakulteta u BiH"}]},{"@type":"WebSite","@id":"https:\/\/tuzlainfo.ba\/#website","url":"https:\/\/tuzlainfo.ba\/","name":"TuzlaInfo.ba","description":"Tuzla info, gradski informator - Tuzla na dlanu","publisher":{"@id":"https:\/\/tuzlainfo.ba\/#organization"},"potentialAction":[{"@type":"SearchAction","target":{"@type":"EntryPoint","urlTemplate":"https:\/\/tuzlainfo.ba\/?s={search_term_string}"},"query-input":{"@type":"PropertyValueSpecification","valueRequired":true,"valueName":"search_term_string"}}],"inLanguage":"bs-BA"},{"@type":"Organization","@id":"https:\/\/tuzlainfo.ba\/#organization","name":"TuzlaInfo.ba","url":"https:\/\/tuzlainfo.ba\/","logo":{"@type":"ImageObject","inLanguage":"bs-BA","@id":"https:\/\/tuzlainfo.ba\/#\/schema\/logo\/image\/","url":"https:\/\/tuzlainfo.ba\/wp-content\/uploads\/2021\/03\/logo-ver-3-1.png","contentUrl":"https:\/\/tuzlainfo.ba\/wp-content\/uploads\/2021\/03\/logo-ver-3-1.png","width":350,"height":95,"caption":"TuzlaInfo.ba"},"image":{"@id":"https:\/\/tuzlainfo.ba\/#\/schema\/logo\/image\/"},"sameAs":["https:\/\/www.facebook.com\/tuzlainfo.ba\/"]},{"@type":"Person","@id":"https:\/\/tuzlainfo.ba\/#\/schema\/person\/46cad4c57790cbc50781edd14870825a","name":"Tuzla Info","image":{"@type":"ImageObject","inLanguage":"bs-BA","@id":"https:\/\/tuzlainfo.ba\/#\/schema\/person\/image\/","url":"https:\/\/tuzlainfo.ba\/wp-content\/litespeed\/avatar\/b6c453a6c38e3654f2e4416c643fc25c.jpg?ver=1777051911","contentUrl":"https:\/\/tuzlainfo.ba\/wp-content\/litespeed\/avatar\/b6c453a6c38e3654f2e4416c643fc25c.jpg?ver=1777051911","caption":"Tuzla Info"}}]}},"_links":{"self":[{"href":"https:\/\/tuzlainfo.ba\/index.php\/wp-json\/wp\/v2\/posts\/283653"}],"collection":[{"href":"https:\/\/tuzlainfo.ba\/index.php\/wp-json\/wp\/v2\/posts"}],"about":[{"href":"https:\/\/tuzlainfo.ba\/index.php\/wp-json\/wp\/v2\/types\/post"}],"author":[{"embeddable":true,"href":"https:\/\/tuzlainfo.ba\/index.php\/wp-json\/wp\/v2\/users\/4"}],"replies":[{"embeddable":true,"href":"https:\/\/tuzlainfo.ba\/index.php\/wp-json\/wp\/v2\/comments?post=283653"}],"version-history":[{"count":1,"href":"https:\/\/tuzlainfo.ba\/index.php\/wp-json\/wp\/v2\/posts\/283653\/revisions"}],"predecessor-version":[{"id":283654,"href":"https:\/\/tuzlainfo.ba\/index.php\/wp-json\/wp\/v2\/posts\/283653\/revisions\/283654"}],"wp:featuredmedia":[{"embeddable":true,"href":"https:\/\/tuzlainfo.ba\/index.php\/wp-json\/wp\/v2\/media\/160769"}],"wp:attachment":[{"href":"https:\/\/tuzlainfo.ba\/index.php\/wp-json\/wp\/v2\/media?parent=283653"}],"wp:term":[{"taxonomy":"category","embeddable":true,"href":"https:\/\/tuzlainfo.ba\/index.php\/wp-json\/wp\/v2\/categories?post=283653"},{"taxonomy":"post_tag","embeddable":true,"href":"https:\/\/tuzlainfo.ba\/index.php\/wp-json\/wp\/v2\/tags?post=283653"}],"curies":[{"name":"wp","href":"https:\/\/api.w.org\/{rel}","templated":true}]}}