{"id":283605,"date":"2025-10-16T09:00:54","date_gmt":"2025-10-16T07:00:54","guid":{"rendered":"https:\/\/tuzlainfo.ba\/?p=283605"},"modified":"2025-10-16T08:37:41","modified_gmt":"2025-10-16T06:37:41","slug":"mara-grbic-i-edina-saric-nagradjene-malom-vilom-za-izvrsnost-u-djecijoj-knjizevnosti","status":"publish","type":"post","link":"https:\/\/tuzlainfo.ba\/index.php\/novosti\/item\/283605-mara-grbic-i-edina-saric-nagradjene-malom-vilom-za-izvrsnost-u-djecijoj-knjizevnosti\/","title":{"rendered":"Mara Grbi\u0107 i Edina \u0160ari\u0107 nagra\u0111ene \u201cMalom vilom\u201d za izvrsnost u dje\u010dijoj knji\u017eevnosti"},"content":{"rendered":"<p>U Me\u0111unarodnoj galeriji portreta Tuzla sino\u0107 je sve\u010dano uru\u010dena nagrada \u201cMala vila\u201d za izvrsnost u dje\u010dijoj knji\u017eevnosti.<\/p>\n<p>Ovogodi\u0161nje dobitnice presti\u017enog priznanja su Mara Grbi\u0107, za knjigu \u201cPjesme od kojih se raste\u201d, i Edina \u0160ari\u0107, za knjigu \u201cPrimarijus somatopedikus\u201d.<\/p>\n<p>Dodjela nagrada odr\u017eana je u sklopu 22. Me\u0111unarodnog dje\u010dijeg festivala \u201cVezeni most\u201d Tuzla 2025, manifestacije koja ve\u0107 vi\u0161e od dvije decenije promovi\u0161e dje\u010diju knji\u017eevnost, umjetnost i stvarala\u0161tvo te okuplja autore, ilustratore i \u010ditaoce iz cijelog regiona.<\/p>\n<p><iframe title=\"Mara Grbi\u0107, dobitnica nagrade &quot;Mala vila&quot; za kjnjigu &quot;Pjesme od kojih se raste&quot;\" width=\"800\" height=\"450\" src=\"https:\/\/www.youtube.com\/embed\/IIDHOaoevQI?feature=oembed\" frameborder=\"0\" allow=\"accelerometer; autoplay; clipboard-write; encrypted-media; gyroscope; picture-in-picture; web-share\" referrerpolicy=\"strict-origin-when-cross-origin\" allowfullscreen><\/iframe><\/p>\n<p><iframe title=\"Edina \u0160ari\u0107, dobitnica nagrade &quot;Mala vila&quot; za knjigu &quot;Primarijus somatopedikus&quot;\" width=\"800\" height=\"450\" src=\"https:\/\/www.youtube.com\/embed\/poy3Ca6bN6A?feature=oembed\" frameborder=\"0\" allow=\"accelerometer; autoplay; clipboard-write; encrypted-media; gyroscope; picture-in-picture; web-share\" referrerpolicy=\"strict-origin-when-cross-origin\" allowfullscreen><\/iframe><\/p>\n<p>Sve\u010danosti su prisustvovali brojni pisci, u\u010ditelji, djeca i ljubitelji knji\u017eevnosti, koji su jo\u0161 jednom potvrdili da Tuzla ostaje grad koji njeguje kulturu \u010ditanja i afirmi\u0161e dje\u010diji svijet ma\u0161te, igre i kreativnosti.<strong>\/S.P.\/<\/strong><\/p>\n<p>&nbsp;<\/p>\n","protected":false},"excerpt":{"rendered":"<p>U Me\u0111unarodnoj galeriji portreta Tuzla sino\u0107 je sve\u010dano uru\u010dena nagrada \u201cMala vila\u201d za izvrsnost u dje\u010dijoj knji\u017eevnosti. Ovogodi\u0161nje dobitnice presti\u017enog priznanja su Mara Grbi\u0107, za knjigu \u201cPjesme od kojih se raste\u201d, i Edina \u0160ari\u0107, za knjigu \u201cPrimarijus somatopedikus\u201d. Dodjela nagrada odr\u017eana je u sklopu 22. Me\u0111unarodnog dje\u010dijeg festivala \u201cVezeni most\u201d Tuzla 2025, manifestacije koja ve\u0107 [&hellip;]<\/p>\n","protected":false},"author":2,"featured_media":283606,"comment_status":"closed","ping_status":"closed","sticky":false,"template":"","format":"standard","meta":{"footnotes":""},"categories":[304,12],"tags":[10268,6501,1696],"class_list":["post-283605","post","type-post","status-publish","format-standard","has-post-thumbnail","hentry","category-istaknuto","category-novosti","tag-edina-saric","tag-mara-grbic","tag-vezeni-most"],"yoast_head":"<!-- This site is optimized with the Yoast SEO plugin v28.4 - https:\/\/yoast.com\/product\/yoast-seo-wordpress\/ -->\n<title>Mara Grbi\u0107 i Edina \u0160ari\u0107 nagra\u0111ene \u201cMalom vilom\u201d za izvrsnost u dje\u010dijoj knji\u017eevnosti<\/title>\n<meta name=\"robots\" content=\"index, follow, max-snippet:-1, max-image-preview:large, max-video-preview:-1\" \/>\n<link rel=\"canonical\" href=\"https:\/\/tuzlainfo.ba\/index.php\/novosti\/item\/283605-mara-grbic-i-edina-saric-nagradjene-malom-vilom-za-izvrsnost-u-djecijoj-knjizevnosti\/\" \/>\n<meta property=\"og:locale\" content=\"bs_BA\" \/>\n<meta property=\"og:type\" content=\"article\" \/>\n<meta property=\"og:title\" content=\"Mara Grbi\u0107 i Edina \u0160ari\u0107 nagra\u0111ene \u201cMalom vilom\u201d za izvrsnost u dje\u010dijoj knji\u017eevnosti\" \/>\n<meta property=\"og:description\" content=\"U Me\u0111unarodnoj galeriji portreta Tuzla sino\u0107 je sve\u010dano uru\u010dena nagrada \u201cMala vila\u201d za izvrsnost u dje\u010dijoj knji\u017eevnosti. Ovogodi\u0161nje dobitnice presti\u017enog priznanja su Mara Grbi\u0107, za knjigu \u201cPjesme od kojih se raste\u201d, i Edina \u0160ari\u0107, za knjigu \u201cPrimarijus somatopedikus\u201d. Dodjela nagrada odr\u017eana je u sklopu 22. Me\u0111unarodnog dje\u010dijeg festivala \u201cVezeni most\u201d Tuzla 2025, manifestacije koja ve\u0107 [&hellip;]\" \/>\n<meta property=\"og:url\" content=\"https:\/\/tuzlainfo.ba\/index.php\/novosti\/item\/283605-mara-grbic-i-edina-saric-nagradjene-malom-vilom-za-izvrsnost-u-djecijoj-knjizevnosti\/\" \/>\n<meta property=\"og:site_name\" content=\"TuzlaInfo.ba\" \/>\n<meta property=\"article:publisher\" content=\"https:\/\/www.facebook.com\/tuzlainfo.ba\/\" \/>\n<meta property=\"article:published_time\" content=\"2025-10-16T07:00:54+00:00\" \/>\n<meta property=\"og:image\" content=\"https:\/\/tuzlainfo.ba\/wp-content\/uploads\/2025\/10\/1610_mala_vila.jpg\" \/>\n\t<meta property=\"og:image:width\" content=\"1000\" \/>\n\t<meta property=\"og:image:height\" content=\"600\" \/>\n\t<meta property=\"og:image:type\" content=\"image\/jpeg\" \/>\n<meta name=\"author\" content=\"nedim\" \/>\n<meta name=\"twitter:card\" content=\"summary_large_image\" \/>\n<meta name=\"twitter:label1\" content=\"Written by\" \/>\n\t<meta name=\"twitter:data1\" content=\"nedim\" \/>\n\t<meta name=\"twitter:label2\" content=\"Est. reading time\" \/>\n\t<meta name=\"twitter:data2\" content=\"1 minuta\" \/>\n<script type=\"application\/ld+json\" class=\"yoast-schema-graph\">{\"@context\":\"https:\\\/\\\/schema.org\",\"@graph\":[{\"@type\":\"Article\",\"@id\":\"https:\\\/\\\/tuzlainfo.ba\\\/index.php\\\/novosti\\\/item\\\/283605-mara-grbic-i-edina-saric-nagradjene-malom-vilom-za-izvrsnost-u-djecijoj-knjizevnosti\\\/#article\",\"isPartOf\":{\"@id\":\"https:\\\/\\\/tuzlainfo.ba\\\/index.php\\\/novosti\\\/item\\\/283605-mara-grbic-i-edina-saric-nagradjene-malom-vilom-za-izvrsnost-u-djecijoj-knjizevnosti\\\/\"},\"author\":{\"name\":\"nedim\",\"@id\":\"https:\\\/\\\/tuzlainfo.ba\\\/#\\\/schema\\\/person\\\/f434e20dc27ea133923aab08451b7f7f\"},\"headline\":\"Mara Grbi\u0107 i Edina \u0160ari\u0107 nagra\u0111ene \u201cMalom vilom\u201d za izvrsnost u dje\u010dijoj knji\u017eevnosti\",\"datePublished\":\"2025-10-16T07:00:54+00:00\",\"mainEntityOfPage\":{\"@id\":\"https:\\\/\\\/tuzlainfo.ba\\\/index.php\\\/novosti\\\/item\\\/283605-mara-grbic-i-edina-saric-nagradjene-malom-vilom-za-izvrsnost-u-djecijoj-knjizevnosti\\\/\"},\"wordCount\":162,\"publisher\":{\"@id\":\"https:\\\/\\\/tuzlainfo.ba\\\/#organization\"},\"image\":{\"@id\":\"https:\\\/\\\/tuzlainfo.ba\\\/index.php\\\/novosti\\\/item\\\/283605-mara-grbic-i-edina-saric-nagradjene-malom-vilom-za-izvrsnost-u-djecijoj-knjizevnosti\\\/#primaryimage\"},\"thumbnailUrl\":\"https:\\\/\\\/tuzlainfo.ba\\\/wp-content\\\/uploads\\\/2025\\\/10\\\/1610_mala_vila.jpg\",\"keywords\":[\"edina \u0161ari\u0107\",\"mara grbi\u0107\",\"vezeni most\"],\"articleSection\":[\"Istaknuto\",\"Novosti\"],\"inLanguage\":\"bs-BA\",\"copyrightYear\":\"2025\",\"copyrightHolder\":{\"@id\":\"https:\\\/\\\/tuzlainfo.ba\\\/#organization\"}},{\"@type\":\"WebPage\",\"@id\":\"https:\\\/\\\/tuzlainfo.ba\\\/index.php\\\/novosti\\\/item\\\/283605-mara-grbic-i-edina-saric-nagradjene-malom-vilom-za-izvrsnost-u-djecijoj-knjizevnosti\\\/\",\"url\":\"https:\\\/\\\/tuzlainfo.ba\\\/index.php\\\/novosti\\\/item\\\/283605-mara-grbic-i-edina-saric-nagradjene-malom-vilom-za-izvrsnost-u-djecijoj-knjizevnosti\\\/\",\"name\":\"Mara Grbi\u0107 i Edina \u0160ari\u0107 nagra\u0111ene \u201cMalom vilom\u201d za izvrsnost u dje\u010dijoj knji\u017eevnosti\",\"isPartOf\":{\"@id\":\"https:\\\/\\\/tuzlainfo.ba\\\/#website\"},\"primaryImageOfPage\":{\"@id\":\"https:\\\/\\\/tuzlainfo.ba\\\/index.php\\\/novosti\\\/item\\\/283605-mara-grbic-i-edina-saric-nagradjene-malom-vilom-za-izvrsnost-u-djecijoj-knjizevnosti\\\/#primaryimage\"},\"image\":{\"@id\":\"https:\\\/\\\/tuzlainfo.ba\\\/index.php\\\/novosti\\\/item\\\/283605-mara-grbic-i-edina-saric-nagradjene-malom-vilom-za-izvrsnost-u-djecijoj-knjizevnosti\\\/#primaryimage\"},\"thumbnailUrl\":\"https:\\\/\\\/tuzlainfo.ba\\\/wp-content\\\/uploads\\\/2025\\\/10\\\/1610_mala_vila.jpg\",\"datePublished\":\"2025-10-16T07:00:54+00:00\",\"breadcrumb\":{\"@id\":\"https:\\\/\\\/tuzlainfo.ba\\\/index.php\\\/novosti\\\/item\\\/283605-mara-grbic-i-edina-saric-nagradjene-malom-vilom-za-izvrsnost-u-djecijoj-knjizevnosti\\\/#breadcrumb\"},\"inLanguage\":\"bs-BA\",\"potentialAction\":[{\"@type\":\"ReadAction\",\"target\":[\"https:\\\/\\\/tuzlainfo.ba\\\/index.php\\\/novosti\\\/item\\\/283605-mara-grbic-i-edina-saric-nagradjene-malom-vilom-za-izvrsnost-u-djecijoj-knjizevnosti\\\/\"]}]},{\"@type\":\"ImageObject\",\"inLanguage\":\"bs-BA\",\"@id\":\"https:\\\/\\\/tuzlainfo.ba\\\/index.php\\\/novosti\\\/item\\\/283605-mara-grbic-i-edina-saric-nagradjene-malom-vilom-za-izvrsnost-u-djecijoj-knjizevnosti\\\/#primaryimage\",\"url\":\"https:\\\/\\\/tuzlainfo.ba\\\/wp-content\\\/uploads\\\/2025\\\/10\\\/1610_mala_vila.jpg\",\"contentUrl\":\"https:\\\/\\\/tuzlainfo.ba\\\/wp-content\\\/uploads\\\/2025\\\/10\\\/1610_mala_vila.jpg\",\"width\":1000,\"height\":600},{\"@type\":\"BreadcrumbList\",\"@id\":\"https:\\\/\\\/tuzlainfo.ba\\\/index.php\\\/novosti\\\/item\\\/283605-mara-grbic-i-edina-saric-nagradjene-malom-vilom-za-izvrsnost-u-djecijoj-knjizevnosti\\\/#breadcrumb\",\"itemListElement\":[{\"@type\":\"ListItem\",\"position\":1,\"name\":\"Home\",\"item\":\"https:\\\/\\\/tuzlainfo.ba\\\/\"},{\"@type\":\"ListItem\",\"position\":2,\"name\":\"Mara Grbi\u0107 i Edina \u0160ari\u0107 nagra\u0111ene \u201cMalom vilom\u201d za izvrsnost u dje\u010dijoj knji\u017eevnosti\"}]},{\"@type\":\"WebSite\",\"@id\":\"https:\\\/\\\/tuzlainfo.ba\\\/#website\",\"url\":\"https:\\\/\\\/tuzlainfo.ba\\\/\",\"name\":\"TuzlaInfo.ba\",\"description\":\"Tuzla info, gradski informator - Tuzla na dlanu\",\"publisher\":{\"@id\":\"https:\\\/\\\/tuzlainfo.ba\\\/#organization\"},\"potentialAction\":[{\"@type\":\"SearchAction\",\"target\":{\"@type\":\"EntryPoint\",\"urlTemplate\":\"https:\\\/\\\/tuzlainfo.ba\\\/?s={search_term_string}\"},\"query-input\":{\"@type\":\"PropertyValueSpecification\",\"valueRequired\":true,\"valueName\":\"search_term_string\"}}],\"inLanguage\":\"bs-BA\"},{\"@type\":\"Organization\",\"@id\":\"https:\\\/\\\/tuzlainfo.ba\\\/#organization\",\"name\":\"TuzlaInfo.ba\",\"url\":\"https:\\\/\\\/tuzlainfo.ba\\\/\",\"logo\":{\"@type\":\"ImageObject\",\"inLanguage\":\"bs-BA\",\"@id\":\"https:\\\/\\\/tuzlainfo.ba\\\/#\\\/schema\\\/logo\\\/image\\\/\",\"url\":\"https:\\\/\\\/tuzlainfo.ba\\\/wp-content\\\/uploads\\\/2021\\\/03\\\/logo-ver-3-1.png\",\"contentUrl\":\"https:\\\/\\\/tuzlainfo.ba\\\/wp-content\\\/uploads\\\/2021\\\/03\\\/logo-ver-3-1.png\",\"width\":350,\"height\":95,\"caption\":\"TuzlaInfo.ba\"},\"image\":{\"@id\":\"https:\\\/\\\/tuzlainfo.ba\\\/#\\\/schema\\\/logo\\\/image\\\/\"},\"sameAs\":[\"https:\\\/\\\/www.facebook.com\\\/tuzlainfo.ba\\\/\"]},{\"@type\":\"Person\",\"@id\":\"https:\\\/\\\/tuzlainfo.ba\\\/#\\\/schema\\\/person\\\/f434e20dc27ea133923aab08451b7f7f\",\"name\":\"nedim\",\"image\":{\"@type\":\"ImageObject\",\"inLanguage\":\"bs-BA\",\"@id\":\"https:\\\/\\\/secure.gravatar.com\\\/avatar\\\/5b928a2e7e70a54208d2eb6c1edcb75a5350d6ae97d5f0a701203d456823f6f3?s=96&d=mm&r=g\",\"url\":\"https:\\\/\\\/secure.gravatar.com\\\/avatar\\\/5b928a2e7e70a54208d2eb6c1edcb75a5350d6ae97d5f0a701203d456823f6f3?s=96&d=mm&r=g\",\"contentUrl\":\"https:\\\/\\\/secure.gravatar.com\\\/avatar\\\/5b928a2e7e70a54208d2eb6c1edcb75a5350d6ae97d5f0a701203d456823f6f3?s=96&d=mm&r=g\",\"caption\":\"nedim\"},\"description\":\"Tuzlainfo.ba pratite na dru\u0161tvenim mre\u017eama: Facebook, Instagram i Youtube. Svoje pri\u010de, upite i fotografije \u0161aljite na na\u0161u e-mail adresu.\"}]}<\/script>\n<!-- \/ Yoast SEO plugin. -->","yoast_head_json":{"title":"Mara Grbi\u0107 i Edina \u0160ari\u0107 nagra\u0111ene \u201cMalom vilom\u201d za izvrsnost u dje\u010dijoj knji\u017eevnosti","robots":{"index":"index","follow":"follow","max-snippet":"max-snippet:-1","max-image-preview":"max-image-preview:large","max-video-preview":"max-video-preview:-1"},"canonical":"https:\/\/tuzlainfo.ba\/index.php\/novosti\/item\/283605-mara-grbic-i-edina-saric-nagradjene-malom-vilom-za-izvrsnost-u-djecijoj-knjizevnosti\/","og_locale":"bs_BA","og_type":"article","og_title":"Mara Grbi\u0107 i Edina \u0160ari\u0107 nagra\u0111ene \u201cMalom vilom\u201d za izvrsnost u dje\u010dijoj knji\u017eevnosti","og_description":"U Me\u0111unarodnoj galeriji portreta Tuzla sino\u0107 je sve\u010dano uru\u010dena nagrada \u201cMala vila\u201d za izvrsnost u dje\u010dijoj knji\u017eevnosti. Ovogodi\u0161nje dobitnice presti\u017enog priznanja su Mara Grbi\u0107, za knjigu \u201cPjesme od kojih se raste\u201d, i Edina \u0160ari\u0107, za knjigu \u201cPrimarijus somatopedikus\u201d. Dodjela nagrada odr\u017eana je u sklopu 22. Me\u0111unarodnog dje\u010dijeg festivala \u201cVezeni most\u201d Tuzla 2025, manifestacije koja ve\u0107 [&hellip;]","og_url":"https:\/\/tuzlainfo.ba\/index.php\/novosti\/item\/283605-mara-grbic-i-edina-saric-nagradjene-malom-vilom-za-izvrsnost-u-djecijoj-knjizevnosti\/","og_site_name":"TuzlaInfo.ba","article_publisher":"https:\/\/www.facebook.com\/tuzlainfo.ba\/","article_published_time":"2025-10-16T07:00:54+00:00","og_image":[{"width":1000,"height":600,"url":"https:\/\/tuzlainfo.ba\/wp-content\/uploads\/2025\/10\/1610_mala_vila.jpg","type":"image\/jpeg"}],"author":"nedim","twitter_card":"summary_large_image","twitter_misc":{"Written by":"nedim","Est. reading time":"1 minuta"},"schema":{"@context":"https:\/\/schema.org","@graph":[{"@type":"Article","@id":"https:\/\/tuzlainfo.ba\/index.php\/novosti\/item\/283605-mara-grbic-i-edina-saric-nagradjene-malom-vilom-za-izvrsnost-u-djecijoj-knjizevnosti\/#article","isPartOf":{"@id":"https:\/\/tuzlainfo.ba\/index.php\/novosti\/item\/283605-mara-grbic-i-edina-saric-nagradjene-malom-vilom-za-izvrsnost-u-djecijoj-knjizevnosti\/"},"author":{"name":"nedim","@id":"https:\/\/tuzlainfo.ba\/#\/schema\/person\/f434e20dc27ea133923aab08451b7f7f"},"headline":"Mara Grbi\u0107 i Edina \u0160ari\u0107 nagra\u0111ene \u201cMalom vilom\u201d za izvrsnost u dje\u010dijoj knji\u017eevnosti","datePublished":"2025-10-16T07:00:54+00:00","mainEntityOfPage":{"@id":"https:\/\/tuzlainfo.ba\/index.php\/novosti\/item\/283605-mara-grbic-i-edina-saric-nagradjene-malom-vilom-za-izvrsnost-u-djecijoj-knjizevnosti\/"},"wordCount":162,"publisher":{"@id":"https:\/\/tuzlainfo.ba\/#organization"},"image":{"@id":"https:\/\/tuzlainfo.ba\/index.php\/novosti\/item\/283605-mara-grbic-i-edina-saric-nagradjene-malom-vilom-za-izvrsnost-u-djecijoj-knjizevnosti\/#primaryimage"},"thumbnailUrl":"https:\/\/tuzlainfo.ba\/wp-content\/uploads\/2025\/10\/1610_mala_vila.jpg","keywords":["edina \u0161ari\u0107","mara grbi\u0107","vezeni most"],"articleSection":["Istaknuto","Novosti"],"inLanguage":"bs-BA","copyrightYear":"2025","copyrightHolder":{"@id":"https:\/\/tuzlainfo.ba\/#organization"}},{"@type":"WebPage","@id":"https:\/\/tuzlainfo.ba\/index.php\/novosti\/item\/283605-mara-grbic-i-edina-saric-nagradjene-malom-vilom-za-izvrsnost-u-djecijoj-knjizevnosti\/","url":"https:\/\/tuzlainfo.ba\/index.php\/novosti\/item\/283605-mara-grbic-i-edina-saric-nagradjene-malom-vilom-za-izvrsnost-u-djecijoj-knjizevnosti\/","name":"Mara Grbi\u0107 i Edina \u0160ari\u0107 nagra\u0111ene \u201cMalom vilom\u201d za izvrsnost u dje\u010dijoj knji\u017eevnosti","isPartOf":{"@id":"https:\/\/tuzlainfo.ba\/#website"},"primaryImageOfPage":{"@id":"https:\/\/tuzlainfo.ba\/index.php\/novosti\/item\/283605-mara-grbic-i-edina-saric-nagradjene-malom-vilom-za-izvrsnost-u-djecijoj-knjizevnosti\/#primaryimage"},"image":{"@id":"https:\/\/tuzlainfo.ba\/index.php\/novosti\/item\/283605-mara-grbic-i-edina-saric-nagradjene-malom-vilom-za-izvrsnost-u-djecijoj-knjizevnosti\/#primaryimage"},"thumbnailUrl":"https:\/\/tuzlainfo.ba\/wp-content\/uploads\/2025\/10\/1610_mala_vila.jpg","datePublished":"2025-10-16T07:00:54+00:00","breadcrumb":{"@id":"https:\/\/tuzlainfo.ba\/index.php\/novosti\/item\/283605-mara-grbic-i-edina-saric-nagradjene-malom-vilom-za-izvrsnost-u-djecijoj-knjizevnosti\/#breadcrumb"},"inLanguage":"bs-BA","potentialAction":[{"@type":"ReadAction","target":["https:\/\/tuzlainfo.ba\/index.php\/novosti\/item\/283605-mara-grbic-i-edina-saric-nagradjene-malom-vilom-za-izvrsnost-u-djecijoj-knjizevnosti\/"]}]},{"@type":"ImageObject","inLanguage":"bs-BA","@id":"https:\/\/tuzlainfo.ba\/index.php\/novosti\/item\/283605-mara-grbic-i-edina-saric-nagradjene-malom-vilom-za-izvrsnost-u-djecijoj-knjizevnosti\/#primaryimage","url":"https:\/\/tuzlainfo.ba\/wp-content\/uploads\/2025\/10\/1610_mala_vila.jpg","contentUrl":"https:\/\/tuzlainfo.ba\/wp-content\/uploads\/2025\/10\/1610_mala_vila.jpg","width":1000,"height":600},{"@type":"BreadcrumbList","@id":"https:\/\/tuzlainfo.ba\/index.php\/novosti\/item\/283605-mara-grbic-i-edina-saric-nagradjene-malom-vilom-za-izvrsnost-u-djecijoj-knjizevnosti\/#breadcrumb","itemListElement":[{"@type":"ListItem","position":1,"name":"Home","item":"https:\/\/tuzlainfo.ba\/"},{"@type":"ListItem","position":2,"name":"Mara Grbi\u0107 i Edina \u0160ari\u0107 nagra\u0111ene \u201cMalom vilom\u201d za izvrsnost u dje\u010dijoj knji\u017eevnosti"}]},{"@type":"WebSite","@id":"https:\/\/tuzlainfo.ba\/#website","url":"https:\/\/tuzlainfo.ba\/","name":"TuzlaInfo.ba","description":"Tuzla info, gradski informator - Tuzla na dlanu","publisher":{"@id":"https:\/\/tuzlainfo.ba\/#organization"},"potentialAction":[{"@type":"SearchAction","target":{"@type":"EntryPoint","urlTemplate":"https:\/\/tuzlainfo.ba\/?s={search_term_string}"},"query-input":{"@type":"PropertyValueSpecification","valueRequired":true,"valueName":"search_term_string"}}],"inLanguage":"bs-BA"},{"@type":"Organization","@id":"https:\/\/tuzlainfo.ba\/#organization","name":"TuzlaInfo.ba","url":"https:\/\/tuzlainfo.ba\/","logo":{"@type":"ImageObject","inLanguage":"bs-BA","@id":"https:\/\/tuzlainfo.ba\/#\/schema\/logo\/image\/","url":"https:\/\/tuzlainfo.ba\/wp-content\/uploads\/2021\/03\/logo-ver-3-1.png","contentUrl":"https:\/\/tuzlainfo.ba\/wp-content\/uploads\/2021\/03\/logo-ver-3-1.png","width":350,"height":95,"caption":"TuzlaInfo.ba"},"image":{"@id":"https:\/\/tuzlainfo.ba\/#\/schema\/logo\/image\/"},"sameAs":["https:\/\/www.facebook.com\/tuzlainfo.ba\/"]},{"@type":"Person","@id":"https:\/\/tuzlainfo.ba\/#\/schema\/person\/f434e20dc27ea133923aab08451b7f7f","name":"nedim","image":{"@type":"ImageObject","inLanguage":"bs-BA","@id":"https:\/\/secure.gravatar.com\/avatar\/5b928a2e7e70a54208d2eb6c1edcb75a5350d6ae97d5f0a701203d456823f6f3?s=96&d=mm&r=g","url":"https:\/\/secure.gravatar.com\/avatar\/5b928a2e7e70a54208d2eb6c1edcb75a5350d6ae97d5f0a701203d456823f6f3?s=96&d=mm&r=g","contentUrl":"https:\/\/secure.gravatar.com\/avatar\/5b928a2e7e70a54208d2eb6c1edcb75a5350d6ae97d5f0a701203d456823f6f3?s=96&d=mm&r=g","caption":"nedim"},"description":"Tuzlainfo.ba pratite na dru\u0161tvenim mre\u017eama: Facebook, Instagram i Youtube. Svoje pri\u010de, upite i fotografije \u0161aljite na na\u0161u e-mail adresu."}]}},"_links":{"self":[{"href":"https:\/\/tuzlainfo.ba\/index.php\/wp-json\/wp\/v2\/posts\/283605","targetHints":{"allow":["GET"]}}],"collection":[{"href":"https:\/\/tuzlainfo.ba\/index.php\/wp-json\/wp\/v2\/posts"}],"about":[{"href":"https:\/\/tuzlainfo.ba\/index.php\/wp-json\/wp\/v2\/types\/post"}],"author":[{"embeddable":true,"href":"https:\/\/tuzlainfo.ba\/index.php\/wp-json\/wp\/v2\/users\/2"}],"replies":[{"embeddable":true,"href":"https:\/\/tuzlainfo.ba\/index.php\/wp-json\/wp\/v2\/comments?post=283605"}],"version-history":[{"count":1,"href":"https:\/\/tuzlainfo.ba\/index.php\/wp-json\/wp\/v2\/posts\/283605\/revisions"}],"predecessor-version":[{"id":283607,"href":"https:\/\/tuzlainfo.ba\/index.php\/wp-json\/wp\/v2\/posts\/283605\/revisions\/283607"}],"wp:featuredmedia":[{"embeddable":true,"href":"https:\/\/tuzlainfo.ba\/index.php\/wp-json\/wp\/v2\/media\/283606"}],"wp:attachment":[{"href":"https:\/\/tuzlainfo.ba\/index.php\/wp-json\/wp\/v2\/media?parent=283605"}],"wp:term":[{"taxonomy":"category","embeddable":true,"href":"https:\/\/tuzlainfo.ba\/index.php\/wp-json\/wp\/v2\/categories?post=283605"},{"taxonomy":"post_tag","embeddable":true,"href":"https:\/\/tuzlainfo.ba\/index.php\/wp-json\/wp\/v2\/tags?post=283605"}],"curies":[{"name":"wp","href":"https:\/\/api.w.org\/{rel}","templated":true}]}}