{"id":283550,"date":"2025-10-15T16:08:11","date_gmt":"2025-10-15T14:08:11","guid":{"rendered":"https:\/\/tuzlainfo.ba\/?p=283550"},"modified":"2025-10-15T16:08:11","modified_gmt":"2025-10-15T14:08:11","slug":"snaga-zene-na-selu-prica-alije-durmisevic-iz-gradacca","status":"publish","type":"post","link":"https:\/\/tuzlainfo.ba\/index.php\/magazin\/item\/283550-snaga-zene-na-selu-prica-alije-durmisevic-iz-gradacca\/","title":{"rendered":"Snaga \u017eene na selu: Pri\u010da Alije Durmi\u0161evi\u0107 iz Grada\u010dca"},"content":{"rendered":"<p data-start=\"106\" data-end=\"629\">\u017dene na selu u Bosni i Hercegovini \u010desto nose te\u017eak, ali klju\u010dan posao \u2013 od proizvodnje hrane do razvoja lokalnih zajednica. Iako njihova uloga u poljoprivredi i doma\u0107instvima ostaje nedovoljno prepoznata, primjeri poput gospo\u0111e Alije Durmi\u0161evi\u0107 pokazuju snagu, upornost i posve\u0107enost \u017eena koje ne samo da upravljaju farmama, ve\u0107 postavljaju standarde uspjeha i liderstva. Povodom Me\u0111unarodnog dana \u017eena na selu, otkrivamo kako Alija svojim radom inspiri\u0161e i podsti\u010de druge \u017eene da hrabro zakora\u010de u svijet poljoprivrede.<\/p>\n<p data-start=\"166\" data-end=\"689\">\u017dene na selu u Bosni i Hercegovini \u010desto nose te\u017eak, ali klju\u010dan posao \u2013 od proizvodnje hrane do razvoja lokalnih zajednica. Iako njihova uloga u poljoprivredi i doma\u0107instvima ostaje nedovoljno prepoznata, primjeri poput gospo\u0111e Alije Durmi\u0161evi\u0107 pokazuju snagu, upornost i posve\u0107enost \u017eena koje ne samo da upravljaju farmama, ve\u0107 postavljaju standarde uspjeha i liderstva. Povodom Me\u0111unarodnog dana \u017eena na selu, otkrivamo kako Alija svojim radom inspiri\u0161e i podsti\u010de druge \u017eene da hrabro zakora\u010de u svijet poljoprivrede.<\/p>\n<p data-start=\"691\" data-end=\"895\">Gospo\u0111a Alija Durmi\u0161evi\u0107 je dugogodi\u0161nja poljoprivrednica i kooperantica kompanije Lactalis u BiH. Svojim radom pokazuje da je \u017eena na selu stub porodi\u010dne ekonomije, ali i primjer hrabrosti i upornosti.<\/p>\n<p data-start=\"897\" data-end=\"1236\">\u201cPrvenstveno, ja sam majka, a ujedno i radnik na sinovoj farmi. Na\u0161e gazdinstvo, SP Durmi\u0161evi\u0107 Adnan, nalazi se u Me\u0111i\u0111i Donjoj kod Grada\u010dca. Radim sve poslove vezane za farmu, bilo da je rije\u010d o fizi\u010dkom radu ili sre\u0111ivanju dokumentacije. Pored mene, na farmi rade jo\u0161 sin, snaha i mu\u017e. Trenutno imamo ukupno 60 grla stoke\u201d, ka\u017ee Alija.<\/p>\n<p data-start=\"1238\" data-end=\"1579\">Odluka da ostane u poljoprivredi motivisana je \u017eeljom da podr\u017ei sina u njegovoj ambiciji da postane farmer i uzgaja mlije\u010dna grla. \u201cNikada nisam radila u svojoj struci, zavr\u0161ila sam Upravnu \u0161kolu, ali sam svoje znanje uspjela primijeniti ovdje. Poljoprivreda, uz predanost i rad, ima sve predispozicije za dostojanstven \u017eivot\u201d, isti\u010de ona.<\/p>\n<p data-start=\"1581\" data-end=\"2044\">Statistike pokazuju da oko 20 posto zaposlenih \u017eena u BiH radi u poljoprivredi, ali njihova uloga u ruralnom razvoju \u010desto ostaje zanemarena. Alija isti\u010de da su \u017eene odgovornije i \u010desto zauzimaju klju\u010dnu ulogu u obavljanju va\u017enih poslova. \u201cUz me\u0111usobno dopunjavanje mu\u0161karaca i \u017eena, uspjeh je zagarantovan. Trebamo \u010de\u0161\u0107e spominjati ulogu \u017eene, posebno u poljoprivredi, jer sposobnosti \u017eena su ogromne \u2013 kako na poslu, tako i kod ku\u0107e i u zajednici\u201d, nagla\u0161ava.<\/p>\n<p data-start=\"2046\" data-end=\"2422\">Kada je rije\u010d o proizvodnji mlijeka, Alija isti\u010de va\u017enost stalnog ulaganja i unapre\u0111enja proizvodnje. \u201cOve godine smo uvezli 19 steonih junica iz \u010ce\u0161ke jer \u017eelimo pove\u0107ati koli\u010dinu mlijeka. Pokrenuli smo izgradnju nove farme za 50 grla po evropskim standardima. Nadamo se da \u0107e Kanton, Op\u0107ina i Federacija prepoznati na\u0161 trud i podr\u017eati izgradnju novog objekta\u201d, obja\u0161njava.<\/p>\n<p data-start=\"2424\" data-end=\"2676\">Saradnja s kompanijom Lactalis daje dodatnu sigurnost i stabilnost. \u201cPouzdanost otkupa i profesionalna komunikacija \u010dine ovu saradnju posebnom. Takva podr\u0161ka motivi\u0161e nas da nastavimo unapre\u0111ivati proizvodnju i ostvarivati dugoro\u010dne ciljeve\u201d, dodaje.<\/p>\n<p data-start=\"2678\" data-end=\"2913\">Alija isti\u010de i va\u017enost me\u0111usobne podr\u0161ke me\u0111u \u017eenama u poljoprivredi. \u201c\u010ce\u0161\u0107e povezivanje i razmjena iskustava osna\u017euje pojedinke i ja\u010da ulogu \u017eene u dru\u0161tvu. Vi\u0161e zajedni\u010dkog djelovanja dodatno bi oja\u010dalo polo\u017eaj \u017eena na selu\u201d, ka\u017ee.<\/p>\n<p data-start=\"2915\" data-end=\"3219\">Na kraju, poruka Alije svim \u017eenama koje razmi\u0161ljaju o radu u poljoprivredi je jasna: \u201cSnaga \u017eene na selu zna\u010di sposobnost da se istovremeno vodi posao, brine o porodici i doprinosi zajednici. Uz podr\u0161ku i dovoljno volje, svaka \u017eena mo\u017ee uspjeti i napraviti razliku \u2013 kako za sebe, tako i za zajednicu.\u201d<\/p>\n","protected":false},"excerpt":{"rendered":"<p>\u017dene na selu u Bosni i Hercegovini \u010desto nose te\u017eak, ali klju\u010dan posao \u2013 od&hellip;<\/p>\n","protected":false},"author":4,"featured_media":283551,"comment_status":"closed","ping_status":"closed","sticky":false,"template":"","format":"standard","meta":{"_acf_changed":false,"footnotes":""},"categories":[292],"tags":[11836,11220],"acf":[],"yoast_head":"<!-- This site is optimized with the Yoast SEO plugin v23.5 - https:\/\/yoast.com\/wordpress\/plugins\/seo\/ -->\n<title>Snaga \u017eene na selu: Pri\u010da Alije Durmi\u0161evi\u0107 iz Grada\u010dca - TuzlaInfo.ba<\/title>\n<meta name=\"robots\" content=\"index, follow, max-snippet:-1, max-image-preview:large, max-video-preview:-1\" \/>\n<link rel=\"canonical\" href=\"https:\/\/tuzlainfo.ba\/index.php\/magazin\/item\/283550-snaga-zene-na-selu-prica-alije-durmisevic-iz-gradacca\/\" \/>\n<meta property=\"og:locale\" content=\"bs_BA\" \/>\n<meta property=\"og:type\" content=\"article\" \/>\n<meta property=\"og:title\" content=\"Snaga \u017eene na selu: Pri\u010da Alije Durmi\u0161evi\u0107 iz Grada\u010dca - TuzlaInfo.ba\" \/>\n<meta property=\"og:description\" content=\"\u017dene na selu u Bosni i Hercegovini \u010desto nose te\u017eak, ali klju\u010dan posao \u2013 od&hellip;\" \/>\n<meta property=\"og:url\" content=\"https:\/\/tuzlainfo.ba\/index.php\/magazin\/item\/283550-snaga-zene-na-selu-prica-alije-durmisevic-iz-gradacca\/\" \/>\n<meta property=\"og:site_name\" content=\"TuzlaInfo.ba\" \/>\n<meta property=\"article:publisher\" content=\"https:\/\/www.facebook.com\/tuzlainfo.ba\/\" \/>\n<meta property=\"article:published_time\" content=\"2025-10-15T14:08:11+00:00\" \/>\n<meta property=\"og:image\" content=\"https:\/\/tuzlainfo.ba\/wp-content\/uploads\/2025\/10\/Alija-Durmisevic-1-1.jpg\" \/>\n\t<meta property=\"og:image:width\" content=\"1600\" \/>\n\t<meta property=\"og:image:height\" content=\"739\" \/>\n\t<meta property=\"og:image:type\" content=\"image\/jpeg\" \/>\n<meta name=\"author\" content=\"Tuzla Info\" \/>\n<meta name=\"twitter:card\" content=\"summary_large_image\" \/>\n<meta name=\"twitter:label1\" content=\"Written by\" \/>\n\t<meta name=\"twitter:data1\" content=\"Tuzla Info\" \/>\n\t<meta name=\"twitter:label2\" content=\"Est. reading time\" \/>\n\t<meta name=\"twitter:data2\" content=\"4 minute\" \/>\n<script type=\"application\/ld+json\" class=\"yoast-schema-graph\">{\"@context\":\"https:\/\/schema.org\",\"@graph\":[{\"@type\":\"Article\",\"@id\":\"https:\/\/tuzlainfo.ba\/index.php\/magazin\/item\/283550-snaga-zene-na-selu-prica-alije-durmisevic-iz-gradacca\/#article\",\"isPartOf\":{\"@id\":\"https:\/\/tuzlainfo.ba\/index.php\/magazin\/item\/283550-snaga-zene-na-selu-prica-alije-durmisevic-iz-gradacca\/\"},\"author\":{\"name\":\"Tuzla Info\",\"@id\":\"https:\/\/tuzlainfo.ba\/#\/schema\/person\/46cad4c57790cbc50781edd14870825a\"},\"headline\":\"Snaga \u017eene na selu: Pri\u010da Alije Durmi\u0161evi\u0107 iz Grada\u010dca\",\"datePublished\":\"2025-10-15T14:08:11+00:00\",\"dateModified\":\"2025-10-15T14:08:11+00:00\",\"mainEntityOfPage\":{\"@id\":\"https:\/\/tuzlainfo.ba\/index.php\/magazin\/item\/283550-snaga-zene-na-selu-prica-alije-durmisevic-iz-gradacca\/\"},\"wordCount\":611,\"publisher\":{\"@id\":\"https:\/\/tuzlainfo.ba\/#organization\"},\"image\":{\"@id\":\"https:\/\/tuzlainfo.ba\/index.php\/magazin\/item\/283550-snaga-zene-na-selu-prica-alije-durmisevic-iz-gradacca\/#primaryimage\"},\"thumbnailUrl\":\"https:\/\/tuzlainfo.ba\/wp-content\/uploads\/2025\/10\/Alija-Durmisevic-1-1.jpg\",\"keywords\":[\"lacatalis\",\"\u017eene sa sela\"],\"articleSection\":[\"Magazin\"],\"inLanguage\":\"bs-BA\"},{\"@type\":\"WebPage\",\"@id\":\"https:\/\/tuzlainfo.ba\/index.php\/magazin\/item\/283550-snaga-zene-na-selu-prica-alije-durmisevic-iz-gradacca\/\",\"url\":\"https:\/\/tuzlainfo.ba\/index.php\/magazin\/item\/283550-snaga-zene-na-selu-prica-alije-durmisevic-iz-gradacca\/\",\"name\":\"Snaga \u017eene na selu: Pri\u010da Alije Durmi\u0161evi\u0107 iz Grada\u010dca - TuzlaInfo.ba\",\"isPartOf\":{\"@id\":\"https:\/\/tuzlainfo.ba\/#website\"},\"primaryImageOfPage\":{\"@id\":\"https:\/\/tuzlainfo.ba\/index.php\/magazin\/item\/283550-snaga-zene-na-selu-prica-alije-durmisevic-iz-gradacca\/#primaryimage\"},\"image\":{\"@id\":\"https:\/\/tuzlainfo.ba\/index.php\/magazin\/item\/283550-snaga-zene-na-selu-prica-alije-durmisevic-iz-gradacca\/#primaryimage\"},\"thumbnailUrl\":\"https:\/\/tuzlainfo.ba\/wp-content\/uploads\/2025\/10\/Alija-Durmisevic-1-1.jpg\",\"datePublished\":\"2025-10-15T14:08:11+00:00\",\"dateModified\":\"2025-10-15T14:08:11+00:00\",\"breadcrumb\":{\"@id\":\"https:\/\/tuzlainfo.ba\/index.php\/magazin\/item\/283550-snaga-zene-na-selu-prica-alije-durmisevic-iz-gradacca\/#breadcrumb\"},\"inLanguage\":\"bs-BA\",\"potentialAction\":[{\"@type\":\"ReadAction\",\"target\":[\"https:\/\/tuzlainfo.ba\/index.php\/magazin\/item\/283550-snaga-zene-na-selu-prica-alije-durmisevic-iz-gradacca\/\"]}]},{\"@type\":\"ImageObject\",\"inLanguage\":\"bs-BA\",\"@id\":\"https:\/\/tuzlainfo.ba\/index.php\/magazin\/item\/283550-snaga-zene-na-selu-prica-alije-durmisevic-iz-gradacca\/#primaryimage\",\"url\":\"https:\/\/tuzlainfo.ba\/wp-content\/uploads\/2025\/10\/Alija-Durmisevic-1-1.jpg\",\"contentUrl\":\"https:\/\/tuzlainfo.ba\/wp-content\/uploads\/2025\/10\/Alija-Durmisevic-1-1.jpg\",\"width\":1600,\"height\":739},{\"@type\":\"BreadcrumbList\",\"@id\":\"https:\/\/tuzlainfo.ba\/index.php\/magazin\/item\/283550-snaga-zene-na-selu-prica-alije-durmisevic-iz-gradacca\/#breadcrumb\",\"itemListElement\":[{\"@type\":\"ListItem\",\"position\":1,\"name\":\"Home\",\"item\":\"https:\/\/tuzlainfo.ba\/\"},{\"@type\":\"ListItem\",\"position\":2,\"name\":\"Snaga \u017eene na selu: Pri\u010da Alije Durmi\u0161evi\u0107 iz Grada\u010dca\"}]},{\"@type\":\"WebSite\",\"@id\":\"https:\/\/tuzlainfo.ba\/#website\",\"url\":\"https:\/\/tuzlainfo.ba\/\",\"name\":\"TuzlaInfo.ba\",\"description\":\"Tuzla info, gradski informator - Tuzla na dlanu\",\"publisher\":{\"@id\":\"https:\/\/tuzlainfo.ba\/#organization\"},\"potentialAction\":[{\"@type\":\"SearchAction\",\"target\":{\"@type\":\"EntryPoint\",\"urlTemplate\":\"https:\/\/tuzlainfo.ba\/?s={search_term_string}\"},\"query-input\":{\"@type\":\"PropertyValueSpecification\",\"valueRequired\":true,\"valueName\":\"search_term_string\"}}],\"inLanguage\":\"bs-BA\"},{\"@type\":\"Organization\",\"@id\":\"https:\/\/tuzlainfo.ba\/#organization\",\"name\":\"TuzlaInfo.ba\",\"url\":\"https:\/\/tuzlainfo.ba\/\",\"logo\":{\"@type\":\"ImageObject\",\"inLanguage\":\"bs-BA\",\"@id\":\"https:\/\/tuzlainfo.ba\/#\/schema\/logo\/image\/\",\"url\":\"https:\/\/tuzlainfo.ba\/wp-content\/uploads\/2021\/03\/logo-ver-3-1.png\",\"contentUrl\":\"https:\/\/tuzlainfo.ba\/wp-content\/uploads\/2021\/03\/logo-ver-3-1.png\",\"width\":350,\"height\":95,\"caption\":\"TuzlaInfo.ba\"},\"image\":{\"@id\":\"https:\/\/tuzlainfo.ba\/#\/schema\/logo\/image\/\"},\"sameAs\":[\"https:\/\/www.facebook.com\/tuzlainfo.ba\/\"]},{\"@type\":\"Person\",\"@id\":\"https:\/\/tuzlainfo.ba\/#\/schema\/person\/46cad4c57790cbc50781edd14870825a\",\"name\":\"Tuzla Info\",\"image\":{\"@type\":\"ImageObject\",\"inLanguage\":\"bs-BA\",\"@id\":\"https:\/\/tuzlainfo.ba\/#\/schema\/person\/image\/\",\"url\":\"https:\/\/tuzlainfo.ba\/wp-content\/litespeed\/avatar\/b6c453a6c38e3654f2e4416c643fc25c.jpg?ver=1777656712\",\"contentUrl\":\"https:\/\/tuzlainfo.ba\/wp-content\/litespeed\/avatar\/b6c453a6c38e3654f2e4416c643fc25c.jpg?ver=1777656712\",\"caption\":\"Tuzla Info\"}}]}<\/script>\n<!-- \/ Yoast SEO plugin. -->","yoast_head_json":{"title":"Snaga \u017eene na selu: Pri\u010da Alije Durmi\u0161evi\u0107 iz Grada\u010dca - TuzlaInfo.ba","robots":{"index":"index","follow":"follow","max-snippet":"max-snippet:-1","max-image-preview":"max-image-preview:large","max-video-preview":"max-video-preview:-1"},"canonical":"https:\/\/tuzlainfo.ba\/index.php\/magazin\/item\/283550-snaga-zene-na-selu-prica-alije-durmisevic-iz-gradacca\/","og_locale":"bs_BA","og_type":"article","og_title":"Snaga \u017eene na selu: Pri\u010da Alije Durmi\u0161evi\u0107 iz Grada\u010dca - TuzlaInfo.ba","og_description":"\u017dene na selu u Bosni i Hercegovini \u010desto nose te\u017eak, ali klju\u010dan posao \u2013 od&hellip;","og_url":"https:\/\/tuzlainfo.ba\/index.php\/magazin\/item\/283550-snaga-zene-na-selu-prica-alije-durmisevic-iz-gradacca\/","og_site_name":"TuzlaInfo.ba","article_publisher":"https:\/\/www.facebook.com\/tuzlainfo.ba\/","article_published_time":"2025-10-15T14:08:11+00:00","og_image":[{"width":1600,"height":739,"url":"https:\/\/tuzlainfo.ba\/wp-content\/uploads\/2025\/10\/Alija-Durmisevic-1-1.jpg","type":"image\/jpeg"}],"author":"Tuzla Info","twitter_card":"summary_large_image","twitter_misc":{"Written by":"Tuzla Info","Est. reading time":"4 minute"},"schema":{"@context":"https:\/\/schema.org","@graph":[{"@type":"Article","@id":"https:\/\/tuzlainfo.ba\/index.php\/magazin\/item\/283550-snaga-zene-na-selu-prica-alije-durmisevic-iz-gradacca\/#article","isPartOf":{"@id":"https:\/\/tuzlainfo.ba\/index.php\/magazin\/item\/283550-snaga-zene-na-selu-prica-alije-durmisevic-iz-gradacca\/"},"author":{"name":"Tuzla Info","@id":"https:\/\/tuzlainfo.ba\/#\/schema\/person\/46cad4c57790cbc50781edd14870825a"},"headline":"Snaga \u017eene na selu: Pri\u010da Alije Durmi\u0161evi\u0107 iz Grada\u010dca","datePublished":"2025-10-15T14:08:11+00:00","dateModified":"2025-10-15T14:08:11+00:00","mainEntityOfPage":{"@id":"https:\/\/tuzlainfo.ba\/index.php\/magazin\/item\/283550-snaga-zene-na-selu-prica-alije-durmisevic-iz-gradacca\/"},"wordCount":611,"publisher":{"@id":"https:\/\/tuzlainfo.ba\/#organization"},"image":{"@id":"https:\/\/tuzlainfo.ba\/index.php\/magazin\/item\/283550-snaga-zene-na-selu-prica-alije-durmisevic-iz-gradacca\/#primaryimage"},"thumbnailUrl":"https:\/\/tuzlainfo.ba\/wp-content\/uploads\/2025\/10\/Alija-Durmisevic-1-1.jpg","keywords":["lacatalis","\u017eene sa sela"],"articleSection":["Magazin"],"inLanguage":"bs-BA"},{"@type":"WebPage","@id":"https:\/\/tuzlainfo.ba\/index.php\/magazin\/item\/283550-snaga-zene-na-selu-prica-alije-durmisevic-iz-gradacca\/","url":"https:\/\/tuzlainfo.ba\/index.php\/magazin\/item\/283550-snaga-zene-na-selu-prica-alije-durmisevic-iz-gradacca\/","name":"Snaga \u017eene na selu: Pri\u010da Alije Durmi\u0161evi\u0107 iz Grada\u010dca - TuzlaInfo.ba","isPartOf":{"@id":"https:\/\/tuzlainfo.ba\/#website"},"primaryImageOfPage":{"@id":"https:\/\/tuzlainfo.ba\/index.php\/magazin\/item\/283550-snaga-zene-na-selu-prica-alije-durmisevic-iz-gradacca\/#primaryimage"},"image":{"@id":"https:\/\/tuzlainfo.ba\/index.php\/magazin\/item\/283550-snaga-zene-na-selu-prica-alije-durmisevic-iz-gradacca\/#primaryimage"},"thumbnailUrl":"https:\/\/tuzlainfo.ba\/wp-content\/uploads\/2025\/10\/Alija-Durmisevic-1-1.jpg","datePublished":"2025-10-15T14:08:11+00:00","dateModified":"2025-10-15T14:08:11+00:00","breadcrumb":{"@id":"https:\/\/tuzlainfo.ba\/index.php\/magazin\/item\/283550-snaga-zene-na-selu-prica-alije-durmisevic-iz-gradacca\/#breadcrumb"},"inLanguage":"bs-BA","potentialAction":[{"@type":"ReadAction","target":["https:\/\/tuzlainfo.ba\/index.php\/magazin\/item\/283550-snaga-zene-na-selu-prica-alije-durmisevic-iz-gradacca\/"]}]},{"@type":"ImageObject","inLanguage":"bs-BA","@id":"https:\/\/tuzlainfo.ba\/index.php\/magazin\/item\/283550-snaga-zene-na-selu-prica-alije-durmisevic-iz-gradacca\/#primaryimage","url":"https:\/\/tuzlainfo.ba\/wp-content\/uploads\/2025\/10\/Alija-Durmisevic-1-1.jpg","contentUrl":"https:\/\/tuzlainfo.ba\/wp-content\/uploads\/2025\/10\/Alija-Durmisevic-1-1.jpg","width":1600,"height":739},{"@type":"BreadcrumbList","@id":"https:\/\/tuzlainfo.ba\/index.php\/magazin\/item\/283550-snaga-zene-na-selu-prica-alije-durmisevic-iz-gradacca\/#breadcrumb","itemListElement":[{"@type":"ListItem","position":1,"name":"Home","item":"https:\/\/tuzlainfo.ba\/"},{"@type":"ListItem","position":2,"name":"Snaga \u017eene na selu: Pri\u010da Alije Durmi\u0161evi\u0107 iz Grada\u010dca"}]},{"@type":"WebSite","@id":"https:\/\/tuzlainfo.ba\/#website","url":"https:\/\/tuzlainfo.ba\/","name":"TuzlaInfo.ba","description":"Tuzla info, gradski informator - Tuzla na dlanu","publisher":{"@id":"https:\/\/tuzlainfo.ba\/#organization"},"potentialAction":[{"@type":"SearchAction","target":{"@type":"EntryPoint","urlTemplate":"https:\/\/tuzlainfo.ba\/?s={search_term_string}"},"query-input":{"@type":"PropertyValueSpecification","valueRequired":true,"valueName":"search_term_string"}}],"inLanguage":"bs-BA"},{"@type":"Organization","@id":"https:\/\/tuzlainfo.ba\/#organization","name":"TuzlaInfo.ba","url":"https:\/\/tuzlainfo.ba\/","logo":{"@type":"ImageObject","inLanguage":"bs-BA","@id":"https:\/\/tuzlainfo.ba\/#\/schema\/logo\/image\/","url":"https:\/\/tuzlainfo.ba\/wp-content\/uploads\/2021\/03\/logo-ver-3-1.png","contentUrl":"https:\/\/tuzlainfo.ba\/wp-content\/uploads\/2021\/03\/logo-ver-3-1.png","width":350,"height":95,"caption":"TuzlaInfo.ba"},"image":{"@id":"https:\/\/tuzlainfo.ba\/#\/schema\/logo\/image\/"},"sameAs":["https:\/\/www.facebook.com\/tuzlainfo.ba\/"]},{"@type":"Person","@id":"https:\/\/tuzlainfo.ba\/#\/schema\/person\/46cad4c57790cbc50781edd14870825a","name":"Tuzla Info","image":{"@type":"ImageObject","inLanguage":"bs-BA","@id":"https:\/\/tuzlainfo.ba\/#\/schema\/person\/image\/","url":"https:\/\/tuzlainfo.ba\/wp-content\/litespeed\/avatar\/b6c453a6c38e3654f2e4416c643fc25c.jpg?ver=1777656712","contentUrl":"https:\/\/tuzlainfo.ba\/wp-content\/litespeed\/avatar\/b6c453a6c38e3654f2e4416c643fc25c.jpg?ver=1777656712","caption":"Tuzla Info"}}]}},"_links":{"self":[{"href":"https:\/\/tuzlainfo.ba\/index.php\/wp-json\/wp\/v2\/posts\/283550"}],"collection":[{"href":"https:\/\/tuzlainfo.ba\/index.php\/wp-json\/wp\/v2\/posts"}],"about":[{"href":"https:\/\/tuzlainfo.ba\/index.php\/wp-json\/wp\/v2\/types\/post"}],"author":[{"embeddable":true,"href":"https:\/\/tuzlainfo.ba\/index.php\/wp-json\/wp\/v2\/users\/4"}],"replies":[{"embeddable":true,"href":"https:\/\/tuzlainfo.ba\/index.php\/wp-json\/wp\/v2\/comments?post=283550"}],"version-history":[{"count":1,"href":"https:\/\/tuzlainfo.ba\/index.php\/wp-json\/wp\/v2\/posts\/283550\/revisions"}],"predecessor-version":[{"id":283552,"href":"https:\/\/tuzlainfo.ba\/index.php\/wp-json\/wp\/v2\/posts\/283550\/revisions\/283552"}],"wp:featuredmedia":[{"embeddable":true,"href":"https:\/\/tuzlainfo.ba\/index.php\/wp-json\/wp\/v2\/media\/283551"}],"wp:attachment":[{"href":"https:\/\/tuzlainfo.ba\/index.php\/wp-json\/wp\/v2\/media?parent=283550"}],"wp:term":[{"taxonomy":"category","embeddable":true,"href":"https:\/\/tuzlainfo.ba\/index.php\/wp-json\/wp\/v2\/categories?post=283550"},{"taxonomy":"post_tag","embeddable":true,"href":"https:\/\/tuzlainfo.ba\/index.php\/wp-json\/wp\/v2\/tags?post=283550"}],"curies":[{"name":"wp","href":"https:\/\/api.w.org\/{rel}","templated":true}]}}