{"id":283480,"date":"2025-10-14T21:05:00","date_gmt":"2025-10-14T19:05:00","guid":{"rendered":"https:\/\/tuzlainfo.ba\/?p=283480"},"modified":"2025-10-15T07:40:59","modified_gmt":"2025-10-15T05:40:59","slug":"dok-u-hercegovini-pocinje-gradnja-brze-ceste-u-tk-stoje-projekti-vaze-li-ista-pravila-za-sve","status":"publish","type":"post","link":"https:\/\/tuzlainfo.ba\/index.php\/novosti\/item\/283480-dok-u-hercegovini-pocinje-gradnja-brze-ceste-u-tk-stoje-projekti-vaze-li-ista-pravila-za-sve\/","title":{"rendered":"Dok u Hercegovini po\u010dinje gradnja brze ceste, u TK stoje projekti \u2013 va\u017ee li ista pravila za sve?"},"content":{"rendered":"<p data-start=\"400\" data-end=\"882\">U Hercegovini su danas potpisani ugovori za izgradnju prvih dionica brze ceste koja \u0107e povezivati Mostar, \u0160iroki Brijeg i Grude, projekt koji se naziva \u201egeneracijskim snom\u201c i klju\u010dem privrednog razvoja zapadnog dijela zemlje.<\/p>\n<p data-start=\"400\" data-end=\"882\">Uskoro bi na potezu od \u0160irokog Brijega prema Grudama trebali biti vidljivi i prvi radovi, dok istodobno u Tuzlanskom kantonu \u2013 najnaseljenijem i privredno najrazvijenijem u Federaciji BiH \u2013 jo\u0161 nije izgra\u0111en niti jedan kilometar autoceste ili brze ceste.<\/p>\n<p data-start=\"884\" data-end=\"1346\">Potpisivanje ugovora u Mostaru ozna\u010dilo je po\u010detak radova na sekcijama Polugrno \u2013 Podledinac i Podledinac \u2013 Grude istok, ukupne du\u017eine oko 12 kilometara. Vrijednost projekata iznosi vi\u0161e od 106 miliona maraka, a sredstva su osigurana iz bud\u017eeta Federacije BiH. Direktor JP Autoceste FBiH Denis Lasi\u0107 naglasio je da ovaj projekt \u201epokazuje strate\u0161ku opredijeljenost razvoja cestovne infrastrukture i u onim dijelovima Federacije kroz koje ne prolazi koridor Vc\u201c.<\/p>\n<p data-start=\"1348\" data-end=\"1637\">Ministrica saobra\u0107ajai komunikacija FBiH Andrijana Kati\u0107 poru\u010dila je da je rije\u010d o strate\u0161ki va\u017enom projektu, \u201ene samo za regiju Hercegovine, nego i za Federaciju op\u0107enito\u201c, podsjetiv\u0161i da su u Federaciji trenutno aktivna tri velika gradili\u0161ta \u2013 kroz srednju Bosnu, u Gora\u017edu i sada u Hercegovini.<\/p>\n<p data-start=\"1639\" data-end=\"2045\">No, dok u Hercegovini uskoro po\u010dinje gradnja, u Tuzlanskom kantonu sli\u010dni projekti ve\u0107 godinama stoje zbog administrativnih i imovinsko-pravnih prepreka. Iz Vlade TK\u00a0 vi\u0161e navrata su upozoravali da je rije\u010d o kantonu koji \u201enema izgra\u0111en niti jedan metar saobra\u0107ajnica visokog nivoa usluge\u201c, iako je prvi po broju stanovnika i najrazvijeniji po broju registriranih vozila u Federaciji BiH.<\/p>\n<p data-start=\"2047\" data-end=\"2245\">\u2013 Na podru\u010dju Tuzlanskog kantona registrovano je 157 hiljada vozila, \u0161to \u010dini 12 posto svih u BiH, a jo\u0161 uvijek nemamo ni kilometar autoceste ili brze ceste. To je porazavaju\u0107e \u2013 istakao je nedavno premijer TK Irfan Halilagi\u0107.<\/p>\n<p data-start=\"2247\" data-end=\"2676\">Kao glavne razloge zastoja navodi sporu eksproprijaciju, neure\u0111ene zemlji\u0161ne knjige, blokadu Komisije za dr\u017eavnu imovinu BiH i nemogu\u0107nost promjene namjene zemlji\u0161ta koje je u dr\u017eavnom vlasni\u0161tvu.<\/p>\n<p data-start=\"2247\" data-end=\"2676\">\u2013 Zbog nefunkcioniranja Komisije za dr\u017eavnu imovinu od 2018. godine, ne mogu se realizirati ni zapo\u010deti projekti poput brze ceste Doboj \u2013 Gra\u010danica \u2013 Lukavac \u2013 Tuzla ili Tuzla \u2013 Dubrave \u2013 Kalesija \u2013 Zvornik \u2013 poja\u0161njava Halilagi\u0107.<\/p>\n<p data-start=\"2247\" data-end=\"2676\"><strong>VEZANI TEKST:<\/strong><br \/>\n<strong><a href=\"https:\/\/tuzlainfo.ba\/index.php\/novosti\/item\/282171-prvi-metri-novih-cesta-pod-upitnikom-izgradnju-puteva-tuzla-maoca-i-sicki-brod-djurdjevik-blokira-drzavna-imovina\/\">Prvi metri novih cesta pod upitnikom: Izgradnju puteva Tuzla &#8211; Mao\u010da i \u0160i\u0107ki Brod \u2013 \u0110ur\u0111evik blokira dr\u017eavna imovina &#8211; TuzlaInfo.ba<\/a><\/strong><\/p>\n<p data-start=\"2678\" data-end=\"2957\">Vlada TK nedavno je uputila inicijative prema Vije\u0107u ministara BiH i Uredu visokog predstavnika, tra\u017ee\u0107i izuze\u0107e pojedinih parcela od zabrane raspolaganja dr\u017eavnim zemlji\u0161tem, upravo kako bi se omogu\u0107ila gradnja dionice \u0160i\u0107ki Brod \u2013 \u0110ur\u0111evik, kao i drugih planiranih brzih cesta.<\/p>\n<p data-start=\"2959\" data-end=\"3328\">\u2013 Mi ne tra\u017eimo ni\u0161ta vi\u0161e od onoga \u0161to se radi u drugim dijelovima Federacije. Tra\u017eimo jednake uslove i deblokadu procesa kako bi i Tuzlanski kanton kona\u010dno imao cestovnu infrastrukturu kakvu zaslu\u017euje \u2013 naglasio je premijer Halilagi\u0107, podsje\u0107aju\u0107i da je rije\u010d o projektima koji bi zna\u010dajno doprinijeli privrednom rastu, mobilnosti gra\u0111ana i sigurnosti u saobra\u0107aju.<\/p>\n<p data-start=\"2959\" data-end=\"3328\">Podsje\u0107amo 12,00 % svih registrovanih vozila u BiH registrovano na podru\u010dju Tuzlanskog kantona (157.000 registrovanih vozila u 2024. godini), privredno je najrazvijenija regija (kanton) u BiH, a po broju stanovnika prvi u Federaciji BiH.<\/p>\n<p data-start=\"3330\" data-end=\"3556\">Dok se u Hercegovini ve\u0107 planiraju nove dionice, u Tuzlanskom kantonu se i dalje \u010deka odgovor institucija vi\u0161ih nivoa vlasti. Pitanje koje se danas logi\u010dno name\u0107e glasi: va\u017ee li ista pravila za sve dijelove Federacije BiH?<\/p>\n","protected":false},"excerpt":{"rendered":"<p>U Hercegovini su danas potpisani ugovori za izgradnju prvih dionica brze ceste koja \u0107e povezivati&hellip;<\/p>\n","protected":false},"author":2,"featured_media":283282,"comment_status":"closed","ping_status":"closed","sticky":false,"template":"","format":"standard","meta":{"_acf_changed":false,"footnotes":""},"categories":[304,12,306],"tags":[6167,12876,360],"acf":[],"yoast_head":"<!-- This site is optimized with the Yoast SEO plugin v23.5 - https:\/\/yoast.com\/wordpress\/plugins\/seo\/ -->\n<title>Dok u Hercegovini po\u010dinje gradnja brze ceste, u TK stoje projekti \u2013 va\u017ee li ista pravila za sve? - TuzlaInfo.ba<\/title>\n<meta name=\"robots\" content=\"index, follow, max-snippet:-1, max-image-preview:large, max-video-preview:-1\" \/>\n<link rel=\"canonical\" href=\"https:\/\/tuzlainfo.ba\/index.php\/novosti\/item\/283480-dok-u-hercegovini-pocinje-gradnja-brze-ceste-u-tk-stoje-projekti-vaze-li-ista-pravila-za-sve\/\" \/>\n<meta property=\"og:locale\" content=\"bs_BA\" \/>\n<meta property=\"og:type\" content=\"article\" \/>\n<meta property=\"og:title\" content=\"Dok u Hercegovini po\u010dinje gradnja brze ceste, u TK stoje projekti \u2013 va\u017ee li ista pravila za sve? - TuzlaInfo.ba\" \/>\n<meta property=\"og:description\" content=\"U Hercegovini su danas potpisani ugovori za izgradnju prvih dionica brze ceste koja \u0107e povezivati&hellip;\" \/>\n<meta property=\"og:url\" content=\"https:\/\/tuzlainfo.ba\/index.php\/novosti\/item\/283480-dok-u-hercegovini-pocinje-gradnja-brze-ceste-u-tk-stoje-projekti-vaze-li-ista-pravila-za-sve\/\" \/>\n<meta property=\"og:site_name\" content=\"TuzlaInfo.ba\" \/>\n<meta property=\"article:publisher\" content=\"https:\/\/www.facebook.com\/tuzlainfo.ba\/\" \/>\n<meta property=\"article:published_time\" content=\"2025-10-14T19:05:00+00:00\" \/>\n<meta property=\"article:modified_time\" content=\"2025-10-15T05:40:59+00:00\" \/>\n<meta property=\"og:image\" content=\"https:\/\/tuzlainfo.ba\/wp-content\/uploads\/2025\/10\/1310_autoceste_autoput_fbih.jpg\" \/>\n\t<meta property=\"og:image:width\" content=\"1000\" \/>\n\t<meta property=\"og:image:height\" content=\"666\" \/>\n\t<meta property=\"og:image:type\" content=\"image\/jpeg\" \/>\n<meta name=\"author\" content=\"nedim\" \/>\n<meta name=\"twitter:card\" content=\"summary_large_image\" \/>\n<meta name=\"twitter:label1\" content=\"Written by\" \/>\n\t<meta name=\"twitter:data1\" content=\"nedim\" \/>\n\t<meta name=\"twitter:label2\" content=\"Est. reading time\" \/>\n\t<meta name=\"twitter:data2\" content=\"3 minute\" \/>\n<script type=\"application\/ld+json\" class=\"yoast-schema-graph\">{\"@context\":\"https:\/\/schema.org\",\"@graph\":[{\"@type\":\"Article\",\"@id\":\"https:\/\/tuzlainfo.ba\/index.php\/novosti\/item\/283480-dok-u-hercegovini-pocinje-gradnja-brze-ceste-u-tk-stoje-projekti-vaze-li-ista-pravila-za-sve\/#article\",\"isPartOf\":{\"@id\":\"https:\/\/tuzlainfo.ba\/index.php\/novosti\/item\/283480-dok-u-hercegovini-pocinje-gradnja-brze-ceste-u-tk-stoje-projekti-vaze-li-ista-pravila-za-sve\/\"},\"author\":{\"name\":\"nedim\",\"@id\":\"https:\/\/tuzlainfo.ba\/#\/schema\/person\/f434e20dc27ea133923aab08451b7f7f\"},\"headline\":\"Dok u Hercegovini po\u010dinje gradnja brze ceste, u TK stoje projekti \u2013 va\u017ee li ista pravila za sve?\",\"datePublished\":\"2025-10-14T19:05:00+00:00\",\"dateModified\":\"2025-10-15T05:40:59+00:00\",\"mainEntityOfPage\":{\"@id\":\"https:\/\/tuzlainfo.ba\/index.php\/novosti\/item\/283480-dok-u-hercegovini-pocinje-gradnja-brze-ceste-u-tk-stoje-projekti-vaze-li-ista-pravila-za-sve\/\"},\"wordCount\":587,\"publisher\":{\"@id\":\"https:\/\/tuzlainfo.ba\/#organization\"},\"image\":{\"@id\":\"https:\/\/tuzlainfo.ba\/index.php\/novosti\/item\/283480-dok-u-hercegovini-pocinje-gradnja-brze-ceste-u-tk-stoje-projekti-vaze-li-ista-pravila-za-sve\/#primaryimage\"},\"thumbnailUrl\":\"https:\/\/tuzlainfo.ba\/wp-content\/uploads\/2025\/10\/1310_autoceste_autoput_fbih.jpg\",\"keywords\":[\"brza cesta\",\"putna blokada\",\"tuzlanski kanton\"],\"articleSection\":[\"Istaknuto\",\"Novosti\",\"Preporu\u010dujemo\"],\"inLanguage\":\"bs-BA\"},{\"@type\":\"WebPage\",\"@id\":\"https:\/\/tuzlainfo.ba\/index.php\/novosti\/item\/283480-dok-u-hercegovini-pocinje-gradnja-brze-ceste-u-tk-stoje-projekti-vaze-li-ista-pravila-za-sve\/\",\"url\":\"https:\/\/tuzlainfo.ba\/index.php\/novosti\/item\/283480-dok-u-hercegovini-pocinje-gradnja-brze-ceste-u-tk-stoje-projekti-vaze-li-ista-pravila-za-sve\/\",\"name\":\"Dok u Hercegovini po\u010dinje gradnja brze ceste, u TK stoje projekti \u2013 va\u017ee li ista pravila za sve? - TuzlaInfo.ba\",\"isPartOf\":{\"@id\":\"https:\/\/tuzlainfo.ba\/#website\"},\"primaryImageOfPage\":{\"@id\":\"https:\/\/tuzlainfo.ba\/index.php\/novosti\/item\/283480-dok-u-hercegovini-pocinje-gradnja-brze-ceste-u-tk-stoje-projekti-vaze-li-ista-pravila-za-sve\/#primaryimage\"},\"image\":{\"@id\":\"https:\/\/tuzlainfo.ba\/index.php\/novosti\/item\/283480-dok-u-hercegovini-pocinje-gradnja-brze-ceste-u-tk-stoje-projekti-vaze-li-ista-pravila-za-sve\/#primaryimage\"},\"thumbnailUrl\":\"https:\/\/tuzlainfo.ba\/wp-content\/uploads\/2025\/10\/1310_autoceste_autoput_fbih.jpg\",\"datePublished\":\"2025-10-14T19:05:00+00:00\",\"dateModified\":\"2025-10-15T05:40:59+00:00\",\"breadcrumb\":{\"@id\":\"https:\/\/tuzlainfo.ba\/index.php\/novosti\/item\/283480-dok-u-hercegovini-pocinje-gradnja-brze-ceste-u-tk-stoje-projekti-vaze-li-ista-pravila-za-sve\/#breadcrumb\"},\"inLanguage\":\"bs-BA\",\"potentialAction\":[{\"@type\":\"ReadAction\",\"target\":[\"https:\/\/tuzlainfo.ba\/index.php\/novosti\/item\/283480-dok-u-hercegovini-pocinje-gradnja-brze-ceste-u-tk-stoje-projekti-vaze-li-ista-pravila-za-sve\/\"]}]},{\"@type\":\"ImageObject\",\"inLanguage\":\"bs-BA\",\"@id\":\"https:\/\/tuzlainfo.ba\/index.php\/novosti\/item\/283480-dok-u-hercegovini-pocinje-gradnja-brze-ceste-u-tk-stoje-projekti-vaze-li-ista-pravila-za-sve\/#primaryimage\",\"url\":\"https:\/\/tuzlainfo.ba\/wp-content\/uploads\/2025\/10\/1310_autoceste_autoput_fbih.jpg\",\"contentUrl\":\"https:\/\/tuzlainfo.ba\/wp-content\/uploads\/2025\/10\/1310_autoceste_autoput_fbih.jpg\",\"width\":1000,\"height\":666,\"caption\":\"Foto: Ilustracija\"},{\"@type\":\"BreadcrumbList\",\"@id\":\"https:\/\/tuzlainfo.ba\/index.php\/novosti\/item\/283480-dok-u-hercegovini-pocinje-gradnja-brze-ceste-u-tk-stoje-projekti-vaze-li-ista-pravila-za-sve\/#breadcrumb\",\"itemListElement\":[{\"@type\":\"ListItem\",\"position\":1,\"name\":\"Home\",\"item\":\"https:\/\/tuzlainfo.ba\/\"},{\"@type\":\"ListItem\",\"position\":2,\"name\":\"Dok u Hercegovini po\u010dinje gradnja brze ceste, u TK stoje projekti \u2013 va\u017ee li ista pravila za sve?\"}]},{\"@type\":\"WebSite\",\"@id\":\"https:\/\/tuzlainfo.ba\/#website\",\"url\":\"https:\/\/tuzlainfo.ba\/\",\"name\":\"TuzlaInfo.ba\",\"description\":\"Tuzla info, gradski informator - Tuzla na dlanu\",\"publisher\":{\"@id\":\"https:\/\/tuzlainfo.ba\/#organization\"},\"potentialAction\":[{\"@type\":\"SearchAction\",\"target\":{\"@type\":\"EntryPoint\",\"urlTemplate\":\"https:\/\/tuzlainfo.ba\/?s={search_term_string}\"},\"query-input\":{\"@type\":\"PropertyValueSpecification\",\"valueRequired\":true,\"valueName\":\"search_term_string\"}}],\"inLanguage\":\"bs-BA\"},{\"@type\":\"Organization\",\"@id\":\"https:\/\/tuzlainfo.ba\/#organization\",\"name\":\"TuzlaInfo.ba\",\"url\":\"https:\/\/tuzlainfo.ba\/\",\"logo\":{\"@type\":\"ImageObject\",\"inLanguage\":\"bs-BA\",\"@id\":\"https:\/\/tuzlainfo.ba\/#\/schema\/logo\/image\/\",\"url\":\"https:\/\/tuzlainfo.ba\/wp-content\/uploads\/2021\/03\/logo-ver-3-1.png\",\"contentUrl\":\"https:\/\/tuzlainfo.ba\/wp-content\/uploads\/2021\/03\/logo-ver-3-1.png\",\"width\":350,\"height\":95,\"caption\":\"TuzlaInfo.ba\"},\"image\":{\"@id\":\"https:\/\/tuzlainfo.ba\/#\/schema\/logo\/image\/\"},\"sameAs\":[\"https:\/\/www.facebook.com\/tuzlainfo.ba\/\"]},{\"@type\":\"Person\",\"@id\":\"https:\/\/tuzlainfo.ba\/#\/schema\/person\/f434e20dc27ea133923aab08451b7f7f\",\"name\":\"nedim\",\"image\":{\"@type\":\"ImageObject\",\"inLanguage\":\"bs-BA\",\"@id\":\"https:\/\/tuzlainfo.ba\/#\/schema\/person\/image\/\",\"url\":\"https:\/\/tuzlainfo.ba\/wp-content\/litespeed\/avatar\/aabad687af24844af817603ac1cbdc4f.jpg?ver=1776702173\",\"contentUrl\":\"https:\/\/tuzlainfo.ba\/wp-content\/litespeed\/avatar\/aabad687af24844af817603ac1cbdc4f.jpg?ver=1776702173\",\"caption\":\"nedim\"},\"description\":\"Tuzlainfo.ba pratite na dru\u0161tvenim mre\u017eama: Facebook, Instagram i Youtube. Svoje pri\u010de, upite i fotografije \u0161aljite na na\u0161u e-mail adresu.\"}]}<\/script>\n<!-- \/ Yoast SEO plugin. -->","yoast_head_json":{"title":"Dok u Hercegovini po\u010dinje gradnja brze ceste, u TK stoje projekti \u2013 va\u017ee li ista pravila za sve? - TuzlaInfo.ba","robots":{"index":"index","follow":"follow","max-snippet":"max-snippet:-1","max-image-preview":"max-image-preview:large","max-video-preview":"max-video-preview:-1"},"canonical":"https:\/\/tuzlainfo.ba\/index.php\/novosti\/item\/283480-dok-u-hercegovini-pocinje-gradnja-brze-ceste-u-tk-stoje-projekti-vaze-li-ista-pravila-za-sve\/","og_locale":"bs_BA","og_type":"article","og_title":"Dok u Hercegovini po\u010dinje gradnja brze ceste, u TK stoje projekti \u2013 va\u017ee li ista pravila za sve? - TuzlaInfo.ba","og_description":"U Hercegovini su danas potpisani ugovori za izgradnju prvih dionica brze ceste koja \u0107e povezivati&hellip;","og_url":"https:\/\/tuzlainfo.ba\/index.php\/novosti\/item\/283480-dok-u-hercegovini-pocinje-gradnja-brze-ceste-u-tk-stoje-projekti-vaze-li-ista-pravila-za-sve\/","og_site_name":"TuzlaInfo.ba","article_publisher":"https:\/\/www.facebook.com\/tuzlainfo.ba\/","article_published_time":"2025-10-14T19:05:00+00:00","article_modified_time":"2025-10-15T05:40:59+00:00","og_image":[{"width":1000,"height":666,"url":"https:\/\/tuzlainfo.ba\/wp-content\/uploads\/2025\/10\/1310_autoceste_autoput_fbih.jpg","type":"image\/jpeg"}],"author":"nedim","twitter_card":"summary_large_image","twitter_misc":{"Written by":"nedim","Est. reading time":"3 minute"},"schema":{"@context":"https:\/\/schema.org","@graph":[{"@type":"Article","@id":"https:\/\/tuzlainfo.ba\/index.php\/novosti\/item\/283480-dok-u-hercegovini-pocinje-gradnja-brze-ceste-u-tk-stoje-projekti-vaze-li-ista-pravila-za-sve\/#article","isPartOf":{"@id":"https:\/\/tuzlainfo.ba\/index.php\/novosti\/item\/283480-dok-u-hercegovini-pocinje-gradnja-brze-ceste-u-tk-stoje-projekti-vaze-li-ista-pravila-za-sve\/"},"author":{"name":"nedim","@id":"https:\/\/tuzlainfo.ba\/#\/schema\/person\/f434e20dc27ea133923aab08451b7f7f"},"headline":"Dok u Hercegovini po\u010dinje gradnja brze ceste, u TK stoje projekti \u2013 va\u017ee li ista pravila za sve?","datePublished":"2025-10-14T19:05:00+00:00","dateModified":"2025-10-15T05:40:59+00:00","mainEntityOfPage":{"@id":"https:\/\/tuzlainfo.ba\/index.php\/novosti\/item\/283480-dok-u-hercegovini-pocinje-gradnja-brze-ceste-u-tk-stoje-projekti-vaze-li-ista-pravila-za-sve\/"},"wordCount":587,"publisher":{"@id":"https:\/\/tuzlainfo.ba\/#organization"},"image":{"@id":"https:\/\/tuzlainfo.ba\/index.php\/novosti\/item\/283480-dok-u-hercegovini-pocinje-gradnja-brze-ceste-u-tk-stoje-projekti-vaze-li-ista-pravila-za-sve\/#primaryimage"},"thumbnailUrl":"https:\/\/tuzlainfo.ba\/wp-content\/uploads\/2025\/10\/1310_autoceste_autoput_fbih.jpg","keywords":["brza cesta","putna blokada","tuzlanski kanton"],"articleSection":["Istaknuto","Novosti","Preporu\u010dujemo"],"inLanguage":"bs-BA"},{"@type":"WebPage","@id":"https:\/\/tuzlainfo.ba\/index.php\/novosti\/item\/283480-dok-u-hercegovini-pocinje-gradnja-brze-ceste-u-tk-stoje-projekti-vaze-li-ista-pravila-za-sve\/","url":"https:\/\/tuzlainfo.ba\/index.php\/novosti\/item\/283480-dok-u-hercegovini-pocinje-gradnja-brze-ceste-u-tk-stoje-projekti-vaze-li-ista-pravila-za-sve\/","name":"Dok u Hercegovini po\u010dinje gradnja brze ceste, u TK stoje projekti \u2013 va\u017ee li ista pravila za sve? - TuzlaInfo.ba","isPartOf":{"@id":"https:\/\/tuzlainfo.ba\/#website"},"primaryImageOfPage":{"@id":"https:\/\/tuzlainfo.ba\/index.php\/novosti\/item\/283480-dok-u-hercegovini-pocinje-gradnja-brze-ceste-u-tk-stoje-projekti-vaze-li-ista-pravila-za-sve\/#primaryimage"},"image":{"@id":"https:\/\/tuzlainfo.ba\/index.php\/novosti\/item\/283480-dok-u-hercegovini-pocinje-gradnja-brze-ceste-u-tk-stoje-projekti-vaze-li-ista-pravila-za-sve\/#primaryimage"},"thumbnailUrl":"https:\/\/tuzlainfo.ba\/wp-content\/uploads\/2025\/10\/1310_autoceste_autoput_fbih.jpg","datePublished":"2025-10-14T19:05:00+00:00","dateModified":"2025-10-15T05:40:59+00:00","breadcrumb":{"@id":"https:\/\/tuzlainfo.ba\/index.php\/novosti\/item\/283480-dok-u-hercegovini-pocinje-gradnja-brze-ceste-u-tk-stoje-projekti-vaze-li-ista-pravila-za-sve\/#breadcrumb"},"inLanguage":"bs-BA","potentialAction":[{"@type":"ReadAction","target":["https:\/\/tuzlainfo.ba\/index.php\/novosti\/item\/283480-dok-u-hercegovini-pocinje-gradnja-brze-ceste-u-tk-stoje-projekti-vaze-li-ista-pravila-za-sve\/"]}]},{"@type":"ImageObject","inLanguage":"bs-BA","@id":"https:\/\/tuzlainfo.ba\/index.php\/novosti\/item\/283480-dok-u-hercegovini-pocinje-gradnja-brze-ceste-u-tk-stoje-projekti-vaze-li-ista-pravila-za-sve\/#primaryimage","url":"https:\/\/tuzlainfo.ba\/wp-content\/uploads\/2025\/10\/1310_autoceste_autoput_fbih.jpg","contentUrl":"https:\/\/tuzlainfo.ba\/wp-content\/uploads\/2025\/10\/1310_autoceste_autoput_fbih.jpg","width":1000,"height":666,"caption":"Foto: Ilustracija"},{"@type":"BreadcrumbList","@id":"https:\/\/tuzlainfo.ba\/index.php\/novosti\/item\/283480-dok-u-hercegovini-pocinje-gradnja-brze-ceste-u-tk-stoje-projekti-vaze-li-ista-pravila-za-sve\/#breadcrumb","itemListElement":[{"@type":"ListItem","position":1,"name":"Home","item":"https:\/\/tuzlainfo.ba\/"},{"@type":"ListItem","position":2,"name":"Dok u Hercegovini po\u010dinje gradnja brze ceste, u TK stoje projekti \u2013 va\u017ee li ista pravila za sve?"}]},{"@type":"WebSite","@id":"https:\/\/tuzlainfo.ba\/#website","url":"https:\/\/tuzlainfo.ba\/","name":"TuzlaInfo.ba","description":"Tuzla info, gradski informator - Tuzla na dlanu","publisher":{"@id":"https:\/\/tuzlainfo.ba\/#organization"},"potentialAction":[{"@type":"SearchAction","target":{"@type":"EntryPoint","urlTemplate":"https:\/\/tuzlainfo.ba\/?s={search_term_string}"},"query-input":{"@type":"PropertyValueSpecification","valueRequired":true,"valueName":"search_term_string"}}],"inLanguage":"bs-BA"},{"@type":"Organization","@id":"https:\/\/tuzlainfo.ba\/#organization","name":"TuzlaInfo.ba","url":"https:\/\/tuzlainfo.ba\/","logo":{"@type":"ImageObject","inLanguage":"bs-BA","@id":"https:\/\/tuzlainfo.ba\/#\/schema\/logo\/image\/","url":"https:\/\/tuzlainfo.ba\/wp-content\/uploads\/2021\/03\/logo-ver-3-1.png","contentUrl":"https:\/\/tuzlainfo.ba\/wp-content\/uploads\/2021\/03\/logo-ver-3-1.png","width":350,"height":95,"caption":"TuzlaInfo.ba"},"image":{"@id":"https:\/\/tuzlainfo.ba\/#\/schema\/logo\/image\/"},"sameAs":["https:\/\/www.facebook.com\/tuzlainfo.ba\/"]},{"@type":"Person","@id":"https:\/\/tuzlainfo.ba\/#\/schema\/person\/f434e20dc27ea133923aab08451b7f7f","name":"nedim","image":{"@type":"ImageObject","inLanguage":"bs-BA","@id":"https:\/\/tuzlainfo.ba\/#\/schema\/person\/image\/","url":"https:\/\/tuzlainfo.ba\/wp-content\/litespeed\/avatar\/aabad687af24844af817603ac1cbdc4f.jpg?ver=1776702173","contentUrl":"https:\/\/tuzlainfo.ba\/wp-content\/litespeed\/avatar\/aabad687af24844af817603ac1cbdc4f.jpg?ver=1776702173","caption":"nedim"},"description":"Tuzlainfo.ba pratite na dru\u0161tvenim mre\u017eama: Facebook, Instagram i Youtube. Svoje pri\u010de, upite i fotografije \u0161aljite na na\u0161u e-mail adresu."}]}},"_links":{"self":[{"href":"https:\/\/tuzlainfo.ba\/index.php\/wp-json\/wp\/v2\/posts\/283480"}],"collection":[{"href":"https:\/\/tuzlainfo.ba\/index.php\/wp-json\/wp\/v2\/posts"}],"about":[{"href":"https:\/\/tuzlainfo.ba\/index.php\/wp-json\/wp\/v2\/types\/post"}],"author":[{"embeddable":true,"href":"https:\/\/tuzlainfo.ba\/index.php\/wp-json\/wp\/v2\/users\/2"}],"replies":[{"embeddable":true,"href":"https:\/\/tuzlainfo.ba\/index.php\/wp-json\/wp\/v2\/comments?post=283480"}],"version-history":[{"count":1,"href":"https:\/\/tuzlainfo.ba\/index.php\/wp-json\/wp\/v2\/posts\/283480\/revisions"}],"predecessor-version":[{"id":283481,"href":"https:\/\/tuzlainfo.ba\/index.php\/wp-json\/wp\/v2\/posts\/283480\/revisions\/283481"}],"wp:featuredmedia":[{"embeddable":true,"href":"https:\/\/tuzlainfo.ba\/index.php\/wp-json\/wp\/v2\/media\/283282"}],"wp:attachment":[{"href":"https:\/\/tuzlainfo.ba\/index.php\/wp-json\/wp\/v2\/media?parent=283480"}],"wp:term":[{"taxonomy":"category","embeddable":true,"href":"https:\/\/tuzlainfo.ba\/index.php\/wp-json\/wp\/v2\/categories?post=283480"},{"taxonomy":"post_tag","embeddable":true,"href":"https:\/\/tuzlainfo.ba\/index.php\/wp-json\/wp\/v2\/tags?post=283480"}],"curies":[{"name":"wp","href":"https:\/\/api.w.org\/{rel}","templated":true}]}}